{"id":16104,"date":"2010-06-23T13:10:41","date_gmt":"2010-06-23T16:10:41","guid":{"rendered":"http:\/\/www.inclusive.org.br\/?p=16104"},"modified":"2010-06-23T13:10:41","modified_gmt":"2010-06-23T16:10:41","slug":"encontro-sobre-discriminacao-e-psiquiatria-sp-306","status":"publish","type":"post","link":"https:\/\/inclusivenews.com.br\/?p=16104","title":{"rendered":"Encontro sobre Discrimina\u00e7\u00e3o e Psiquiatria &#8211; SP &#8211; 30\/6"},"content":{"rendered":"<figure id=\"attachment_16105\" aria-describedby=\"caption-attachment-16105\" style=\"width: 500px\" class=\"wp-caption alignleft\"><a href=\"http:\/\/www.inclusivenews.com.br\/wp-content\/uploads\/2010\/06\/psiquiatria.jpg\"><img loading=\"lazy\" decoding=\"async\" class=\"size-full wp-image-16105\" title=\"psiquiatria\" src=\"http:\/\/inclusivenews.com.br\/wp-content\/uploads\/2010\/06\/psiquiatria.jpg\" alt=\"Imagem sombreada de pessoa de perfil num fundo desfocado\" width=\"500\" height=\"314\" \/><\/a><figcaption id=\"caption-attachment-16105\" class=\"wp-caption-text\">Imagem sombreada de pessoa de perfil num fundo desfocado<\/figcaption><\/figure>\n<p>A Secretaria de Participa\u00e7\u00e3o e Parceria &#8211; SMPP, por interm\u00e9dio da Coordenadoria de Assuntos da Popula\u00e7\u00e3o Negra &#8211; CONE,\u00a0 promove o Encontro sobre Discrimina\u00e7\u00e3o e Psiquiatria, no dia 30 de junho.<\/p>\n<p>O evento vai discutir quest\u00f5es sobre o preconceito e a discrimina\u00e7\u00e3o com uma \u00f3tica voltada a psiquiatria. O debate se faz necess\u00e1rio para refletir quest\u00f5es dos direitos humanos.<\/p>\n<p>O encontro estar\u00e1 dividido em duas mesas, uma delas discutir\u00e1 a Discrimina\u00e7\u00e3o e Psiquiatria, e vai contar com as presen\u00e7as do Dr. Telmo Kiguel, da Associa\u00e7\u00e3o Brasileira de Psiquiatria e Dr. Paulo Dalgalarrondo, psiquiatra da Unicamp.<\/p>\n<p>A outra ter\u00e1 como tema os Transtornos e preserva\u00e7\u00e3o da sa\u00fade mental das v\u00edtimas de preconceito, e ter\u00e1 como palestrantes a Dra. Marisa Correia Silva, Instituto AMMA e Dra. Maria Jos\u00e9 Souza, Instituto do Negro Padre Batista.<\/p>\n<p>Durante o evento acontece o lan\u00e7amento do livro &#8220;Construindo a Igualdade Racial: 1\u00ba Pr\u00eamio para artigo de Gradua\u00e7\u00e3o e P\u00f3s-gradua\u00e7\u00e3o sobre a quest\u00e3o Racial&#8221;, que re\u00fane uma colet\u00e2nea de artigos sobre a tem\u00e1tica.<\/p>\n<p>As inscri\u00e7\u00f5es ser\u00e3o feitas pelo telefone 3113 &#8211; 1446, ou por email:<br \/>\n<a href=\"mailto:combateaoracismo@prefeitura.sp.gov.br\">combateaoracismo@prefeitura.sp.gov.br<\/a>. As vagas s\u00e3o limitadas.<\/p>\n<p>Programa\u00e7\u00e3o<\/p>\n<p>19h00 &#8211; Abertura<br \/>\nSMPP\/CONE -Coordenadoria dos Assuntos da Popula\u00e7\u00e3o Negra<br \/>\nAssocia\u00e7\u00e3o Brasileira de Psiquiatria<br \/>\nConselho Regional de Medicina de S\u00e3o Paulo<br \/>\nConselho Regional de Servi\u00e7o Social &#8211; 9a. Regi\u00e3o<br \/>\nConselho Regional de Psicologia de S\u00e3o Paulo<br \/>\nConselho Regional de Enfermagem de S\u00e3o Paulo<br \/>\nSecretaria Especial de Direitos Humanos da Presid\u00eancia da Rep\u00fablica<\/p>\n<p>19h40 &#8211; 1Mesa I &#8211; Discrimina\u00e7\u00e3o e Psiquiatria<br \/>\nDr. Telmo Kiguel &#8211; Coordenador do Departamento de Psicoterapia e do Projeto Discrimina\u00e7\u00e3o da Associa\u00e7\u00e3o Brasileira de Psiquiatria.<br \/>\nDr. Paulo Dalgalarrondo &#8211; Psiquiatra e Professor Titular de Psicopatologia da Universidade Estadual de Campinas.<\/p>\n<p>20h15 &#8211; Mesa II &#8211; Transtornos e preserva\u00e7\u00e3o da sa\u00fade mental das v\u00edtimas de preconceito<br \/>\nDra. Marisa Correia da Silva (Psiquiatra\/Psicanalista do Instituto AMMA Psique e Negritude)<br \/>\nPsic\u00f3loga Maria Jos\u00e9 de Assis Souza (Instituto do Negro Padre Batista)<\/p>\n<p>21h00 &#8211; Lan\u00e7amento do Livro: Construindo a Igualdade Racial: 1\u00ba. Pr\u00eamio para Artigos de Gradua\u00e7\u00e3o e P\u00f3s &#8211; Gradua\u00e7\u00e3o sobre a Quest\u00e3o Racial.<\/p>\n<p>Servi\u00e7os<\/p>\n<p>Quando: 30\/06 a partir das 19 horas<br \/>\nOnde: Rua Domingos de Morais, 1.810 &#8211; Vila Mariana (audit\u00f3rio do CREMESP)<\/p>\n","protected":false},"excerpt":{"rendered":"<p>A Secretaria de Participa\u00e7\u00e3o e Parceria &#8211; SMPP, por interm\u00e9dio da Coordenadoria de Assuntos da Popula\u00e7\u00e3o Negra &#8211; CONE,\u00a0 promove o Encontro sobre Discrimina\u00e7\u00e3o e Psiquiatria, no dia 30 de junho. O evento vai discutir quest\u00f5es sobre o preconceito e a discrimina\u00e7\u00e3o com uma \u00f3tica voltada a psiquiatria. O debate se faz necess\u00e1rio para refletir [&hellip;]<\/p>\n","protected":false},"author":1,"featured_media":0,"comment_status":"open","ping_status":"open","sticky":false,"template":"","format":"standard","meta":{"site-container-style":"default","site-container-layout":"default","site-sidebar-layout":"default","disable-article-header":"default","disable-site-header":"default","disable-site-footer":"default","disable-content-area-spacing":"default","footnotes":""},"categories":[12,11,39,4,41,37],"tags":[],"class_list":["post-16104","post","type-post","status-publish","format-standard","hentry","category-cursos-e-eventos","category-direitos-humanos","category-discriminacao","category-noticias","category-preconceito","category-saude"],"yoast_head":"<!-- This site is optimized with the Yoast SEO plugin v27.4 - https:\/\/yoast.com\/product\/yoast-seo-wordpress\/ -->\n<title>Encontro sobre Discrimina\u00e7\u00e3o e Psiquiatria - SP - 30\/6 -<\/title>\n<meta name=\"robots\" content=\"index, follow, max-snippet:-1, max-image-preview:large, max-video-preview:-1\" \/>\n<link rel=\"canonical\" href=\"https:\/\/inclusivenews.com.br\/?p=16104\" \/>\n<meta property=\"og:locale\" content=\"pt_PT\" \/>\n<meta property=\"og:type\" content=\"article\" \/>\n<meta property=\"og:title\" content=\"Encontro sobre Discrimina\u00e7\u00e3o e Psiquiatria - SP - 30\/6 -\" \/>\n<meta property=\"og:description\" content=\"A Secretaria de Participa\u00e7\u00e3o e Parceria &#8211; SMPP, por interm\u00e9dio da Coordenadoria de Assuntos da Popula\u00e7\u00e3o Negra &#8211; CONE,\u00a0 promove o Encontro sobre Discrimina\u00e7\u00e3o e Psiquiatria, no dia 30 de junho. O evento vai discutir quest\u00f5es sobre o preconceito e a discrimina\u00e7\u00e3o com uma \u00f3tica voltada a psiquiatria. O debate se faz necess\u00e1rio para refletir [&hellip;]\" \/>\n<meta property=\"og:url\" content=\"https:\/\/inclusivenews.com.br\/?p=16104\" \/>\n<meta property=\"article:publisher\" content=\"https:\/\/www.facebook.com\/agenciainclusive\/\" \/>\n<meta property=\"article:published_time\" content=\"2010-06-23T16:10:41+00:00\" \/>\n<meta property=\"og:image\" content=\"http:\/\/inclusivenews.com.br\/wp-content\/uploads\/2010\/06\/psiquiatria.jpg\" \/>\n<meta name=\"author\" content=\"inclusivenews2024\" \/>\n<meta name=\"twitter:card\" content=\"summary_large_image\" \/>\n<meta name=\"twitter:label1\" content=\"Escrito por\" \/>\n\t<meta name=\"twitter:data1\" content=\"inclusivenews2024\" \/>\n\t<meta name=\"twitter:label2\" content=\"Tempo estimado de leitura\" \/>\n\t<meta name=\"twitter:data2\" content=\"2 minutos\" \/>\n<script type=\"application\/ld+json\" class=\"yoast-schema-graph\">{\"@context\":\"https:\\\/\\\/schema.org\",\"@graph\":[{\"@type\":\"Article\",\"@id\":\"https:\\\/\\\/inclusivenews.com.br\\\/?p=16104#article\",\"isPartOf\":{\"@id\":\"https:\\\/\\\/inclusivenews.com.br\\\/?p=16104\"},\"author\":{\"name\":\"inclusivenews2024\",\"@id\":\"https:\\\/\\\/inclusivenews.com.br\\\/#\\\/schema\\\/person\\\/ae4ec7087559b8692fb33b6fffd2273b\"},\"headline\":\"Encontro sobre Discrimina\u00e7\u00e3o e Psiquiatria &#8211; SP &#8211; 30\\\/6\",\"datePublished\":\"2010-06-23T16:10:41+00:00\",\"mainEntityOfPage\":{\"@id\":\"https:\\\/\\\/inclusivenews.com.br\\\/?p=16104\"},\"wordCount\":432,\"commentCount\":0,\"publisher\":{\"@id\":\"https:\\\/\\\/inclusivenews.com.br\\\/#organization\"},\"image\":{\"@id\":\"https:\\\/\\\/inclusivenews.com.br\\\/?p=16104#primaryimage\"},\"thumbnailUrl\":\"http:\\\/\\\/inclusivenews.com.br\\\/wp-content\\\/uploads\\\/2010\\\/06\\\/psiquiatria.jpg\",\"articleSection\":[\"Cursos e eventos\",\"DIREITOS HUMANOS\",\"Discrimina\u00e7\u00e3o\",\"NOT\u00cdCIAS\",\"Preconceito\",\"Sa\u00fade\"],\"inLanguage\":\"pt-PT\",\"potentialAction\":[{\"@type\":\"CommentAction\",\"name\":\"Comment\",\"target\":[\"https:\\\/\\\/inclusivenews.com.br\\\/?p=16104#respond\"]}]},{\"@type\":\"WebPage\",\"@id\":\"https:\\\/\\\/inclusivenews.com.br\\\/?p=16104\",\"url\":\"https:\\\/\\\/inclusivenews.com.br\\\/?p=16104\",\"name\":\"Encontro sobre Discrimina\u00e7\u00e3o e Psiquiatria - SP - 30\\\/6 -\",\"isPartOf\":{\"@id\":\"https:\\\/\\\/inclusivenews.com.br\\\/#website\"},\"primaryImageOfPage\":{\"@id\":\"https:\\\/\\\/inclusivenews.com.br\\\/?p=16104#primaryimage\"},\"image\":{\"@id\":\"https:\\\/\\\/inclusivenews.com.br\\\/?p=16104#primaryimage\"},\"thumbnailUrl\":\"http:\\\/\\\/inclusivenews.com.br\\\/wp-content\\\/uploads\\\/2010\\\/06\\\/psiquiatria.jpg\",\"datePublished\":\"2010-06-23T16:10:41+00:00\",\"breadcrumb\":{\"@id\":\"https:\\\/\\\/inclusivenews.com.br\\\/?p=16104#breadcrumb\"},\"inLanguage\":\"pt-PT\",\"potentialAction\":[{\"@type\":\"ReadAction\",\"target\":[\"https:\\\/\\\/inclusivenews.com.br\\\/?p=16104\"]}]},{\"@type\":\"ImageObject\",\"inLanguage\":\"pt-PT\",\"@id\":\"https:\\\/\\\/inclusivenews.com.br\\\/?p=16104#primaryimage\",\"url\":\"\",\"contentUrl\":\"\"},{\"@type\":\"BreadcrumbList\",\"@id\":\"https:\\\/\\\/inclusivenews.com.br\\\/?p=16104#breadcrumb\",\"itemListElement\":[{\"@type\":\"ListItem\",\"position\":1,\"name\":\"In\u00edcio\",\"item\":\"https:\\\/\\\/inclusivenews.com.br\\\/\"},{\"@type\":\"ListItem\",\"position\":2,\"name\":\"Encontro sobre Discrimina\u00e7\u00e3o e Psiquiatria &#8211; SP &#8211; 30\\\/6\"}]},{\"@type\":\"WebSite\",\"@id\":\"https:\\\/\\\/inclusivenews.com.br\\\/#website\",\"url\":\"https:\\\/\\\/inclusivenews.com.br\\\/\",\"name\":\"Inclusive News\",\"description\":\"Inclusive News\",\"publisher\":{\"@id\":\"https:\\\/\\\/inclusivenews.com.br\\\/#organization\"},\"potentialAction\":[{\"@type\":\"SearchAction\",\"target\":{\"@type\":\"EntryPoint\",\"urlTemplate\":\"https:\\\/\\\/inclusivenews.com.br\\\/?s={search_term_string}\"},\"query-input\":{\"@type\":\"PropertyValueSpecification\",\"valueRequired\":true,\"valueName\":\"search_term_string\"}}],\"inLanguage\":\"pt-PT\"},{\"@type\":\"Organization\",\"@id\":\"https:\\\/\\\/inclusivenews.com.br\\\/#organization\",\"name\":\"Inclusive - inclus\u00e3o e cidadania\",\"url\":\"https:\\\/\\\/inclusivenews.com.br\\\/\",\"logo\":{\"@type\":\"ImageObject\",\"inLanguage\":\"pt-PT\",\"@id\":\"https:\\\/\\\/inclusivenews.com.br\\\/#\\\/schema\\\/logo\\\/image\\\/\",\"url\":\"https:\\\/\\\/inclusivenews.com.br\\\/wp-content\\\/uploads\\\/2024\\\/03\\\/@grandesite.png\",\"contentUrl\":\"https:\\\/\\\/inclusivenews.com.br\\\/wp-content\\\/uploads\\\/2024\\\/03\\\/@grandesite.png\",\"width\":1080,\"height\":1080,\"caption\":\"Inclusive - inclus\u00e3o e cidadania\"},\"image\":{\"@id\":\"https:\\\/\\\/inclusivenews.com.br\\\/#\\\/schema\\\/logo\\\/image\\\/\"},\"sameAs\":[\"https:\\\/\\\/www.facebook.com\\\/agenciainclusive\\\/\",\"https:\\\/\\\/www.instagram.com\\\/newsinclusive\\\/\"]},{\"@type\":\"Person\",\"@id\":\"https:\\\/\\\/inclusivenews.com.br\\\/#\\\/schema\\\/person\\\/ae4ec7087559b8692fb33b6fffd2273b\",\"name\":\"inclusivenews2024\",\"image\":{\"@type\":\"ImageObject\",\"inLanguage\":\"pt-PT\",\"@id\":\"https:\\\/\\\/secure.gravatar.com\\\/avatar\\\/c5a7ef84c66fa914f55bc4f7ce26cfa275a3b9a1c5568b907bd184fb4dde7b40?s=96&d=mm&r=g\",\"url\":\"https:\\\/\\\/secure.gravatar.com\\\/avatar\\\/c5a7ef84c66fa914f55bc4f7ce26cfa275a3b9a1c5568b907bd184fb4dde7b40?s=96&d=mm&r=g\",\"contentUrl\":\"https:\\\/\\\/secure.gravatar.com\\\/avatar\\\/c5a7ef84c66fa914f55bc4f7ce26cfa275a3b9a1c5568b907bd184fb4dde7b40?s=96&d=mm&r=g\",\"caption\":\"inclusivenews2024\"},\"sameAs\":[\"https:\\\/\\\/inclusivenews.com.br\"],\"url\":\"https:\\\/\\\/inclusivenews.com.br\\\/?author=1\"}]}<\/script>\n<!-- \/ Yoast SEO plugin. -->","yoast_head_json":{"title":"Encontro sobre Discrimina\u00e7\u00e3o e Psiquiatria - SP - 30\/6 -","robots":{"index":"index","follow":"follow","max-snippet":"max-snippet:-1","max-image-preview":"max-image-preview:large","max-video-preview":"max-video-preview:-1"},"canonical":"https:\/\/inclusivenews.com.br\/?p=16104","og_locale":"pt_PT","og_type":"article","og_title":"Encontro sobre Discrimina\u00e7\u00e3o e Psiquiatria - SP - 30\/6 -","og_description":"A Secretaria de Participa\u00e7\u00e3o e Parceria &#8211; SMPP, por interm\u00e9dio da Coordenadoria de Assuntos da Popula\u00e7\u00e3o Negra &#8211; CONE,\u00a0 promove o Encontro sobre Discrimina\u00e7\u00e3o e Psiquiatria, no dia 30 de junho. O evento vai discutir quest\u00f5es sobre o preconceito e a discrimina\u00e7\u00e3o com uma \u00f3tica voltada a psiquiatria. O debate se faz necess\u00e1rio para refletir [&hellip;]","og_url":"https:\/\/inclusivenews.com.br\/?p=16104","article_publisher":"https:\/\/www.facebook.com\/agenciainclusive\/","article_published_time":"2010-06-23T16:10:41+00:00","og_image":[{"url":"http:\/\/inclusivenews.com.br\/wp-content\/uploads\/2010\/06\/psiquiatria.jpg","type":"","width":"","height":""}],"author":"inclusivenews2024","twitter_card":"summary_large_image","twitter_misc":{"Escrito por":"inclusivenews2024","Tempo estimado de leitura":"2 minutos"},"schema":{"@context":"https:\/\/schema.org","@graph":[{"@type":"Article","@id":"https:\/\/inclusivenews.com.br\/?p=16104#article","isPartOf":{"@id":"https:\/\/inclusivenews.com.br\/?p=16104"},"author":{"name":"inclusivenews2024","@id":"https:\/\/inclusivenews.com.br\/#\/schema\/person\/ae4ec7087559b8692fb33b6fffd2273b"},"headline":"Encontro sobre Discrimina\u00e7\u00e3o e Psiquiatria &#8211; SP &#8211; 30\/6","datePublished":"2010-06-23T16:10:41+00:00","mainEntityOfPage":{"@id":"https:\/\/inclusivenews.com.br\/?p=16104"},"wordCount":432,"commentCount":0,"publisher":{"@id":"https:\/\/inclusivenews.com.br\/#organization"},"image":{"@id":"https:\/\/inclusivenews.com.br\/?p=16104#primaryimage"},"thumbnailUrl":"http:\/\/inclusivenews.com.br\/wp-content\/uploads\/2010\/06\/psiquiatria.jpg","articleSection":["Cursos e eventos","DIREITOS HUMANOS","Discrimina\u00e7\u00e3o","NOT\u00cdCIAS","Preconceito","Sa\u00fade"],"inLanguage":"pt-PT","potentialAction":[{"@type":"CommentAction","name":"Comment","target":["https:\/\/inclusivenews.com.br\/?p=16104#respond"]}]},{"@type":"WebPage","@id":"https:\/\/inclusivenews.com.br\/?p=16104","url":"https:\/\/inclusivenews.com.br\/?p=16104","name":"Encontro sobre Discrimina\u00e7\u00e3o e Psiquiatria - SP - 30\/6 -","isPartOf":{"@id":"https:\/\/inclusivenews.com.br\/#website"},"primaryImageOfPage":{"@id":"https:\/\/inclusivenews.com.br\/?p=16104#primaryimage"},"image":{"@id":"https:\/\/inclusivenews.com.br\/?p=16104#primaryimage"},"thumbnailUrl":"http:\/\/inclusivenews.com.br\/wp-content\/uploads\/2010\/06\/psiquiatria.jpg","datePublished":"2010-06-23T16:10:41+00:00","breadcrumb":{"@id":"https:\/\/inclusivenews.com.br\/?p=16104#breadcrumb"},"inLanguage":"pt-PT","potentialAction":[{"@type":"ReadAction","target":["https:\/\/inclusivenews.com.br\/?p=16104"]}]},{"@type":"ImageObject","inLanguage":"pt-PT","@id":"https:\/\/inclusivenews.com.br\/?p=16104#primaryimage","url":"","contentUrl":""},{"@type":"BreadcrumbList","@id":"https:\/\/inclusivenews.com.br\/?p=16104#breadcrumb","itemListElement":[{"@type":"ListItem","position":1,"name":"In\u00edcio","item":"https:\/\/inclusivenews.com.br\/"},{"@type":"ListItem","position":2,"name":"Encontro sobre Discrimina\u00e7\u00e3o e Psiquiatria &#8211; SP &#8211; 30\/6"}]},{"@type":"WebSite","@id":"https:\/\/inclusivenews.com.br\/#website","url":"https:\/\/inclusivenews.com.br\/","name":"Inclusive News","description":"Inclusive News","publisher":{"@id":"https:\/\/inclusivenews.com.br\/#organization"},"potentialAction":[{"@type":"SearchAction","target":{"@type":"EntryPoint","urlTemplate":"https:\/\/inclusivenews.com.br\/?s={search_term_string}"},"query-input":{"@type":"PropertyValueSpecification","valueRequired":true,"valueName":"search_term_string"}}],"inLanguage":"pt-PT"},{"@type":"Organization","@id":"https:\/\/inclusivenews.com.br\/#organization","name":"Inclusive - inclus\u00e3o e cidadania","url":"https:\/\/inclusivenews.com.br\/","logo":{"@type":"ImageObject","inLanguage":"pt-PT","@id":"https:\/\/inclusivenews.com.br\/#\/schema\/logo\/image\/","url":"https:\/\/inclusivenews.com.br\/wp-content\/uploads\/2024\/03\/@grandesite.png","contentUrl":"https:\/\/inclusivenews.com.br\/wp-content\/uploads\/2024\/03\/@grandesite.png","width":1080,"height":1080,"caption":"Inclusive - inclus\u00e3o e cidadania"},"image":{"@id":"https:\/\/inclusivenews.com.br\/#\/schema\/logo\/image\/"},"sameAs":["https:\/\/www.facebook.com\/agenciainclusive\/","https:\/\/www.instagram.com\/newsinclusive\/"]},{"@type":"Person","@id":"https:\/\/inclusivenews.com.br\/#\/schema\/person\/ae4ec7087559b8692fb33b6fffd2273b","name":"inclusivenews2024","image":{"@type":"ImageObject","inLanguage":"pt-PT","@id":"https:\/\/secure.gravatar.com\/avatar\/c5a7ef84c66fa914f55bc4f7ce26cfa275a3b9a1c5568b907bd184fb4dde7b40?s=96&d=mm&r=g","url":"https:\/\/secure.gravatar.com\/avatar\/c5a7ef84c66fa914f55bc4f7ce26cfa275a3b9a1c5568b907bd184fb4dde7b40?s=96&d=mm&r=g","contentUrl":"https:\/\/secure.gravatar.com\/avatar\/c5a7ef84c66fa914f55bc4f7ce26cfa275a3b9a1c5568b907bd184fb4dde7b40?s=96&d=mm&r=g","caption":"inclusivenews2024"},"sameAs":["https:\/\/inclusivenews.com.br"],"url":"https:\/\/inclusivenews.com.br\/?author=1"}]}},"_links":{"self":[{"href":"https:\/\/inclusivenews.com.br\/index.php?rest_route=\/wp\/v2\/posts\/16104","targetHints":{"allow":["GET"]}}],"collection":[{"href":"https:\/\/inclusivenews.com.br\/index.php?rest_route=\/wp\/v2\/posts"}],"about":[{"href":"https:\/\/inclusivenews.com.br\/index.php?rest_route=\/wp\/v2\/types\/post"}],"author":[{"embeddable":true,"href":"https:\/\/inclusivenews.com.br\/index.php?rest_route=\/wp\/v2\/users\/1"}],"replies":[{"embeddable":true,"href":"https:\/\/inclusivenews.com.br\/index.php?rest_route=%2Fwp%2Fv2%2Fcomments&post=16104"}],"version-history":[{"count":0,"href":"https:\/\/inclusivenews.com.br\/index.php?rest_route=\/wp\/v2\/posts\/16104\/revisions"}],"wp:attachment":[{"href":"https:\/\/inclusivenews.com.br\/index.php?rest_route=%2Fwp%2Fv2%2Fmedia&parent=16104"}],"wp:term":[{"taxonomy":"category","embeddable":true,"href":"https:\/\/inclusivenews.com.br\/index.php?rest_route=%2Fwp%2Fv2%2Fcategories&post=16104"},{"taxonomy":"post_tag","embeddable":true,"href":"https:\/\/inclusivenews.com.br\/index.php?rest_route=%2Fwp%2Fv2%2Ftags&post=16104"}],"curies":[{"name":"wp","href":"https:\/\/api.w.org\/{rel}","templated":true}]}}