{"id":16115,"date":"2010-06-21T05:59:45","date_gmt":"2010-06-21T08:59:45","guid":{"rendered":"http:\/\/www.inclusive.org.br\/?p=16115"},"modified":"2010-06-21T05:59:45","modified_gmt":"2010-06-21T08:59:45","slug":"oit-edita-norma-para-garantir-direitos-de-trabalhadores-com-hiv-e-aids","status":"publish","type":"post","link":"https:\/\/inclusivenews.com.br\/?p=16115","title":{"rendered":"OIT edita norma para garantir direitos de trabalhadores com HIV e Aids"},"content":{"rendered":"<p><a href=\"http:\/\/www.inclusivenews.com.br\/wp-content\/uploads\/2010\/01\/aids.jpg\"><img loading=\"lazy\" decoding=\"async\" class=\"alignleft size-full wp-image-13644\" title=\"Fita vermelha, s\u00edmbolo da AIDS\" src=\"http:\/\/inclusivenews.com.br\/wp-content\/uploads\/2010\/01\/aids.jpg\" alt=\"\" width=\"118\" height=\"113\" \/><\/a>A Organiza\u00e7\u00e3o Internacional do Trabalho (OIT) editou a primeira norma internacional de trabalho sobre aids, com o objetivo de evitar discrimina\u00e7\u00e3o no local de trabalho e garantir os direitos de trabalhadores com HIV e aids.<\/p>\n<p>A norma prev\u00ea a elimina\u00e7\u00e3o de formas de discrimina\u00e7\u00e3o e estigma contra pessoas que s\u00e3o portadoras da doen\u00e7a ou integram grupos expostos ou vulner\u00e1veis \u00e0 infec\u00e7\u00e3o do HIV. A OIT determinou ainda que o trabalhador n\u00e3o deva ser obrigado a fazer testes de HIV ou revelar seu estado ao empregador.<\/p>\n<p>No Brasil, o Minist\u00e9rio do Trabalho editou, no m\u00eas passado, portaria que pro\u00edbe as empresas de exigirem exames de HIV nas admiss\u00f5es, mudan\u00e7a de fun\u00e7\u00e3o, avalia\u00e7\u00e3o peri\u00f3dica, retorno, demiss\u00e3o ou qualquer outro procedimento relacionado ao emprego.<\/p>\n<p>A norma determina a ado\u00e7\u00e3o de medidas protetivas aos trabalhadores expostos ao risco de transmiss\u00e3o do HIV. A nova norma da OIT est\u00e1 na categoria de recomenda\u00e7\u00e3o, ou seja, n\u00e3o necessita ser ratificada pelos pa\u00edses signat\u00e1rios da organiza\u00e7\u00e3o. O documento \u00e9 comunicado ao Legislativo de cada pa\u00eds-membro e implementado por meio de pol\u00edticas e leis nacionais.<\/p>\n<p>\u201c\u00c9 preciso, agora, empenho pol\u00edtico, do Executivo e da Justi\u00e7a, al\u00e9m da sensibiliza\u00e7\u00e3o das pessoas para conhecerem seus direitos\u201d, disse a especialista em aids e HIV do escrit\u00f3rio da OIT no Brasil, Ana L\u00facia Monteiro, ao participar hoje (18) do 8\u00ba Congresso Brasileiro de Preven\u00e7\u00e3o das Doen\u00e7as Sexualmente Transmiss\u00edveis (DST) e Aids.<\/p>\n<p>Dados da OIT mostram que mais de 33 milh\u00f5es de pessoas no mundo vivem com HIV ou aids, sendo 90% adultos em idade produtiva.<\/p>\n<p>A norma foi aprovada na Confer\u00eancia Internacional do Trabalho, encerrada hoje (18) em Genebra, na Su\u00ed\u00e7a.<\/p>\n<p>_________________<\/p>\n<p><strong>Fonte:<\/strong> <a href=\"http:\/\/www.ebc.com.br\">Ag\u00eancia Brasil<\/a><\/p>\n","protected":false},"excerpt":{"rendered":"<p>A Organiza\u00e7\u00e3o Internacional do Trabalho (OIT) editou a primeira norma internacional de trabalho sobre aids, com o objetivo de evitar discrimina\u00e7\u00e3o no local de trabalho e garantir os direitos de trabalhadores com HIV e aids. Da Ag\u00eancia Brasil.<\/p>\n","protected":false},"author":1,"featured_media":0,"comment_status":"open","ping_status":"open","sticky":false,"template":"","format":"standard","meta":{"site-container-style":"default","site-container-layout":"default","site-sidebar-layout":"default","disable-article-header":"default","disable-site-header":"default","disable-site-footer":"default","disable-content-area-spacing":"default","footnotes":""},"categories":[39,4],"tags":[],"class_list":["post-16115","post","type-post","status-publish","format-standard","hentry","category-discriminacao","category-noticias"],"yoast_head":"<!-- This site is optimized with the Yoast SEO plugin v27.4 - https:\/\/yoast.com\/product\/yoast-seo-wordpress\/ -->\n<title>OIT edita norma para garantir direitos de trabalhadores com HIV e Aids -<\/title>\n<meta name=\"robots\" content=\"index, follow, max-snippet:-1, max-image-preview:large, max-video-preview:-1\" \/>\n<link rel=\"canonical\" href=\"https:\/\/inclusivenews.com.br\/?p=16115\" \/>\n<meta property=\"og:locale\" content=\"pt_PT\" \/>\n<meta property=\"og:type\" content=\"article\" \/>\n<meta property=\"og:title\" content=\"OIT edita norma para garantir direitos de trabalhadores com HIV e Aids -\" \/>\n<meta property=\"og:description\" content=\"A Organiza\u00e7\u00e3o Internacional do Trabalho (OIT) editou a primeira norma internacional de trabalho sobre aids, com o objetivo de evitar discrimina\u00e7\u00e3o no local de trabalho e garantir os direitos de trabalhadores com HIV e aids. Da Ag\u00eancia Brasil.\" \/>\n<meta property=\"og:url\" content=\"https:\/\/inclusivenews.com.br\/?p=16115\" \/>\n<meta property=\"article:publisher\" content=\"https:\/\/www.facebook.com\/agenciainclusive\/\" \/>\n<meta property=\"article:published_time\" content=\"2010-06-21T08:59:45+00:00\" \/>\n<meta property=\"og:image\" content=\"http:\/\/inclusivenews.com.br\/wp-content\/uploads\/2010\/01\/aids.jpg\" \/>\n<meta name=\"author\" content=\"inclusivenews2024\" \/>\n<meta name=\"twitter:card\" content=\"summary_large_image\" \/>\n<meta name=\"twitter:label1\" content=\"Escrito por\" \/>\n\t<meta name=\"twitter:data1\" content=\"inclusivenews2024\" \/>\n\t<meta name=\"twitter:label2\" content=\"Tempo estimado de leitura\" \/>\n\t<meta name=\"twitter:data2\" content=\"2 minutos\" \/>\n<script type=\"application\/ld+json\" class=\"yoast-schema-graph\">{\"@context\":\"https:\\\/\\\/schema.org\",\"@graph\":[{\"@type\":\"Article\",\"@id\":\"https:\\\/\\\/inclusivenews.com.br\\\/?p=16115#article\",\"isPartOf\":{\"@id\":\"https:\\\/\\\/inclusivenews.com.br\\\/?p=16115\"},\"author\":{\"name\":\"inclusivenews2024\",\"@id\":\"https:\\\/\\\/inclusivenews.com.br\\\/#\\\/schema\\\/person\\\/ae4ec7087559b8692fb33b6fffd2273b\"},\"headline\":\"OIT edita norma para garantir direitos de trabalhadores com HIV e Aids\",\"datePublished\":\"2010-06-21T08:59:45+00:00\",\"mainEntityOfPage\":{\"@id\":\"https:\\\/\\\/inclusivenews.com.br\\\/?p=16115\"},\"wordCount\":316,\"commentCount\":0,\"publisher\":{\"@id\":\"https:\\\/\\\/inclusivenews.com.br\\\/#organization\"},\"image\":{\"@id\":\"https:\\\/\\\/inclusivenews.com.br\\\/?p=16115#primaryimage\"},\"thumbnailUrl\":\"http:\\\/\\\/inclusivenews.com.br\\\/wp-content\\\/uploads\\\/2010\\\/01\\\/aids.jpg\",\"articleSection\":[\"Discrimina\u00e7\u00e3o\",\"NOT\u00cdCIAS\"],\"inLanguage\":\"pt-PT\",\"potentialAction\":[{\"@type\":\"CommentAction\",\"name\":\"Comment\",\"target\":[\"https:\\\/\\\/inclusivenews.com.br\\\/?p=16115#respond\"]}]},{\"@type\":\"WebPage\",\"@id\":\"https:\\\/\\\/inclusivenews.com.br\\\/?p=16115\",\"url\":\"https:\\\/\\\/inclusivenews.com.br\\\/?p=16115\",\"name\":\"OIT edita norma para garantir direitos de trabalhadores com HIV e Aids -\",\"isPartOf\":{\"@id\":\"https:\\\/\\\/inclusivenews.com.br\\\/#website\"},\"primaryImageOfPage\":{\"@id\":\"https:\\\/\\\/inclusivenews.com.br\\\/?p=16115#primaryimage\"},\"image\":{\"@id\":\"https:\\\/\\\/inclusivenews.com.br\\\/?p=16115#primaryimage\"},\"thumbnailUrl\":\"http:\\\/\\\/inclusivenews.com.br\\\/wp-content\\\/uploads\\\/2010\\\/01\\\/aids.jpg\",\"datePublished\":\"2010-06-21T08:59:45+00:00\",\"breadcrumb\":{\"@id\":\"https:\\\/\\\/inclusivenews.com.br\\\/?p=16115#breadcrumb\"},\"inLanguage\":\"pt-PT\",\"potentialAction\":[{\"@type\":\"ReadAction\",\"target\":[\"https:\\\/\\\/inclusivenews.com.br\\\/?p=16115\"]}]},{\"@type\":\"ImageObject\",\"inLanguage\":\"pt-PT\",\"@id\":\"https:\\\/\\\/inclusivenews.com.br\\\/?p=16115#primaryimage\",\"url\":\"\",\"contentUrl\":\"\"},{\"@type\":\"BreadcrumbList\",\"@id\":\"https:\\\/\\\/inclusivenews.com.br\\\/?p=16115#breadcrumb\",\"itemListElement\":[{\"@type\":\"ListItem\",\"position\":1,\"name\":\"In\u00edcio\",\"item\":\"https:\\\/\\\/inclusivenews.com.br\\\/\"},{\"@type\":\"ListItem\",\"position\":2,\"name\":\"OIT edita norma para garantir direitos de trabalhadores com HIV e Aids\"}]},{\"@type\":\"WebSite\",\"@id\":\"https:\\\/\\\/inclusivenews.com.br\\\/#website\",\"url\":\"https:\\\/\\\/inclusivenews.com.br\\\/\",\"name\":\"Inclusive News\",\"description\":\"Inclusive News\",\"publisher\":{\"@id\":\"https:\\\/\\\/inclusivenews.com.br\\\/#organization\"},\"potentialAction\":[{\"@type\":\"SearchAction\",\"target\":{\"@type\":\"EntryPoint\",\"urlTemplate\":\"https:\\\/\\\/inclusivenews.com.br\\\/?s={search_term_string}\"},\"query-input\":{\"@type\":\"PropertyValueSpecification\",\"valueRequired\":true,\"valueName\":\"search_term_string\"}}],\"inLanguage\":\"pt-PT\"},{\"@type\":\"Organization\",\"@id\":\"https:\\\/\\\/inclusivenews.com.br\\\/#organization\",\"name\":\"Inclusive - inclus\u00e3o e cidadania\",\"url\":\"https:\\\/\\\/inclusivenews.com.br\\\/\",\"logo\":{\"@type\":\"ImageObject\",\"inLanguage\":\"pt-PT\",\"@id\":\"https:\\\/\\\/inclusivenews.com.br\\\/#\\\/schema\\\/logo\\\/image\\\/\",\"url\":\"https:\\\/\\\/inclusivenews.com.br\\\/wp-content\\\/uploads\\\/2024\\\/03\\\/@grandesite.png\",\"contentUrl\":\"https:\\\/\\\/inclusivenews.com.br\\\/wp-content\\\/uploads\\\/2024\\\/03\\\/@grandesite.png\",\"width\":1080,\"height\":1080,\"caption\":\"Inclusive - inclus\u00e3o e cidadania\"},\"image\":{\"@id\":\"https:\\\/\\\/inclusivenews.com.br\\\/#\\\/schema\\\/logo\\\/image\\\/\"},\"sameAs\":[\"https:\\\/\\\/www.facebook.com\\\/agenciainclusive\\\/\",\"https:\\\/\\\/www.instagram.com\\\/newsinclusive\\\/\"]},{\"@type\":\"Person\",\"@id\":\"https:\\\/\\\/inclusivenews.com.br\\\/#\\\/schema\\\/person\\\/ae4ec7087559b8692fb33b6fffd2273b\",\"name\":\"inclusivenews2024\",\"image\":{\"@type\":\"ImageObject\",\"inLanguage\":\"pt-PT\",\"@id\":\"https:\\\/\\\/secure.gravatar.com\\\/avatar\\\/c5a7ef84c66fa914f55bc4f7ce26cfa275a3b9a1c5568b907bd184fb4dde7b40?s=96&d=mm&r=g\",\"url\":\"https:\\\/\\\/secure.gravatar.com\\\/avatar\\\/c5a7ef84c66fa914f55bc4f7ce26cfa275a3b9a1c5568b907bd184fb4dde7b40?s=96&d=mm&r=g\",\"contentUrl\":\"https:\\\/\\\/secure.gravatar.com\\\/avatar\\\/c5a7ef84c66fa914f55bc4f7ce26cfa275a3b9a1c5568b907bd184fb4dde7b40?s=96&d=mm&r=g\",\"caption\":\"inclusivenews2024\"},\"sameAs\":[\"https:\\\/\\\/inclusivenews.com.br\"],\"url\":\"https:\\\/\\\/inclusivenews.com.br\\\/?author=1\"}]}<\/script>\n<!-- \/ Yoast SEO plugin. -->","yoast_head_json":{"title":"OIT edita norma para garantir direitos de trabalhadores com HIV e Aids -","robots":{"index":"index","follow":"follow","max-snippet":"max-snippet:-1","max-image-preview":"max-image-preview:large","max-video-preview":"max-video-preview:-1"},"canonical":"https:\/\/inclusivenews.com.br\/?p=16115","og_locale":"pt_PT","og_type":"article","og_title":"OIT edita norma para garantir direitos de trabalhadores com HIV e Aids -","og_description":"A Organiza\u00e7\u00e3o Internacional do Trabalho (OIT) editou a primeira norma internacional de trabalho sobre aids, com o objetivo de evitar discrimina\u00e7\u00e3o no local de trabalho e garantir os direitos de trabalhadores com HIV e aids. Da Ag\u00eancia Brasil.","og_url":"https:\/\/inclusivenews.com.br\/?p=16115","article_publisher":"https:\/\/www.facebook.com\/agenciainclusive\/","article_published_time":"2010-06-21T08:59:45+00:00","og_image":[{"url":"http:\/\/inclusivenews.com.br\/wp-content\/uploads\/2010\/01\/aids.jpg","type":"","width":"","height":""}],"author":"inclusivenews2024","twitter_card":"summary_large_image","twitter_misc":{"Escrito por":"inclusivenews2024","Tempo estimado de leitura":"2 minutos"},"schema":{"@context":"https:\/\/schema.org","@graph":[{"@type":"Article","@id":"https:\/\/inclusivenews.com.br\/?p=16115#article","isPartOf":{"@id":"https:\/\/inclusivenews.com.br\/?p=16115"},"author":{"name":"inclusivenews2024","@id":"https:\/\/inclusivenews.com.br\/#\/schema\/person\/ae4ec7087559b8692fb33b6fffd2273b"},"headline":"OIT edita norma para garantir direitos de trabalhadores com HIV e Aids","datePublished":"2010-06-21T08:59:45+00:00","mainEntityOfPage":{"@id":"https:\/\/inclusivenews.com.br\/?p=16115"},"wordCount":316,"commentCount":0,"publisher":{"@id":"https:\/\/inclusivenews.com.br\/#organization"},"image":{"@id":"https:\/\/inclusivenews.com.br\/?p=16115#primaryimage"},"thumbnailUrl":"http:\/\/inclusivenews.com.br\/wp-content\/uploads\/2010\/01\/aids.jpg","articleSection":["Discrimina\u00e7\u00e3o","NOT\u00cdCIAS"],"inLanguage":"pt-PT","potentialAction":[{"@type":"CommentAction","name":"Comment","target":["https:\/\/inclusivenews.com.br\/?p=16115#respond"]}]},{"@type":"WebPage","@id":"https:\/\/inclusivenews.com.br\/?p=16115","url":"https:\/\/inclusivenews.com.br\/?p=16115","name":"OIT edita norma para garantir direitos de trabalhadores com HIV e Aids -","isPartOf":{"@id":"https:\/\/inclusivenews.com.br\/#website"},"primaryImageOfPage":{"@id":"https:\/\/inclusivenews.com.br\/?p=16115#primaryimage"},"image":{"@id":"https:\/\/inclusivenews.com.br\/?p=16115#primaryimage"},"thumbnailUrl":"http:\/\/inclusivenews.com.br\/wp-content\/uploads\/2010\/01\/aids.jpg","datePublished":"2010-06-21T08:59:45+00:00","breadcrumb":{"@id":"https:\/\/inclusivenews.com.br\/?p=16115#breadcrumb"},"inLanguage":"pt-PT","potentialAction":[{"@type":"ReadAction","target":["https:\/\/inclusivenews.com.br\/?p=16115"]}]},{"@type":"ImageObject","inLanguage":"pt-PT","@id":"https:\/\/inclusivenews.com.br\/?p=16115#primaryimage","url":"","contentUrl":""},{"@type":"BreadcrumbList","@id":"https:\/\/inclusivenews.com.br\/?p=16115#breadcrumb","itemListElement":[{"@type":"ListItem","position":1,"name":"In\u00edcio","item":"https:\/\/inclusivenews.com.br\/"},{"@type":"ListItem","position":2,"name":"OIT edita norma para garantir direitos de trabalhadores com HIV e Aids"}]},{"@type":"WebSite","@id":"https:\/\/inclusivenews.com.br\/#website","url":"https:\/\/inclusivenews.com.br\/","name":"Inclusive News","description":"Inclusive News","publisher":{"@id":"https:\/\/inclusivenews.com.br\/#organization"},"potentialAction":[{"@type":"SearchAction","target":{"@type":"EntryPoint","urlTemplate":"https:\/\/inclusivenews.com.br\/?s={search_term_string}"},"query-input":{"@type":"PropertyValueSpecification","valueRequired":true,"valueName":"search_term_string"}}],"inLanguage":"pt-PT"},{"@type":"Organization","@id":"https:\/\/inclusivenews.com.br\/#organization","name":"Inclusive - inclus\u00e3o e cidadania","url":"https:\/\/inclusivenews.com.br\/","logo":{"@type":"ImageObject","inLanguage":"pt-PT","@id":"https:\/\/inclusivenews.com.br\/#\/schema\/logo\/image\/","url":"https:\/\/inclusivenews.com.br\/wp-content\/uploads\/2024\/03\/@grandesite.png","contentUrl":"https:\/\/inclusivenews.com.br\/wp-content\/uploads\/2024\/03\/@grandesite.png","width":1080,"height":1080,"caption":"Inclusive - inclus\u00e3o e cidadania"},"image":{"@id":"https:\/\/inclusivenews.com.br\/#\/schema\/logo\/image\/"},"sameAs":["https:\/\/www.facebook.com\/agenciainclusive\/","https:\/\/www.instagram.com\/newsinclusive\/"]},{"@type":"Person","@id":"https:\/\/inclusivenews.com.br\/#\/schema\/person\/ae4ec7087559b8692fb33b6fffd2273b","name":"inclusivenews2024","image":{"@type":"ImageObject","inLanguage":"pt-PT","@id":"https:\/\/secure.gravatar.com\/avatar\/c5a7ef84c66fa914f55bc4f7ce26cfa275a3b9a1c5568b907bd184fb4dde7b40?s=96&d=mm&r=g","url":"https:\/\/secure.gravatar.com\/avatar\/c5a7ef84c66fa914f55bc4f7ce26cfa275a3b9a1c5568b907bd184fb4dde7b40?s=96&d=mm&r=g","contentUrl":"https:\/\/secure.gravatar.com\/avatar\/c5a7ef84c66fa914f55bc4f7ce26cfa275a3b9a1c5568b907bd184fb4dde7b40?s=96&d=mm&r=g","caption":"inclusivenews2024"},"sameAs":["https:\/\/inclusivenews.com.br"],"url":"https:\/\/inclusivenews.com.br\/?author=1"}]}},"_links":{"self":[{"href":"https:\/\/inclusivenews.com.br\/index.php?rest_route=\/wp\/v2\/posts\/16115","targetHints":{"allow":["GET"]}}],"collection":[{"href":"https:\/\/inclusivenews.com.br\/index.php?rest_route=\/wp\/v2\/posts"}],"about":[{"href":"https:\/\/inclusivenews.com.br\/index.php?rest_route=\/wp\/v2\/types\/post"}],"author":[{"embeddable":true,"href":"https:\/\/inclusivenews.com.br\/index.php?rest_route=\/wp\/v2\/users\/1"}],"replies":[{"embeddable":true,"href":"https:\/\/inclusivenews.com.br\/index.php?rest_route=%2Fwp%2Fv2%2Fcomments&post=16115"}],"version-history":[{"count":0,"href":"https:\/\/inclusivenews.com.br\/index.php?rest_route=\/wp\/v2\/posts\/16115\/revisions"}],"wp:attachment":[{"href":"https:\/\/inclusivenews.com.br\/index.php?rest_route=%2Fwp%2Fv2%2Fmedia&parent=16115"}],"wp:term":[{"taxonomy":"category","embeddable":true,"href":"https:\/\/inclusivenews.com.br\/index.php?rest_route=%2Fwp%2Fv2%2Fcategories&post=16115"},{"taxonomy":"post_tag","embeddable":true,"href":"https:\/\/inclusivenews.com.br\/index.php?rest_route=%2Fwp%2Fv2%2Ftags&post=16115"}],"curies":[{"name":"wp","href":"https:\/\/api.w.org\/{rel}","templated":true}]}}