{"id":16116,"date":"2010-06-21T05:56:31","date_gmt":"2010-06-21T08:56:31","guid":{"rendered":"http:\/\/www.inclusive.org.br\/?p=16116"},"modified":"2010-06-21T05:56:31","modified_gmt":"2010-06-21T08:56:31","slug":"campanha-defende-respeito-e-dignidade-de-travestis-e-transexuais","status":"publish","type":"post","link":"https:\/\/inclusivenews.com.br\/?p=16116","title":{"rendered":"Campanha defende respeito e dignidade de travestis e transexuais"},"content":{"rendered":"<figure id=\"attachment_12758\" aria-describedby=\"caption-attachment-12758\" style=\"width: 161px\" class=\"wp-caption alignleft\"><a href=\"http:\/\/www.inclusivenews.com.br\/wp-content\/uploads\/2009\/11\/bandeira.jpg\"><img loading=\"lazy\" decoding=\"async\" class=\"size-full wp-image-12758\" title=\"Bandeira s\u00edmbolo do movimento GLBT contra a homofobia. A cor vermelha imita um sangramento.\" src=\"http:\/\/inclusivenews.com.br\/wp-content\/uploads\/2009\/11\/bandeira.jpg\" alt=\"\" width=\"161\" height=\"122\" \/><\/a><figcaption id=\"caption-attachment-12758\" class=\"wp-caption-text\"> <\/figcaption><\/figure>\n<p>J\u00e1 est\u00e1 nas ruas a nova campanha educativa e publicit\u00e1ria da Coordena\u00e7\u00e3o de DST\/Aids e Hepatites Virais da Secretaria de Estado de Sa\u00fade P\u00fablica (Sespa). Desta vez, o foco s\u00e3o as travestis e transexuais do Par\u00e1.<\/p>\n<p>Com o slogan &#8220;N\u00e3o somos diferentes de voc\u00ea: queremos respeito e dignidade&#8221;, a campanha foi apresentada ao p\u00fablico na noite do \u00faltimo dia 14 de junho, na boate Paparazzo, pelo coordenador de DST\/Aids e Hepatites Virais, Lourival Marsola.<\/p>\n<p>A campanha \u00e9 composta por banners, busdoor e cart\u00f5es postais, que ser\u00e3o distribu\u00eddos em boates, bares e restaurantes frequentados pelo p\u00fablico LGBT.<\/p>\n<p>Al\u00e9m de Marsola, marcaram presen\u00e7a no evento, a diretora t\u00e9cnica da Sespa, Domingas Alves, representantes de organiza\u00e7\u00f5es n\u00e3o governamentais ONGs) como Paravidda, Associa\u00e7\u00e3o Afro-Religiosa e Cultural &#8220;Il\u00ea Iyab\u00e1 Omi&#8221; (Aciyomi), Grupo Vivendo e Convivendo Bem com HIV\/AIDS (Viconve) e outros convidados.<\/p>\n<p>A programa\u00e7\u00e3o foi aberta pela travesti Symmy Larrat, dizendo que travestis e transexuais enfrentam dificuldade de acesso aos servi\u00e7os, direitos e cidadania. Por isso, ela espera que a campanha, de fato, comece a mudar essa realidade.<\/p>\n<p>Em seguida, falou Marsola. Ele informou que a campanha faz parte do Plano de Enfrentamento da Epidemia de Aids e das DSTs entre gays, homens que fazem sexo com homem (HSH) e travestis do Estado do Par\u00e1, o qual foi elaborado em conjunto com as ONGs que desenvolvem atividades preventivas no Par\u00e1 e publicado em 2009.<\/p>\n<p>A finalidade da campanha \u00e9 alertar a sociedade e defender os direitos dessas pessoas, que enfrentam dificuldades para exercer a cidadania, em fun\u00e7\u00e3o do preconceito e discrimina\u00e7\u00e3o e reduzir sua vulnerabilidade \u00e0s doen\u00e7as sexualmente transmiss\u00edveis e Aids.<\/p>\n<p>Ele disse que a campanha foi constru\u00edda a partir do olhar e viv\u00eancia das pr\u00f3prias travestis, em oficina realizada no dia 22 de maio, no munic\u00edpio de Castanhal, da qual participaram as travestis Paola, B\u00e1rbara e Magda, al\u00e9m de profissionais da Coordena\u00e7\u00e3o Estadual de DST\/Aids e Hepatites Virais, da Assessoria de Comunica\u00e7\u00e3o da Sespa e da ag\u00eancia de propaganda Castilho.<\/p>\n<p>Para Marsola, a iniciativa in\u00e9dita representa um grande passo dado pela Sespa, a favor do respeito aos direitos humanos das travestis e transexuais do Estado do Par\u00e1.<\/p>\n<p>Ele ressaltou que a preven\u00e7\u00e3o \u00e9 fundamental porque em 80% dos casos de Aids, a transmiss\u00e3o foi sexual, no entanto, alerta que juntamente com as a\u00e7\u00f5es preventivas deve haver iniciativas para gera\u00e7\u00e3o de renda e defesa de direitos, como combate \u00e0 homofobia e respeito ao nome social da travesti. &#8220;Este governo n\u00e3o admite homofobia&#8221;, enfatizou Marsola.<\/p>\n<p>Para a presidente do Grupo de Resist\u00eancia de Travestis e Transexuais da Amaz\u00f4nia (Gretta), Lohany Veras, a campanha significa um grande avan\u00e7o tanto da parte da Sespa como das pr\u00f3prias travestis que agora tamb\u00e9m come\u00e7am a se organizar. &#8220;E deve avan\u00e7ar mais ainda se houver maior participa\u00e7\u00e3o do movimento LGBT e colabora\u00e7\u00e3o de todos&#8221;, disse Lohany.<\/p>\n<p>Ela informou que a Gretta existe h\u00e1 apenas um ano, mas o grupo j\u00e1 vem fazendo trabalho de preven\u00e7\u00e3o h\u00e1 mais de quatro anos e hoje j\u00e1 congrega cerca de 80 pessoas.<\/p>\n<p>A programa\u00e7\u00e3o foi encerrada com show da travesti Magda Strass. Para ela, o tratamento dado a esse segmento da popula\u00e7\u00e3o, que sempre foi marginalizado, ainda n\u00e3o \u00e9 ideal, mas melhorou muito para todo o movimento LGBT, uma vez que hoje &#8220;j\u00e1 mostramos a nossa cara e nos assumimos&#8221;, gra\u00e7as ao trabalho s\u00e9rio e apoio do Minist\u00e9rio P\u00fablico, Defensoria P\u00fablica e governo do Estado.<\/p>\n<p>Roberta Vilanova &#8211; Sespa<\/p>\n<p>__________________________<\/p>\n<p><strong>Fonte:<\/strong> <a href=\"http:\/\/www.agenciapara.com.br\/exibe_noticias_new.asp?id_ver=65170\">Ag\u00eancia Par\u00e1 de Not\u00edcias<\/a><\/p>\n","protected":false},"excerpt":{"rendered":"<p>Com o slogan &#8220;N\u00e3o somos diferentes de voc\u00ea: queremos respeito e dignidade&#8221;, a campanha foi apresentada ao p\u00fablico na noite do \u00faltimo dia 14 de junho, na boate Paparazzo, pelo coordenador de DST\/Aids e Hepatites Virais, Lourival Marsola. Da Ag\u00eancia Par\u00e1 de Not\u00edcias.<\/p>\n","protected":false},"author":1,"featured_media":0,"comment_status":"open","ping_status":"open","sticky":false,"template":"","format":"standard","meta":{"site-container-style":"default","site-container-layout":"default","site-sidebar-layout":"default","disable-article-header":"default","disable-site-header":"default","disable-site-footer":"default","disable-content-area-spacing":"default","footnotes":""},"categories":[39,40,4,49,41],"tags":[],"class_list":["post-16116","post","type-post","status-publish","format-standard","hentry","category-discriminacao","category-diversidade","category-noticias","category-politicas-publicas","category-preconceito"],"yoast_head":"<!-- This site is optimized with the Yoast SEO plugin v27.4 - https:\/\/yoast.com\/product\/yoast-seo-wordpress\/ -->\n<title>Campanha defende respeito e dignidade de travestis e transexuais -<\/title>\n<meta name=\"robots\" content=\"index, follow, max-snippet:-1, max-image-preview:large, max-video-preview:-1\" \/>\n<link rel=\"canonical\" href=\"https:\/\/inclusivenews.com.br\/?p=16116\" \/>\n<meta property=\"og:locale\" content=\"pt_PT\" \/>\n<meta property=\"og:type\" content=\"article\" \/>\n<meta property=\"og:title\" content=\"Campanha defende respeito e dignidade de travestis e transexuais -\" \/>\n<meta property=\"og:description\" content=\"Com o slogan &quot;N\u00e3o somos diferentes de voc\u00ea: queremos respeito e dignidade&quot;, a campanha foi apresentada ao p\u00fablico na noite do \u00faltimo dia 14 de junho, na boate Paparazzo, pelo coordenador de DST\/Aids e Hepatites Virais, Lourival Marsola. Da Ag\u00eancia Par\u00e1 de Not\u00edcias.\" \/>\n<meta property=\"og:url\" content=\"https:\/\/inclusivenews.com.br\/?p=16116\" \/>\n<meta property=\"article:publisher\" content=\"https:\/\/www.facebook.com\/agenciainclusive\/\" \/>\n<meta property=\"article:published_time\" content=\"2010-06-21T08:56:31+00:00\" \/>\n<meta property=\"og:image\" content=\"http:\/\/inclusivenews.com.br\/wp-content\/uploads\/2009\/11\/bandeira.jpg\" \/>\n<meta name=\"author\" content=\"inclusivenews2024\" \/>\n<meta name=\"twitter:card\" content=\"summary_large_image\" \/>\n<meta name=\"twitter:label1\" content=\"Escrito por\" \/>\n\t<meta name=\"twitter:data1\" content=\"inclusivenews2024\" \/>\n\t<meta name=\"twitter:label2\" content=\"Tempo estimado de leitura\" \/>\n\t<meta name=\"twitter:data2\" content=\"3 minutos\" \/>\n<script type=\"application\/ld+json\" class=\"yoast-schema-graph\">{\"@context\":\"https:\\\/\\\/schema.org\",\"@graph\":[{\"@type\":\"Article\",\"@id\":\"https:\\\/\\\/inclusivenews.com.br\\\/?p=16116#article\",\"isPartOf\":{\"@id\":\"https:\\\/\\\/inclusivenews.com.br\\\/?p=16116\"},\"author\":{\"name\":\"inclusivenews2024\",\"@id\":\"https:\\\/\\\/inclusivenews.com.br\\\/#\\\/schema\\\/person\\\/ae4ec7087559b8692fb33b6fffd2273b\"},\"headline\":\"Campanha defende respeito e dignidade de travestis e transexuais\",\"datePublished\":\"2010-06-21T08:56:31+00:00\",\"mainEntityOfPage\":{\"@id\":\"https:\\\/\\\/inclusivenews.com.br\\\/?p=16116\"},\"wordCount\":638,\"commentCount\":0,\"publisher\":{\"@id\":\"https:\\\/\\\/inclusivenews.com.br\\\/#organization\"},\"image\":{\"@id\":\"https:\\\/\\\/inclusivenews.com.br\\\/?p=16116#primaryimage\"},\"thumbnailUrl\":\"http:\\\/\\\/inclusivenews.com.br\\\/wp-content\\\/uploads\\\/2009\\\/11\\\/bandeira.jpg\",\"articleSection\":[\"Discrimina\u00e7\u00e3o\",\"Diversidade\",\"NOT\u00cdCIAS\",\"Pol\u00edticas p\u00fablicas\",\"Preconceito\"],\"inLanguage\":\"pt-PT\",\"potentialAction\":[{\"@type\":\"CommentAction\",\"name\":\"Comment\",\"target\":[\"https:\\\/\\\/inclusivenews.com.br\\\/?p=16116#respond\"]}]},{\"@type\":\"WebPage\",\"@id\":\"https:\\\/\\\/inclusivenews.com.br\\\/?p=16116\",\"url\":\"https:\\\/\\\/inclusivenews.com.br\\\/?p=16116\",\"name\":\"Campanha defende respeito e dignidade de travestis e transexuais -\",\"isPartOf\":{\"@id\":\"https:\\\/\\\/inclusivenews.com.br\\\/#website\"},\"primaryImageOfPage\":{\"@id\":\"https:\\\/\\\/inclusivenews.com.br\\\/?p=16116#primaryimage\"},\"image\":{\"@id\":\"https:\\\/\\\/inclusivenews.com.br\\\/?p=16116#primaryimage\"},\"thumbnailUrl\":\"http:\\\/\\\/inclusivenews.com.br\\\/wp-content\\\/uploads\\\/2009\\\/11\\\/bandeira.jpg\",\"datePublished\":\"2010-06-21T08:56:31+00:00\",\"breadcrumb\":{\"@id\":\"https:\\\/\\\/inclusivenews.com.br\\\/?p=16116#breadcrumb\"},\"inLanguage\":\"pt-PT\",\"potentialAction\":[{\"@type\":\"ReadAction\",\"target\":[\"https:\\\/\\\/inclusivenews.com.br\\\/?p=16116\"]}]},{\"@type\":\"ImageObject\",\"inLanguage\":\"pt-PT\",\"@id\":\"https:\\\/\\\/inclusivenews.com.br\\\/?p=16116#primaryimage\",\"url\":\"https:\\\/\\\/inclusivenews.com.br\\\/wp-content\\\/uploads\\\/2009\\\/11\\\/bandeira.jpg\",\"contentUrl\":\"https:\\\/\\\/inclusivenews.com.br\\\/wp-content\\\/uploads\\\/2009\\\/11\\\/bandeira.jpg\",\"width\":161,\"height\":122,\"caption\":\"Bandeira s\u00edmbolo do movimento GLBT contra a homofobia. A cor vermelha imita um sangramento.\"},{\"@type\":\"BreadcrumbList\",\"@id\":\"https:\\\/\\\/inclusivenews.com.br\\\/?p=16116#breadcrumb\",\"itemListElement\":[{\"@type\":\"ListItem\",\"position\":1,\"name\":\"In\u00edcio\",\"item\":\"https:\\\/\\\/inclusivenews.com.br\\\/\"},{\"@type\":\"ListItem\",\"position\":2,\"name\":\"Campanha defende respeito e dignidade de travestis e transexuais\"}]},{\"@type\":\"WebSite\",\"@id\":\"https:\\\/\\\/inclusivenews.com.br\\\/#website\",\"url\":\"https:\\\/\\\/inclusivenews.com.br\\\/\",\"name\":\"Inclusive News\",\"description\":\"Inclusive News\",\"publisher\":{\"@id\":\"https:\\\/\\\/inclusivenews.com.br\\\/#organization\"},\"potentialAction\":[{\"@type\":\"SearchAction\",\"target\":{\"@type\":\"EntryPoint\",\"urlTemplate\":\"https:\\\/\\\/inclusivenews.com.br\\\/?s={search_term_string}\"},\"query-input\":{\"@type\":\"PropertyValueSpecification\",\"valueRequired\":true,\"valueName\":\"search_term_string\"}}],\"inLanguage\":\"pt-PT\"},{\"@type\":\"Organization\",\"@id\":\"https:\\\/\\\/inclusivenews.com.br\\\/#organization\",\"name\":\"Inclusive - inclus\u00e3o e cidadania\",\"url\":\"https:\\\/\\\/inclusivenews.com.br\\\/\",\"logo\":{\"@type\":\"ImageObject\",\"inLanguage\":\"pt-PT\",\"@id\":\"https:\\\/\\\/inclusivenews.com.br\\\/#\\\/schema\\\/logo\\\/image\\\/\",\"url\":\"https:\\\/\\\/inclusivenews.com.br\\\/wp-content\\\/uploads\\\/2024\\\/03\\\/@grandesite.png\",\"contentUrl\":\"https:\\\/\\\/inclusivenews.com.br\\\/wp-content\\\/uploads\\\/2024\\\/03\\\/@grandesite.png\",\"width\":1080,\"height\":1080,\"caption\":\"Inclusive - inclus\u00e3o e cidadania\"},\"image\":{\"@id\":\"https:\\\/\\\/inclusivenews.com.br\\\/#\\\/schema\\\/logo\\\/image\\\/\"},\"sameAs\":[\"https:\\\/\\\/www.facebook.com\\\/agenciainclusive\\\/\",\"https:\\\/\\\/www.instagram.com\\\/newsinclusive\\\/\"]},{\"@type\":\"Person\",\"@id\":\"https:\\\/\\\/inclusivenews.com.br\\\/#\\\/schema\\\/person\\\/ae4ec7087559b8692fb33b6fffd2273b\",\"name\":\"inclusivenews2024\",\"image\":{\"@type\":\"ImageObject\",\"inLanguage\":\"pt-PT\",\"@id\":\"https:\\\/\\\/secure.gravatar.com\\\/avatar\\\/c5a7ef84c66fa914f55bc4f7ce26cfa275a3b9a1c5568b907bd184fb4dde7b40?s=96&d=mm&r=g\",\"url\":\"https:\\\/\\\/secure.gravatar.com\\\/avatar\\\/c5a7ef84c66fa914f55bc4f7ce26cfa275a3b9a1c5568b907bd184fb4dde7b40?s=96&d=mm&r=g\",\"contentUrl\":\"https:\\\/\\\/secure.gravatar.com\\\/avatar\\\/c5a7ef84c66fa914f55bc4f7ce26cfa275a3b9a1c5568b907bd184fb4dde7b40?s=96&d=mm&r=g\",\"caption\":\"inclusivenews2024\"},\"sameAs\":[\"https:\\\/\\\/inclusivenews.com.br\"],\"url\":\"https:\\\/\\\/inclusivenews.com.br\\\/?author=1\"}]}<\/script>\n<!-- \/ Yoast SEO plugin. -->","yoast_head_json":{"title":"Campanha defende respeito e dignidade de travestis e transexuais -","robots":{"index":"index","follow":"follow","max-snippet":"max-snippet:-1","max-image-preview":"max-image-preview:large","max-video-preview":"max-video-preview:-1"},"canonical":"https:\/\/inclusivenews.com.br\/?p=16116","og_locale":"pt_PT","og_type":"article","og_title":"Campanha defende respeito e dignidade de travestis e transexuais -","og_description":"Com o slogan \"N\u00e3o somos diferentes de voc\u00ea: queremos respeito e dignidade\", a campanha foi apresentada ao p\u00fablico na noite do \u00faltimo dia 14 de junho, na boate Paparazzo, pelo coordenador de DST\/Aids e Hepatites Virais, Lourival Marsola. Da Ag\u00eancia Par\u00e1 de Not\u00edcias.","og_url":"https:\/\/inclusivenews.com.br\/?p=16116","article_publisher":"https:\/\/www.facebook.com\/agenciainclusive\/","article_published_time":"2010-06-21T08:56:31+00:00","og_image":[{"url":"http:\/\/inclusivenews.com.br\/wp-content\/uploads\/2009\/11\/bandeira.jpg","type":"","width":"","height":""}],"author":"inclusivenews2024","twitter_card":"summary_large_image","twitter_misc":{"Escrito por":"inclusivenews2024","Tempo estimado de leitura":"3 minutos"},"schema":{"@context":"https:\/\/schema.org","@graph":[{"@type":"Article","@id":"https:\/\/inclusivenews.com.br\/?p=16116#article","isPartOf":{"@id":"https:\/\/inclusivenews.com.br\/?p=16116"},"author":{"name":"inclusivenews2024","@id":"https:\/\/inclusivenews.com.br\/#\/schema\/person\/ae4ec7087559b8692fb33b6fffd2273b"},"headline":"Campanha defende respeito e dignidade de travestis e transexuais","datePublished":"2010-06-21T08:56:31+00:00","mainEntityOfPage":{"@id":"https:\/\/inclusivenews.com.br\/?p=16116"},"wordCount":638,"commentCount":0,"publisher":{"@id":"https:\/\/inclusivenews.com.br\/#organization"},"image":{"@id":"https:\/\/inclusivenews.com.br\/?p=16116#primaryimage"},"thumbnailUrl":"http:\/\/inclusivenews.com.br\/wp-content\/uploads\/2009\/11\/bandeira.jpg","articleSection":["Discrimina\u00e7\u00e3o","Diversidade","NOT\u00cdCIAS","Pol\u00edticas p\u00fablicas","Preconceito"],"inLanguage":"pt-PT","potentialAction":[{"@type":"CommentAction","name":"Comment","target":["https:\/\/inclusivenews.com.br\/?p=16116#respond"]}]},{"@type":"WebPage","@id":"https:\/\/inclusivenews.com.br\/?p=16116","url":"https:\/\/inclusivenews.com.br\/?p=16116","name":"Campanha defende respeito e dignidade de travestis e transexuais -","isPartOf":{"@id":"https:\/\/inclusivenews.com.br\/#website"},"primaryImageOfPage":{"@id":"https:\/\/inclusivenews.com.br\/?p=16116#primaryimage"},"image":{"@id":"https:\/\/inclusivenews.com.br\/?p=16116#primaryimage"},"thumbnailUrl":"http:\/\/inclusivenews.com.br\/wp-content\/uploads\/2009\/11\/bandeira.jpg","datePublished":"2010-06-21T08:56:31+00:00","breadcrumb":{"@id":"https:\/\/inclusivenews.com.br\/?p=16116#breadcrumb"},"inLanguage":"pt-PT","potentialAction":[{"@type":"ReadAction","target":["https:\/\/inclusivenews.com.br\/?p=16116"]}]},{"@type":"ImageObject","inLanguage":"pt-PT","@id":"https:\/\/inclusivenews.com.br\/?p=16116#primaryimage","url":"https:\/\/inclusivenews.com.br\/wp-content\/uploads\/2009\/11\/bandeira.jpg","contentUrl":"https:\/\/inclusivenews.com.br\/wp-content\/uploads\/2009\/11\/bandeira.jpg","width":161,"height":122,"caption":"Bandeira s\u00edmbolo do movimento GLBT contra a homofobia. A cor vermelha imita um sangramento."},{"@type":"BreadcrumbList","@id":"https:\/\/inclusivenews.com.br\/?p=16116#breadcrumb","itemListElement":[{"@type":"ListItem","position":1,"name":"In\u00edcio","item":"https:\/\/inclusivenews.com.br\/"},{"@type":"ListItem","position":2,"name":"Campanha defende respeito e dignidade de travestis e transexuais"}]},{"@type":"WebSite","@id":"https:\/\/inclusivenews.com.br\/#website","url":"https:\/\/inclusivenews.com.br\/","name":"Inclusive News","description":"Inclusive News","publisher":{"@id":"https:\/\/inclusivenews.com.br\/#organization"},"potentialAction":[{"@type":"SearchAction","target":{"@type":"EntryPoint","urlTemplate":"https:\/\/inclusivenews.com.br\/?s={search_term_string}"},"query-input":{"@type":"PropertyValueSpecification","valueRequired":true,"valueName":"search_term_string"}}],"inLanguage":"pt-PT"},{"@type":"Organization","@id":"https:\/\/inclusivenews.com.br\/#organization","name":"Inclusive - inclus\u00e3o e cidadania","url":"https:\/\/inclusivenews.com.br\/","logo":{"@type":"ImageObject","inLanguage":"pt-PT","@id":"https:\/\/inclusivenews.com.br\/#\/schema\/logo\/image\/","url":"https:\/\/inclusivenews.com.br\/wp-content\/uploads\/2024\/03\/@grandesite.png","contentUrl":"https:\/\/inclusivenews.com.br\/wp-content\/uploads\/2024\/03\/@grandesite.png","width":1080,"height":1080,"caption":"Inclusive - inclus\u00e3o e cidadania"},"image":{"@id":"https:\/\/inclusivenews.com.br\/#\/schema\/logo\/image\/"},"sameAs":["https:\/\/www.facebook.com\/agenciainclusive\/","https:\/\/www.instagram.com\/newsinclusive\/"]},{"@type":"Person","@id":"https:\/\/inclusivenews.com.br\/#\/schema\/person\/ae4ec7087559b8692fb33b6fffd2273b","name":"inclusivenews2024","image":{"@type":"ImageObject","inLanguage":"pt-PT","@id":"https:\/\/secure.gravatar.com\/avatar\/c5a7ef84c66fa914f55bc4f7ce26cfa275a3b9a1c5568b907bd184fb4dde7b40?s=96&d=mm&r=g","url":"https:\/\/secure.gravatar.com\/avatar\/c5a7ef84c66fa914f55bc4f7ce26cfa275a3b9a1c5568b907bd184fb4dde7b40?s=96&d=mm&r=g","contentUrl":"https:\/\/secure.gravatar.com\/avatar\/c5a7ef84c66fa914f55bc4f7ce26cfa275a3b9a1c5568b907bd184fb4dde7b40?s=96&d=mm&r=g","caption":"inclusivenews2024"},"sameAs":["https:\/\/inclusivenews.com.br"],"url":"https:\/\/inclusivenews.com.br\/?author=1"}]}},"_links":{"self":[{"href":"https:\/\/inclusivenews.com.br\/index.php?rest_route=\/wp\/v2\/posts\/16116","targetHints":{"allow":["GET"]}}],"collection":[{"href":"https:\/\/inclusivenews.com.br\/index.php?rest_route=\/wp\/v2\/posts"}],"about":[{"href":"https:\/\/inclusivenews.com.br\/index.php?rest_route=\/wp\/v2\/types\/post"}],"author":[{"embeddable":true,"href":"https:\/\/inclusivenews.com.br\/index.php?rest_route=\/wp\/v2\/users\/1"}],"replies":[{"embeddable":true,"href":"https:\/\/inclusivenews.com.br\/index.php?rest_route=%2Fwp%2Fv2%2Fcomments&post=16116"}],"version-history":[{"count":0,"href":"https:\/\/inclusivenews.com.br\/index.php?rest_route=\/wp\/v2\/posts\/16116\/revisions"}],"wp:attachment":[{"href":"https:\/\/inclusivenews.com.br\/index.php?rest_route=%2Fwp%2Fv2%2Fmedia&parent=16116"}],"wp:term":[{"taxonomy":"category","embeddable":true,"href":"https:\/\/inclusivenews.com.br\/index.php?rest_route=%2Fwp%2Fv2%2Fcategories&post=16116"},{"taxonomy":"post_tag","embeddable":true,"href":"https:\/\/inclusivenews.com.br\/index.php?rest_route=%2Fwp%2Fv2%2Ftags&post=16116"}],"curies":[{"name":"wp","href":"https:\/\/api.w.org\/{rel}","templated":true}]}}