{"id":16117,"date":"2010-06-21T06:01:44","date_gmt":"2010-06-21T09:01:44","guid":{"rendered":"http:\/\/www.inclusive.org.br\/?p=16117"},"modified":"2010-06-21T06:01:44","modified_gmt":"2010-06-21T09:01:44","slug":"deficiencia-e-igualdade-deficiencia-e-discriminacao","status":"publish","type":"post","link":"https:\/\/inclusivenews.com.br\/?p=16117","title":{"rendered":"Defici\u00eancia e Igualdade &amp; Defici\u00eancia e Discrimina\u00e7\u00e3o"},"content":{"rendered":"<figure style=\"width: 499px\" class=\"wp-caption alignnone\"><img loading=\"lazy\" decoding=\"async\" title=\"Convite para o lan\u00e7amento, decri\u00e7\u00e3o n\u00e3o fornecida.\" src=\"http:\/\/senale.files.wordpress.com\/2010\/06\/getattachment.jpg?w=499&amp;h=360\" alt=\"\" width=\"499\" height=\"352\" \/><figcaption class=\"wp-caption-text\"> <\/figcaption><\/figure>\n<p>21 de junho de 2010, \u00e0s 19:30h<br \/>\nLivraria Cultura \u2013 Shopping Iguatemi,  SHIN CA 4 Lote A\/Lago Norte \u2013 Bras\u00edlia<\/p>\n<p>A LetrasLivres e a Editora Universidade de Bras\u00edlia lan\u00e7am, nesta segunda-feira, 21 de junho, duas publica\u00e7\u00f5es pioneiras: Defici\u00eancia e Discrimina\u00e7\u00e3o, organizado por Debora Diniz e Wederson Santos e Defici\u00eancia e Igualdade, organizado por Debora Diniz, Marcelo Medeiros e L\u00edvia Barbosa. Os livros apresentam artigos de jovens pesquisadores, de te\u00f3ricos e professores brasileiros e de dois grandes fil\u00f3sofos internacionais: Martha Nussbaum e Amartya Sen. O evento ser\u00e1 na Livraria Cultura do shopping Iguatemi, em Bras\u00edlia.<\/p>\n<p>Participe e divulgue!<br \/>\nPessoas cegas e com baixa vis\u00e3o que se interessarem pelos livros que escrevam para a Anis perguntando pela vers\u00e3o em formato digital acess\u00edvel dos livros: anis@anis.org.br<\/p>\n","protected":false},"excerpt":{"rendered":"<p>A LetrasLivres e a Editora Universidade de Bras\u00edlia lan\u00e7am, nesta segunda-feira, 21 de junho, duas publica\u00e7\u00f5es pioneiras: Defici\u00eancia e Discrimina\u00e7\u00e3o, organizado por Debora Diniz e Wederson Santos e Defici\u00eancia e Igualdade, organizado por Debora Diniz, Marcelo Medeiros e L\u00edvia Barbosa.<\/p>\n","protected":false},"author":1,"featured_media":0,"comment_status":"open","ping_status":"open","sticky":false,"template":"","format":"standard","meta":{"site-container-style":"default","site-container-layout":"default","site-sidebar-layout":"default","disable-article-header":"default","disable-site-header":"default","disable-site-footer":"default","disable-content-area-spacing":"default","footnotes":""},"categories":[12,51,4,10],"tags":[],"class_list":["post-16117","post","type-post","status-publish","format-standard","hentry","category-cursos-e-eventos","category-livros","category-noticias","category-publicacoes"],"yoast_head":"<!-- This site is optimized with the Yoast SEO plugin v27.4 - https:\/\/yoast.com\/product\/yoast-seo-wordpress\/ -->\n<title>Defici\u00eancia e Igualdade &amp; Defici\u00eancia e Discrimina\u00e7\u00e3o -<\/title>\n<meta name=\"robots\" content=\"index, follow, max-snippet:-1, max-image-preview:large, max-video-preview:-1\" \/>\n<link rel=\"canonical\" href=\"https:\/\/inclusivenews.com.br\/?p=16117\" \/>\n<meta property=\"og:locale\" content=\"pt_PT\" \/>\n<meta property=\"og:type\" content=\"article\" \/>\n<meta property=\"og:title\" content=\"Defici\u00eancia e Igualdade &amp; Defici\u00eancia e Discrimina\u00e7\u00e3o -\" \/>\n<meta property=\"og:description\" content=\"A LetrasLivres e a Editora Universidade de Bras\u00edlia lan\u00e7am, nesta segunda-feira, 21 de junho, duas publica\u00e7\u00f5es pioneiras: Defici\u00eancia e Discrimina\u00e7\u00e3o, organizado por Debora Diniz e Wederson Santos e Defici\u00eancia e Igualdade, organizado por Debora Diniz, Marcelo Medeiros e L\u00edvia Barbosa.\" \/>\n<meta property=\"og:url\" content=\"https:\/\/inclusivenews.com.br\/?p=16117\" \/>\n<meta property=\"article:publisher\" content=\"https:\/\/www.facebook.com\/agenciainclusive\/\" \/>\n<meta property=\"article:published_time\" content=\"2010-06-21T09:01:44+00:00\" \/>\n<meta property=\"og:image\" content=\"http:\/\/senale.files.wordpress.com\/2010\/06\/getattachment.jpg?w=499&amp;h=360\" \/>\n<meta name=\"author\" content=\"inclusivenews2024\" \/>\n<meta name=\"twitter:card\" content=\"summary_large_image\" \/>\n<meta name=\"twitter:label1\" content=\"Escrito por\" \/>\n\t<meta name=\"twitter:data1\" content=\"inclusivenews2024\" \/>\n\t<meta name=\"twitter:label2\" content=\"Tempo estimado de leitura\" \/>\n\t<meta name=\"twitter:data2\" content=\"1 minuto\" \/>\n<script type=\"application\/ld+json\" class=\"yoast-schema-graph\">{\"@context\":\"https:\\\/\\\/schema.org\",\"@graph\":[{\"@type\":\"Article\",\"@id\":\"https:\\\/\\\/inclusivenews.com.br\\\/?p=16117#article\",\"isPartOf\":{\"@id\":\"https:\\\/\\\/inclusivenews.com.br\\\/?p=16117\"},\"author\":{\"name\":\"inclusivenews2024\",\"@id\":\"https:\\\/\\\/inclusivenews.com.br\\\/#\\\/schema\\\/person\\\/ae4ec7087559b8692fb33b6fffd2273b\"},\"headline\":\"Defici\u00eancia e Igualdade &amp; Defici\u00eancia e Discrimina\u00e7\u00e3o\",\"datePublished\":\"2010-06-21T09:01:44+00:00\",\"mainEntityOfPage\":{\"@id\":\"https:\\\/\\\/inclusivenews.com.br\\\/?p=16117\"},\"wordCount\":152,\"commentCount\":2,\"publisher\":{\"@id\":\"https:\\\/\\\/inclusivenews.com.br\\\/#organization\"},\"image\":{\"@id\":\"https:\\\/\\\/inclusivenews.com.br\\\/?p=16117#primaryimage\"},\"thumbnailUrl\":\"http:\\\/\\\/senale.files.wordpress.com\\\/2010\\\/06\\\/getattachment.jpg?w=499&amp;h=360\",\"articleSection\":[\"Cursos e eventos\",\"Livros\",\"NOT\u00cdCIAS\",\"PUBLICA\u00c7\u00d5ES\"],\"inLanguage\":\"pt-PT\",\"potentialAction\":[{\"@type\":\"CommentAction\",\"name\":\"Comment\",\"target\":[\"https:\\\/\\\/inclusivenews.com.br\\\/?p=16117#respond\"]}]},{\"@type\":\"WebPage\",\"@id\":\"https:\\\/\\\/inclusivenews.com.br\\\/?p=16117\",\"url\":\"https:\\\/\\\/inclusivenews.com.br\\\/?p=16117\",\"name\":\"Defici\u00eancia e Igualdade &amp; Defici\u00eancia e Discrimina\u00e7\u00e3o -\",\"isPartOf\":{\"@id\":\"https:\\\/\\\/inclusivenews.com.br\\\/#website\"},\"primaryImageOfPage\":{\"@id\":\"https:\\\/\\\/inclusivenews.com.br\\\/?p=16117#primaryimage\"},\"image\":{\"@id\":\"https:\\\/\\\/inclusivenews.com.br\\\/?p=16117#primaryimage\"},\"thumbnailUrl\":\"http:\\\/\\\/senale.files.wordpress.com\\\/2010\\\/06\\\/getattachment.jpg?w=499&amp;h=360\",\"datePublished\":\"2010-06-21T09:01:44+00:00\",\"breadcrumb\":{\"@id\":\"https:\\\/\\\/inclusivenews.com.br\\\/?p=16117#breadcrumb\"},\"inLanguage\":\"pt-PT\",\"potentialAction\":[{\"@type\":\"ReadAction\",\"target\":[\"https:\\\/\\\/inclusivenews.com.br\\\/?p=16117\"]}]},{\"@type\":\"ImageObject\",\"inLanguage\":\"pt-PT\",\"@id\":\"https:\\\/\\\/inclusivenews.com.br\\\/?p=16117#primaryimage\",\"url\":\"http:\\\/\\\/senale.files.wordpress.com\\\/2010\\\/06\\\/getattachment.jpg?w=499&amp;h=360\",\"contentUrl\":\"http:\\\/\\\/senale.files.wordpress.com\\\/2010\\\/06\\\/getattachment.jpg?w=499&amp;h=360\"},{\"@type\":\"BreadcrumbList\",\"@id\":\"https:\\\/\\\/inclusivenews.com.br\\\/?p=16117#breadcrumb\",\"itemListElement\":[{\"@type\":\"ListItem\",\"position\":1,\"name\":\"In\u00edcio\",\"item\":\"https:\\\/\\\/inclusivenews.com.br\\\/\"},{\"@type\":\"ListItem\",\"position\":2,\"name\":\"Defici\u00eancia e Igualdade &amp; Defici\u00eancia e Discrimina\u00e7\u00e3o\"}]},{\"@type\":\"WebSite\",\"@id\":\"https:\\\/\\\/inclusivenews.com.br\\\/#website\",\"url\":\"https:\\\/\\\/inclusivenews.com.br\\\/\",\"name\":\"Inclusive News\",\"description\":\"Inclusive News\",\"publisher\":{\"@id\":\"https:\\\/\\\/inclusivenews.com.br\\\/#organization\"},\"potentialAction\":[{\"@type\":\"SearchAction\",\"target\":{\"@type\":\"EntryPoint\",\"urlTemplate\":\"https:\\\/\\\/inclusivenews.com.br\\\/?s={search_term_string}\"},\"query-input\":{\"@type\":\"PropertyValueSpecification\",\"valueRequired\":true,\"valueName\":\"search_term_string\"}}],\"inLanguage\":\"pt-PT\"},{\"@type\":\"Organization\",\"@id\":\"https:\\\/\\\/inclusivenews.com.br\\\/#organization\",\"name\":\"Inclusive - inclus\u00e3o e cidadania\",\"url\":\"https:\\\/\\\/inclusivenews.com.br\\\/\",\"logo\":{\"@type\":\"ImageObject\",\"inLanguage\":\"pt-PT\",\"@id\":\"https:\\\/\\\/inclusivenews.com.br\\\/#\\\/schema\\\/logo\\\/image\\\/\",\"url\":\"https:\\\/\\\/inclusivenews.com.br\\\/wp-content\\\/uploads\\\/2024\\\/03\\\/@grandesite.png\",\"contentUrl\":\"https:\\\/\\\/inclusivenews.com.br\\\/wp-content\\\/uploads\\\/2024\\\/03\\\/@grandesite.png\",\"width\":1080,\"height\":1080,\"caption\":\"Inclusive - inclus\u00e3o e cidadania\"},\"image\":{\"@id\":\"https:\\\/\\\/inclusivenews.com.br\\\/#\\\/schema\\\/logo\\\/image\\\/\"},\"sameAs\":[\"https:\\\/\\\/www.facebook.com\\\/agenciainclusive\\\/\",\"https:\\\/\\\/www.instagram.com\\\/newsinclusive\\\/\"]},{\"@type\":\"Person\",\"@id\":\"https:\\\/\\\/inclusivenews.com.br\\\/#\\\/schema\\\/person\\\/ae4ec7087559b8692fb33b6fffd2273b\",\"name\":\"inclusivenews2024\",\"image\":{\"@type\":\"ImageObject\",\"inLanguage\":\"pt-PT\",\"@id\":\"https:\\\/\\\/secure.gravatar.com\\\/avatar\\\/c5a7ef84c66fa914f55bc4f7ce26cfa275a3b9a1c5568b907bd184fb4dde7b40?s=96&d=mm&r=g\",\"url\":\"https:\\\/\\\/secure.gravatar.com\\\/avatar\\\/c5a7ef84c66fa914f55bc4f7ce26cfa275a3b9a1c5568b907bd184fb4dde7b40?s=96&d=mm&r=g\",\"contentUrl\":\"https:\\\/\\\/secure.gravatar.com\\\/avatar\\\/c5a7ef84c66fa914f55bc4f7ce26cfa275a3b9a1c5568b907bd184fb4dde7b40?s=96&d=mm&r=g\",\"caption\":\"inclusivenews2024\"},\"sameAs\":[\"https:\\\/\\\/inclusivenews.com.br\"],\"url\":\"https:\\\/\\\/inclusivenews.com.br\\\/?author=1\"}]}<\/script>\n<!-- \/ Yoast SEO plugin. -->","yoast_head_json":{"title":"Defici\u00eancia e Igualdade &amp; Defici\u00eancia e Discrimina\u00e7\u00e3o -","robots":{"index":"index","follow":"follow","max-snippet":"max-snippet:-1","max-image-preview":"max-image-preview:large","max-video-preview":"max-video-preview:-1"},"canonical":"https:\/\/inclusivenews.com.br\/?p=16117","og_locale":"pt_PT","og_type":"article","og_title":"Defici\u00eancia e Igualdade &amp; Defici\u00eancia e Discrimina\u00e7\u00e3o -","og_description":"A LetrasLivres e a Editora Universidade de Bras\u00edlia lan\u00e7am, nesta segunda-feira, 21 de junho, duas publica\u00e7\u00f5es pioneiras: Defici\u00eancia e Discrimina\u00e7\u00e3o, organizado por Debora Diniz e Wederson Santos e Defici\u00eancia e Igualdade, organizado por Debora Diniz, Marcelo Medeiros e L\u00edvia Barbosa.","og_url":"https:\/\/inclusivenews.com.br\/?p=16117","article_publisher":"https:\/\/www.facebook.com\/agenciainclusive\/","article_published_time":"2010-06-21T09:01:44+00:00","og_image":[{"url":"http:\/\/senale.files.wordpress.com\/2010\/06\/getattachment.jpg?w=499&amp;h=360","type":"","width":"","height":""}],"author":"inclusivenews2024","twitter_card":"summary_large_image","twitter_misc":{"Escrito por":"inclusivenews2024","Tempo estimado de leitura":"1 minuto"},"schema":{"@context":"https:\/\/schema.org","@graph":[{"@type":"Article","@id":"https:\/\/inclusivenews.com.br\/?p=16117#article","isPartOf":{"@id":"https:\/\/inclusivenews.com.br\/?p=16117"},"author":{"name":"inclusivenews2024","@id":"https:\/\/inclusivenews.com.br\/#\/schema\/person\/ae4ec7087559b8692fb33b6fffd2273b"},"headline":"Defici\u00eancia e Igualdade &amp; Defici\u00eancia e Discrimina\u00e7\u00e3o","datePublished":"2010-06-21T09:01:44+00:00","mainEntityOfPage":{"@id":"https:\/\/inclusivenews.com.br\/?p=16117"},"wordCount":152,"commentCount":2,"publisher":{"@id":"https:\/\/inclusivenews.com.br\/#organization"},"image":{"@id":"https:\/\/inclusivenews.com.br\/?p=16117#primaryimage"},"thumbnailUrl":"http:\/\/senale.files.wordpress.com\/2010\/06\/getattachment.jpg?w=499&amp;h=360","articleSection":["Cursos e eventos","Livros","NOT\u00cdCIAS","PUBLICA\u00c7\u00d5ES"],"inLanguage":"pt-PT","potentialAction":[{"@type":"CommentAction","name":"Comment","target":["https:\/\/inclusivenews.com.br\/?p=16117#respond"]}]},{"@type":"WebPage","@id":"https:\/\/inclusivenews.com.br\/?p=16117","url":"https:\/\/inclusivenews.com.br\/?p=16117","name":"Defici\u00eancia e Igualdade &amp; Defici\u00eancia e Discrimina\u00e7\u00e3o -","isPartOf":{"@id":"https:\/\/inclusivenews.com.br\/#website"},"primaryImageOfPage":{"@id":"https:\/\/inclusivenews.com.br\/?p=16117#primaryimage"},"image":{"@id":"https:\/\/inclusivenews.com.br\/?p=16117#primaryimage"},"thumbnailUrl":"http:\/\/senale.files.wordpress.com\/2010\/06\/getattachment.jpg?w=499&amp;h=360","datePublished":"2010-06-21T09:01:44+00:00","breadcrumb":{"@id":"https:\/\/inclusivenews.com.br\/?p=16117#breadcrumb"},"inLanguage":"pt-PT","potentialAction":[{"@type":"ReadAction","target":["https:\/\/inclusivenews.com.br\/?p=16117"]}]},{"@type":"ImageObject","inLanguage":"pt-PT","@id":"https:\/\/inclusivenews.com.br\/?p=16117#primaryimage","url":"http:\/\/senale.files.wordpress.com\/2010\/06\/getattachment.jpg?w=499&amp;h=360","contentUrl":"http:\/\/senale.files.wordpress.com\/2010\/06\/getattachment.jpg?w=499&amp;h=360"},{"@type":"BreadcrumbList","@id":"https:\/\/inclusivenews.com.br\/?p=16117#breadcrumb","itemListElement":[{"@type":"ListItem","position":1,"name":"In\u00edcio","item":"https:\/\/inclusivenews.com.br\/"},{"@type":"ListItem","position":2,"name":"Defici\u00eancia e Igualdade &amp; Defici\u00eancia e Discrimina\u00e7\u00e3o"}]},{"@type":"WebSite","@id":"https:\/\/inclusivenews.com.br\/#website","url":"https:\/\/inclusivenews.com.br\/","name":"Inclusive News","description":"Inclusive News","publisher":{"@id":"https:\/\/inclusivenews.com.br\/#organization"},"potentialAction":[{"@type":"SearchAction","target":{"@type":"EntryPoint","urlTemplate":"https:\/\/inclusivenews.com.br\/?s={search_term_string}"},"query-input":{"@type":"PropertyValueSpecification","valueRequired":true,"valueName":"search_term_string"}}],"inLanguage":"pt-PT"},{"@type":"Organization","@id":"https:\/\/inclusivenews.com.br\/#organization","name":"Inclusive - inclus\u00e3o e cidadania","url":"https:\/\/inclusivenews.com.br\/","logo":{"@type":"ImageObject","inLanguage":"pt-PT","@id":"https:\/\/inclusivenews.com.br\/#\/schema\/logo\/image\/","url":"https:\/\/inclusivenews.com.br\/wp-content\/uploads\/2024\/03\/@grandesite.png","contentUrl":"https:\/\/inclusivenews.com.br\/wp-content\/uploads\/2024\/03\/@grandesite.png","width":1080,"height":1080,"caption":"Inclusive - inclus\u00e3o e cidadania"},"image":{"@id":"https:\/\/inclusivenews.com.br\/#\/schema\/logo\/image\/"},"sameAs":["https:\/\/www.facebook.com\/agenciainclusive\/","https:\/\/www.instagram.com\/newsinclusive\/"]},{"@type":"Person","@id":"https:\/\/inclusivenews.com.br\/#\/schema\/person\/ae4ec7087559b8692fb33b6fffd2273b","name":"inclusivenews2024","image":{"@type":"ImageObject","inLanguage":"pt-PT","@id":"https:\/\/secure.gravatar.com\/avatar\/c5a7ef84c66fa914f55bc4f7ce26cfa275a3b9a1c5568b907bd184fb4dde7b40?s=96&d=mm&r=g","url":"https:\/\/secure.gravatar.com\/avatar\/c5a7ef84c66fa914f55bc4f7ce26cfa275a3b9a1c5568b907bd184fb4dde7b40?s=96&d=mm&r=g","contentUrl":"https:\/\/secure.gravatar.com\/avatar\/c5a7ef84c66fa914f55bc4f7ce26cfa275a3b9a1c5568b907bd184fb4dde7b40?s=96&d=mm&r=g","caption":"inclusivenews2024"},"sameAs":["https:\/\/inclusivenews.com.br"],"url":"https:\/\/inclusivenews.com.br\/?author=1"}]}},"_links":{"self":[{"href":"https:\/\/inclusivenews.com.br\/index.php?rest_route=\/wp\/v2\/posts\/16117","targetHints":{"allow":["GET"]}}],"collection":[{"href":"https:\/\/inclusivenews.com.br\/index.php?rest_route=\/wp\/v2\/posts"}],"about":[{"href":"https:\/\/inclusivenews.com.br\/index.php?rest_route=\/wp\/v2\/types\/post"}],"author":[{"embeddable":true,"href":"https:\/\/inclusivenews.com.br\/index.php?rest_route=\/wp\/v2\/users\/1"}],"replies":[{"embeddable":true,"href":"https:\/\/inclusivenews.com.br\/index.php?rest_route=%2Fwp%2Fv2%2Fcomments&post=16117"}],"version-history":[{"count":0,"href":"https:\/\/inclusivenews.com.br\/index.php?rest_route=\/wp\/v2\/posts\/16117\/revisions"}],"wp:attachment":[{"href":"https:\/\/inclusivenews.com.br\/index.php?rest_route=%2Fwp%2Fv2%2Fmedia&parent=16117"}],"wp:term":[{"taxonomy":"category","embeddable":true,"href":"https:\/\/inclusivenews.com.br\/index.php?rest_route=%2Fwp%2Fv2%2Fcategories&post=16117"},{"taxonomy":"post_tag","embeddable":true,"href":"https:\/\/inclusivenews.com.br\/index.php?rest_route=%2Fwp%2Fv2%2Ftags&post=16117"}],"curies":[{"name":"wp","href":"https:\/\/api.w.org\/{rel}","templated":true}]}}