{"id":16118,"date":"2010-06-21T06:37:59","date_gmt":"2010-06-21T09:37:59","guid":{"rendered":"http:\/\/www.inclusive.org.br\/?p=16118"},"modified":"2010-06-21T06:37:59","modified_gmt":"2010-06-21T09:37:59","slug":"um-mundo-aberto-a-diversidade-humana-realidade-ou-utopia","status":"publish","type":"post","link":"https:\/\/inclusivenews.com.br\/?p=16118","title":{"rendered":"Um mundo aberto \u00e0 diversidade humana: realidade ou utopia?"},"content":{"rendered":"<figure id=\"attachment_13106\" aria-describedby=\"caption-attachment-13106\" style=\"width: 240px\" class=\"wp-caption alignleft\"><a href=\"http:\/\/www.inclusivenews.com.br\/wp-content\/uploads\/2009\/12\/1171701005_diversidade.jpg\"><img loading=\"lazy\" decoding=\"async\" class=\"size-medium wp-image-13106\" title=\"Inclusive - diversidade.\" src=\"http:\/\/inclusivenews.com.br\/wp-content\/uploads\/2009\/12\/1171701005_diversidade-300x218.jpg\" alt=\"\" width=\"240\" height=\"174\" \/><\/a><figcaption id=\"caption-attachment-13106\" class=\"wp-caption-text\"> <\/figcaption><\/figure>\n<p><strong>Por Hevlyn Celso *<\/strong><\/p>\n<p>Tudo come\u00e7ou com um forte sentimento de indigna\u00e7\u00e3o. Foi em 2008, um ano antes de concluir meu curso de jornalismo.<\/p>\n<p>Ao fazer um trabalho acad\u00eamico, decidi entrevistar algumas m\u00e3es de pessoas com defici\u00eancias intelectuais, atendidas por uma equipe de profissionais especializados em minha faculdade.<\/p>\n<p>Conversei com uma delas, cuja filha, com s\u00edndrome de Down e j\u00e1 adulta, mal balbuciava algumas palavras. Quando questionada sobre a raz\u00e3o de n\u00e3o ter procurado auxilio durante a inf\u00e2ncia da garota, disse-me que preferia que ela continuasse a ser uma eterna crian\u00e7a, pois este mundo n\u00e3o lhe pertencia.\u00a0 Aquela declara\u00e7\u00e3o me chocou de tal forma, que n\u00e3o mais saiu dos meus pensamentos.\u00a0 Refletindo sobre a quest\u00e3o, imaginei que, se a m\u00e3e era desta opini\u00e3o, o que ent\u00e3o nossa sociedade n\u00e3o pensaria sobre essas pessoas, por pura falta de informa\u00e7\u00e3o?<\/p>\n<p>A reflex\u00e3o resultou em meu trabalho de conclus\u00e3o de curso, um livro reportagem sobre adultos com s\u00edndrome de Down.<\/p>\n<p>N\u00e3o sabia nada sobre o assunto, e tive que pesquisar muito. O preconceito come\u00e7ou na sala de aula, quando nenhum colega quis fazer o trabalho comigo; mas n\u00e3o desisti; fui em frente e tive muitas surpresas boas durante o caminho.<\/p>\n<p>Uma delas foi descobrir que existiam universit\u00e1rios com s\u00edndrome de Down, pessoas que enfrentavam tudo aquilo pelo qual eu passava, apesar de suas defici\u00eancias. Saber que essas pessoas t\u00eam a chance de envelhecer e constituir fam\u00edlia, independentemente de seu desenvolvimento intelectual, bastando para isso ter o apoio e o amor incondicional de sua fam\u00edlia.<\/p>\n<p>Durante a pesquisa, conheci v\u00e1rios pais que fazem todo o poss\u00edvel para proporcionar felicidade aos filhos, mesmo que estes n\u00e3o correspondam exatamente \u00e0s proje\u00e7\u00f5es sonhadas. Infelizmente, o preconceito continua e muitas vezes est\u00e1 dentro das fam\u00edlias, de forma velada. Pais que ocultam, direcionam, tolhem e anulam seus filhos com defici\u00eancia. Hoje a sociedade j\u00e1 enxerga essas pessoas \u00e0 sua volta, a lei de cotas pressiona as empresas e a m\u00eddia procura fazer o seu papel, mas a defici\u00eancia, principalmente a intelectual, na pr\u00e1tica, ainda \u00e9 vista sob muitos tabus e preconceitos, dentro e fora das fam\u00edlias.<\/p>\n<p>O que podemos fazer para mudar isso? N\u00e3o \u00e9 s\u00f3 votar conscientemente, buscar pol\u00edticas p\u00fablicas mais justas, emprego e acessibilidade em todos os seus aspectos, mas rever individualmente nossos conceitos de &#8220;perfei\u00e7\u00e3o&#8221;.<\/p>\n<p>Por que n\u00e3o ter amigos com defici\u00eancias? Por que raz\u00e3o, por exemplo, alguns se escandalizam ao ver que essas pessoas t\u00eam relacionamentos afetivos? N\u00e3o s\u00e3o humanos como n\u00f3s?<\/p>\n<p>Todos somos imperfeitos. Alguns possuem defici\u00eancia intelectual, f\u00edsica, visual, auditiva; outros t\u00eam defici\u00eancias mais graves, defeitos de car\u00e1ter, bondade e afeto. S\u00e3o essas defici\u00eancias que devemos evitar e fugir. No \u00faltimo dia oito de junho, tive o prazer de assistir \u00e0 pe\u00e7a \u201cSonhos de Uma Noite de Ver\u00e3o\u201d, encenada pelo Grupo ADID de Teatro, no Clube Paineiras, em S\u00e3o Paulo.<\/p>\n<p>O grupo \u00e9 formado por adultos com s\u00edndrome de Down, e desde 1998, j\u00e1 apresentou oito espet\u00e1culos. N\u00e3o s\u00e3o atores profissionais, mas a cada pe\u00e7a, superam suas limita\u00e7\u00f5es.<\/p>\n<p>Isso s\u00f3 vem demonstrar que n\u00e3o existem impedimentos quando acreditamos em nosso potencial, e lutamos por nossos sonhos, com defici\u00eancia ou n\u00e3o.<\/p>\n<p>Nosso mundo precisa enxergar a defici\u00eancia com outros olhos e ver que ao contr\u00e1rio do que se pensa, a diversidade nos enriquece, e nos torna pessoas melhores, na mesma medida em que n\u00f3s, ditos \u201cnormais\u201d, aprendemos a conviver com nossos talentos e imperfei\u00e7\u00f5es.<\/p>\n<p><strong>* Hevlyn Celso \u00e9 jornalista e volunt\u00e1ria do Espa\u00e7o Braille na Biblioteca Municipal Monteiro Lobato em Guarulhos.<\/strong><\/p>\n<p><strong>___________________ <\/strong><\/p>\n<p><strong>Fonte:<\/strong> Inclusive\/O Autor<strong> <\/strong><\/p>\n","protected":false},"excerpt":{"rendered":"<p>N\u00e3o sabia nada sobre o assunto, e tive que pesquisar muito. O preconceito come\u00e7ou na sala de aula, quando nenhum colega quis fazer o trabalho comigo; mas n\u00e3o desisti; fui em frente e tive muitas surpresas boas durante o caminho. Por Hevlyn Celso.<\/p>\n","protected":false},"author":1,"featured_media":0,"comment_status":"open","ping_status":"open","sticky":false,"template":"","format":"standard","meta":{"site-container-style":"default","site-container-layout":"default","site-sidebar-layout":"default","disable-article-header":"default","disable-site-header":"default","disable-site-footer":"default","disable-content-area-spacing":"default","footnotes":""},"categories":[36,8],"tags":[],"class_list":["post-16118","post","type-post","status-publish","format-standard","hentry","category-colunas-especiais","category-textos-e-artigos"],"yoast_head":"<!-- This site is optimized with the Yoast SEO plugin v27.4 - https:\/\/yoast.com\/product\/yoast-seo-wordpress\/ -->\n<title>Um mundo aberto \u00e0 diversidade humana: realidade ou utopia? -<\/title>\n<meta name=\"robots\" content=\"index, follow, max-snippet:-1, max-image-preview:large, max-video-preview:-1\" \/>\n<link rel=\"canonical\" href=\"https:\/\/inclusivenews.com.br\/?p=16118\" \/>\n<meta property=\"og:locale\" content=\"pt_PT\" \/>\n<meta property=\"og:type\" content=\"article\" \/>\n<meta property=\"og:title\" content=\"Um mundo aberto \u00e0 diversidade humana: realidade ou utopia? -\" \/>\n<meta property=\"og:description\" content=\"N\u00e3o sabia nada sobre o assunto, e tive que pesquisar muito. O preconceito come\u00e7ou na sala de aula, quando nenhum colega quis fazer o trabalho comigo; mas n\u00e3o desisti; fui em frente e tive muitas surpresas boas durante o caminho. Por Hevlyn Celso.\" \/>\n<meta property=\"og:url\" content=\"https:\/\/inclusivenews.com.br\/?p=16118\" \/>\n<meta property=\"article:publisher\" content=\"https:\/\/www.facebook.com\/agenciainclusive\/\" \/>\n<meta property=\"article:published_time\" content=\"2010-06-21T09:37:59+00:00\" \/>\n<meta property=\"og:image\" content=\"http:\/\/inclusivenews.com.br\/wp-content\/uploads\/2009\/12\/1171701005_diversidade-300x218.jpg\" \/>\n<meta name=\"author\" content=\"inclusivenews2024\" \/>\n<meta name=\"twitter:card\" content=\"summary_large_image\" \/>\n<meta name=\"twitter:label1\" content=\"Escrito por\" \/>\n\t<meta name=\"twitter:data1\" content=\"inclusivenews2024\" \/>\n\t<meta name=\"twitter:label2\" content=\"Tempo estimado de leitura\" \/>\n\t<meta name=\"twitter:data2\" content=\"3 minutos\" \/>\n<script type=\"application\/ld+json\" class=\"yoast-schema-graph\">{\"@context\":\"https:\\\/\\\/schema.org\",\"@graph\":[{\"@type\":\"Article\",\"@id\":\"https:\\\/\\\/inclusivenews.com.br\\\/?p=16118#article\",\"isPartOf\":{\"@id\":\"https:\\\/\\\/inclusivenews.com.br\\\/?p=16118\"},\"author\":{\"name\":\"inclusivenews2024\",\"@id\":\"https:\\\/\\\/inclusivenews.com.br\\\/#\\\/schema\\\/person\\\/ae4ec7087559b8692fb33b6fffd2273b\"},\"headline\":\"Um mundo aberto \u00e0 diversidade humana: realidade ou utopia?\",\"datePublished\":\"2010-06-21T09:37:59+00:00\",\"mainEntityOfPage\":{\"@id\":\"https:\\\/\\\/inclusivenews.com.br\\\/?p=16118\"},\"wordCount\":664,\"commentCount\":2,\"publisher\":{\"@id\":\"https:\\\/\\\/inclusivenews.com.br\\\/#organization\"},\"image\":{\"@id\":\"https:\\\/\\\/inclusivenews.com.br\\\/?p=16118#primaryimage\"},\"thumbnailUrl\":\"http:\\\/\\\/inclusivenews.com.br\\\/wp-content\\\/uploads\\\/2009\\\/12\\\/1171701005_diversidade-300x218.jpg\",\"articleSection\":[\"Colunas especiais\",\"OPINI\u00c3O\"],\"inLanguage\":\"pt-PT\",\"potentialAction\":[{\"@type\":\"CommentAction\",\"name\":\"Comment\",\"target\":[\"https:\\\/\\\/inclusivenews.com.br\\\/?p=16118#respond\"]}]},{\"@type\":\"WebPage\",\"@id\":\"https:\\\/\\\/inclusivenews.com.br\\\/?p=16118\",\"url\":\"https:\\\/\\\/inclusivenews.com.br\\\/?p=16118\",\"name\":\"Um mundo aberto \u00e0 diversidade humana: realidade ou utopia? -\",\"isPartOf\":{\"@id\":\"https:\\\/\\\/inclusivenews.com.br\\\/#website\"},\"primaryImageOfPage\":{\"@id\":\"https:\\\/\\\/inclusivenews.com.br\\\/?p=16118#primaryimage\"},\"image\":{\"@id\":\"https:\\\/\\\/inclusivenews.com.br\\\/?p=16118#primaryimage\"},\"thumbnailUrl\":\"http:\\\/\\\/inclusivenews.com.br\\\/wp-content\\\/uploads\\\/2009\\\/12\\\/1171701005_diversidade-300x218.jpg\",\"datePublished\":\"2010-06-21T09:37:59+00:00\",\"breadcrumb\":{\"@id\":\"https:\\\/\\\/inclusivenews.com.br\\\/?p=16118#breadcrumb\"},\"inLanguage\":\"pt-PT\",\"potentialAction\":[{\"@type\":\"ReadAction\",\"target\":[\"https:\\\/\\\/inclusivenews.com.br\\\/?p=16118\"]}]},{\"@type\":\"ImageObject\",\"inLanguage\":\"pt-PT\",\"@id\":\"https:\\\/\\\/inclusivenews.com.br\\\/?p=16118#primaryimage\",\"url\":\"\",\"contentUrl\":\"\"},{\"@type\":\"BreadcrumbList\",\"@id\":\"https:\\\/\\\/inclusivenews.com.br\\\/?p=16118#breadcrumb\",\"itemListElement\":[{\"@type\":\"ListItem\",\"position\":1,\"name\":\"In\u00edcio\",\"item\":\"https:\\\/\\\/inclusivenews.com.br\\\/\"},{\"@type\":\"ListItem\",\"position\":2,\"name\":\"Um mundo aberto \u00e0 diversidade humana: realidade ou utopia?\"}]},{\"@type\":\"WebSite\",\"@id\":\"https:\\\/\\\/inclusivenews.com.br\\\/#website\",\"url\":\"https:\\\/\\\/inclusivenews.com.br\\\/\",\"name\":\"Inclusive News\",\"description\":\"Inclusive News\",\"publisher\":{\"@id\":\"https:\\\/\\\/inclusivenews.com.br\\\/#organization\"},\"potentialAction\":[{\"@type\":\"SearchAction\",\"target\":{\"@type\":\"EntryPoint\",\"urlTemplate\":\"https:\\\/\\\/inclusivenews.com.br\\\/?s={search_term_string}\"},\"query-input\":{\"@type\":\"PropertyValueSpecification\",\"valueRequired\":true,\"valueName\":\"search_term_string\"}}],\"inLanguage\":\"pt-PT\"},{\"@type\":\"Organization\",\"@id\":\"https:\\\/\\\/inclusivenews.com.br\\\/#organization\",\"name\":\"Inclusive - inclus\u00e3o e cidadania\",\"url\":\"https:\\\/\\\/inclusivenews.com.br\\\/\",\"logo\":{\"@type\":\"ImageObject\",\"inLanguage\":\"pt-PT\",\"@id\":\"https:\\\/\\\/inclusivenews.com.br\\\/#\\\/schema\\\/logo\\\/image\\\/\",\"url\":\"https:\\\/\\\/inclusivenews.com.br\\\/wp-content\\\/uploads\\\/2024\\\/03\\\/@grandesite.png\",\"contentUrl\":\"https:\\\/\\\/inclusivenews.com.br\\\/wp-content\\\/uploads\\\/2024\\\/03\\\/@grandesite.png\",\"width\":1080,\"height\":1080,\"caption\":\"Inclusive - inclus\u00e3o e cidadania\"},\"image\":{\"@id\":\"https:\\\/\\\/inclusivenews.com.br\\\/#\\\/schema\\\/logo\\\/image\\\/\"},\"sameAs\":[\"https:\\\/\\\/www.facebook.com\\\/agenciainclusive\\\/\",\"https:\\\/\\\/www.instagram.com\\\/newsinclusive\\\/\"]},{\"@type\":\"Person\",\"@id\":\"https:\\\/\\\/inclusivenews.com.br\\\/#\\\/schema\\\/person\\\/ae4ec7087559b8692fb33b6fffd2273b\",\"name\":\"inclusivenews2024\",\"image\":{\"@type\":\"ImageObject\",\"inLanguage\":\"pt-PT\",\"@id\":\"https:\\\/\\\/secure.gravatar.com\\\/avatar\\\/c5a7ef84c66fa914f55bc4f7ce26cfa275a3b9a1c5568b907bd184fb4dde7b40?s=96&d=mm&r=g\",\"url\":\"https:\\\/\\\/secure.gravatar.com\\\/avatar\\\/c5a7ef84c66fa914f55bc4f7ce26cfa275a3b9a1c5568b907bd184fb4dde7b40?s=96&d=mm&r=g\",\"contentUrl\":\"https:\\\/\\\/secure.gravatar.com\\\/avatar\\\/c5a7ef84c66fa914f55bc4f7ce26cfa275a3b9a1c5568b907bd184fb4dde7b40?s=96&d=mm&r=g\",\"caption\":\"inclusivenews2024\"},\"sameAs\":[\"https:\\\/\\\/inclusivenews.com.br\"],\"url\":\"https:\\\/\\\/inclusivenews.com.br\\\/?author=1\"}]}<\/script>\n<!-- \/ Yoast SEO plugin. -->","yoast_head_json":{"title":"Um mundo aberto \u00e0 diversidade humana: realidade ou utopia? -","robots":{"index":"index","follow":"follow","max-snippet":"max-snippet:-1","max-image-preview":"max-image-preview:large","max-video-preview":"max-video-preview:-1"},"canonical":"https:\/\/inclusivenews.com.br\/?p=16118","og_locale":"pt_PT","og_type":"article","og_title":"Um mundo aberto \u00e0 diversidade humana: realidade ou utopia? -","og_description":"N\u00e3o sabia nada sobre o assunto, e tive que pesquisar muito. O preconceito come\u00e7ou na sala de aula, quando nenhum colega quis fazer o trabalho comigo; mas n\u00e3o desisti; fui em frente e tive muitas surpresas boas durante o caminho. Por Hevlyn Celso.","og_url":"https:\/\/inclusivenews.com.br\/?p=16118","article_publisher":"https:\/\/www.facebook.com\/agenciainclusive\/","article_published_time":"2010-06-21T09:37:59+00:00","og_image":[{"url":"http:\/\/inclusivenews.com.br\/wp-content\/uploads\/2009\/12\/1171701005_diversidade-300x218.jpg","type":"","width":"","height":""}],"author":"inclusivenews2024","twitter_card":"summary_large_image","twitter_misc":{"Escrito por":"inclusivenews2024","Tempo estimado de leitura":"3 minutos"},"schema":{"@context":"https:\/\/schema.org","@graph":[{"@type":"Article","@id":"https:\/\/inclusivenews.com.br\/?p=16118#article","isPartOf":{"@id":"https:\/\/inclusivenews.com.br\/?p=16118"},"author":{"name":"inclusivenews2024","@id":"https:\/\/inclusivenews.com.br\/#\/schema\/person\/ae4ec7087559b8692fb33b6fffd2273b"},"headline":"Um mundo aberto \u00e0 diversidade humana: realidade ou utopia?","datePublished":"2010-06-21T09:37:59+00:00","mainEntityOfPage":{"@id":"https:\/\/inclusivenews.com.br\/?p=16118"},"wordCount":664,"commentCount":2,"publisher":{"@id":"https:\/\/inclusivenews.com.br\/#organization"},"image":{"@id":"https:\/\/inclusivenews.com.br\/?p=16118#primaryimage"},"thumbnailUrl":"http:\/\/inclusivenews.com.br\/wp-content\/uploads\/2009\/12\/1171701005_diversidade-300x218.jpg","articleSection":["Colunas especiais","OPINI\u00c3O"],"inLanguage":"pt-PT","potentialAction":[{"@type":"CommentAction","name":"Comment","target":["https:\/\/inclusivenews.com.br\/?p=16118#respond"]}]},{"@type":"WebPage","@id":"https:\/\/inclusivenews.com.br\/?p=16118","url":"https:\/\/inclusivenews.com.br\/?p=16118","name":"Um mundo aberto \u00e0 diversidade humana: realidade ou utopia? -","isPartOf":{"@id":"https:\/\/inclusivenews.com.br\/#website"},"primaryImageOfPage":{"@id":"https:\/\/inclusivenews.com.br\/?p=16118#primaryimage"},"image":{"@id":"https:\/\/inclusivenews.com.br\/?p=16118#primaryimage"},"thumbnailUrl":"http:\/\/inclusivenews.com.br\/wp-content\/uploads\/2009\/12\/1171701005_diversidade-300x218.jpg","datePublished":"2010-06-21T09:37:59+00:00","breadcrumb":{"@id":"https:\/\/inclusivenews.com.br\/?p=16118#breadcrumb"},"inLanguage":"pt-PT","potentialAction":[{"@type":"ReadAction","target":["https:\/\/inclusivenews.com.br\/?p=16118"]}]},{"@type":"ImageObject","inLanguage":"pt-PT","@id":"https:\/\/inclusivenews.com.br\/?p=16118#primaryimage","url":"","contentUrl":""},{"@type":"BreadcrumbList","@id":"https:\/\/inclusivenews.com.br\/?p=16118#breadcrumb","itemListElement":[{"@type":"ListItem","position":1,"name":"In\u00edcio","item":"https:\/\/inclusivenews.com.br\/"},{"@type":"ListItem","position":2,"name":"Um mundo aberto \u00e0 diversidade humana: realidade ou utopia?"}]},{"@type":"WebSite","@id":"https:\/\/inclusivenews.com.br\/#website","url":"https:\/\/inclusivenews.com.br\/","name":"Inclusive News","description":"Inclusive News","publisher":{"@id":"https:\/\/inclusivenews.com.br\/#organization"},"potentialAction":[{"@type":"SearchAction","target":{"@type":"EntryPoint","urlTemplate":"https:\/\/inclusivenews.com.br\/?s={search_term_string}"},"query-input":{"@type":"PropertyValueSpecification","valueRequired":true,"valueName":"search_term_string"}}],"inLanguage":"pt-PT"},{"@type":"Organization","@id":"https:\/\/inclusivenews.com.br\/#organization","name":"Inclusive - inclus\u00e3o e cidadania","url":"https:\/\/inclusivenews.com.br\/","logo":{"@type":"ImageObject","inLanguage":"pt-PT","@id":"https:\/\/inclusivenews.com.br\/#\/schema\/logo\/image\/","url":"https:\/\/inclusivenews.com.br\/wp-content\/uploads\/2024\/03\/@grandesite.png","contentUrl":"https:\/\/inclusivenews.com.br\/wp-content\/uploads\/2024\/03\/@grandesite.png","width":1080,"height":1080,"caption":"Inclusive - inclus\u00e3o e cidadania"},"image":{"@id":"https:\/\/inclusivenews.com.br\/#\/schema\/logo\/image\/"},"sameAs":["https:\/\/www.facebook.com\/agenciainclusive\/","https:\/\/www.instagram.com\/newsinclusive\/"]},{"@type":"Person","@id":"https:\/\/inclusivenews.com.br\/#\/schema\/person\/ae4ec7087559b8692fb33b6fffd2273b","name":"inclusivenews2024","image":{"@type":"ImageObject","inLanguage":"pt-PT","@id":"https:\/\/secure.gravatar.com\/avatar\/c5a7ef84c66fa914f55bc4f7ce26cfa275a3b9a1c5568b907bd184fb4dde7b40?s=96&d=mm&r=g","url":"https:\/\/secure.gravatar.com\/avatar\/c5a7ef84c66fa914f55bc4f7ce26cfa275a3b9a1c5568b907bd184fb4dde7b40?s=96&d=mm&r=g","contentUrl":"https:\/\/secure.gravatar.com\/avatar\/c5a7ef84c66fa914f55bc4f7ce26cfa275a3b9a1c5568b907bd184fb4dde7b40?s=96&d=mm&r=g","caption":"inclusivenews2024"},"sameAs":["https:\/\/inclusivenews.com.br"],"url":"https:\/\/inclusivenews.com.br\/?author=1"}]}},"_links":{"self":[{"href":"https:\/\/inclusivenews.com.br\/index.php?rest_route=\/wp\/v2\/posts\/16118","targetHints":{"allow":["GET"]}}],"collection":[{"href":"https:\/\/inclusivenews.com.br\/index.php?rest_route=\/wp\/v2\/posts"}],"about":[{"href":"https:\/\/inclusivenews.com.br\/index.php?rest_route=\/wp\/v2\/types\/post"}],"author":[{"embeddable":true,"href":"https:\/\/inclusivenews.com.br\/index.php?rest_route=\/wp\/v2\/users\/1"}],"replies":[{"embeddable":true,"href":"https:\/\/inclusivenews.com.br\/index.php?rest_route=%2Fwp%2Fv2%2Fcomments&post=16118"}],"version-history":[{"count":0,"href":"https:\/\/inclusivenews.com.br\/index.php?rest_route=\/wp\/v2\/posts\/16118\/revisions"}],"wp:attachment":[{"href":"https:\/\/inclusivenews.com.br\/index.php?rest_route=%2Fwp%2Fv2%2Fmedia&parent=16118"}],"wp:term":[{"taxonomy":"category","embeddable":true,"href":"https:\/\/inclusivenews.com.br\/index.php?rest_route=%2Fwp%2Fv2%2Fcategories&post=16118"},{"taxonomy":"post_tag","embeddable":true,"href":"https:\/\/inclusivenews.com.br\/index.php?rest_route=%2Fwp%2Fv2%2Ftags&post=16118"}],"curies":[{"name":"wp","href":"https:\/\/api.w.org\/{rel}","templated":true}]}}