{"id":16120,"date":"2010-06-21T09:42:34","date_gmt":"2010-06-21T12:42:34","guid":{"rendered":"http:\/\/www.inclusive.org.br\/?p=16120"},"modified":"2010-06-21T09:42:34","modified_gmt":"2010-06-21T12:42:34","slug":"iii-seminario-de-educacao-inclusiva-inicia-nessa-segunda-feira-21","status":"publish","type":"post","link":"https:\/\/inclusivenews.com.br\/?p=16120","title":{"rendered":"III Semin\u00e1rio de Educa\u00e7\u00e3o Inclusiva inicia nessa  segunda-feira (21)"},"content":{"rendered":"<figure id=\"attachment_16121\" aria-describedby=\"caption-attachment-16121\" style=\"width: 140px\" class=\"wp-caption alignleft\"><a href=\"http:\/\/www.inclusivenews.com.br\/wp-content\/uploads\/2010\/06\/calendario.jpg\"><img loading=\"lazy\" decoding=\"async\" class=\"size-full wp-image-16121\" title=\"Inclusive - calend\u00e1rio - cursos e eventos.\" src=\"http:\/\/inclusivenews.com.br\/wp-content\/uploads\/2010\/06\/calendario.jpg\" alt=\"\" width=\"140\" height=\"96\" \/><\/a><figcaption id=\"caption-attachment-16121\" class=\"wp-caption-text\"> <\/figcaption><\/figure>\n<p>Na pr\u00f3xima segunda-feira (21), no audit\u00f3rio do Hotel Alven, inicia o III Semin\u00e1rio de Forma\u00e7\u00e3o de Gestores e Educadores do Programa de Educa\u00e7\u00e3o Inclusiva, realizado pelo n\u00facleo de Educa\u00e7\u00e3o Inclusiva da Secretaria de Educa\u00e7\u00e3o. Munic\u00edpio p\u00f3lo do programa, Joinville sediar\u00e1 o evento at\u00e9 o pr\u00f3ximo dia 24 (quinta-feira), reunindo profissionais da Educa\u00e7\u00e3o da cidade e dos vinte munic\u00edpios de sua \u00e1rea de abrang\u00eancia.<\/p>\n<p>O Programa Educa\u00e7\u00e3o Inclusiva prev\u00ea direito \u00e0 diversidade tem o objetivo de disseminar a pol\u00edtica de educa\u00e7\u00e3o inclusiva nos munic\u00edpios brasileiros e apoiar a forma\u00e7\u00e3o de gestores e educadores para efetivar a transforma\u00e7\u00e3o dos sistemas educacionais inclusivos, adotando como princ\u00edpio, a garantia do direito dos alunos com necessidades educacionais especiais de acesso e perman\u00eancia, com qualidade, nas escolas da rede regular de ensino.<\/p>\n<p>A Secretaria de Educa\u00e7\u00e3o do Munic\u00edpio de Joinville, em parceria com a Secretaria Especial de Educa\u00e7\u00e3o do Minist\u00e9rio da Educa\u00e7\u00e3o\/MEC, vem desenvolvendo o programa e dando continuidade \u00e0s a\u00e7\u00f5es j\u00e1 iniciadas em 2007, envolvendo vinte cidades da \u00e1rea de abrang\u00eancia de Joinville: Araquari, Balne\u00e1rio Barra do Sul, Barra Velha, Bra\u00e7o do Norte, Campo Alegre, Canelinha, Corup\u00e1, Garuva, Governador Celso Ramos, Guaramirim, Itapiranga, Itapo\u00e1, Mafra, Papanduva, Rio Negrinho, S\u00e3o Bento do Sul, S\u00e3o Francisco do Sul, S\u00e3o Jo\u00e3o Batista, S\u00e3o Jo\u00e3o do Itaperi\u00fa e Urubici.<\/p>\n<p>______________<\/p>\n<p><strong>Fonte:<\/strong> <a href=\"http:\/\/www.jusbrasil.com.br\/politica\/5065425\/iii-seminario-de-educacao-inclusiva-inicia-nessa-segunda-feira-21\">Jus Brasil<\/a><\/p>\n","protected":false},"excerpt":{"rendered":"<p>Na pr\u00f3xima segunda-feira (21), no audit\u00f3rio do Hotel Alven, inicia o III Semin\u00e1rio de Forma\u00e7\u00e3o de Gestores e Educadores do Programa de Educa\u00e7\u00e3o Inclusiva, realizado pelo n\u00facleo de Educa\u00e7\u00e3o Inclusiva da Secretaria de Educa\u00e7\u00e3o. Munic\u00edpio p\u00f3lo do programa, Joinville sediar\u00e1 o evento at\u00e9 o pr\u00f3ximo dia 24 (quinta-feira), reunindo profissionais da Educa\u00e7\u00e3o da cidade e [&hellip;]<\/p>\n","protected":false},"author":1,"featured_media":0,"comment_status":"open","ping_status":"open","sticky":false,"template":"","format":"standard","meta":{"site-container-style":"default","site-container-layout":"default","site-sidebar-layout":"default","disable-article-header":"default","disable-site-header":"default","disable-site-footer":"default","disable-content-area-spacing":"default","footnotes":""},"categories":[12],"tags":[],"class_list":["post-16120","post","type-post","status-publish","format-standard","hentry","category-cursos-e-eventos"],"yoast_head":"<!-- This site is optimized with the Yoast SEO plugin v27.4 - https:\/\/yoast.com\/product\/yoast-seo-wordpress\/ -->\n<title>III Semin\u00e1rio de Educa\u00e7\u00e3o Inclusiva inicia nessa segunda-feira (21) -<\/title>\n<meta name=\"robots\" content=\"index, follow, max-snippet:-1, max-image-preview:large, max-video-preview:-1\" \/>\n<link rel=\"canonical\" href=\"https:\/\/inclusivenews.com.br\/?p=16120\" \/>\n<meta property=\"og:locale\" content=\"pt_PT\" \/>\n<meta property=\"og:type\" content=\"article\" \/>\n<meta property=\"og:title\" content=\"III Semin\u00e1rio de Educa\u00e7\u00e3o Inclusiva inicia nessa segunda-feira (21) -\" \/>\n<meta property=\"og:description\" content=\"Na pr\u00f3xima segunda-feira (21), no audit\u00f3rio do Hotel Alven, inicia o III Semin\u00e1rio de Forma\u00e7\u00e3o de Gestores e Educadores do Programa de Educa\u00e7\u00e3o Inclusiva, realizado pelo n\u00facleo de Educa\u00e7\u00e3o Inclusiva da Secretaria de Educa\u00e7\u00e3o. Munic\u00edpio p\u00f3lo do programa, Joinville sediar\u00e1 o evento at\u00e9 o pr\u00f3ximo dia 24 (quinta-feira), reunindo profissionais da Educa\u00e7\u00e3o da cidade e [&hellip;]\" \/>\n<meta property=\"og:url\" content=\"https:\/\/inclusivenews.com.br\/?p=16120\" \/>\n<meta property=\"article:publisher\" content=\"https:\/\/www.facebook.com\/agenciainclusive\/\" \/>\n<meta property=\"article:published_time\" content=\"2010-06-21T12:42:34+00:00\" \/>\n<meta property=\"og:image\" content=\"http:\/\/inclusivenews.com.br\/wp-content\/uploads\/2010\/06\/calendario.jpg\" \/>\n<meta name=\"author\" content=\"inclusivenews2024\" \/>\n<meta name=\"twitter:card\" content=\"summary_large_image\" \/>\n<meta name=\"twitter:label1\" content=\"Escrito por\" \/>\n\t<meta name=\"twitter:data1\" content=\"inclusivenews2024\" \/>\n\t<meta name=\"twitter:label2\" content=\"Tempo estimado de leitura\" \/>\n\t<meta name=\"twitter:data2\" content=\"1 minuto\" \/>\n<script type=\"application\/ld+json\" class=\"yoast-schema-graph\">{\"@context\":\"https:\\\/\\\/schema.org\",\"@graph\":[{\"@type\":\"Article\",\"@id\":\"https:\\\/\\\/inclusivenews.com.br\\\/?p=16120#article\",\"isPartOf\":{\"@id\":\"https:\\\/\\\/inclusivenews.com.br\\\/?p=16120\"},\"author\":{\"name\":\"inclusivenews2024\",\"@id\":\"https:\\\/\\\/inclusivenews.com.br\\\/#\\\/schema\\\/person\\\/ae4ec7087559b8692fb33b6fffd2273b\"},\"headline\":\"III Semin\u00e1rio de Educa\u00e7\u00e3o Inclusiva inicia nessa segunda-feira (21)\",\"datePublished\":\"2010-06-21T12:42:34+00:00\",\"mainEntityOfPage\":{\"@id\":\"https:\\\/\\\/inclusivenews.com.br\\\/?p=16120\"},\"wordCount\":265,\"commentCount\":0,\"publisher\":{\"@id\":\"https:\\\/\\\/inclusivenews.com.br\\\/#organization\"},\"image\":{\"@id\":\"https:\\\/\\\/inclusivenews.com.br\\\/?p=16120#primaryimage\"},\"thumbnailUrl\":\"http:\\\/\\\/inclusivenews.com.br\\\/wp-content\\\/uploads\\\/2010\\\/06\\\/calendario.jpg\",\"articleSection\":[\"Cursos e eventos\"],\"inLanguage\":\"pt-PT\",\"potentialAction\":[{\"@type\":\"CommentAction\",\"name\":\"Comment\",\"target\":[\"https:\\\/\\\/inclusivenews.com.br\\\/?p=16120#respond\"]}]},{\"@type\":\"WebPage\",\"@id\":\"https:\\\/\\\/inclusivenews.com.br\\\/?p=16120\",\"url\":\"https:\\\/\\\/inclusivenews.com.br\\\/?p=16120\",\"name\":\"III Semin\u00e1rio de Educa\u00e7\u00e3o Inclusiva inicia nessa segunda-feira (21) -\",\"isPartOf\":{\"@id\":\"https:\\\/\\\/inclusivenews.com.br\\\/#website\"},\"primaryImageOfPage\":{\"@id\":\"https:\\\/\\\/inclusivenews.com.br\\\/?p=16120#primaryimage\"},\"image\":{\"@id\":\"https:\\\/\\\/inclusivenews.com.br\\\/?p=16120#primaryimage\"},\"thumbnailUrl\":\"http:\\\/\\\/inclusivenews.com.br\\\/wp-content\\\/uploads\\\/2010\\\/06\\\/calendario.jpg\",\"datePublished\":\"2010-06-21T12:42:34+00:00\",\"breadcrumb\":{\"@id\":\"https:\\\/\\\/inclusivenews.com.br\\\/?p=16120#breadcrumb\"},\"inLanguage\":\"pt-PT\",\"potentialAction\":[{\"@type\":\"ReadAction\",\"target\":[\"https:\\\/\\\/inclusivenews.com.br\\\/?p=16120\"]}]},{\"@type\":\"ImageObject\",\"inLanguage\":\"pt-PT\",\"@id\":\"https:\\\/\\\/inclusivenews.com.br\\\/?p=16120#primaryimage\",\"url\":\"\",\"contentUrl\":\"\"},{\"@type\":\"BreadcrumbList\",\"@id\":\"https:\\\/\\\/inclusivenews.com.br\\\/?p=16120#breadcrumb\",\"itemListElement\":[{\"@type\":\"ListItem\",\"position\":1,\"name\":\"In\u00edcio\",\"item\":\"https:\\\/\\\/inclusivenews.com.br\\\/\"},{\"@type\":\"ListItem\",\"position\":2,\"name\":\"III Semin\u00e1rio de Educa\u00e7\u00e3o Inclusiva inicia nessa segunda-feira (21)\"}]},{\"@type\":\"WebSite\",\"@id\":\"https:\\\/\\\/inclusivenews.com.br\\\/#website\",\"url\":\"https:\\\/\\\/inclusivenews.com.br\\\/\",\"name\":\"Inclusive News\",\"description\":\"Inclusive News\",\"publisher\":{\"@id\":\"https:\\\/\\\/inclusivenews.com.br\\\/#organization\"},\"potentialAction\":[{\"@type\":\"SearchAction\",\"target\":{\"@type\":\"EntryPoint\",\"urlTemplate\":\"https:\\\/\\\/inclusivenews.com.br\\\/?s={search_term_string}\"},\"query-input\":{\"@type\":\"PropertyValueSpecification\",\"valueRequired\":true,\"valueName\":\"search_term_string\"}}],\"inLanguage\":\"pt-PT\"},{\"@type\":\"Organization\",\"@id\":\"https:\\\/\\\/inclusivenews.com.br\\\/#organization\",\"name\":\"Inclusive - inclus\u00e3o e cidadania\",\"url\":\"https:\\\/\\\/inclusivenews.com.br\\\/\",\"logo\":{\"@type\":\"ImageObject\",\"inLanguage\":\"pt-PT\",\"@id\":\"https:\\\/\\\/inclusivenews.com.br\\\/#\\\/schema\\\/logo\\\/image\\\/\",\"url\":\"https:\\\/\\\/inclusivenews.com.br\\\/wp-content\\\/uploads\\\/2024\\\/03\\\/@grandesite.png\",\"contentUrl\":\"https:\\\/\\\/inclusivenews.com.br\\\/wp-content\\\/uploads\\\/2024\\\/03\\\/@grandesite.png\",\"width\":1080,\"height\":1080,\"caption\":\"Inclusive - inclus\u00e3o e cidadania\"},\"image\":{\"@id\":\"https:\\\/\\\/inclusivenews.com.br\\\/#\\\/schema\\\/logo\\\/image\\\/\"},\"sameAs\":[\"https:\\\/\\\/www.facebook.com\\\/agenciainclusive\\\/\",\"https:\\\/\\\/www.instagram.com\\\/newsinclusive\\\/\"]},{\"@type\":\"Person\",\"@id\":\"https:\\\/\\\/inclusivenews.com.br\\\/#\\\/schema\\\/person\\\/ae4ec7087559b8692fb33b6fffd2273b\",\"name\":\"inclusivenews2024\",\"image\":{\"@type\":\"ImageObject\",\"inLanguage\":\"pt-PT\",\"@id\":\"https:\\\/\\\/secure.gravatar.com\\\/avatar\\\/c5a7ef84c66fa914f55bc4f7ce26cfa275a3b9a1c5568b907bd184fb4dde7b40?s=96&d=mm&r=g\",\"url\":\"https:\\\/\\\/secure.gravatar.com\\\/avatar\\\/c5a7ef84c66fa914f55bc4f7ce26cfa275a3b9a1c5568b907bd184fb4dde7b40?s=96&d=mm&r=g\",\"contentUrl\":\"https:\\\/\\\/secure.gravatar.com\\\/avatar\\\/c5a7ef84c66fa914f55bc4f7ce26cfa275a3b9a1c5568b907bd184fb4dde7b40?s=96&d=mm&r=g\",\"caption\":\"inclusivenews2024\"},\"sameAs\":[\"https:\\\/\\\/inclusivenews.com.br\"],\"url\":\"https:\\\/\\\/inclusivenews.com.br\\\/?author=1\"}]}<\/script>\n<!-- \/ Yoast SEO plugin. -->","yoast_head_json":{"title":"III Semin\u00e1rio de Educa\u00e7\u00e3o Inclusiva inicia nessa segunda-feira (21) -","robots":{"index":"index","follow":"follow","max-snippet":"max-snippet:-1","max-image-preview":"max-image-preview:large","max-video-preview":"max-video-preview:-1"},"canonical":"https:\/\/inclusivenews.com.br\/?p=16120","og_locale":"pt_PT","og_type":"article","og_title":"III Semin\u00e1rio de Educa\u00e7\u00e3o Inclusiva inicia nessa segunda-feira (21) -","og_description":"Na pr\u00f3xima segunda-feira (21), no audit\u00f3rio do Hotel Alven, inicia o III Semin\u00e1rio de Forma\u00e7\u00e3o de Gestores e Educadores do Programa de Educa\u00e7\u00e3o Inclusiva, realizado pelo n\u00facleo de Educa\u00e7\u00e3o Inclusiva da Secretaria de Educa\u00e7\u00e3o. Munic\u00edpio p\u00f3lo do programa, Joinville sediar\u00e1 o evento at\u00e9 o pr\u00f3ximo dia 24 (quinta-feira), reunindo profissionais da Educa\u00e7\u00e3o da cidade e [&hellip;]","og_url":"https:\/\/inclusivenews.com.br\/?p=16120","article_publisher":"https:\/\/www.facebook.com\/agenciainclusive\/","article_published_time":"2010-06-21T12:42:34+00:00","og_image":[{"url":"http:\/\/inclusivenews.com.br\/wp-content\/uploads\/2010\/06\/calendario.jpg","type":"","width":"","height":""}],"author":"inclusivenews2024","twitter_card":"summary_large_image","twitter_misc":{"Escrito por":"inclusivenews2024","Tempo estimado de leitura":"1 minuto"},"schema":{"@context":"https:\/\/schema.org","@graph":[{"@type":"Article","@id":"https:\/\/inclusivenews.com.br\/?p=16120#article","isPartOf":{"@id":"https:\/\/inclusivenews.com.br\/?p=16120"},"author":{"name":"inclusivenews2024","@id":"https:\/\/inclusivenews.com.br\/#\/schema\/person\/ae4ec7087559b8692fb33b6fffd2273b"},"headline":"III Semin\u00e1rio de Educa\u00e7\u00e3o Inclusiva inicia nessa segunda-feira (21)","datePublished":"2010-06-21T12:42:34+00:00","mainEntityOfPage":{"@id":"https:\/\/inclusivenews.com.br\/?p=16120"},"wordCount":265,"commentCount":0,"publisher":{"@id":"https:\/\/inclusivenews.com.br\/#organization"},"image":{"@id":"https:\/\/inclusivenews.com.br\/?p=16120#primaryimage"},"thumbnailUrl":"http:\/\/inclusivenews.com.br\/wp-content\/uploads\/2010\/06\/calendario.jpg","articleSection":["Cursos e eventos"],"inLanguage":"pt-PT","potentialAction":[{"@type":"CommentAction","name":"Comment","target":["https:\/\/inclusivenews.com.br\/?p=16120#respond"]}]},{"@type":"WebPage","@id":"https:\/\/inclusivenews.com.br\/?p=16120","url":"https:\/\/inclusivenews.com.br\/?p=16120","name":"III Semin\u00e1rio de Educa\u00e7\u00e3o Inclusiva inicia nessa segunda-feira (21) -","isPartOf":{"@id":"https:\/\/inclusivenews.com.br\/#website"},"primaryImageOfPage":{"@id":"https:\/\/inclusivenews.com.br\/?p=16120#primaryimage"},"image":{"@id":"https:\/\/inclusivenews.com.br\/?p=16120#primaryimage"},"thumbnailUrl":"http:\/\/inclusivenews.com.br\/wp-content\/uploads\/2010\/06\/calendario.jpg","datePublished":"2010-06-21T12:42:34+00:00","breadcrumb":{"@id":"https:\/\/inclusivenews.com.br\/?p=16120#breadcrumb"},"inLanguage":"pt-PT","potentialAction":[{"@type":"ReadAction","target":["https:\/\/inclusivenews.com.br\/?p=16120"]}]},{"@type":"ImageObject","inLanguage":"pt-PT","@id":"https:\/\/inclusivenews.com.br\/?p=16120#primaryimage","url":"","contentUrl":""},{"@type":"BreadcrumbList","@id":"https:\/\/inclusivenews.com.br\/?p=16120#breadcrumb","itemListElement":[{"@type":"ListItem","position":1,"name":"In\u00edcio","item":"https:\/\/inclusivenews.com.br\/"},{"@type":"ListItem","position":2,"name":"III Semin\u00e1rio de Educa\u00e7\u00e3o Inclusiva inicia nessa segunda-feira (21)"}]},{"@type":"WebSite","@id":"https:\/\/inclusivenews.com.br\/#website","url":"https:\/\/inclusivenews.com.br\/","name":"Inclusive News","description":"Inclusive News","publisher":{"@id":"https:\/\/inclusivenews.com.br\/#organization"},"potentialAction":[{"@type":"SearchAction","target":{"@type":"EntryPoint","urlTemplate":"https:\/\/inclusivenews.com.br\/?s={search_term_string}"},"query-input":{"@type":"PropertyValueSpecification","valueRequired":true,"valueName":"search_term_string"}}],"inLanguage":"pt-PT"},{"@type":"Organization","@id":"https:\/\/inclusivenews.com.br\/#organization","name":"Inclusive - inclus\u00e3o e cidadania","url":"https:\/\/inclusivenews.com.br\/","logo":{"@type":"ImageObject","inLanguage":"pt-PT","@id":"https:\/\/inclusivenews.com.br\/#\/schema\/logo\/image\/","url":"https:\/\/inclusivenews.com.br\/wp-content\/uploads\/2024\/03\/@grandesite.png","contentUrl":"https:\/\/inclusivenews.com.br\/wp-content\/uploads\/2024\/03\/@grandesite.png","width":1080,"height":1080,"caption":"Inclusive - inclus\u00e3o e cidadania"},"image":{"@id":"https:\/\/inclusivenews.com.br\/#\/schema\/logo\/image\/"},"sameAs":["https:\/\/www.facebook.com\/agenciainclusive\/","https:\/\/www.instagram.com\/newsinclusive\/"]},{"@type":"Person","@id":"https:\/\/inclusivenews.com.br\/#\/schema\/person\/ae4ec7087559b8692fb33b6fffd2273b","name":"inclusivenews2024","image":{"@type":"ImageObject","inLanguage":"pt-PT","@id":"https:\/\/secure.gravatar.com\/avatar\/c5a7ef84c66fa914f55bc4f7ce26cfa275a3b9a1c5568b907bd184fb4dde7b40?s=96&d=mm&r=g","url":"https:\/\/secure.gravatar.com\/avatar\/c5a7ef84c66fa914f55bc4f7ce26cfa275a3b9a1c5568b907bd184fb4dde7b40?s=96&d=mm&r=g","contentUrl":"https:\/\/secure.gravatar.com\/avatar\/c5a7ef84c66fa914f55bc4f7ce26cfa275a3b9a1c5568b907bd184fb4dde7b40?s=96&d=mm&r=g","caption":"inclusivenews2024"},"sameAs":["https:\/\/inclusivenews.com.br"],"url":"https:\/\/inclusivenews.com.br\/?author=1"}]}},"_links":{"self":[{"href":"https:\/\/inclusivenews.com.br\/index.php?rest_route=\/wp\/v2\/posts\/16120","targetHints":{"allow":["GET"]}}],"collection":[{"href":"https:\/\/inclusivenews.com.br\/index.php?rest_route=\/wp\/v2\/posts"}],"about":[{"href":"https:\/\/inclusivenews.com.br\/index.php?rest_route=\/wp\/v2\/types\/post"}],"author":[{"embeddable":true,"href":"https:\/\/inclusivenews.com.br\/index.php?rest_route=\/wp\/v2\/users\/1"}],"replies":[{"embeddable":true,"href":"https:\/\/inclusivenews.com.br\/index.php?rest_route=%2Fwp%2Fv2%2Fcomments&post=16120"}],"version-history":[{"count":0,"href":"https:\/\/inclusivenews.com.br\/index.php?rest_route=\/wp\/v2\/posts\/16120\/revisions"}],"wp:attachment":[{"href":"https:\/\/inclusivenews.com.br\/index.php?rest_route=%2Fwp%2Fv2%2Fmedia&parent=16120"}],"wp:term":[{"taxonomy":"category","embeddable":true,"href":"https:\/\/inclusivenews.com.br\/index.php?rest_route=%2Fwp%2Fv2%2Fcategories&post=16120"},{"taxonomy":"post_tag","embeddable":true,"href":"https:\/\/inclusivenews.com.br\/index.php?rest_route=%2Fwp%2Fv2%2Ftags&post=16120"}],"curies":[{"name":"wp","href":"https:\/\/api.w.org\/{rel}","templated":true}]}}