{"id":16148,"date":"2010-08-01T06:00:09","date_gmt":"2010-08-01T09:00:09","guid":{"rendered":"http:\/\/www.inclusive.org.br\/?p=16148"},"modified":"2010-08-01T06:00:09","modified_gmt":"2010-08-01T09:00:09","slug":"pericia-forense-em-crime-de-tortura","status":"publish","type":"post","link":"https:\/\/inclusivenews.com.br\/?p=16148","title":{"rendered":"\u201cPer\u00edcia Forense em Crime de Tortura\u201d"},"content":{"rendered":"<figure style=\"width: 171px\" class=\"wp-caption alignleft\"><img loading=\"lazy\" decoding=\"async\" title=\"M\u00e3os acorrentadas\" src=\"http:\/\/quemtemmedodolula.files.wordpress.com\/2010\/03\/tortura.png?w=354&amp;h=397\" alt=\"\" width=\"171\" height=\"192\" \/><figcaption class=\"wp-caption-text\"> <\/figcaption><\/figure>\n<p>Em a\u00e7\u00e3o conjunta com a Coordena\u00e7\u00e3o-Geral de Combate \u00e0 Tortura da Secretaria Especial dos Direitos Humanos da Presid\u00eancia da Rep\u00fablica, o Comit\u00ea Estadual Contra a Tortura do RS \u2013 CECT-RS \u2013 realizar\u00e1, de 25 a 27 de agosto de 2010, a oficina \u201cPer\u00edcia forense em crime de tortura\u201d.<\/p>\n<p>O objetivo do curso, que \u00e9 gratuito, \u00e9 fortalecer o papel da per\u00edcia forense na documenta\u00e7\u00e3o do crime de tortura e mortes sob cust\u00f3dia, capacitando os participantes para a utiliza\u00e7\u00e3o do Protocolo Brasileiro da Per\u00edcia Forense em Crime de Tortura, por meio da distribui\u00e7\u00e3o do referido texto, bem como por meio de exposi\u00e7\u00f5es, discuss\u00f5es e estudo de casos, provocando uma reflex\u00e3o sobre desafios-chaves e troca de experi\u00eancias.<\/p>\n<p>A oficina vem para suprir uma demanda do Estado, trazendo mais conhecimentos t\u00e9cnicos, que permitir\u00e3o ter um olhar espec\u00edfico sobre o tema. \u00a0 Esta \u00e9 a primeira vez que a Secretaria Especial dos Direitos Humanos da Presid\u00eancia da Rep\u00fablica realiza uma oficina de per\u00edcia forense no estado do Rio Grande do Sul.<\/p>\n<p>A oficina \u201cPer\u00edcia forense em crime de tortura\u201d ser\u00e1 ministrada por especialistas renomados nacionalmente como o Dr. Pedro Montenegro, Dr. Jorge Paulete Vanrell, Dra. Ana M\u00e1rcia Nunes e Dr. Genival Veloso entre outros. \u00a0 A turma, de apenas 40 participantes, ser\u00e1 composta por magistrados, promotores de justi\u00e7a, delegados, defensores p\u00fablicos, peritos m\u00e9dicos legistas, peritos criminais e representantes de entidades de direitos humanos. \u00a0 O curso acontecer\u00e1 no Audit\u00f3rio do MP sito na Rua Santana, 400, 10\u00ba andar, de 25 a 27 de agosto, das 9 \u00e0s 12h e das 14 \u00e0s 18h entre os dias 25 a 27 de agosto. . .<\/p>\n<p>Maiores informa\u00e7\u00f5es e inscri\u00e7\u00f5es poder\u00e3o ser \u00a0obtidas com Tatiana Lenskij, Coordenadora do Comit\u00ea Estadual Contra a Tortura (CECT\/RS) e secret\u00e1ria executiva do Movimento Nacional de Direitos Humanos (MNDH\/RS) Fone: 3276-9245.<\/p>\n<p>E-mail: <a href=\"mailto:lenskij@gmail.com\">lenskij@gmail.com<\/a><\/p>\n","protected":false},"excerpt":{"rendered":"<p>Em a\u00e7\u00e3o conjunta com a Coordena\u00e7\u00e3o-Geral de Combate \u00e0 Tortura da Secretaria Especial dos Direitos Humanos da Presid\u00eancia da Rep\u00fablica, o Comit\u00ea Estadual Contra a Tortura do RS \u2013 CECT-RS \u2013 realizar\u00e1, de 25 a 27 de agosto de 2010, a oficina \u201cPer\u00edcia forense em crime de tortura\u201d. O objetivo do curso, que \u00e9 gratuito, [&hellip;]<\/p>\n","protected":false},"author":1,"featured_media":0,"comment_status":"open","ping_status":"open","sticky":false,"template":"","format":"standard","meta":{"site-container-style":"default","site-container-layout":"default","site-sidebar-layout":"default","disable-article-header":"default","disable-site-header":"default","disable-site-footer":"default","disable-content-area-spacing":"default","footnotes":""},"categories":[12,4],"tags":[],"class_list":["post-16148","post","type-post","status-publish","format-standard","hentry","category-cursos-e-eventos","category-noticias"],"yoast_head":"<!-- This site is optimized with the Yoast SEO plugin v27.4 - https:\/\/yoast.com\/product\/yoast-seo-wordpress\/ -->\n<title>\u201cPer\u00edcia Forense em Crime de Tortura\u201d -<\/title>\n<meta name=\"robots\" content=\"index, follow, max-snippet:-1, max-image-preview:large, max-video-preview:-1\" \/>\n<link rel=\"canonical\" href=\"https:\/\/inclusivenews.com.br\/?p=16148\" \/>\n<meta property=\"og:locale\" content=\"pt_PT\" \/>\n<meta property=\"og:type\" content=\"article\" \/>\n<meta property=\"og:title\" content=\"\u201cPer\u00edcia Forense em Crime de Tortura\u201d -\" \/>\n<meta property=\"og:description\" content=\"Em a\u00e7\u00e3o conjunta com a Coordena\u00e7\u00e3o-Geral de Combate \u00e0 Tortura da Secretaria Especial dos Direitos Humanos da Presid\u00eancia da Rep\u00fablica, o Comit\u00ea Estadual Contra a Tortura do RS \u2013 CECT-RS \u2013 realizar\u00e1, de 25 a 27 de agosto de 2010, a oficina \u201cPer\u00edcia forense em crime de tortura\u201d. O objetivo do curso, que \u00e9 gratuito, [&hellip;]\" \/>\n<meta property=\"og:url\" content=\"https:\/\/inclusivenews.com.br\/?p=16148\" \/>\n<meta property=\"article:publisher\" content=\"https:\/\/www.facebook.com\/agenciainclusive\/\" \/>\n<meta property=\"article:published_time\" content=\"2010-08-01T09:00:09+00:00\" \/>\n<meta property=\"og:image\" content=\"http:\/\/quemtemmedodolula.files.wordpress.com\/2010\/03\/tortura.png?w=354&amp;h=397\" \/>\n<meta name=\"author\" content=\"inclusivenews2024\" \/>\n<meta name=\"twitter:card\" content=\"summary_large_image\" \/>\n<meta name=\"twitter:label1\" content=\"Escrito por\" \/>\n\t<meta name=\"twitter:data1\" content=\"inclusivenews2024\" \/>\n\t<meta name=\"twitter:label2\" content=\"Tempo estimado de leitura\" \/>\n\t<meta name=\"twitter:data2\" content=\"2 minutos\" \/>\n<script type=\"application\/ld+json\" class=\"yoast-schema-graph\">{\"@context\":\"https:\\\/\\\/schema.org\",\"@graph\":[{\"@type\":\"Article\",\"@id\":\"https:\\\/\\\/inclusivenews.com.br\\\/?p=16148#article\",\"isPartOf\":{\"@id\":\"https:\\\/\\\/inclusivenews.com.br\\\/?p=16148\"},\"author\":{\"name\":\"inclusivenews2024\",\"@id\":\"https:\\\/\\\/inclusivenews.com.br\\\/#\\\/schema\\\/person\\\/ae4ec7087559b8692fb33b6fffd2273b\"},\"headline\":\"\u201cPer\u00edcia Forense em Crime de Tortura\u201d\",\"datePublished\":\"2010-08-01T09:00:09+00:00\",\"mainEntityOfPage\":{\"@id\":\"https:\\\/\\\/inclusivenews.com.br\\\/?p=16148\"},\"wordCount\":327,\"commentCount\":0,\"publisher\":{\"@id\":\"https:\\\/\\\/inclusivenews.com.br\\\/#organization\"},\"image\":{\"@id\":\"https:\\\/\\\/inclusivenews.com.br\\\/?p=16148#primaryimage\"},\"thumbnailUrl\":\"http:\\\/\\\/quemtemmedodolula.files.wordpress.com\\\/2010\\\/03\\\/tortura.png?w=354&amp;h=397\",\"articleSection\":[\"Cursos e eventos\",\"NOT\u00cdCIAS\"],\"inLanguage\":\"pt-PT\",\"potentialAction\":[{\"@type\":\"CommentAction\",\"name\":\"Comment\",\"target\":[\"https:\\\/\\\/inclusivenews.com.br\\\/?p=16148#respond\"]}]},{\"@type\":\"WebPage\",\"@id\":\"https:\\\/\\\/inclusivenews.com.br\\\/?p=16148\",\"url\":\"https:\\\/\\\/inclusivenews.com.br\\\/?p=16148\",\"name\":\"\u201cPer\u00edcia Forense em Crime de Tortura\u201d -\",\"isPartOf\":{\"@id\":\"https:\\\/\\\/inclusivenews.com.br\\\/#website\"},\"primaryImageOfPage\":{\"@id\":\"https:\\\/\\\/inclusivenews.com.br\\\/?p=16148#primaryimage\"},\"image\":{\"@id\":\"https:\\\/\\\/inclusivenews.com.br\\\/?p=16148#primaryimage\"},\"thumbnailUrl\":\"http:\\\/\\\/quemtemmedodolula.files.wordpress.com\\\/2010\\\/03\\\/tortura.png?w=354&amp;h=397\",\"datePublished\":\"2010-08-01T09:00:09+00:00\",\"breadcrumb\":{\"@id\":\"https:\\\/\\\/inclusivenews.com.br\\\/?p=16148#breadcrumb\"},\"inLanguage\":\"pt-PT\",\"potentialAction\":[{\"@type\":\"ReadAction\",\"target\":[\"https:\\\/\\\/inclusivenews.com.br\\\/?p=16148\"]}]},{\"@type\":\"ImageObject\",\"inLanguage\":\"pt-PT\",\"@id\":\"https:\\\/\\\/inclusivenews.com.br\\\/?p=16148#primaryimage\",\"url\":\"http:\\\/\\\/quemtemmedodolula.files.wordpress.com\\\/2010\\\/03\\\/tortura.png?w=354&amp;h=397\",\"contentUrl\":\"http:\\\/\\\/quemtemmedodolula.files.wordpress.com\\\/2010\\\/03\\\/tortura.png?w=354&amp;h=397\"},{\"@type\":\"BreadcrumbList\",\"@id\":\"https:\\\/\\\/inclusivenews.com.br\\\/?p=16148#breadcrumb\",\"itemListElement\":[{\"@type\":\"ListItem\",\"position\":1,\"name\":\"In\u00edcio\",\"item\":\"https:\\\/\\\/inclusivenews.com.br\\\/\"},{\"@type\":\"ListItem\",\"position\":2,\"name\":\"\u201cPer\u00edcia Forense em Crime de Tortura\u201d\"}]},{\"@type\":\"WebSite\",\"@id\":\"https:\\\/\\\/inclusivenews.com.br\\\/#website\",\"url\":\"https:\\\/\\\/inclusivenews.com.br\\\/\",\"name\":\"Inclusive News\",\"description\":\"Inclusive News\",\"publisher\":{\"@id\":\"https:\\\/\\\/inclusivenews.com.br\\\/#organization\"},\"potentialAction\":[{\"@type\":\"SearchAction\",\"target\":{\"@type\":\"EntryPoint\",\"urlTemplate\":\"https:\\\/\\\/inclusivenews.com.br\\\/?s={search_term_string}\"},\"query-input\":{\"@type\":\"PropertyValueSpecification\",\"valueRequired\":true,\"valueName\":\"search_term_string\"}}],\"inLanguage\":\"pt-PT\"},{\"@type\":\"Organization\",\"@id\":\"https:\\\/\\\/inclusivenews.com.br\\\/#organization\",\"name\":\"Inclusive - inclus\u00e3o e cidadania\",\"url\":\"https:\\\/\\\/inclusivenews.com.br\\\/\",\"logo\":{\"@type\":\"ImageObject\",\"inLanguage\":\"pt-PT\",\"@id\":\"https:\\\/\\\/inclusivenews.com.br\\\/#\\\/schema\\\/logo\\\/image\\\/\",\"url\":\"https:\\\/\\\/inclusivenews.com.br\\\/wp-content\\\/uploads\\\/2024\\\/03\\\/@grandesite.png\",\"contentUrl\":\"https:\\\/\\\/inclusivenews.com.br\\\/wp-content\\\/uploads\\\/2024\\\/03\\\/@grandesite.png\",\"width\":1080,\"height\":1080,\"caption\":\"Inclusive - inclus\u00e3o e cidadania\"},\"image\":{\"@id\":\"https:\\\/\\\/inclusivenews.com.br\\\/#\\\/schema\\\/logo\\\/image\\\/\"},\"sameAs\":[\"https:\\\/\\\/www.facebook.com\\\/agenciainclusive\\\/\",\"https:\\\/\\\/www.instagram.com\\\/newsinclusive\\\/\"]},{\"@type\":\"Person\",\"@id\":\"https:\\\/\\\/inclusivenews.com.br\\\/#\\\/schema\\\/person\\\/ae4ec7087559b8692fb33b6fffd2273b\",\"name\":\"inclusivenews2024\",\"image\":{\"@type\":\"ImageObject\",\"inLanguage\":\"pt-PT\",\"@id\":\"https:\\\/\\\/secure.gravatar.com\\\/avatar\\\/c5a7ef84c66fa914f55bc4f7ce26cfa275a3b9a1c5568b907bd184fb4dde7b40?s=96&d=mm&r=g\",\"url\":\"https:\\\/\\\/secure.gravatar.com\\\/avatar\\\/c5a7ef84c66fa914f55bc4f7ce26cfa275a3b9a1c5568b907bd184fb4dde7b40?s=96&d=mm&r=g\",\"contentUrl\":\"https:\\\/\\\/secure.gravatar.com\\\/avatar\\\/c5a7ef84c66fa914f55bc4f7ce26cfa275a3b9a1c5568b907bd184fb4dde7b40?s=96&d=mm&r=g\",\"caption\":\"inclusivenews2024\"},\"sameAs\":[\"https:\\\/\\\/inclusivenews.com.br\"],\"url\":\"https:\\\/\\\/inclusivenews.com.br\\\/?author=1\"}]}<\/script>\n<!-- \/ Yoast SEO plugin. -->","yoast_head_json":{"title":"\u201cPer\u00edcia Forense em Crime de Tortura\u201d -","robots":{"index":"index","follow":"follow","max-snippet":"max-snippet:-1","max-image-preview":"max-image-preview:large","max-video-preview":"max-video-preview:-1"},"canonical":"https:\/\/inclusivenews.com.br\/?p=16148","og_locale":"pt_PT","og_type":"article","og_title":"\u201cPer\u00edcia Forense em Crime de Tortura\u201d -","og_description":"Em a\u00e7\u00e3o conjunta com a Coordena\u00e7\u00e3o-Geral de Combate \u00e0 Tortura da Secretaria Especial dos Direitos Humanos da Presid\u00eancia da Rep\u00fablica, o Comit\u00ea Estadual Contra a Tortura do RS \u2013 CECT-RS \u2013 realizar\u00e1, de 25 a 27 de agosto de 2010, a oficina \u201cPer\u00edcia forense em crime de tortura\u201d. O objetivo do curso, que \u00e9 gratuito, [&hellip;]","og_url":"https:\/\/inclusivenews.com.br\/?p=16148","article_publisher":"https:\/\/www.facebook.com\/agenciainclusive\/","article_published_time":"2010-08-01T09:00:09+00:00","og_image":[{"url":"http:\/\/quemtemmedodolula.files.wordpress.com\/2010\/03\/tortura.png?w=354&amp;h=397","type":"","width":"","height":""}],"author":"inclusivenews2024","twitter_card":"summary_large_image","twitter_misc":{"Escrito por":"inclusivenews2024","Tempo estimado de leitura":"2 minutos"},"schema":{"@context":"https:\/\/schema.org","@graph":[{"@type":"Article","@id":"https:\/\/inclusivenews.com.br\/?p=16148#article","isPartOf":{"@id":"https:\/\/inclusivenews.com.br\/?p=16148"},"author":{"name":"inclusivenews2024","@id":"https:\/\/inclusivenews.com.br\/#\/schema\/person\/ae4ec7087559b8692fb33b6fffd2273b"},"headline":"\u201cPer\u00edcia Forense em Crime de Tortura\u201d","datePublished":"2010-08-01T09:00:09+00:00","mainEntityOfPage":{"@id":"https:\/\/inclusivenews.com.br\/?p=16148"},"wordCount":327,"commentCount":0,"publisher":{"@id":"https:\/\/inclusivenews.com.br\/#organization"},"image":{"@id":"https:\/\/inclusivenews.com.br\/?p=16148#primaryimage"},"thumbnailUrl":"http:\/\/quemtemmedodolula.files.wordpress.com\/2010\/03\/tortura.png?w=354&amp;h=397","articleSection":["Cursos e eventos","NOT\u00cdCIAS"],"inLanguage":"pt-PT","potentialAction":[{"@type":"CommentAction","name":"Comment","target":["https:\/\/inclusivenews.com.br\/?p=16148#respond"]}]},{"@type":"WebPage","@id":"https:\/\/inclusivenews.com.br\/?p=16148","url":"https:\/\/inclusivenews.com.br\/?p=16148","name":"\u201cPer\u00edcia Forense em Crime de Tortura\u201d -","isPartOf":{"@id":"https:\/\/inclusivenews.com.br\/#website"},"primaryImageOfPage":{"@id":"https:\/\/inclusivenews.com.br\/?p=16148#primaryimage"},"image":{"@id":"https:\/\/inclusivenews.com.br\/?p=16148#primaryimage"},"thumbnailUrl":"http:\/\/quemtemmedodolula.files.wordpress.com\/2010\/03\/tortura.png?w=354&amp;h=397","datePublished":"2010-08-01T09:00:09+00:00","breadcrumb":{"@id":"https:\/\/inclusivenews.com.br\/?p=16148#breadcrumb"},"inLanguage":"pt-PT","potentialAction":[{"@type":"ReadAction","target":["https:\/\/inclusivenews.com.br\/?p=16148"]}]},{"@type":"ImageObject","inLanguage":"pt-PT","@id":"https:\/\/inclusivenews.com.br\/?p=16148#primaryimage","url":"http:\/\/quemtemmedodolula.files.wordpress.com\/2010\/03\/tortura.png?w=354&amp;h=397","contentUrl":"http:\/\/quemtemmedodolula.files.wordpress.com\/2010\/03\/tortura.png?w=354&amp;h=397"},{"@type":"BreadcrumbList","@id":"https:\/\/inclusivenews.com.br\/?p=16148#breadcrumb","itemListElement":[{"@type":"ListItem","position":1,"name":"In\u00edcio","item":"https:\/\/inclusivenews.com.br\/"},{"@type":"ListItem","position":2,"name":"\u201cPer\u00edcia Forense em Crime de Tortura\u201d"}]},{"@type":"WebSite","@id":"https:\/\/inclusivenews.com.br\/#website","url":"https:\/\/inclusivenews.com.br\/","name":"Inclusive News","description":"Inclusive News","publisher":{"@id":"https:\/\/inclusivenews.com.br\/#organization"},"potentialAction":[{"@type":"SearchAction","target":{"@type":"EntryPoint","urlTemplate":"https:\/\/inclusivenews.com.br\/?s={search_term_string}"},"query-input":{"@type":"PropertyValueSpecification","valueRequired":true,"valueName":"search_term_string"}}],"inLanguage":"pt-PT"},{"@type":"Organization","@id":"https:\/\/inclusivenews.com.br\/#organization","name":"Inclusive - inclus\u00e3o e cidadania","url":"https:\/\/inclusivenews.com.br\/","logo":{"@type":"ImageObject","inLanguage":"pt-PT","@id":"https:\/\/inclusivenews.com.br\/#\/schema\/logo\/image\/","url":"https:\/\/inclusivenews.com.br\/wp-content\/uploads\/2024\/03\/@grandesite.png","contentUrl":"https:\/\/inclusivenews.com.br\/wp-content\/uploads\/2024\/03\/@grandesite.png","width":1080,"height":1080,"caption":"Inclusive - inclus\u00e3o e cidadania"},"image":{"@id":"https:\/\/inclusivenews.com.br\/#\/schema\/logo\/image\/"},"sameAs":["https:\/\/www.facebook.com\/agenciainclusive\/","https:\/\/www.instagram.com\/newsinclusive\/"]},{"@type":"Person","@id":"https:\/\/inclusivenews.com.br\/#\/schema\/person\/ae4ec7087559b8692fb33b6fffd2273b","name":"inclusivenews2024","image":{"@type":"ImageObject","inLanguage":"pt-PT","@id":"https:\/\/secure.gravatar.com\/avatar\/c5a7ef84c66fa914f55bc4f7ce26cfa275a3b9a1c5568b907bd184fb4dde7b40?s=96&d=mm&r=g","url":"https:\/\/secure.gravatar.com\/avatar\/c5a7ef84c66fa914f55bc4f7ce26cfa275a3b9a1c5568b907bd184fb4dde7b40?s=96&d=mm&r=g","contentUrl":"https:\/\/secure.gravatar.com\/avatar\/c5a7ef84c66fa914f55bc4f7ce26cfa275a3b9a1c5568b907bd184fb4dde7b40?s=96&d=mm&r=g","caption":"inclusivenews2024"},"sameAs":["https:\/\/inclusivenews.com.br"],"url":"https:\/\/inclusivenews.com.br\/?author=1"}]}},"_links":{"self":[{"href":"https:\/\/inclusivenews.com.br\/index.php?rest_route=\/wp\/v2\/posts\/16148","targetHints":{"allow":["GET"]}}],"collection":[{"href":"https:\/\/inclusivenews.com.br\/index.php?rest_route=\/wp\/v2\/posts"}],"about":[{"href":"https:\/\/inclusivenews.com.br\/index.php?rest_route=\/wp\/v2\/types\/post"}],"author":[{"embeddable":true,"href":"https:\/\/inclusivenews.com.br\/index.php?rest_route=\/wp\/v2\/users\/1"}],"replies":[{"embeddable":true,"href":"https:\/\/inclusivenews.com.br\/index.php?rest_route=%2Fwp%2Fv2%2Fcomments&post=16148"}],"version-history":[{"count":0,"href":"https:\/\/inclusivenews.com.br\/index.php?rest_route=\/wp\/v2\/posts\/16148\/revisions"}],"wp:attachment":[{"href":"https:\/\/inclusivenews.com.br\/index.php?rest_route=%2Fwp%2Fv2%2Fmedia&parent=16148"}],"wp:term":[{"taxonomy":"category","embeddable":true,"href":"https:\/\/inclusivenews.com.br\/index.php?rest_route=%2Fwp%2Fv2%2Fcategories&post=16148"},{"taxonomy":"post_tag","embeddable":true,"href":"https:\/\/inclusivenews.com.br\/index.php?rest_route=%2Fwp%2Fv2%2Ftags&post=16148"}],"curies":[{"name":"wp","href":"https:\/\/api.w.org\/{rel}","templated":true}]}}