{"id":16156,"date":"2010-06-23T06:01:43","date_gmt":"2010-06-23T09:01:43","guid":{"rendered":"http:\/\/www.inclusive.org.br\/?p=16156"},"modified":"2010-06-23T06:01:43","modified_gmt":"2010-06-23T09:01:43","slug":"o-que-ministro-acha-fantastico-abdias-chama-de-lamentavel","status":"publish","type":"post","link":"https:\/\/inclusivenews.com.br\/?p=16156","title":{"rendered":"O que ministro acha fant\u00e1stico, Abdias chama de lament\u00e1vel"},"content":{"rendered":"<figure style=\"width: 194px\" class=\"wp-caption alignleft\"><img loading=\"lazy\" decoding=\"async\" class=\" \" title=\"Na foto, Abdias e Mandela.\" src=\"http:\/\/noticias.usp.br\/arquivos\/RR__8864_Abdias_e_Nelson_Mandella.jpg\" alt=\"\" width=\"194\" height=\"216\" \/><figcaption class=\"wp-caption-text\"> <\/figcaption><\/figure>\n<p>Com palavras duras, e em posi\u00e7\u00e3o oposta a do ministro chefe da SEPPIR, El\u00f3i Ferreira de Ara\u00fajo, para quem o acordo com o senador Dem\u00f3stenes Torres (DEM-Goi\u00e1s), que permitiu a aprova\u00e7\u00e3o do Estatuto da Igualdade Racial, foi \u201cextraordin\u00e1rio\u201d, \u201cuma vit\u00f3ria fant\u00e1stica\u201d, o ex-senador Abdias do Nascimento \u2013 o maior l\u00edder negro e \u00edcone vivo do Movimento Negro Brasileiro -, disse, em entrevista \u00e0 rep\u00f3rter Ana Cl\u00e1udia Barros, do portal Terra Magazine, que a supress\u00e3o de pontos como as cotas \u201cfoi uma coisa lament\u00e1vel\u201d.<\/p>\n<p>\u201cSe h\u00e1 uma popula\u00e7\u00e3o que necessita de um apoio espec\u00edfico em todos os sentidos, em todos os n\u00edveis das atividades nacionais s\u00e3o os negros. S\u00e3o os \u00fanicos que foram escravos. As pessoas falam que n\u00e3o precisa de uma prote\u00e7\u00e3o, mas ningu\u00e9m foi escravo aqui, a n\u00e3o ser os africanos. Lament\u00e1vel porque \u00e9 uma injusti\u00e7a a mais. Uma injusti\u00e7a que se repete\u201d, afirmou.<\/p>\n<p><strong>A mesma hist\u00f3ria<\/strong><\/p>\n<p>Para Abdias, hoje com 96 anos, a obsess\u00e3o do senador do DEM em substituir o termo \u201cra\u00e7a\u201d por \u201cetnia\u201d, sob a alega\u00e7\u00e3o de que n\u00e3o existe ra\u00e7a al\u00e9m da humana, faz parte daquela \u201chist\u00f3ria brasileira de ado\u00e7ar as coisas\u201d. \u201cAdo\u00e7am o racismo espec\u00edfico contra os africanos e descendentes. Isso mostra, mais uma vez, o g\u00e9rmen&#8230; A alma do Brasil que manda \u00e9 essa. \u00c9 contra os africanos, contra os negros. Acho lament\u00e1vel. Mostra que o Brasil continua o mesmo desde a escravid\u00e3o. Mostra que, na verdade, ningu\u00e9m queria que o negro fosse liberto. Mostra que, se pudessem, colocavam, outra vez, a escravid\u00e3o\u201d, acrescentou.<\/p>\n<p>Segundo ele (na foto com Nelson Mandela, quando da visita do l\u00edder sul-africano ao Rio, em 1.994), a aboli\u00e7\u00e3o da escravid\u00e3o no Brasil \u201c\u00e9 uma mentira c\u00edvica, uma \u201cbela\u201d mentira c\u00edvica\u201d. \u201cAinda existe um hiato entre negros e brancos. H\u00e1 dois \u201cBrasis\u201d: um dos brancos e outro dos negros. Sem d\u00favida nenhuma\u201d, frisou.<\/p>\n<p><strong>Continuidade do racismo<\/strong><\/p>\n<p>Abdias tamb\u00e9m discordou da afirma\u00e7\u00e3o do senador Paulo Paim \u2013 autor do projeto original \u2013 segundo o qual, embora longe do ideal, a aprova\u00e7\u00e3o do Estatuto foi uma vit\u00f3ria. \u201cN\u00e3o concordo, porque \u00e9 a continuidade do racismo, da discrimina\u00e7\u00e3o, do desprezo pela heran\u00e7a africana. Essas leis, esses disfarces para n\u00e3o chamar o Brasil de racista continuam. Desculpe, mas isso \u00e9 odioso e, no meu entender, vai real\u00e7ar a separa\u00e7\u00e3o, a diferen\u00e7a e a possibilidade dos negros terem uma integra\u00e7\u00e3o perfeita\u201d, concluiu.<\/p>\n<p><strong>Avan\u00e7o substantivo<\/strong><\/p>\n<p>Para o ministro da SEPPIR, El\u00f3i Ferreira de Ara\u00fajo, a aprova\u00e7\u00e3o do Estatuto negociado com o senador do DEM, foi uma coisa \u201cextraordin\u00e1ria\u201d, uma \u201cvit\u00f3ria fant\u00e1stica\u201d. \u201cCom esse Estatuto n\u00f3s colocamos uma argamassa poderosa na consolida\u00e7\u00e3o e sedimenta\u00e7\u00e3o da nossa democracia. Fora do ambiente democr\u00e1tico, n\u00f3s n\u00e3o ter\u00edamos condi\u00e7\u00f5es de discutir esse tipo de mat\u00e9ria sobre a inclus\u00e3o de negros e negras. Com a inclus\u00e3o de negros e negras damos um passo definitivo na consolida\u00e7\u00e3o da democracia&#8221;, avaliou.<\/p>\n<p>______________<\/p>\n<p><strong>Fonte:<\/strong> <a href=\"http:\/\/www.afropress.com\/noticiasLer.asp?id=2256\">Afropress<\/a><\/p>\n","protected":false},"excerpt":{"rendered":"<p>Em entrevsta, o ex-senador Abdias do Nascimento classifica o Estatuto da Igualdade Racial como lament\u00e1vel. Da Afropress.<\/p>\n","protected":false},"author":1,"featured_media":0,"comment_status":"open","ping_status":"open","sticky":false,"template":"","format":"standard","meta":{"site-container-style":"default","site-container-layout":"default","site-sidebar-layout":"default","disable-article-header":"default","disable-site-header":"default","disable-site-footer":"default","disable-content-area-spacing":"default","footnotes":""},"categories":[56,11,4,49],"tags":[],"class_list":["post-16156","post","type-post","status-publish","format-standard","hentry","category-acoes-afirmativas","category-direitos-humanos","category-noticias","category-politicas-publicas"],"yoast_head":"<!-- This site is optimized with the Yoast SEO plugin v27.4 - https:\/\/yoast.com\/product\/yoast-seo-wordpress\/ -->\n<title>O que ministro acha fant\u00e1stico, Abdias chama de lament\u00e1vel -<\/title>\n<meta name=\"robots\" content=\"index, follow, max-snippet:-1, max-image-preview:large, max-video-preview:-1\" \/>\n<link rel=\"canonical\" href=\"https:\/\/inclusivenews.com.br\/?p=16156\" \/>\n<meta property=\"og:locale\" content=\"pt_PT\" \/>\n<meta property=\"og:type\" content=\"article\" \/>\n<meta property=\"og:title\" content=\"O que ministro acha fant\u00e1stico, Abdias chama de lament\u00e1vel -\" \/>\n<meta property=\"og:description\" content=\"Em entrevsta, o ex-senador Abdias do Nascimento classifica o Estatuto da Igualdade Racial como lament\u00e1vel. Da Afropress.\" \/>\n<meta property=\"og:url\" content=\"https:\/\/inclusivenews.com.br\/?p=16156\" \/>\n<meta property=\"article:publisher\" content=\"https:\/\/www.facebook.com\/agenciainclusive\/\" \/>\n<meta property=\"article:published_time\" content=\"2010-06-23T09:01:43+00:00\" \/>\n<meta property=\"og:image\" content=\"http:\/\/noticias.usp.br\/arquivos\/RR__8864_Abdias_e_Nelson_Mandella.jpg\" \/>\n<meta name=\"author\" content=\"inclusivenews2024\" \/>\n<meta name=\"twitter:card\" content=\"summary_large_image\" \/>\n<meta name=\"twitter:label1\" content=\"Escrito por\" \/>\n\t<meta name=\"twitter:data1\" content=\"inclusivenews2024\" \/>\n\t<meta name=\"twitter:label2\" content=\"Tempo estimado de leitura\" \/>\n\t<meta name=\"twitter:data2\" content=\"3 minutos\" \/>\n<script type=\"application\/ld+json\" class=\"yoast-schema-graph\">{\"@context\":\"https:\\\/\\\/schema.org\",\"@graph\":[{\"@type\":\"Article\",\"@id\":\"https:\\\/\\\/inclusivenews.com.br\\\/?p=16156#article\",\"isPartOf\":{\"@id\":\"https:\\\/\\\/inclusivenews.com.br\\\/?p=16156\"},\"author\":{\"name\":\"inclusivenews2024\",\"@id\":\"https:\\\/\\\/inclusivenews.com.br\\\/#\\\/schema\\\/person\\\/ae4ec7087559b8692fb33b6fffd2273b\"},\"headline\":\"O que ministro acha fant\u00e1stico, Abdias chama de lament\u00e1vel\",\"datePublished\":\"2010-06-23T09:01:43+00:00\",\"mainEntityOfPage\":{\"@id\":\"https:\\\/\\\/inclusivenews.com.br\\\/?p=16156\"},\"wordCount\":555,\"commentCount\":0,\"publisher\":{\"@id\":\"https:\\\/\\\/inclusivenews.com.br\\\/#organization\"},\"image\":{\"@id\":\"https:\\\/\\\/inclusivenews.com.br\\\/?p=16156#primaryimage\"},\"thumbnailUrl\":\"http:\\\/\\\/noticias.usp.br\\\/arquivos\\\/RR__8864_Abdias_e_Nelson_Mandella.jpg\",\"articleSection\":[\"A\u00e7\u00f5es afirmativas\",\"DIREITOS HUMANOS\",\"NOT\u00cdCIAS\",\"Pol\u00edticas p\u00fablicas\"],\"inLanguage\":\"pt-PT\",\"potentialAction\":[{\"@type\":\"CommentAction\",\"name\":\"Comment\",\"target\":[\"https:\\\/\\\/inclusivenews.com.br\\\/?p=16156#respond\"]}]},{\"@type\":\"WebPage\",\"@id\":\"https:\\\/\\\/inclusivenews.com.br\\\/?p=16156\",\"url\":\"https:\\\/\\\/inclusivenews.com.br\\\/?p=16156\",\"name\":\"O que ministro acha fant\u00e1stico, Abdias chama de lament\u00e1vel -\",\"isPartOf\":{\"@id\":\"https:\\\/\\\/inclusivenews.com.br\\\/#website\"},\"primaryImageOfPage\":{\"@id\":\"https:\\\/\\\/inclusivenews.com.br\\\/?p=16156#primaryimage\"},\"image\":{\"@id\":\"https:\\\/\\\/inclusivenews.com.br\\\/?p=16156#primaryimage\"},\"thumbnailUrl\":\"http:\\\/\\\/noticias.usp.br\\\/arquivos\\\/RR__8864_Abdias_e_Nelson_Mandella.jpg\",\"datePublished\":\"2010-06-23T09:01:43+00:00\",\"breadcrumb\":{\"@id\":\"https:\\\/\\\/inclusivenews.com.br\\\/?p=16156#breadcrumb\"},\"inLanguage\":\"pt-PT\",\"potentialAction\":[{\"@type\":\"ReadAction\",\"target\":[\"https:\\\/\\\/inclusivenews.com.br\\\/?p=16156\"]}]},{\"@type\":\"ImageObject\",\"inLanguage\":\"pt-PT\",\"@id\":\"https:\\\/\\\/inclusivenews.com.br\\\/?p=16156#primaryimage\",\"url\":\"http:\\\/\\\/noticias.usp.br\\\/arquivos\\\/RR__8864_Abdias_e_Nelson_Mandella.jpg\",\"contentUrl\":\"http:\\\/\\\/noticias.usp.br\\\/arquivos\\\/RR__8864_Abdias_e_Nelson_Mandella.jpg\"},{\"@type\":\"BreadcrumbList\",\"@id\":\"https:\\\/\\\/inclusivenews.com.br\\\/?p=16156#breadcrumb\",\"itemListElement\":[{\"@type\":\"ListItem\",\"position\":1,\"name\":\"In\u00edcio\",\"item\":\"https:\\\/\\\/inclusivenews.com.br\\\/\"},{\"@type\":\"ListItem\",\"position\":2,\"name\":\"O que ministro acha fant\u00e1stico, Abdias chama de lament\u00e1vel\"}]},{\"@type\":\"WebSite\",\"@id\":\"https:\\\/\\\/inclusivenews.com.br\\\/#website\",\"url\":\"https:\\\/\\\/inclusivenews.com.br\\\/\",\"name\":\"Inclusive News\",\"description\":\"Inclusive News\",\"publisher\":{\"@id\":\"https:\\\/\\\/inclusivenews.com.br\\\/#organization\"},\"potentialAction\":[{\"@type\":\"SearchAction\",\"target\":{\"@type\":\"EntryPoint\",\"urlTemplate\":\"https:\\\/\\\/inclusivenews.com.br\\\/?s={search_term_string}\"},\"query-input\":{\"@type\":\"PropertyValueSpecification\",\"valueRequired\":true,\"valueName\":\"search_term_string\"}}],\"inLanguage\":\"pt-PT\"},{\"@type\":\"Organization\",\"@id\":\"https:\\\/\\\/inclusivenews.com.br\\\/#organization\",\"name\":\"Inclusive - inclus\u00e3o e cidadania\",\"url\":\"https:\\\/\\\/inclusivenews.com.br\\\/\",\"logo\":{\"@type\":\"ImageObject\",\"inLanguage\":\"pt-PT\",\"@id\":\"https:\\\/\\\/inclusivenews.com.br\\\/#\\\/schema\\\/logo\\\/image\\\/\",\"url\":\"https:\\\/\\\/inclusivenews.com.br\\\/wp-content\\\/uploads\\\/2024\\\/03\\\/@grandesite.png\",\"contentUrl\":\"https:\\\/\\\/inclusivenews.com.br\\\/wp-content\\\/uploads\\\/2024\\\/03\\\/@grandesite.png\",\"width\":1080,\"height\":1080,\"caption\":\"Inclusive - inclus\u00e3o e cidadania\"},\"image\":{\"@id\":\"https:\\\/\\\/inclusivenews.com.br\\\/#\\\/schema\\\/logo\\\/image\\\/\"},\"sameAs\":[\"https:\\\/\\\/www.facebook.com\\\/agenciainclusive\\\/\",\"https:\\\/\\\/www.instagram.com\\\/newsinclusive\\\/\"]},{\"@type\":\"Person\",\"@id\":\"https:\\\/\\\/inclusivenews.com.br\\\/#\\\/schema\\\/person\\\/ae4ec7087559b8692fb33b6fffd2273b\",\"name\":\"inclusivenews2024\",\"image\":{\"@type\":\"ImageObject\",\"inLanguage\":\"pt-PT\",\"@id\":\"https:\\\/\\\/secure.gravatar.com\\\/avatar\\\/c5a7ef84c66fa914f55bc4f7ce26cfa275a3b9a1c5568b907bd184fb4dde7b40?s=96&d=mm&r=g\",\"url\":\"https:\\\/\\\/secure.gravatar.com\\\/avatar\\\/c5a7ef84c66fa914f55bc4f7ce26cfa275a3b9a1c5568b907bd184fb4dde7b40?s=96&d=mm&r=g\",\"contentUrl\":\"https:\\\/\\\/secure.gravatar.com\\\/avatar\\\/c5a7ef84c66fa914f55bc4f7ce26cfa275a3b9a1c5568b907bd184fb4dde7b40?s=96&d=mm&r=g\",\"caption\":\"inclusivenews2024\"},\"sameAs\":[\"https:\\\/\\\/inclusivenews.com.br\"],\"url\":\"https:\\\/\\\/inclusivenews.com.br\\\/?author=1\"}]}<\/script>\n<!-- \/ Yoast SEO plugin. -->","yoast_head_json":{"title":"O que ministro acha fant\u00e1stico, Abdias chama de lament\u00e1vel -","robots":{"index":"index","follow":"follow","max-snippet":"max-snippet:-1","max-image-preview":"max-image-preview:large","max-video-preview":"max-video-preview:-1"},"canonical":"https:\/\/inclusivenews.com.br\/?p=16156","og_locale":"pt_PT","og_type":"article","og_title":"O que ministro acha fant\u00e1stico, Abdias chama de lament\u00e1vel -","og_description":"Em entrevsta, o ex-senador Abdias do Nascimento classifica o Estatuto da Igualdade Racial como lament\u00e1vel. Da Afropress.","og_url":"https:\/\/inclusivenews.com.br\/?p=16156","article_publisher":"https:\/\/www.facebook.com\/agenciainclusive\/","article_published_time":"2010-06-23T09:01:43+00:00","og_image":[{"url":"http:\/\/noticias.usp.br\/arquivos\/RR__8864_Abdias_e_Nelson_Mandella.jpg","type":"","width":"","height":""}],"author":"inclusivenews2024","twitter_card":"summary_large_image","twitter_misc":{"Escrito por":"inclusivenews2024","Tempo estimado de leitura":"3 minutos"},"schema":{"@context":"https:\/\/schema.org","@graph":[{"@type":"Article","@id":"https:\/\/inclusivenews.com.br\/?p=16156#article","isPartOf":{"@id":"https:\/\/inclusivenews.com.br\/?p=16156"},"author":{"name":"inclusivenews2024","@id":"https:\/\/inclusivenews.com.br\/#\/schema\/person\/ae4ec7087559b8692fb33b6fffd2273b"},"headline":"O que ministro acha fant\u00e1stico, Abdias chama de lament\u00e1vel","datePublished":"2010-06-23T09:01:43+00:00","mainEntityOfPage":{"@id":"https:\/\/inclusivenews.com.br\/?p=16156"},"wordCount":555,"commentCount":0,"publisher":{"@id":"https:\/\/inclusivenews.com.br\/#organization"},"image":{"@id":"https:\/\/inclusivenews.com.br\/?p=16156#primaryimage"},"thumbnailUrl":"http:\/\/noticias.usp.br\/arquivos\/RR__8864_Abdias_e_Nelson_Mandella.jpg","articleSection":["A\u00e7\u00f5es afirmativas","DIREITOS HUMANOS","NOT\u00cdCIAS","Pol\u00edticas p\u00fablicas"],"inLanguage":"pt-PT","potentialAction":[{"@type":"CommentAction","name":"Comment","target":["https:\/\/inclusivenews.com.br\/?p=16156#respond"]}]},{"@type":"WebPage","@id":"https:\/\/inclusivenews.com.br\/?p=16156","url":"https:\/\/inclusivenews.com.br\/?p=16156","name":"O que ministro acha fant\u00e1stico, Abdias chama de lament\u00e1vel -","isPartOf":{"@id":"https:\/\/inclusivenews.com.br\/#website"},"primaryImageOfPage":{"@id":"https:\/\/inclusivenews.com.br\/?p=16156#primaryimage"},"image":{"@id":"https:\/\/inclusivenews.com.br\/?p=16156#primaryimage"},"thumbnailUrl":"http:\/\/noticias.usp.br\/arquivos\/RR__8864_Abdias_e_Nelson_Mandella.jpg","datePublished":"2010-06-23T09:01:43+00:00","breadcrumb":{"@id":"https:\/\/inclusivenews.com.br\/?p=16156#breadcrumb"},"inLanguage":"pt-PT","potentialAction":[{"@type":"ReadAction","target":["https:\/\/inclusivenews.com.br\/?p=16156"]}]},{"@type":"ImageObject","inLanguage":"pt-PT","@id":"https:\/\/inclusivenews.com.br\/?p=16156#primaryimage","url":"http:\/\/noticias.usp.br\/arquivos\/RR__8864_Abdias_e_Nelson_Mandella.jpg","contentUrl":"http:\/\/noticias.usp.br\/arquivos\/RR__8864_Abdias_e_Nelson_Mandella.jpg"},{"@type":"BreadcrumbList","@id":"https:\/\/inclusivenews.com.br\/?p=16156#breadcrumb","itemListElement":[{"@type":"ListItem","position":1,"name":"In\u00edcio","item":"https:\/\/inclusivenews.com.br\/"},{"@type":"ListItem","position":2,"name":"O que ministro acha fant\u00e1stico, Abdias chama de lament\u00e1vel"}]},{"@type":"WebSite","@id":"https:\/\/inclusivenews.com.br\/#website","url":"https:\/\/inclusivenews.com.br\/","name":"Inclusive News","description":"Inclusive News","publisher":{"@id":"https:\/\/inclusivenews.com.br\/#organization"},"potentialAction":[{"@type":"SearchAction","target":{"@type":"EntryPoint","urlTemplate":"https:\/\/inclusivenews.com.br\/?s={search_term_string}"},"query-input":{"@type":"PropertyValueSpecification","valueRequired":true,"valueName":"search_term_string"}}],"inLanguage":"pt-PT"},{"@type":"Organization","@id":"https:\/\/inclusivenews.com.br\/#organization","name":"Inclusive - inclus\u00e3o e cidadania","url":"https:\/\/inclusivenews.com.br\/","logo":{"@type":"ImageObject","inLanguage":"pt-PT","@id":"https:\/\/inclusivenews.com.br\/#\/schema\/logo\/image\/","url":"https:\/\/inclusivenews.com.br\/wp-content\/uploads\/2024\/03\/@grandesite.png","contentUrl":"https:\/\/inclusivenews.com.br\/wp-content\/uploads\/2024\/03\/@grandesite.png","width":1080,"height":1080,"caption":"Inclusive - inclus\u00e3o e cidadania"},"image":{"@id":"https:\/\/inclusivenews.com.br\/#\/schema\/logo\/image\/"},"sameAs":["https:\/\/www.facebook.com\/agenciainclusive\/","https:\/\/www.instagram.com\/newsinclusive\/"]},{"@type":"Person","@id":"https:\/\/inclusivenews.com.br\/#\/schema\/person\/ae4ec7087559b8692fb33b6fffd2273b","name":"inclusivenews2024","image":{"@type":"ImageObject","inLanguage":"pt-PT","@id":"https:\/\/secure.gravatar.com\/avatar\/c5a7ef84c66fa914f55bc4f7ce26cfa275a3b9a1c5568b907bd184fb4dde7b40?s=96&d=mm&r=g","url":"https:\/\/secure.gravatar.com\/avatar\/c5a7ef84c66fa914f55bc4f7ce26cfa275a3b9a1c5568b907bd184fb4dde7b40?s=96&d=mm&r=g","contentUrl":"https:\/\/secure.gravatar.com\/avatar\/c5a7ef84c66fa914f55bc4f7ce26cfa275a3b9a1c5568b907bd184fb4dde7b40?s=96&d=mm&r=g","caption":"inclusivenews2024"},"sameAs":["https:\/\/inclusivenews.com.br"],"url":"https:\/\/inclusivenews.com.br\/?author=1"}]}},"_links":{"self":[{"href":"https:\/\/inclusivenews.com.br\/index.php?rest_route=\/wp\/v2\/posts\/16156","targetHints":{"allow":["GET"]}}],"collection":[{"href":"https:\/\/inclusivenews.com.br\/index.php?rest_route=\/wp\/v2\/posts"}],"about":[{"href":"https:\/\/inclusivenews.com.br\/index.php?rest_route=\/wp\/v2\/types\/post"}],"author":[{"embeddable":true,"href":"https:\/\/inclusivenews.com.br\/index.php?rest_route=\/wp\/v2\/users\/1"}],"replies":[{"embeddable":true,"href":"https:\/\/inclusivenews.com.br\/index.php?rest_route=%2Fwp%2Fv2%2Fcomments&post=16156"}],"version-history":[{"count":0,"href":"https:\/\/inclusivenews.com.br\/index.php?rest_route=\/wp\/v2\/posts\/16156\/revisions"}],"wp:attachment":[{"href":"https:\/\/inclusivenews.com.br\/index.php?rest_route=%2Fwp%2Fv2%2Fmedia&parent=16156"}],"wp:term":[{"taxonomy":"category","embeddable":true,"href":"https:\/\/inclusivenews.com.br\/index.php?rest_route=%2Fwp%2Fv2%2Fcategories&post=16156"},{"taxonomy":"post_tag","embeddable":true,"href":"https:\/\/inclusivenews.com.br\/index.php?rest_route=%2Fwp%2Fv2%2Ftags&post=16156"}],"curies":[{"name":"wp","href":"https:\/\/api.w.org\/{rel}","templated":true}]}}