{"id":16158,"date":"2010-06-23T06:01:48","date_gmt":"2010-06-23T09:01:48","guid":{"rendered":"http:\/\/www.inclusive.org.br\/?p=16158"},"modified":"2010-06-23T06:01:48","modified_gmt":"2010-06-23T09:01:48","slug":"pnud-acredita-que-com-programa-de-acao-e-possivel-alcancar-os-oito-odm","status":"publish","type":"post","link":"https:\/\/inclusivenews.com.br\/?p=16158","title":{"rendered":"Pnud acredita que, com programa de a\u00e7\u00e3o, \u00e9 poss\u00edvel alcan\u00e7ar os oito ODM"},"content":{"rendered":"<figure style=\"width: 218px\" class=\"wp-caption alignleft\"><img loading=\"lazy\" decoding=\"async\" title=\"Objetivos do mil\u00eanio.\" src=\"http:\/\/inclusivenews.com.br\/wp-content\/uploads\/2010\/02\/odm.bmp\" alt=\"\" width=\"218\" height=\"218\" \/><figcaption class=\"wp-caption-text\"> <\/figcaption><\/figure>\n<p><span class=\"noticia_autor\">Karol Assun\u00e7\u00e3o &#8211; <\/span><span class=\"noticia_autor\">Jornalista da Adital<\/span><br \/>\n<span class=\"noticia_titulo\"><br \/>\n<\/span><span class=\"noticia_texto\"><\/p>\n<div id=\"mudaFonte\">\u00c9 poss\u00edvel alcan\u00e7ar os oitos Objetivos de Desenvolvimento do Mil\u00eanio (ODM) at\u00e9 2015? Para o Programa das Na\u00e7\u00f5es Unidas para o Desenvolvimento (Pnud), a resposta \u00e9 sim, \u00e9 poss\u00edvel. No relat\u00f3rio &#8220;O que \u00e9 necess\u00e1rio para conquistar os Objetivos de Desenvolvimento do Mil\u00eanio? &#8211; Uma avalia\u00e7\u00e3o internacional&#8221;, apresentado pelo Programa na \u00faltima quinta-feira (17), Pnud prop\u00f5e um programa de a\u00e7\u00e3o para reduzir a pobreza e conseguir um desenvolvimento sustent\u00e1vel.Os ODM s\u00e3o oito metas acordadas por 189 l\u00edderes mundiais, em setembro de 2000, que t\u00eam o objetivo de diminuir a pobreza e a fome, a mortalidade materna e infantil, as enfermidades, as condi\u00e7\u00f5es inadequadas de habita\u00e7\u00e3o, a desigualdade de g\u00eaneros e a degrada\u00e7\u00e3o ambiental. Ademais, pretendem fomentar uma alian\u00e7a mundial para o desenvolvimento e conseguir que o ensino prim\u00e1rio seja universal. Todo isso at\u00e9 o ano 2015.<\/p>\n<p>Baseado em avalia\u00e7\u00f5es do que est\u00e1 funcionando em 50 pa\u00edses, o relat\u00f3rio do Pnud &#8220;conclui que j\u00e1 existem recursos e conhecimentos necess\u00e1rios para alcan\u00e7ar os ODM. A acelera\u00e7\u00e3o do progresso nos pr\u00f3ximos cinco anos ter\u00e1 que se centrar em manter as estrat\u00e9gias, as pol\u00edticas e as interven\u00e7\u00f5es que est\u00e3o dando resultado e fazer uma quebra radical com aquelas que n\u00e3o&#8221;.<\/p>\n<p>A partir dessa avalia\u00e7\u00e3o, Pnud sugere oito medidas que ajudar\u00e3o a acelerar e a apoiar os avan\u00e7os j\u00e1 conquistados em mat\u00e9ria dos ODM at\u00e9 o ano de 2015. De acordo com o estudo, a\u00e7\u00f5es como: crescimento inclusivo favor\u00e1vel aos pobres, com gera\u00e7\u00e3o de postos de trabalho e participa\u00e7\u00e3o do setor privado; investimento p\u00fablico em servi\u00e7os sociais, como sa\u00fade e educa\u00e7\u00e3o; amplia\u00e7\u00e3o de oportunidades para mulheres e meninas; e acesso a energia com baixas emiss\u00f5es de carbono, poder\u00e3o contribuir com o desenvolvimento dos pa\u00edses nos pr\u00f3ximos anos.<\/p>\n<p>O informe apresenta pa\u00edses onde as pol\u00edticas est\u00e3o contribuindo para esse desenvolvimento digno. Como \u00e9 o caso de algumas na\u00e7\u00f5es da Am\u00e9rica Latina, as quais conseguiram importantes conquistas na luta contra a pobreza e no incentivo \u00e0 educa\u00e7\u00e3o.<\/p>\n<p>&#8220;Primeiro o programa de transfer\u00eancia de dinheiro, Bolsa Fam\u00edlia do Brasil e depois o de Oportunidades do M\u00e9xico, aumentou tanto as inscri\u00e7\u00f5es como os n\u00edveis de assist\u00eancia e diminu\u00edram o trabalho infantil. Ambos os programas tiveram \u00eaxito na educa\u00e7\u00e3o devido a outros incentivos de dinheiro destinados \u00e0s inscri\u00e7\u00f5es&#8221;, exemplifica.<\/p>\n<p>Segundo a avalia\u00e7\u00e3o, as melhorias na educa\u00e7\u00e3o e na sa\u00fade ocorreram em pa\u00edses onde existe um gasto p\u00fablico adequado. Al\u00e9m disso, o estudo revela que a redu\u00e7\u00e3o da pobreza e da fome no mundo \u00e9 poss\u00edvel quando o crescimento econ\u00f4mico gera postos de trabalho e incentiva a produ\u00e7\u00e3o agr\u00edcola. Apesar da diminui\u00e7\u00e3o da propor\u00e7\u00e3o de pessoas pobres, Pnud chama aten\u00e7\u00e3o para outros aspectos, como a quantidade absoluta de pobres, a igualdade de g\u00eanero e a educa\u00e7\u00e3o.<\/p>\n<p>A avalia\u00e7\u00e3o do Pnud ser\u00e1 compartilhada com os l\u00edderes mundiais durante a prepara\u00e7\u00e3o do documento final da C\u00fapula sobre os Objetivos de Desenvolvimento do Mil\u00eanio, marcado para acontecer no m\u00eas de setembro, em Nova Iorque.<\/p>\n<p>Para ler o resumo do relat\u00f3rio, acesse: <a href=\"http:\/\/content.undp.org\/go\/cms-service\/stream\/asset\/?asset_id=2614808\">http:\/\/content.undp.org\/go\/cms-service\/stream\/asset\/?asset_id=2614808<\/a><br \/>\n___________<\/p>\n<p><strong>Fonte:<\/strong> <a href=\"http:\/\/www.adital.org.br\/site\/noticia.asp?lang=PT&amp;cat=78&amp;cod=48768\">Adital<\/a><\/p>\n<\/div>\n<p><\/span><\/p>\n<div><span class=\"noticia_autor\"> <\/span><\/div>\n","protected":false},"excerpt":{"rendered":"<p>\u00c9 poss\u00edvel alcan\u00e7ar os oitos Objetivos de Desenvolvimento do Mil\u00eanio (ODM) at\u00e9 2015? Para o Programa das Na\u00e7\u00f5es Unidas para o Desenvolvimento (Pnud), a resposta \u00e9 sim, \u00e9 poss\u00edvel. <\/p>\n","protected":false},"author":1,"featured_media":0,"comment_status":"open","ping_status":"open","sticky":false,"template":"","format":"standard","meta":{"site-container-style":"default","site-container-layout":"default","site-sidebar-layout":"default","disable-article-header":"default","disable-site-header":"default","disable-site-footer":"default","disable-content-area-spacing":"default","footnotes":""},"categories":[3,11,4],"tags":[],"class_list":["post-16158","post","type-post","status-publish","format-standard","hentry","category-campanhas","category-direitos-humanos","category-noticias"],"yoast_head":"<!-- This site is optimized with the Yoast SEO plugin v27.4 - https:\/\/yoast.com\/product\/yoast-seo-wordpress\/ -->\n<title>Pnud acredita que, com programa de a\u00e7\u00e3o, \u00e9 poss\u00edvel alcan\u00e7ar os oito ODM -<\/title>\n<meta name=\"robots\" content=\"index, follow, max-snippet:-1, max-image-preview:large, max-video-preview:-1\" \/>\n<link rel=\"canonical\" href=\"https:\/\/inclusivenews.com.br\/?p=16158\" \/>\n<meta property=\"og:locale\" content=\"pt_PT\" \/>\n<meta property=\"og:type\" content=\"article\" \/>\n<meta property=\"og:title\" content=\"Pnud acredita que, com programa de a\u00e7\u00e3o, \u00e9 poss\u00edvel alcan\u00e7ar os oito ODM -\" \/>\n<meta property=\"og:description\" content=\"\u00c9 poss\u00edvel alcan\u00e7ar os oitos Objetivos de Desenvolvimento do Mil\u00eanio (ODM) at\u00e9 2015? Para o Programa das Na\u00e7\u00f5es Unidas para o Desenvolvimento (Pnud), a resposta \u00e9 sim, \u00e9 poss\u00edvel.\" \/>\n<meta property=\"og:url\" content=\"https:\/\/inclusivenews.com.br\/?p=16158\" \/>\n<meta property=\"article:publisher\" content=\"https:\/\/www.facebook.com\/agenciainclusive\/\" \/>\n<meta property=\"article:published_time\" content=\"2010-06-23T09:01:48+00:00\" \/>\n<meta property=\"og:image\" content=\"http:\/\/inclusivenews.com.br\/wp-content\/uploads\/2010\/02\/odm.bmp\" \/>\n<meta name=\"author\" content=\"inclusivenews2024\" \/>\n<meta name=\"twitter:card\" content=\"summary_large_image\" \/>\n<meta name=\"twitter:label1\" content=\"Escrito por\" \/>\n\t<meta name=\"twitter:data1\" content=\"inclusivenews2024\" \/>\n\t<meta name=\"twitter:label2\" content=\"Tempo estimado de leitura\" \/>\n\t<meta name=\"twitter:data2\" content=\"3 minutos\" \/>\n<script type=\"application\/ld+json\" class=\"yoast-schema-graph\">{\"@context\":\"https:\\\/\\\/schema.org\",\"@graph\":[{\"@type\":\"Article\",\"@id\":\"https:\\\/\\\/inclusivenews.com.br\\\/?p=16158#article\",\"isPartOf\":{\"@id\":\"https:\\\/\\\/inclusivenews.com.br\\\/?p=16158\"},\"author\":{\"name\":\"inclusivenews2024\",\"@id\":\"https:\\\/\\\/inclusivenews.com.br\\\/#\\\/schema\\\/person\\\/ae4ec7087559b8692fb33b6fffd2273b\"},\"headline\":\"Pnud acredita que, com programa de a\u00e7\u00e3o, \u00e9 poss\u00edvel alcan\u00e7ar os oito ODM\",\"datePublished\":\"2010-06-23T09:01:48+00:00\",\"mainEntityOfPage\":{\"@id\":\"https:\\\/\\\/inclusivenews.com.br\\\/?p=16158\"},\"wordCount\":603,\"commentCount\":0,\"publisher\":{\"@id\":\"https:\\\/\\\/inclusivenews.com.br\\\/#organization\"},\"image\":{\"@id\":\"https:\\\/\\\/inclusivenews.com.br\\\/?p=16158#primaryimage\"},\"thumbnailUrl\":\"http:\\\/\\\/inclusivenews.com.br\\\/wp-content\\\/uploads\\\/2010\\\/02\\\/odm.bmp\",\"articleSection\":[\"CAMPANHAS\",\"DIREITOS HUMANOS\",\"NOT\u00cdCIAS\"],\"inLanguage\":\"pt-PT\",\"potentialAction\":[{\"@type\":\"CommentAction\",\"name\":\"Comment\",\"target\":[\"https:\\\/\\\/inclusivenews.com.br\\\/?p=16158#respond\"]}]},{\"@type\":\"WebPage\",\"@id\":\"https:\\\/\\\/inclusivenews.com.br\\\/?p=16158\",\"url\":\"https:\\\/\\\/inclusivenews.com.br\\\/?p=16158\",\"name\":\"Pnud acredita que, com programa de a\u00e7\u00e3o, \u00e9 poss\u00edvel alcan\u00e7ar os oito ODM -\",\"isPartOf\":{\"@id\":\"https:\\\/\\\/inclusivenews.com.br\\\/#website\"},\"primaryImageOfPage\":{\"@id\":\"https:\\\/\\\/inclusivenews.com.br\\\/?p=16158#primaryimage\"},\"image\":{\"@id\":\"https:\\\/\\\/inclusivenews.com.br\\\/?p=16158#primaryimage\"},\"thumbnailUrl\":\"http:\\\/\\\/inclusivenews.com.br\\\/wp-content\\\/uploads\\\/2010\\\/02\\\/odm.bmp\",\"datePublished\":\"2010-06-23T09:01:48+00:00\",\"breadcrumb\":{\"@id\":\"https:\\\/\\\/inclusivenews.com.br\\\/?p=16158#breadcrumb\"},\"inLanguage\":\"pt-PT\",\"potentialAction\":[{\"@type\":\"ReadAction\",\"target\":[\"https:\\\/\\\/inclusivenews.com.br\\\/?p=16158\"]}]},{\"@type\":\"ImageObject\",\"inLanguage\":\"pt-PT\",\"@id\":\"https:\\\/\\\/inclusivenews.com.br\\\/?p=16158#primaryimage\",\"url\":\"\",\"contentUrl\":\"\"},{\"@type\":\"BreadcrumbList\",\"@id\":\"https:\\\/\\\/inclusivenews.com.br\\\/?p=16158#breadcrumb\",\"itemListElement\":[{\"@type\":\"ListItem\",\"position\":1,\"name\":\"In\u00edcio\",\"item\":\"https:\\\/\\\/inclusivenews.com.br\\\/\"},{\"@type\":\"ListItem\",\"position\":2,\"name\":\"Pnud acredita que, com programa de a\u00e7\u00e3o, \u00e9 poss\u00edvel alcan\u00e7ar os oito ODM\"}]},{\"@type\":\"WebSite\",\"@id\":\"https:\\\/\\\/inclusivenews.com.br\\\/#website\",\"url\":\"https:\\\/\\\/inclusivenews.com.br\\\/\",\"name\":\"Inclusive News\",\"description\":\"Inclusive News\",\"publisher\":{\"@id\":\"https:\\\/\\\/inclusivenews.com.br\\\/#organization\"},\"potentialAction\":[{\"@type\":\"SearchAction\",\"target\":{\"@type\":\"EntryPoint\",\"urlTemplate\":\"https:\\\/\\\/inclusivenews.com.br\\\/?s={search_term_string}\"},\"query-input\":{\"@type\":\"PropertyValueSpecification\",\"valueRequired\":true,\"valueName\":\"search_term_string\"}}],\"inLanguage\":\"pt-PT\"},{\"@type\":\"Organization\",\"@id\":\"https:\\\/\\\/inclusivenews.com.br\\\/#organization\",\"name\":\"Inclusive - inclus\u00e3o e cidadania\",\"url\":\"https:\\\/\\\/inclusivenews.com.br\\\/\",\"logo\":{\"@type\":\"ImageObject\",\"inLanguage\":\"pt-PT\",\"@id\":\"https:\\\/\\\/inclusivenews.com.br\\\/#\\\/schema\\\/logo\\\/image\\\/\",\"url\":\"https:\\\/\\\/inclusivenews.com.br\\\/wp-content\\\/uploads\\\/2024\\\/03\\\/@grandesite.png\",\"contentUrl\":\"https:\\\/\\\/inclusivenews.com.br\\\/wp-content\\\/uploads\\\/2024\\\/03\\\/@grandesite.png\",\"width\":1080,\"height\":1080,\"caption\":\"Inclusive - inclus\u00e3o e cidadania\"},\"image\":{\"@id\":\"https:\\\/\\\/inclusivenews.com.br\\\/#\\\/schema\\\/logo\\\/image\\\/\"},\"sameAs\":[\"https:\\\/\\\/www.facebook.com\\\/agenciainclusive\\\/\",\"https:\\\/\\\/www.instagram.com\\\/newsinclusive\\\/\"]},{\"@type\":\"Person\",\"@id\":\"https:\\\/\\\/inclusivenews.com.br\\\/#\\\/schema\\\/person\\\/ae4ec7087559b8692fb33b6fffd2273b\",\"name\":\"inclusivenews2024\",\"image\":{\"@type\":\"ImageObject\",\"inLanguage\":\"pt-PT\",\"@id\":\"https:\\\/\\\/secure.gravatar.com\\\/avatar\\\/c5a7ef84c66fa914f55bc4f7ce26cfa275a3b9a1c5568b907bd184fb4dde7b40?s=96&d=mm&r=g\",\"url\":\"https:\\\/\\\/secure.gravatar.com\\\/avatar\\\/c5a7ef84c66fa914f55bc4f7ce26cfa275a3b9a1c5568b907bd184fb4dde7b40?s=96&d=mm&r=g\",\"contentUrl\":\"https:\\\/\\\/secure.gravatar.com\\\/avatar\\\/c5a7ef84c66fa914f55bc4f7ce26cfa275a3b9a1c5568b907bd184fb4dde7b40?s=96&d=mm&r=g\",\"caption\":\"inclusivenews2024\"},\"sameAs\":[\"https:\\\/\\\/inclusivenews.com.br\"],\"url\":\"https:\\\/\\\/inclusivenews.com.br\\\/?author=1\"}]}<\/script>\n<!-- \/ Yoast SEO plugin. -->","yoast_head_json":{"title":"Pnud acredita que, com programa de a\u00e7\u00e3o, \u00e9 poss\u00edvel alcan\u00e7ar os oito ODM -","robots":{"index":"index","follow":"follow","max-snippet":"max-snippet:-1","max-image-preview":"max-image-preview:large","max-video-preview":"max-video-preview:-1"},"canonical":"https:\/\/inclusivenews.com.br\/?p=16158","og_locale":"pt_PT","og_type":"article","og_title":"Pnud acredita que, com programa de a\u00e7\u00e3o, \u00e9 poss\u00edvel alcan\u00e7ar os oito ODM -","og_description":"\u00c9 poss\u00edvel alcan\u00e7ar os oitos Objetivos de Desenvolvimento do Mil\u00eanio (ODM) at\u00e9 2015? Para o Programa das Na\u00e7\u00f5es Unidas para o Desenvolvimento (Pnud), a resposta \u00e9 sim, \u00e9 poss\u00edvel.","og_url":"https:\/\/inclusivenews.com.br\/?p=16158","article_publisher":"https:\/\/www.facebook.com\/agenciainclusive\/","article_published_time":"2010-06-23T09:01:48+00:00","og_image":[{"url":"http:\/\/inclusivenews.com.br\/wp-content\/uploads\/2010\/02\/odm.bmp","type":"","width":"","height":""}],"author":"inclusivenews2024","twitter_card":"summary_large_image","twitter_misc":{"Escrito por":"inclusivenews2024","Tempo estimado de leitura":"3 minutos"},"schema":{"@context":"https:\/\/schema.org","@graph":[{"@type":"Article","@id":"https:\/\/inclusivenews.com.br\/?p=16158#article","isPartOf":{"@id":"https:\/\/inclusivenews.com.br\/?p=16158"},"author":{"name":"inclusivenews2024","@id":"https:\/\/inclusivenews.com.br\/#\/schema\/person\/ae4ec7087559b8692fb33b6fffd2273b"},"headline":"Pnud acredita que, com programa de a\u00e7\u00e3o, \u00e9 poss\u00edvel alcan\u00e7ar os oito ODM","datePublished":"2010-06-23T09:01:48+00:00","mainEntityOfPage":{"@id":"https:\/\/inclusivenews.com.br\/?p=16158"},"wordCount":603,"commentCount":0,"publisher":{"@id":"https:\/\/inclusivenews.com.br\/#organization"},"image":{"@id":"https:\/\/inclusivenews.com.br\/?p=16158#primaryimage"},"thumbnailUrl":"http:\/\/inclusivenews.com.br\/wp-content\/uploads\/2010\/02\/odm.bmp","articleSection":["CAMPANHAS","DIREITOS HUMANOS","NOT\u00cdCIAS"],"inLanguage":"pt-PT","potentialAction":[{"@type":"CommentAction","name":"Comment","target":["https:\/\/inclusivenews.com.br\/?p=16158#respond"]}]},{"@type":"WebPage","@id":"https:\/\/inclusivenews.com.br\/?p=16158","url":"https:\/\/inclusivenews.com.br\/?p=16158","name":"Pnud acredita que, com programa de a\u00e7\u00e3o, \u00e9 poss\u00edvel alcan\u00e7ar os oito ODM -","isPartOf":{"@id":"https:\/\/inclusivenews.com.br\/#website"},"primaryImageOfPage":{"@id":"https:\/\/inclusivenews.com.br\/?p=16158#primaryimage"},"image":{"@id":"https:\/\/inclusivenews.com.br\/?p=16158#primaryimage"},"thumbnailUrl":"http:\/\/inclusivenews.com.br\/wp-content\/uploads\/2010\/02\/odm.bmp","datePublished":"2010-06-23T09:01:48+00:00","breadcrumb":{"@id":"https:\/\/inclusivenews.com.br\/?p=16158#breadcrumb"},"inLanguage":"pt-PT","potentialAction":[{"@type":"ReadAction","target":["https:\/\/inclusivenews.com.br\/?p=16158"]}]},{"@type":"ImageObject","inLanguage":"pt-PT","@id":"https:\/\/inclusivenews.com.br\/?p=16158#primaryimage","url":"","contentUrl":""},{"@type":"BreadcrumbList","@id":"https:\/\/inclusivenews.com.br\/?p=16158#breadcrumb","itemListElement":[{"@type":"ListItem","position":1,"name":"In\u00edcio","item":"https:\/\/inclusivenews.com.br\/"},{"@type":"ListItem","position":2,"name":"Pnud acredita que, com programa de a\u00e7\u00e3o, \u00e9 poss\u00edvel alcan\u00e7ar os oito ODM"}]},{"@type":"WebSite","@id":"https:\/\/inclusivenews.com.br\/#website","url":"https:\/\/inclusivenews.com.br\/","name":"Inclusive News","description":"Inclusive News","publisher":{"@id":"https:\/\/inclusivenews.com.br\/#organization"},"potentialAction":[{"@type":"SearchAction","target":{"@type":"EntryPoint","urlTemplate":"https:\/\/inclusivenews.com.br\/?s={search_term_string}"},"query-input":{"@type":"PropertyValueSpecification","valueRequired":true,"valueName":"search_term_string"}}],"inLanguage":"pt-PT"},{"@type":"Organization","@id":"https:\/\/inclusivenews.com.br\/#organization","name":"Inclusive - inclus\u00e3o e cidadania","url":"https:\/\/inclusivenews.com.br\/","logo":{"@type":"ImageObject","inLanguage":"pt-PT","@id":"https:\/\/inclusivenews.com.br\/#\/schema\/logo\/image\/","url":"https:\/\/inclusivenews.com.br\/wp-content\/uploads\/2024\/03\/@grandesite.png","contentUrl":"https:\/\/inclusivenews.com.br\/wp-content\/uploads\/2024\/03\/@grandesite.png","width":1080,"height":1080,"caption":"Inclusive - inclus\u00e3o e cidadania"},"image":{"@id":"https:\/\/inclusivenews.com.br\/#\/schema\/logo\/image\/"},"sameAs":["https:\/\/www.facebook.com\/agenciainclusive\/","https:\/\/www.instagram.com\/newsinclusive\/"]},{"@type":"Person","@id":"https:\/\/inclusivenews.com.br\/#\/schema\/person\/ae4ec7087559b8692fb33b6fffd2273b","name":"inclusivenews2024","image":{"@type":"ImageObject","inLanguage":"pt-PT","@id":"https:\/\/secure.gravatar.com\/avatar\/c5a7ef84c66fa914f55bc4f7ce26cfa275a3b9a1c5568b907bd184fb4dde7b40?s=96&d=mm&r=g","url":"https:\/\/secure.gravatar.com\/avatar\/c5a7ef84c66fa914f55bc4f7ce26cfa275a3b9a1c5568b907bd184fb4dde7b40?s=96&d=mm&r=g","contentUrl":"https:\/\/secure.gravatar.com\/avatar\/c5a7ef84c66fa914f55bc4f7ce26cfa275a3b9a1c5568b907bd184fb4dde7b40?s=96&d=mm&r=g","caption":"inclusivenews2024"},"sameAs":["https:\/\/inclusivenews.com.br"],"url":"https:\/\/inclusivenews.com.br\/?author=1"}]}},"_links":{"self":[{"href":"https:\/\/inclusivenews.com.br\/index.php?rest_route=\/wp\/v2\/posts\/16158","targetHints":{"allow":["GET"]}}],"collection":[{"href":"https:\/\/inclusivenews.com.br\/index.php?rest_route=\/wp\/v2\/posts"}],"about":[{"href":"https:\/\/inclusivenews.com.br\/index.php?rest_route=\/wp\/v2\/types\/post"}],"author":[{"embeddable":true,"href":"https:\/\/inclusivenews.com.br\/index.php?rest_route=\/wp\/v2\/users\/1"}],"replies":[{"embeddable":true,"href":"https:\/\/inclusivenews.com.br\/index.php?rest_route=%2Fwp%2Fv2%2Fcomments&post=16158"}],"version-history":[{"count":0,"href":"https:\/\/inclusivenews.com.br\/index.php?rest_route=\/wp\/v2\/posts\/16158\/revisions"}],"wp:attachment":[{"href":"https:\/\/inclusivenews.com.br\/index.php?rest_route=%2Fwp%2Fv2%2Fmedia&parent=16158"}],"wp:term":[{"taxonomy":"category","embeddable":true,"href":"https:\/\/inclusivenews.com.br\/index.php?rest_route=%2Fwp%2Fv2%2Fcategories&post=16158"},{"taxonomy":"post_tag","embeddable":true,"href":"https:\/\/inclusivenews.com.br\/index.php?rest_route=%2Fwp%2Fv2%2Ftags&post=16158"}],"curies":[{"name":"wp","href":"https:\/\/api.w.org\/{rel}","templated":true}]}}