{"id":16173,"date":"2010-06-25T06:15:57","date_gmt":"2010-06-25T09:15:57","guid":{"rendered":"http:\/\/www.inclusive.org.br\/?p=16173"},"modified":"2010-06-25T06:15:57","modified_gmt":"2010-06-25T09:15:57","slug":"ceara-ganha-o-seu-forum-permanente-pela-educacao-inclusiva","status":"publish","type":"post","link":"https:\/\/inclusivenews.com.br\/?p=16173","title":{"rendered":"Cear\u00e1 ganha o seu F\u00f3rum Permanente pela Educa\u00e7\u00e3o Inclusiva"},"content":{"rendered":"<figure style=\"width: 200px\" class=\"wp-caption alignleft\"><img loading=\"lazy\" decoding=\"async\" title=\"Educa\u00e7\u00e3o, tr\u00eas l\u00e1pis imitando um vitral\" src=\"http:\/\/ricardocampos.files.wordpress.com\/2008\/05\/educacao.jpg\" alt=\"\" width=\"200\" height=\"280\" \/><figcaption class=\"wp-caption-text\"> <\/figcaption><\/figure>\n<p>Tamb\u00e9m queremos este gol: Educa\u00e7\u00e3o para todos!<\/p>\n<p>Quinta-feira, 10 de junho de 2010; algumas horas antes da abertura da Copa Mundial FIFA de Futebol, marcada intensamente pela campanha por uma educa\u00e7\u00e3o para todos, a cidade de Fortaleza tamb\u00e9m sediava um importante encontro para clamar pelo mesmo tema: o direito de TODOS \u00e0 educa\u00e7\u00e3o.<\/p>\n<p>O encontro do Cear\u00e1 n\u00e3o contou com a imprensa e nem com grandes multid\u00f5es: eram representantes t\u00e9cnicos de \u00f3rg\u00e3os governamentais, movimentos sociais, conselhos, parlamentos, escolas, entidades e pessoas ligadas \u00e0 causa da educa\u00e7\u00e3o inclusiva. O tema era a cria\u00e7\u00e3o do F\u00f3rum Permanente pela Educa\u00e7\u00e3o Inclusiva em nosso estado. Cear\u00e1, \u00c1frica do Sul e o mundo inteiro irmanados na busca de uma educa\u00e7\u00e3o para TODAS AS PESSOAS.<\/p>\n<p>O F\u00f3rum \u00e9 um passo importante da sociedade cearense na busca de incluir as pessoas com defici\u00eancia no ensino regular, tanto nas escolas p\u00fablicas quanto nos estabelecimentos particulares de ensino. Os \u00faltimos anos t\u00eam sido marcados por diversas a\u00e7\u00f5es neste sentido: Conven\u00e7\u00f5es Internacionais com status de princ\u00edpios constitucionais, leis federais, audi\u00eancias p\u00fablicas, capacita\u00e7\u00f5es de professores, estamos todos maduros para que a inclus\u00e3o aconte\u00e7a efetivamente. Mas ela ainda n\u00e3o acontece para todos&#8230;<\/p>\n<p>Os n\u00fameros s\u00e3o f\u00e1ceis de entender: entre 1 e 2% dos alunos matriculados no ensino regular s\u00e3o pessoas com defici\u00eancia. Uma conquista da sociedade, uma vez que at\u00e9 pouco tempo os n\u00fameros sequer apareciam nas estat\u00edsticas. Mas ainda muito t\u00edmidos, se consideramos que aproximadamente 15% da popula\u00e7\u00e3o brasileira apresenta algum tipo de defici\u00eancia. Percebemos a\u00ed que algo entre 12 e 13% da popula\u00e7\u00e3o est\u00e1 fora do ensino regular. Pessoas com defici\u00eancia que n\u00e3o t\u00eam seus direitos constitucionais respeitados.<\/p>\n<p>Eles t\u00eam pressa. E a sociedade tamb\u00e9m precisa correr para marcar este gol antes dos 45 minutos do 2\u00ba tempo: precisamos buscar solu\u00e7\u00f5es conjuntas para incluir TODAS AS PESSOAS COM DEFICI\u00caNCIA no ensino regular em nosso Estado. Este \u00e9 o desafio. Para logramos \u00eaxito, TODOS precisam se envolver na busca de solu\u00e7\u00f5es: o poder p\u00fablico, os movimentos sociais, o parlamento, os conselhos, o minist\u00e9rio p\u00fablico, as escolas, as fam\u00edlias. A id\u00e9ia \u00e9 reunir todos estes agentes uma vez por m\u00eas para construir uma agenda comum de trabalho pela inclus\u00e3o. E tem muito trabalho pela frente, podemos citar alguns exemplos:<\/p>\n<p>a. Fazer um diagn\u00f3stico da situa\u00e7\u00e3o atual, escutando as experi\u00eancias das escolas especiais, conhecendo os n\u00fameros das secretarias de educa\u00e7\u00e3o e dos levantamentos das entidades de controle social e ouvindo ainda as demandas dos segmentos de acordo com cada especificidade (a comunidade surda tem demandas bem diferentes daquelas apresentadas pelos deficientes visuais, apenas para citar um exemplo);<\/p>\n<p>b. Conhecer e divulgar toda a legisla\u00e7\u00e3o federal e estadual que existe sobre o tema, inclusive para verificar descumprimentos e cobrar responsabilidades;<\/p>\n<p>c. Fazer um balan\u00e7o das estruturas e or\u00e7amentos p\u00fablicos voltadas para a educa\u00e7\u00e3o especial e propor mudan\u00e7as para a constru\u00e7\u00e3o de uma realidade que efetivamente inclua TODOS no ensino regular;<\/p>\n<p>d. Manter intensa articula\u00e7\u00e3o com todos os atores envolvidos neste processo, apoiando as a\u00e7\u00f5es de controle social, fortalecendo interc\u00e2mbio com entidades de ensino e pesquisa focadas no tema e apoiando a\u00e7\u00f5es governamentais e n\u00e3o-governamentais voltadas para a educa\u00e7\u00e3o inclusiva.<\/p>\n<p>Jo\u00e3o Eduardo B. Hass Gon\u00e7alves<\/p>\n","protected":false},"excerpt":{"rendered":"<p>O encontro do Cear\u00e1 n\u00e3o contou com a imprensa e nem com grandes multid\u00f5es: eram representantes t\u00e9cnicos de \u00f3rg\u00e3os governamentais, movimentos sociais, conselhos, parlamentos, escolas, entidades e pessoas ligadas \u00e0 causa da educa\u00e7\u00e3o inclusiva. O tema era a cria\u00e7\u00e3o do F\u00f3rum Permanente pela Educa\u00e7\u00e3o Inclusiva em nosso estado. O texto \u00e9 de Jo\u00e3o Eduardo B. Hass Gon\u00e7alves.<\/p>\n","protected":false},"author":1,"featured_media":0,"comment_status":"open","ping_status":"open","sticky":false,"template":"","format":"standard","meta":{"site-container-style":"default","site-container-layout":"default","site-sidebar-layout":"default","disable-article-header":"default","disable-site-header":"default","disable-site-footer":"default","disable-content-area-spacing":"default","footnotes":""},"categories":[4],"tags":[],"class_list":["post-16173","post","type-post","status-publish","format-standard","hentry","category-noticias"],"yoast_head":"<!-- This site is optimized with the Yoast SEO plugin v27.4 - https:\/\/yoast.com\/product\/yoast-seo-wordpress\/ -->\n<title>Cear\u00e1 ganha o seu F\u00f3rum Permanente pela Educa\u00e7\u00e3o Inclusiva -<\/title>\n<meta name=\"robots\" content=\"index, follow, max-snippet:-1, max-image-preview:large, max-video-preview:-1\" \/>\n<link rel=\"canonical\" href=\"https:\/\/inclusivenews.com.br\/?p=16173\" \/>\n<meta property=\"og:locale\" content=\"pt_PT\" \/>\n<meta property=\"og:type\" content=\"article\" \/>\n<meta property=\"og:title\" content=\"Cear\u00e1 ganha o seu F\u00f3rum Permanente pela Educa\u00e7\u00e3o Inclusiva -\" \/>\n<meta property=\"og:description\" content=\"O encontro do Cear\u00e1 n\u00e3o contou com a imprensa e nem com grandes multid\u00f5es: eram representantes t\u00e9cnicos de \u00f3rg\u00e3os governamentais, movimentos sociais, conselhos, parlamentos, escolas, entidades e pessoas ligadas \u00e0 causa da educa\u00e7\u00e3o inclusiva. O tema era a cria\u00e7\u00e3o do F\u00f3rum Permanente pela Educa\u00e7\u00e3o Inclusiva em nosso estado. O texto \u00e9 de Jo\u00e3o Eduardo B. Hass Gon\u00e7alves.\" \/>\n<meta property=\"og:url\" content=\"https:\/\/inclusivenews.com.br\/?p=16173\" \/>\n<meta property=\"article:publisher\" content=\"https:\/\/www.facebook.com\/agenciainclusive\/\" \/>\n<meta property=\"article:published_time\" content=\"2010-06-25T09:15:57+00:00\" \/>\n<meta property=\"og:image\" content=\"http:\/\/ricardocampos.files.wordpress.com\/2008\/05\/educacao.jpg\" \/>\n<meta name=\"author\" content=\"inclusivenews2024\" \/>\n<meta name=\"twitter:card\" content=\"summary_large_image\" \/>\n<meta name=\"twitter:label1\" content=\"Escrito por\" \/>\n\t<meta name=\"twitter:data1\" content=\"inclusivenews2024\" \/>\n\t<meta name=\"twitter:label2\" content=\"Tempo estimado de leitura\" \/>\n\t<meta name=\"twitter:data2\" content=\"3 minutos\" \/>\n<script type=\"application\/ld+json\" class=\"yoast-schema-graph\">{\"@context\":\"https:\\\/\\\/schema.org\",\"@graph\":[{\"@type\":\"Article\",\"@id\":\"https:\\\/\\\/inclusivenews.com.br\\\/?p=16173#article\",\"isPartOf\":{\"@id\":\"https:\\\/\\\/inclusivenews.com.br\\\/?p=16173\"},\"author\":{\"name\":\"inclusivenews2024\",\"@id\":\"https:\\\/\\\/inclusivenews.com.br\\\/#\\\/schema\\\/person\\\/ae4ec7087559b8692fb33b6fffd2273b\"},\"headline\":\"Cear\u00e1 ganha o seu F\u00f3rum Permanente pela Educa\u00e7\u00e3o Inclusiva\",\"datePublished\":\"2010-06-25T09:15:57+00:00\",\"mainEntityOfPage\":{\"@id\":\"https:\\\/\\\/inclusivenews.com.br\\\/?p=16173\"},\"wordCount\":597,\"commentCount\":0,\"publisher\":{\"@id\":\"https:\\\/\\\/inclusivenews.com.br\\\/#organization\"},\"image\":{\"@id\":\"https:\\\/\\\/inclusivenews.com.br\\\/?p=16173#primaryimage\"},\"thumbnailUrl\":\"http:\\\/\\\/ricardocampos.files.wordpress.com\\\/2008\\\/05\\\/educacao.jpg\",\"articleSection\":[\"NOT\u00cdCIAS\"],\"inLanguage\":\"pt-PT\",\"potentialAction\":[{\"@type\":\"CommentAction\",\"name\":\"Comment\",\"target\":[\"https:\\\/\\\/inclusivenews.com.br\\\/?p=16173#respond\"]}]},{\"@type\":\"WebPage\",\"@id\":\"https:\\\/\\\/inclusivenews.com.br\\\/?p=16173\",\"url\":\"https:\\\/\\\/inclusivenews.com.br\\\/?p=16173\",\"name\":\"Cear\u00e1 ganha o seu F\u00f3rum Permanente pela Educa\u00e7\u00e3o Inclusiva -\",\"isPartOf\":{\"@id\":\"https:\\\/\\\/inclusivenews.com.br\\\/#website\"},\"primaryImageOfPage\":{\"@id\":\"https:\\\/\\\/inclusivenews.com.br\\\/?p=16173#primaryimage\"},\"image\":{\"@id\":\"https:\\\/\\\/inclusivenews.com.br\\\/?p=16173#primaryimage\"},\"thumbnailUrl\":\"http:\\\/\\\/ricardocampos.files.wordpress.com\\\/2008\\\/05\\\/educacao.jpg\",\"datePublished\":\"2010-06-25T09:15:57+00:00\",\"breadcrumb\":{\"@id\":\"https:\\\/\\\/inclusivenews.com.br\\\/?p=16173#breadcrumb\"},\"inLanguage\":\"pt-PT\",\"potentialAction\":[{\"@type\":\"ReadAction\",\"target\":[\"https:\\\/\\\/inclusivenews.com.br\\\/?p=16173\"]}]},{\"@type\":\"ImageObject\",\"inLanguage\":\"pt-PT\",\"@id\":\"https:\\\/\\\/inclusivenews.com.br\\\/?p=16173#primaryimage\",\"url\":\"http:\\\/\\\/ricardocampos.files.wordpress.com\\\/2008\\\/05\\\/educacao.jpg\",\"contentUrl\":\"http:\\\/\\\/ricardocampos.files.wordpress.com\\\/2008\\\/05\\\/educacao.jpg\"},{\"@type\":\"BreadcrumbList\",\"@id\":\"https:\\\/\\\/inclusivenews.com.br\\\/?p=16173#breadcrumb\",\"itemListElement\":[{\"@type\":\"ListItem\",\"position\":1,\"name\":\"In\u00edcio\",\"item\":\"https:\\\/\\\/inclusivenews.com.br\\\/\"},{\"@type\":\"ListItem\",\"position\":2,\"name\":\"Cear\u00e1 ganha o seu F\u00f3rum Permanente pela Educa\u00e7\u00e3o Inclusiva\"}]},{\"@type\":\"WebSite\",\"@id\":\"https:\\\/\\\/inclusivenews.com.br\\\/#website\",\"url\":\"https:\\\/\\\/inclusivenews.com.br\\\/\",\"name\":\"Inclusive News\",\"description\":\"Inclusive News\",\"publisher\":{\"@id\":\"https:\\\/\\\/inclusivenews.com.br\\\/#organization\"},\"potentialAction\":[{\"@type\":\"SearchAction\",\"target\":{\"@type\":\"EntryPoint\",\"urlTemplate\":\"https:\\\/\\\/inclusivenews.com.br\\\/?s={search_term_string}\"},\"query-input\":{\"@type\":\"PropertyValueSpecification\",\"valueRequired\":true,\"valueName\":\"search_term_string\"}}],\"inLanguage\":\"pt-PT\"},{\"@type\":\"Organization\",\"@id\":\"https:\\\/\\\/inclusivenews.com.br\\\/#organization\",\"name\":\"Inclusive - inclus\u00e3o e cidadania\",\"url\":\"https:\\\/\\\/inclusivenews.com.br\\\/\",\"logo\":{\"@type\":\"ImageObject\",\"inLanguage\":\"pt-PT\",\"@id\":\"https:\\\/\\\/inclusivenews.com.br\\\/#\\\/schema\\\/logo\\\/image\\\/\",\"url\":\"https:\\\/\\\/inclusivenews.com.br\\\/wp-content\\\/uploads\\\/2024\\\/03\\\/@grandesite.png\",\"contentUrl\":\"https:\\\/\\\/inclusivenews.com.br\\\/wp-content\\\/uploads\\\/2024\\\/03\\\/@grandesite.png\",\"width\":1080,\"height\":1080,\"caption\":\"Inclusive - inclus\u00e3o e cidadania\"},\"image\":{\"@id\":\"https:\\\/\\\/inclusivenews.com.br\\\/#\\\/schema\\\/logo\\\/image\\\/\"},\"sameAs\":[\"https:\\\/\\\/www.facebook.com\\\/agenciainclusive\\\/\",\"https:\\\/\\\/www.instagram.com\\\/newsinclusive\\\/\"]},{\"@type\":\"Person\",\"@id\":\"https:\\\/\\\/inclusivenews.com.br\\\/#\\\/schema\\\/person\\\/ae4ec7087559b8692fb33b6fffd2273b\",\"name\":\"inclusivenews2024\",\"image\":{\"@type\":\"ImageObject\",\"inLanguage\":\"pt-PT\",\"@id\":\"https:\\\/\\\/secure.gravatar.com\\\/avatar\\\/c5a7ef84c66fa914f55bc4f7ce26cfa275a3b9a1c5568b907bd184fb4dde7b40?s=96&d=mm&r=g\",\"url\":\"https:\\\/\\\/secure.gravatar.com\\\/avatar\\\/c5a7ef84c66fa914f55bc4f7ce26cfa275a3b9a1c5568b907bd184fb4dde7b40?s=96&d=mm&r=g\",\"contentUrl\":\"https:\\\/\\\/secure.gravatar.com\\\/avatar\\\/c5a7ef84c66fa914f55bc4f7ce26cfa275a3b9a1c5568b907bd184fb4dde7b40?s=96&d=mm&r=g\",\"caption\":\"inclusivenews2024\"},\"sameAs\":[\"https:\\\/\\\/inclusivenews.com.br\"],\"url\":\"https:\\\/\\\/inclusivenews.com.br\\\/?author=1\"}]}<\/script>\n<!-- \/ Yoast SEO plugin. -->","yoast_head_json":{"title":"Cear\u00e1 ganha o seu F\u00f3rum Permanente pela Educa\u00e7\u00e3o Inclusiva -","robots":{"index":"index","follow":"follow","max-snippet":"max-snippet:-1","max-image-preview":"max-image-preview:large","max-video-preview":"max-video-preview:-1"},"canonical":"https:\/\/inclusivenews.com.br\/?p=16173","og_locale":"pt_PT","og_type":"article","og_title":"Cear\u00e1 ganha o seu F\u00f3rum Permanente pela Educa\u00e7\u00e3o Inclusiva -","og_description":"O encontro do Cear\u00e1 n\u00e3o contou com a imprensa e nem com grandes multid\u00f5es: eram representantes t\u00e9cnicos de \u00f3rg\u00e3os governamentais, movimentos sociais, conselhos, parlamentos, escolas, entidades e pessoas ligadas \u00e0 causa da educa\u00e7\u00e3o inclusiva. O tema era a cria\u00e7\u00e3o do F\u00f3rum Permanente pela Educa\u00e7\u00e3o Inclusiva em nosso estado. O texto \u00e9 de Jo\u00e3o Eduardo B. Hass Gon\u00e7alves.","og_url":"https:\/\/inclusivenews.com.br\/?p=16173","article_publisher":"https:\/\/www.facebook.com\/agenciainclusive\/","article_published_time":"2010-06-25T09:15:57+00:00","og_image":[{"url":"http:\/\/ricardocampos.files.wordpress.com\/2008\/05\/educacao.jpg","type":"","width":"","height":""}],"author":"inclusivenews2024","twitter_card":"summary_large_image","twitter_misc":{"Escrito por":"inclusivenews2024","Tempo estimado de leitura":"3 minutos"},"schema":{"@context":"https:\/\/schema.org","@graph":[{"@type":"Article","@id":"https:\/\/inclusivenews.com.br\/?p=16173#article","isPartOf":{"@id":"https:\/\/inclusivenews.com.br\/?p=16173"},"author":{"name":"inclusivenews2024","@id":"https:\/\/inclusivenews.com.br\/#\/schema\/person\/ae4ec7087559b8692fb33b6fffd2273b"},"headline":"Cear\u00e1 ganha o seu F\u00f3rum Permanente pela Educa\u00e7\u00e3o Inclusiva","datePublished":"2010-06-25T09:15:57+00:00","mainEntityOfPage":{"@id":"https:\/\/inclusivenews.com.br\/?p=16173"},"wordCount":597,"commentCount":0,"publisher":{"@id":"https:\/\/inclusivenews.com.br\/#organization"},"image":{"@id":"https:\/\/inclusivenews.com.br\/?p=16173#primaryimage"},"thumbnailUrl":"http:\/\/ricardocampos.files.wordpress.com\/2008\/05\/educacao.jpg","articleSection":["NOT\u00cdCIAS"],"inLanguage":"pt-PT","potentialAction":[{"@type":"CommentAction","name":"Comment","target":["https:\/\/inclusivenews.com.br\/?p=16173#respond"]}]},{"@type":"WebPage","@id":"https:\/\/inclusivenews.com.br\/?p=16173","url":"https:\/\/inclusivenews.com.br\/?p=16173","name":"Cear\u00e1 ganha o seu F\u00f3rum Permanente pela Educa\u00e7\u00e3o Inclusiva -","isPartOf":{"@id":"https:\/\/inclusivenews.com.br\/#website"},"primaryImageOfPage":{"@id":"https:\/\/inclusivenews.com.br\/?p=16173#primaryimage"},"image":{"@id":"https:\/\/inclusivenews.com.br\/?p=16173#primaryimage"},"thumbnailUrl":"http:\/\/ricardocampos.files.wordpress.com\/2008\/05\/educacao.jpg","datePublished":"2010-06-25T09:15:57+00:00","breadcrumb":{"@id":"https:\/\/inclusivenews.com.br\/?p=16173#breadcrumb"},"inLanguage":"pt-PT","potentialAction":[{"@type":"ReadAction","target":["https:\/\/inclusivenews.com.br\/?p=16173"]}]},{"@type":"ImageObject","inLanguage":"pt-PT","@id":"https:\/\/inclusivenews.com.br\/?p=16173#primaryimage","url":"http:\/\/ricardocampos.files.wordpress.com\/2008\/05\/educacao.jpg","contentUrl":"http:\/\/ricardocampos.files.wordpress.com\/2008\/05\/educacao.jpg"},{"@type":"BreadcrumbList","@id":"https:\/\/inclusivenews.com.br\/?p=16173#breadcrumb","itemListElement":[{"@type":"ListItem","position":1,"name":"In\u00edcio","item":"https:\/\/inclusivenews.com.br\/"},{"@type":"ListItem","position":2,"name":"Cear\u00e1 ganha o seu F\u00f3rum Permanente pela Educa\u00e7\u00e3o Inclusiva"}]},{"@type":"WebSite","@id":"https:\/\/inclusivenews.com.br\/#website","url":"https:\/\/inclusivenews.com.br\/","name":"Inclusive News","description":"Inclusive News","publisher":{"@id":"https:\/\/inclusivenews.com.br\/#organization"},"potentialAction":[{"@type":"SearchAction","target":{"@type":"EntryPoint","urlTemplate":"https:\/\/inclusivenews.com.br\/?s={search_term_string}"},"query-input":{"@type":"PropertyValueSpecification","valueRequired":true,"valueName":"search_term_string"}}],"inLanguage":"pt-PT"},{"@type":"Organization","@id":"https:\/\/inclusivenews.com.br\/#organization","name":"Inclusive - inclus\u00e3o e cidadania","url":"https:\/\/inclusivenews.com.br\/","logo":{"@type":"ImageObject","inLanguage":"pt-PT","@id":"https:\/\/inclusivenews.com.br\/#\/schema\/logo\/image\/","url":"https:\/\/inclusivenews.com.br\/wp-content\/uploads\/2024\/03\/@grandesite.png","contentUrl":"https:\/\/inclusivenews.com.br\/wp-content\/uploads\/2024\/03\/@grandesite.png","width":1080,"height":1080,"caption":"Inclusive - inclus\u00e3o e cidadania"},"image":{"@id":"https:\/\/inclusivenews.com.br\/#\/schema\/logo\/image\/"},"sameAs":["https:\/\/www.facebook.com\/agenciainclusive\/","https:\/\/www.instagram.com\/newsinclusive\/"]},{"@type":"Person","@id":"https:\/\/inclusivenews.com.br\/#\/schema\/person\/ae4ec7087559b8692fb33b6fffd2273b","name":"inclusivenews2024","image":{"@type":"ImageObject","inLanguage":"pt-PT","@id":"https:\/\/secure.gravatar.com\/avatar\/c5a7ef84c66fa914f55bc4f7ce26cfa275a3b9a1c5568b907bd184fb4dde7b40?s=96&d=mm&r=g","url":"https:\/\/secure.gravatar.com\/avatar\/c5a7ef84c66fa914f55bc4f7ce26cfa275a3b9a1c5568b907bd184fb4dde7b40?s=96&d=mm&r=g","contentUrl":"https:\/\/secure.gravatar.com\/avatar\/c5a7ef84c66fa914f55bc4f7ce26cfa275a3b9a1c5568b907bd184fb4dde7b40?s=96&d=mm&r=g","caption":"inclusivenews2024"},"sameAs":["https:\/\/inclusivenews.com.br"],"url":"https:\/\/inclusivenews.com.br\/?author=1"}]}},"_links":{"self":[{"href":"https:\/\/inclusivenews.com.br\/index.php?rest_route=\/wp\/v2\/posts\/16173","targetHints":{"allow":["GET"]}}],"collection":[{"href":"https:\/\/inclusivenews.com.br\/index.php?rest_route=\/wp\/v2\/posts"}],"about":[{"href":"https:\/\/inclusivenews.com.br\/index.php?rest_route=\/wp\/v2\/types\/post"}],"author":[{"embeddable":true,"href":"https:\/\/inclusivenews.com.br\/index.php?rest_route=\/wp\/v2\/users\/1"}],"replies":[{"embeddable":true,"href":"https:\/\/inclusivenews.com.br\/index.php?rest_route=%2Fwp%2Fv2%2Fcomments&post=16173"}],"version-history":[{"count":0,"href":"https:\/\/inclusivenews.com.br\/index.php?rest_route=\/wp\/v2\/posts\/16173\/revisions"}],"wp:attachment":[{"href":"https:\/\/inclusivenews.com.br\/index.php?rest_route=%2Fwp%2Fv2%2Fmedia&parent=16173"}],"wp:term":[{"taxonomy":"category","embeddable":true,"href":"https:\/\/inclusivenews.com.br\/index.php?rest_route=%2Fwp%2Fv2%2Fcategories&post=16173"},{"taxonomy":"post_tag","embeddable":true,"href":"https:\/\/inclusivenews.com.br\/index.php?rest_route=%2Fwp%2Fv2%2Ftags&post=16173"}],"curies":[{"name":"wp","href":"https:\/\/api.w.org\/{rel}","templated":true}]}}