{"id":16176,"date":"2010-06-24T05:58:27","date_gmt":"2010-06-24T08:58:27","guid":{"rendered":"http:\/\/www.inclusive.org.br\/?p=16176"},"modified":"2010-06-24T05:58:27","modified_gmt":"2010-06-24T08:58:27","slug":"triplica-numero-de-presos-que-trabalha-para-reduzir-pena","status":"publish","type":"post","link":"https:\/\/inclusivenews.com.br\/?p=16176","title":{"rendered":"Triplica n\u00famero de presos que trabalha para reduzir pena"},"content":{"rendered":"<figure style=\"width: 224px\" class=\"wp-caption alignleft\"><a class=\"moz-txt-link-freetext\" href=\"http:\/\/imgs.uai.com.br\/arquivos\/app\/noticia173\/2010\/06\/23\/165456\/20100623070702345565i.jpg\"><img loading=\"lazy\" decoding=\"async\" title=\"Detentos exercem atividades em pres\u00eddio da Grande BH\" src=\"http:\/\/imgs.uai.com.br\/arquivos\/app\/noticia173\/2010\/06\/23\/165456\/20100623070702345565i.jpg\" alt=\"\" width=\"224\" height=\"175\" \/><\/a><figcaption class=\"wp-caption-text\">Detentos exercem atividades em pres\u00eddio da Grande BH<\/figcaption><\/figure>\n<p><a class=\"moz-txt-link-freetext\" href=\"http:\/\/imgs.uai.com.br\/arquivos\/app\/noticia173\/2010\/06\/23\/165456\/20100623070702345565i.jpg\"><\/a><\/p>\n<p>Quebrar o preconceito da sociedade para com os egressos do sistema penitenci\u00e1rio, bem como assegurar a eles a chance de ter um emprego e, consequentemente, a oportunidade de ter uma vida melhor. Esses s\u00e3o alguns dos objetivos do programa Trabalhando a Cidadania, da Secretaria de Estado de Defesa Social (Seds). O \u00edndice de presos trabalhando triplicou nos \u00faltimos tr\u00eas anos.<\/p>\n<p>Atualmente, por meio desta iniciativa, 8.272 presos trabalham e, em contrapartida, t\u00eam direito \u00e0 remi\u00e7\u00e3o &#8211; a cada tr\u00eas dias trabalhados, ter\u00e3o um dia a menos no cumprimento da pena &#8211; e a receber, no m\u00ednimo, 3\/4 do sal\u00e1rio m\u00ednimo.<\/p>\n<p>No in\u00edcio desta semana, por exemplo, sete detentos do pres\u00eddio de Arax\u00e1 (Alto Parana\u00edba) come\u00e7aram a trabalhar em uma f\u00e1brica de blocos para pavimenta\u00e7\u00e3o. Segundo o superintendente de Atendimento ao Preso da Seds, Guilherme Augusto de Faria Soares, somente na cidade, outras 20 vagas devem ser criadas para os detentos ainda neste ano. Ele afirma que, al\u00e9m da esperan\u00e7a em um futuro melhor, os presos, ao desempenharem uma atividade, se sentem \u00fateis, o que aumenta sua autoestima, melhora o sono e at\u00e9 mesmo a sa\u00fade.<\/p>\n<p><strong>Aten\u00e7\u00e3o<\/strong><\/p>\n<p>\u201cO Trabalhando a Cidadania re\u00fane em um s\u00f3 programa a\u00e7\u00f5es com \u00eanfase para a popula\u00e7\u00e3o privada de liberdade nas \u00e1reas de sa\u00fade, trabalho, educa\u00e7\u00e3o e lazer. No que diz respeito ao trabalho, ensinamos os presos a viver junto com a sociedade. Quem est\u00e1 cumprindo pena precisa de aten\u00e7\u00e3o especial, pois o estado n\u00e3o consegue reinserir essas pessoas sem a ajuda da pr\u00f3pria popula\u00e7\u00e3o, que deve deixar o preconceito de lado.<br \/>\nAfinal, quem sai da pris\u00e3o e n\u00e3o tem oportunidades, tende a voltar para a criminalidade\u201d, ressalta o superintendente.<\/p>\n<p>De acordo com Guilherme Soares, h\u00e1 trabalhos para todos os tipos de regime &#8211; aberto, semiaberto, fechado &#8211; em diversas \u00e1reas: constru\u00e7\u00e3o civil, jardinagem, alvenaria, serralheria, costura, mec\u00e2nica, atendimento em hot\u00e9is, telemarketing, limpeza, artesanato, entre outras.<br \/>\n___________________<\/p>\n<p><strong>Fonte:<\/strong> <a href=\"http:\/\/www.uai.com.br\/htmls\/app\/noticia173\/2010\/06\/23\/noticia_minas,i=165456\/TRIPLICA+NUMERO+DE+PRESOS+QUE+TRABALHA+PARA+REDUZIR+PENA.shtml\">Estado de Minas<\/a><\/p>\n","protected":false},"excerpt":{"rendered":"<p>Quebrar o preconceito da sociedade para com os egressos do sistema penitenci\u00e1rio, bem como assegurar a eles a chance de ter um emprego e, consequentemente, a oportunidade de ter uma vida melhor. Not\u00edcia do Estado de Minas.<\/p>\n","protected":false},"author":1,"featured_media":0,"comment_status":"open","ping_status":"open","sticky":false,"template":"","format":"standard","meta":{"site-container-style":"default","site-container-layout":"default","site-sidebar-layout":"default","disable-article-header":"default","disable-site-header":"default","disable-site-footer":"default","disable-content-area-spacing":"default","footnotes":""},"categories":[4,41],"tags":[],"class_list":["post-16176","post","type-post","status-publish","format-standard","hentry","category-noticias","category-preconceito"],"yoast_head":"<!-- This site is optimized with the Yoast SEO plugin v27.4 - https:\/\/yoast.com\/product\/yoast-seo-wordpress\/ -->\n<title>Triplica n\u00famero de presos que trabalha para reduzir pena -<\/title>\n<meta name=\"robots\" content=\"index, follow, max-snippet:-1, max-image-preview:large, max-video-preview:-1\" \/>\n<link rel=\"canonical\" href=\"https:\/\/inclusivenews.com.br\/?p=16176\" \/>\n<meta property=\"og:locale\" content=\"pt_PT\" \/>\n<meta property=\"og:type\" content=\"article\" \/>\n<meta property=\"og:title\" content=\"Triplica n\u00famero de presos que trabalha para reduzir pena -\" \/>\n<meta property=\"og:description\" content=\"Quebrar o preconceito da sociedade para com os egressos do sistema penitenci\u00e1rio, bem como assegurar a eles a chance de ter um emprego e, consequentemente, a oportunidade de ter uma vida melhor. Not\u00edcia do Estado de Minas.\" \/>\n<meta property=\"og:url\" content=\"https:\/\/inclusivenews.com.br\/?p=16176\" \/>\n<meta property=\"article:publisher\" content=\"https:\/\/www.facebook.com\/agenciainclusive\/\" \/>\n<meta property=\"article:published_time\" content=\"2010-06-24T08:58:27+00:00\" \/>\n<meta property=\"og:image\" content=\"http:\/\/imgs.uai.com.br\/arquivos\/app\/noticia173\/2010\/06\/23\/165456\/20100623070702345565i.jpg\" \/>\n<meta name=\"author\" content=\"inclusivenews2024\" \/>\n<meta name=\"twitter:card\" content=\"summary_large_image\" \/>\n<meta name=\"twitter:label1\" content=\"Escrito por\" \/>\n\t<meta name=\"twitter:data1\" content=\"inclusivenews2024\" \/>\n\t<meta name=\"twitter:label2\" content=\"Tempo estimado de leitura\" \/>\n\t<meta name=\"twitter:data2\" content=\"2 minutos\" \/>\n<script type=\"application\/ld+json\" class=\"yoast-schema-graph\">{\"@context\":\"https:\\\/\\\/schema.org\",\"@graph\":[{\"@type\":\"Article\",\"@id\":\"https:\\\/\\\/inclusivenews.com.br\\\/?p=16176#article\",\"isPartOf\":{\"@id\":\"https:\\\/\\\/inclusivenews.com.br\\\/?p=16176\"},\"author\":{\"name\":\"inclusivenews2024\",\"@id\":\"https:\\\/\\\/inclusivenews.com.br\\\/#\\\/schema\\\/person\\\/ae4ec7087559b8692fb33b6fffd2273b\"},\"headline\":\"Triplica n\u00famero de presos que trabalha para reduzir pena\",\"datePublished\":\"2010-06-24T08:58:27+00:00\",\"mainEntityOfPage\":{\"@id\":\"https:\\\/\\\/inclusivenews.com.br\\\/?p=16176\"},\"wordCount\":370,\"commentCount\":0,\"publisher\":{\"@id\":\"https:\\\/\\\/inclusivenews.com.br\\\/#organization\"},\"image\":{\"@id\":\"https:\\\/\\\/inclusivenews.com.br\\\/?p=16176#primaryimage\"},\"thumbnailUrl\":\"http:\\\/\\\/imgs.uai.com.br\\\/arquivos\\\/app\\\/noticia173\\\/2010\\\/06\\\/23\\\/165456\\\/20100623070702345565i.jpg\",\"articleSection\":[\"NOT\u00cdCIAS\",\"Preconceito\"],\"inLanguage\":\"pt-PT\",\"potentialAction\":[{\"@type\":\"CommentAction\",\"name\":\"Comment\",\"target\":[\"https:\\\/\\\/inclusivenews.com.br\\\/?p=16176#respond\"]}]},{\"@type\":\"WebPage\",\"@id\":\"https:\\\/\\\/inclusivenews.com.br\\\/?p=16176\",\"url\":\"https:\\\/\\\/inclusivenews.com.br\\\/?p=16176\",\"name\":\"Triplica n\u00famero de presos que trabalha para reduzir pena -\",\"isPartOf\":{\"@id\":\"https:\\\/\\\/inclusivenews.com.br\\\/#website\"},\"primaryImageOfPage\":{\"@id\":\"https:\\\/\\\/inclusivenews.com.br\\\/?p=16176#primaryimage\"},\"image\":{\"@id\":\"https:\\\/\\\/inclusivenews.com.br\\\/?p=16176#primaryimage\"},\"thumbnailUrl\":\"http:\\\/\\\/imgs.uai.com.br\\\/arquivos\\\/app\\\/noticia173\\\/2010\\\/06\\\/23\\\/165456\\\/20100623070702345565i.jpg\",\"datePublished\":\"2010-06-24T08:58:27+00:00\",\"breadcrumb\":{\"@id\":\"https:\\\/\\\/inclusivenews.com.br\\\/?p=16176#breadcrumb\"},\"inLanguage\":\"pt-PT\",\"potentialAction\":[{\"@type\":\"ReadAction\",\"target\":[\"https:\\\/\\\/inclusivenews.com.br\\\/?p=16176\"]}]},{\"@type\":\"ImageObject\",\"inLanguage\":\"pt-PT\",\"@id\":\"https:\\\/\\\/inclusivenews.com.br\\\/?p=16176#primaryimage\",\"url\":\"http:\\\/\\\/imgs.uai.com.br\\\/arquivos\\\/app\\\/noticia173\\\/2010\\\/06\\\/23\\\/165456\\\/20100623070702345565i.jpg\",\"contentUrl\":\"http:\\\/\\\/imgs.uai.com.br\\\/arquivos\\\/app\\\/noticia173\\\/2010\\\/06\\\/23\\\/165456\\\/20100623070702345565i.jpg\"},{\"@type\":\"BreadcrumbList\",\"@id\":\"https:\\\/\\\/inclusivenews.com.br\\\/?p=16176#breadcrumb\",\"itemListElement\":[{\"@type\":\"ListItem\",\"position\":1,\"name\":\"In\u00edcio\",\"item\":\"https:\\\/\\\/inclusivenews.com.br\\\/\"},{\"@type\":\"ListItem\",\"position\":2,\"name\":\"Triplica n\u00famero de presos que trabalha para reduzir pena\"}]},{\"@type\":\"WebSite\",\"@id\":\"https:\\\/\\\/inclusivenews.com.br\\\/#website\",\"url\":\"https:\\\/\\\/inclusivenews.com.br\\\/\",\"name\":\"Inclusive News\",\"description\":\"Inclusive News\",\"publisher\":{\"@id\":\"https:\\\/\\\/inclusivenews.com.br\\\/#organization\"},\"potentialAction\":[{\"@type\":\"SearchAction\",\"target\":{\"@type\":\"EntryPoint\",\"urlTemplate\":\"https:\\\/\\\/inclusivenews.com.br\\\/?s={search_term_string}\"},\"query-input\":{\"@type\":\"PropertyValueSpecification\",\"valueRequired\":true,\"valueName\":\"search_term_string\"}}],\"inLanguage\":\"pt-PT\"},{\"@type\":\"Organization\",\"@id\":\"https:\\\/\\\/inclusivenews.com.br\\\/#organization\",\"name\":\"Inclusive - inclus\u00e3o e cidadania\",\"url\":\"https:\\\/\\\/inclusivenews.com.br\\\/\",\"logo\":{\"@type\":\"ImageObject\",\"inLanguage\":\"pt-PT\",\"@id\":\"https:\\\/\\\/inclusivenews.com.br\\\/#\\\/schema\\\/logo\\\/image\\\/\",\"url\":\"https:\\\/\\\/inclusivenews.com.br\\\/wp-content\\\/uploads\\\/2024\\\/03\\\/@grandesite.png\",\"contentUrl\":\"https:\\\/\\\/inclusivenews.com.br\\\/wp-content\\\/uploads\\\/2024\\\/03\\\/@grandesite.png\",\"width\":1080,\"height\":1080,\"caption\":\"Inclusive - inclus\u00e3o e cidadania\"},\"image\":{\"@id\":\"https:\\\/\\\/inclusivenews.com.br\\\/#\\\/schema\\\/logo\\\/image\\\/\"},\"sameAs\":[\"https:\\\/\\\/www.facebook.com\\\/agenciainclusive\\\/\",\"https:\\\/\\\/www.instagram.com\\\/newsinclusive\\\/\"]},{\"@type\":\"Person\",\"@id\":\"https:\\\/\\\/inclusivenews.com.br\\\/#\\\/schema\\\/person\\\/ae4ec7087559b8692fb33b6fffd2273b\",\"name\":\"inclusivenews2024\",\"image\":{\"@type\":\"ImageObject\",\"inLanguage\":\"pt-PT\",\"@id\":\"https:\\\/\\\/secure.gravatar.com\\\/avatar\\\/c5a7ef84c66fa914f55bc4f7ce26cfa275a3b9a1c5568b907bd184fb4dde7b40?s=96&d=mm&r=g\",\"url\":\"https:\\\/\\\/secure.gravatar.com\\\/avatar\\\/c5a7ef84c66fa914f55bc4f7ce26cfa275a3b9a1c5568b907bd184fb4dde7b40?s=96&d=mm&r=g\",\"contentUrl\":\"https:\\\/\\\/secure.gravatar.com\\\/avatar\\\/c5a7ef84c66fa914f55bc4f7ce26cfa275a3b9a1c5568b907bd184fb4dde7b40?s=96&d=mm&r=g\",\"caption\":\"inclusivenews2024\"},\"sameAs\":[\"https:\\\/\\\/inclusivenews.com.br\"],\"url\":\"https:\\\/\\\/inclusivenews.com.br\\\/?author=1\"}]}<\/script>\n<!-- \/ Yoast SEO plugin. -->","yoast_head_json":{"title":"Triplica n\u00famero de presos que trabalha para reduzir pena -","robots":{"index":"index","follow":"follow","max-snippet":"max-snippet:-1","max-image-preview":"max-image-preview:large","max-video-preview":"max-video-preview:-1"},"canonical":"https:\/\/inclusivenews.com.br\/?p=16176","og_locale":"pt_PT","og_type":"article","og_title":"Triplica n\u00famero de presos que trabalha para reduzir pena -","og_description":"Quebrar o preconceito da sociedade para com os egressos do sistema penitenci\u00e1rio, bem como assegurar a eles a chance de ter um emprego e, consequentemente, a oportunidade de ter uma vida melhor. Not\u00edcia do Estado de Minas.","og_url":"https:\/\/inclusivenews.com.br\/?p=16176","article_publisher":"https:\/\/www.facebook.com\/agenciainclusive\/","article_published_time":"2010-06-24T08:58:27+00:00","og_image":[{"url":"http:\/\/imgs.uai.com.br\/arquivos\/app\/noticia173\/2010\/06\/23\/165456\/20100623070702345565i.jpg","type":"","width":"","height":""}],"author":"inclusivenews2024","twitter_card":"summary_large_image","twitter_misc":{"Escrito por":"inclusivenews2024","Tempo estimado de leitura":"2 minutos"},"schema":{"@context":"https:\/\/schema.org","@graph":[{"@type":"Article","@id":"https:\/\/inclusivenews.com.br\/?p=16176#article","isPartOf":{"@id":"https:\/\/inclusivenews.com.br\/?p=16176"},"author":{"name":"inclusivenews2024","@id":"https:\/\/inclusivenews.com.br\/#\/schema\/person\/ae4ec7087559b8692fb33b6fffd2273b"},"headline":"Triplica n\u00famero de presos que trabalha para reduzir pena","datePublished":"2010-06-24T08:58:27+00:00","mainEntityOfPage":{"@id":"https:\/\/inclusivenews.com.br\/?p=16176"},"wordCount":370,"commentCount":0,"publisher":{"@id":"https:\/\/inclusivenews.com.br\/#organization"},"image":{"@id":"https:\/\/inclusivenews.com.br\/?p=16176#primaryimage"},"thumbnailUrl":"http:\/\/imgs.uai.com.br\/arquivos\/app\/noticia173\/2010\/06\/23\/165456\/20100623070702345565i.jpg","articleSection":["NOT\u00cdCIAS","Preconceito"],"inLanguage":"pt-PT","potentialAction":[{"@type":"CommentAction","name":"Comment","target":["https:\/\/inclusivenews.com.br\/?p=16176#respond"]}]},{"@type":"WebPage","@id":"https:\/\/inclusivenews.com.br\/?p=16176","url":"https:\/\/inclusivenews.com.br\/?p=16176","name":"Triplica n\u00famero de presos que trabalha para reduzir pena -","isPartOf":{"@id":"https:\/\/inclusivenews.com.br\/#website"},"primaryImageOfPage":{"@id":"https:\/\/inclusivenews.com.br\/?p=16176#primaryimage"},"image":{"@id":"https:\/\/inclusivenews.com.br\/?p=16176#primaryimage"},"thumbnailUrl":"http:\/\/imgs.uai.com.br\/arquivos\/app\/noticia173\/2010\/06\/23\/165456\/20100623070702345565i.jpg","datePublished":"2010-06-24T08:58:27+00:00","breadcrumb":{"@id":"https:\/\/inclusivenews.com.br\/?p=16176#breadcrumb"},"inLanguage":"pt-PT","potentialAction":[{"@type":"ReadAction","target":["https:\/\/inclusivenews.com.br\/?p=16176"]}]},{"@type":"ImageObject","inLanguage":"pt-PT","@id":"https:\/\/inclusivenews.com.br\/?p=16176#primaryimage","url":"http:\/\/imgs.uai.com.br\/arquivos\/app\/noticia173\/2010\/06\/23\/165456\/20100623070702345565i.jpg","contentUrl":"http:\/\/imgs.uai.com.br\/arquivos\/app\/noticia173\/2010\/06\/23\/165456\/20100623070702345565i.jpg"},{"@type":"BreadcrumbList","@id":"https:\/\/inclusivenews.com.br\/?p=16176#breadcrumb","itemListElement":[{"@type":"ListItem","position":1,"name":"In\u00edcio","item":"https:\/\/inclusivenews.com.br\/"},{"@type":"ListItem","position":2,"name":"Triplica n\u00famero de presos que trabalha para reduzir pena"}]},{"@type":"WebSite","@id":"https:\/\/inclusivenews.com.br\/#website","url":"https:\/\/inclusivenews.com.br\/","name":"Inclusive News","description":"Inclusive News","publisher":{"@id":"https:\/\/inclusivenews.com.br\/#organization"},"potentialAction":[{"@type":"SearchAction","target":{"@type":"EntryPoint","urlTemplate":"https:\/\/inclusivenews.com.br\/?s={search_term_string}"},"query-input":{"@type":"PropertyValueSpecification","valueRequired":true,"valueName":"search_term_string"}}],"inLanguage":"pt-PT"},{"@type":"Organization","@id":"https:\/\/inclusivenews.com.br\/#organization","name":"Inclusive - inclus\u00e3o e cidadania","url":"https:\/\/inclusivenews.com.br\/","logo":{"@type":"ImageObject","inLanguage":"pt-PT","@id":"https:\/\/inclusivenews.com.br\/#\/schema\/logo\/image\/","url":"https:\/\/inclusivenews.com.br\/wp-content\/uploads\/2024\/03\/@grandesite.png","contentUrl":"https:\/\/inclusivenews.com.br\/wp-content\/uploads\/2024\/03\/@grandesite.png","width":1080,"height":1080,"caption":"Inclusive - inclus\u00e3o e cidadania"},"image":{"@id":"https:\/\/inclusivenews.com.br\/#\/schema\/logo\/image\/"},"sameAs":["https:\/\/www.facebook.com\/agenciainclusive\/","https:\/\/www.instagram.com\/newsinclusive\/"]},{"@type":"Person","@id":"https:\/\/inclusivenews.com.br\/#\/schema\/person\/ae4ec7087559b8692fb33b6fffd2273b","name":"inclusivenews2024","image":{"@type":"ImageObject","inLanguage":"pt-PT","@id":"https:\/\/secure.gravatar.com\/avatar\/c5a7ef84c66fa914f55bc4f7ce26cfa275a3b9a1c5568b907bd184fb4dde7b40?s=96&d=mm&r=g","url":"https:\/\/secure.gravatar.com\/avatar\/c5a7ef84c66fa914f55bc4f7ce26cfa275a3b9a1c5568b907bd184fb4dde7b40?s=96&d=mm&r=g","contentUrl":"https:\/\/secure.gravatar.com\/avatar\/c5a7ef84c66fa914f55bc4f7ce26cfa275a3b9a1c5568b907bd184fb4dde7b40?s=96&d=mm&r=g","caption":"inclusivenews2024"},"sameAs":["https:\/\/inclusivenews.com.br"],"url":"https:\/\/inclusivenews.com.br\/?author=1"}]}},"_links":{"self":[{"href":"https:\/\/inclusivenews.com.br\/index.php?rest_route=\/wp\/v2\/posts\/16176","targetHints":{"allow":["GET"]}}],"collection":[{"href":"https:\/\/inclusivenews.com.br\/index.php?rest_route=\/wp\/v2\/posts"}],"about":[{"href":"https:\/\/inclusivenews.com.br\/index.php?rest_route=\/wp\/v2\/types\/post"}],"author":[{"embeddable":true,"href":"https:\/\/inclusivenews.com.br\/index.php?rest_route=\/wp\/v2\/users\/1"}],"replies":[{"embeddable":true,"href":"https:\/\/inclusivenews.com.br\/index.php?rest_route=%2Fwp%2Fv2%2Fcomments&post=16176"}],"version-history":[{"count":0,"href":"https:\/\/inclusivenews.com.br\/index.php?rest_route=\/wp\/v2\/posts\/16176\/revisions"}],"wp:attachment":[{"href":"https:\/\/inclusivenews.com.br\/index.php?rest_route=%2Fwp%2Fv2%2Fmedia&parent=16176"}],"wp:term":[{"taxonomy":"category","embeddable":true,"href":"https:\/\/inclusivenews.com.br\/index.php?rest_route=%2Fwp%2Fv2%2Fcategories&post=16176"},{"taxonomy":"post_tag","embeddable":true,"href":"https:\/\/inclusivenews.com.br\/index.php?rest_route=%2Fwp%2Fv2%2Ftags&post=16176"}],"curies":[{"name":"wp","href":"https:\/\/api.w.org\/{rel}","templated":true}]}}