{"id":16196,"date":"2010-06-25T06:00:28","date_gmt":"2010-06-25T09:00:28","guid":{"rendered":"http:\/\/www.inclusive.org.br\/?p=16196"},"modified":"2010-06-25T06:00:28","modified_gmt":"2010-06-25T09:00:28","slug":"seminario-internacional-discute-genero-e-sexualidade-na-escola","status":"publish","type":"post","link":"https:\/\/inclusivenews.com.br\/?p=16196","title":{"rendered":"Semin\u00e1rio Internacional discute g\u00eanero e sexualidade na escola"},"content":{"rendered":"<figure style=\"width: 182px\" class=\"wp-caption alignleft\"><a class=\"moz-txt-link-freetext\" href=\"http:\/\/www.envolverde.com.br\/fotos_novas\/76612.jpg\"><img loading=\"lazy\" decoding=\"async\" title=\"Casal olhando um quadro negro onde h\u00e1 um desenho de um casal\" src=\"http:\/\/www.envolverde.com.br\/fotos_novas\/76612.jpg\" alt=\"\" width=\"182\" height=\"220\" \/><\/a><figcaption class=\"wp-caption-text\"> <\/figcaption><\/figure>\n<p>No Brasil as pol\u00edticas p\u00fablicas voltadas \u00e0 diversidade de g\u00eanero geram documentos, por\u00e9m, n\u00e3o h\u00e1 uma forma\u00e7\u00e3o inicial dos professores para lidar com essa quest\u00e3o. A cr\u00edtica foi feita por Cl\u00e1udia Vianna, professora da Faculdade de Educa\u00e7\u00e3o da USP, durante mesa-redonda do II Semin\u00e1rio Internacional Corpo, G\u00eanero e Educa\u00e7\u00e3o F\u00edsica, realizado nesta quarta-feira (23), no audit\u00f3rio do Diretoria Geral da Administra\u00e7\u00e3o (DGA).<\/p>\n<p>O evento, que foi aberto pelo vice-diretor da Faculdade de Educa\u00e7\u00e3o F\u00edsica (FEF) da Unicamp, Miguel Arruda, e pela professora Helena Altmann, coordenadora do Grupo de Pesquisa Corpo e Educa\u00e7\u00e3o da FEF, que organizou o semin\u00e1rio. Segundo Helena, o objetivo foi discutir a educa\u00e7\u00e3o do corpo a partir de quest\u00f5es de g\u00eanero e a evolu\u00e7\u00e3o desta \u00e1rea de conhecimento. No per\u00edodo da tarde foram apresentados resultados de pesquisa realizada pela FEF, a Faculdade de Educa\u00e7\u00e3o da Unicamp e a Universidade Complutense de Madri. O projeto comparou a forma como meninos e meninas do ensino fundamental, no Brasil e na Espanha, lidam com as desigualdades de g\u00eanero.<\/p>\n<p>Cl\u00e1udia Vianna destacou que as desigualdades territoriais, de classe social e de ra\u00e7a tamb\u00e9m devem ser levadas em conta na elabora\u00e7\u00e3o de pol\u00edticas publicas para o setor. A professora citou programas criados pelo Minist\u00e9rio da Educa\u00e7\u00e3o que orientam professores a lidar com as diferen\u00e7as de g\u00eanero e temas sens\u00edveis como a homofobia.<\/p>\n<p>J\u00e1 Cl\u00e1udia Maria Ribeiro, professora associada do Departamento de Educa\u00e7\u00e3o, da Universidade Federal de Lavras (UFLA), destacou que as estruturas curriculares de todas as disciplinas deveriam abordar a diversidade sexual. Coordenadora do Grupo de Trabalho G\u00eanero, Sexualidade e Educa\u00e7\u00e3o da Associa\u00e7\u00e3o Nacional de P\u00f3s-gradua\u00e7\u00e3o e Pesquisa em Educa\u00e7\u00e3o (Anped), a professora tamb\u00e9m ministra cursos de especializa\u00e7\u00e3o sobre o assunto a professores da educa\u00e7\u00e3o infantil.\u00a0 \u201cN\u00f3s fomos educados em uma escola que valoriza a dicotomia entre homem e mulher\u201d frisou. De acordo com ela \u00e9 necess\u00e1rio trabalhar com novos conceitos de fam\u00edlia, feminilidade e masculinidade.<\/p>\n<p>\u201cAs pessoas se apoderam do discurso de respeito \u00e0 diversidade sexual, mas n\u00e3o realizam modifica\u00e7\u00f5es em suas atividades, principalmente pedag\u00f3gicas\u201d, disse Aline Nicolino, professora adjunta da Faculdade de Educa\u00e7\u00e3o F\u00edsica, da Universidade Federal de Goi\u00e1s (UFG). Aline, que participa de pesquisas no Laborat\u00f3rio Physis da UFG, com educadores da regi\u00e3o de Goi\u00e2nia, contou que muitos identificam conflitos de g\u00eanero durante as aulas e criam estrat\u00e9gias pr\u00f3prias para medi\u00e1-las a partir de seu conhecimento pedag\u00f3gico.<br \/>\n______________________________<\/p>\n<p><strong>Fonte:<\/strong> <a href=\"http:\/\/www.envolverde.com.br\/materia.php?cod=76612&amp;edt=8\">Envolverde\/Jornal da Unicamp<\/a><\/p>\n","protected":false},"excerpt":{"rendered":"<p>No Brasil as pol\u00edticas p\u00fablicas voltadas \u00e0 diversidade de g\u00eanero geram documentos, por\u00e9m, n\u00e3o h\u00e1 uma forma\u00e7\u00e3o inicial dos professores para lidar com essa quest\u00e3o. Da Envolverde.<\/p>\n","protected":false},"author":1,"featured_media":0,"comment_status":"open","ping_status":"open","sticky":false,"template":"","format":"standard","meta":{"site-container-style":"default","site-container-layout":"default","site-sidebar-layout":"default","disable-article-header":"default","disable-site-header":"default","disable-site-footer":"default","disable-content-area-spacing":"default","footnotes":""},"categories":[6,4],"tags":[],"class_list":["post-16196","post","type-post","status-publish","format-standard","hentry","category-educacao","category-noticias"],"yoast_head":"<!-- This site is optimized with the Yoast SEO plugin v27.4 - https:\/\/yoast.com\/product\/yoast-seo-wordpress\/ -->\n<title>Semin\u00e1rio Internacional discute g\u00eanero e sexualidade na escola -<\/title>\n<meta name=\"robots\" content=\"index, follow, max-snippet:-1, max-image-preview:large, max-video-preview:-1\" \/>\n<link rel=\"canonical\" href=\"https:\/\/inclusivenews.com.br\/?p=16196\" \/>\n<meta property=\"og:locale\" content=\"pt_PT\" \/>\n<meta property=\"og:type\" content=\"article\" \/>\n<meta property=\"og:title\" content=\"Semin\u00e1rio Internacional discute g\u00eanero e sexualidade na escola -\" \/>\n<meta property=\"og:description\" content=\"No Brasil as pol\u00edticas p\u00fablicas voltadas \u00e0 diversidade de g\u00eanero geram documentos, por\u00e9m, n\u00e3o h\u00e1 uma forma\u00e7\u00e3o inicial dos professores para lidar com essa quest\u00e3o. Da Envolverde.\" \/>\n<meta property=\"og:url\" content=\"https:\/\/inclusivenews.com.br\/?p=16196\" \/>\n<meta property=\"article:publisher\" content=\"https:\/\/www.facebook.com\/agenciainclusive\/\" \/>\n<meta property=\"article:published_time\" content=\"2010-06-25T09:00:28+00:00\" \/>\n<meta property=\"og:image\" content=\"http:\/\/www.envolverde.com.br\/fotos_novas\/76612.jpg\" \/>\n<meta name=\"author\" content=\"inclusivenews2024\" \/>\n<meta name=\"twitter:card\" content=\"summary_large_image\" \/>\n<meta name=\"twitter:label1\" content=\"Escrito por\" \/>\n\t<meta name=\"twitter:data1\" content=\"inclusivenews2024\" \/>\n\t<meta name=\"twitter:label2\" content=\"Tempo estimado de leitura\" \/>\n\t<meta name=\"twitter:data2\" content=\"2 minutos\" \/>\n<script type=\"application\/ld+json\" class=\"yoast-schema-graph\">{\"@context\":\"https:\\\/\\\/schema.org\",\"@graph\":[{\"@type\":\"Article\",\"@id\":\"https:\\\/\\\/inclusivenews.com.br\\\/?p=16196#article\",\"isPartOf\":{\"@id\":\"https:\\\/\\\/inclusivenews.com.br\\\/?p=16196\"},\"author\":{\"name\":\"inclusivenews2024\",\"@id\":\"https:\\\/\\\/inclusivenews.com.br\\\/#\\\/schema\\\/person\\\/ae4ec7087559b8692fb33b6fffd2273b\"},\"headline\":\"Semin\u00e1rio Internacional discute g\u00eanero e sexualidade na escola\",\"datePublished\":\"2010-06-25T09:00:28+00:00\",\"mainEntityOfPage\":{\"@id\":\"https:\\\/\\\/inclusivenews.com.br\\\/?p=16196\"},\"wordCount\":471,\"commentCount\":0,\"publisher\":{\"@id\":\"https:\\\/\\\/inclusivenews.com.br\\\/#organization\"},\"image\":{\"@id\":\"https:\\\/\\\/inclusivenews.com.br\\\/?p=16196#primaryimage\"},\"thumbnailUrl\":\"http:\\\/\\\/www.envolverde.com.br\\\/fotos_novas\\\/76612.jpg\",\"articleSection\":[\"EDUCA\u00c7\u00c3O\",\"NOT\u00cdCIAS\"],\"inLanguage\":\"pt-PT\",\"potentialAction\":[{\"@type\":\"CommentAction\",\"name\":\"Comment\",\"target\":[\"https:\\\/\\\/inclusivenews.com.br\\\/?p=16196#respond\"]}]},{\"@type\":\"WebPage\",\"@id\":\"https:\\\/\\\/inclusivenews.com.br\\\/?p=16196\",\"url\":\"https:\\\/\\\/inclusivenews.com.br\\\/?p=16196\",\"name\":\"Semin\u00e1rio Internacional discute g\u00eanero e sexualidade na escola -\",\"isPartOf\":{\"@id\":\"https:\\\/\\\/inclusivenews.com.br\\\/#website\"},\"primaryImageOfPage\":{\"@id\":\"https:\\\/\\\/inclusivenews.com.br\\\/?p=16196#primaryimage\"},\"image\":{\"@id\":\"https:\\\/\\\/inclusivenews.com.br\\\/?p=16196#primaryimage\"},\"thumbnailUrl\":\"http:\\\/\\\/www.envolverde.com.br\\\/fotos_novas\\\/76612.jpg\",\"datePublished\":\"2010-06-25T09:00:28+00:00\",\"breadcrumb\":{\"@id\":\"https:\\\/\\\/inclusivenews.com.br\\\/?p=16196#breadcrumb\"},\"inLanguage\":\"pt-PT\",\"potentialAction\":[{\"@type\":\"ReadAction\",\"target\":[\"https:\\\/\\\/inclusivenews.com.br\\\/?p=16196\"]}]},{\"@type\":\"ImageObject\",\"inLanguage\":\"pt-PT\",\"@id\":\"https:\\\/\\\/inclusivenews.com.br\\\/?p=16196#primaryimage\",\"url\":\"http:\\\/\\\/www.envolverde.com.br\\\/fotos_novas\\\/76612.jpg\",\"contentUrl\":\"http:\\\/\\\/www.envolverde.com.br\\\/fotos_novas\\\/76612.jpg\"},{\"@type\":\"BreadcrumbList\",\"@id\":\"https:\\\/\\\/inclusivenews.com.br\\\/?p=16196#breadcrumb\",\"itemListElement\":[{\"@type\":\"ListItem\",\"position\":1,\"name\":\"In\u00edcio\",\"item\":\"https:\\\/\\\/inclusivenews.com.br\\\/\"},{\"@type\":\"ListItem\",\"position\":2,\"name\":\"Semin\u00e1rio Internacional discute g\u00eanero e sexualidade na escola\"}]},{\"@type\":\"WebSite\",\"@id\":\"https:\\\/\\\/inclusivenews.com.br\\\/#website\",\"url\":\"https:\\\/\\\/inclusivenews.com.br\\\/\",\"name\":\"Inclusive News\",\"description\":\"Inclusive News\",\"publisher\":{\"@id\":\"https:\\\/\\\/inclusivenews.com.br\\\/#organization\"},\"potentialAction\":[{\"@type\":\"SearchAction\",\"target\":{\"@type\":\"EntryPoint\",\"urlTemplate\":\"https:\\\/\\\/inclusivenews.com.br\\\/?s={search_term_string}\"},\"query-input\":{\"@type\":\"PropertyValueSpecification\",\"valueRequired\":true,\"valueName\":\"search_term_string\"}}],\"inLanguage\":\"pt-PT\"},{\"@type\":\"Organization\",\"@id\":\"https:\\\/\\\/inclusivenews.com.br\\\/#organization\",\"name\":\"Inclusive - inclus\u00e3o e cidadania\",\"url\":\"https:\\\/\\\/inclusivenews.com.br\\\/\",\"logo\":{\"@type\":\"ImageObject\",\"inLanguage\":\"pt-PT\",\"@id\":\"https:\\\/\\\/inclusivenews.com.br\\\/#\\\/schema\\\/logo\\\/image\\\/\",\"url\":\"https:\\\/\\\/inclusivenews.com.br\\\/wp-content\\\/uploads\\\/2024\\\/03\\\/@grandesite.png\",\"contentUrl\":\"https:\\\/\\\/inclusivenews.com.br\\\/wp-content\\\/uploads\\\/2024\\\/03\\\/@grandesite.png\",\"width\":1080,\"height\":1080,\"caption\":\"Inclusive - inclus\u00e3o e cidadania\"},\"image\":{\"@id\":\"https:\\\/\\\/inclusivenews.com.br\\\/#\\\/schema\\\/logo\\\/image\\\/\"},\"sameAs\":[\"https:\\\/\\\/www.facebook.com\\\/agenciainclusive\\\/\",\"https:\\\/\\\/www.instagram.com\\\/newsinclusive\\\/\"]},{\"@type\":\"Person\",\"@id\":\"https:\\\/\\\/inclusivenews.com.br\\\/#\\\/schema\\\/person\\\/ae4ec7087559b8692fb33b6fffd2273b\",\"name\":\"inclusivenews2024\",\"image\":{\"@type\":\"ImageObject\",\"inLanguage\":\"pt-PT\",\"@id\":\"https:\\\/\\\/secure.gravatar.com\\\/avatar\\\/c5a7ef84c66fa914f55bc4f7ce26cfa275a3b9a1c5568b907bd184fb4dde7b40?s=96&d=mm&r=g\",\"url\":\"https:\\\/\\\/secure.gravatar.com\\\/avatar\\\/c5a7ef84c66fa914f55bc4f7ce26cfa275a3b9a1c5568b907bd184fb4dde7b40?s=96&d=mm&r=g\",\"contentUrl\":\"https:\\\/\\\/secure.gravatar.com\\\/avatar\\\/c5a7ef84c66fa914f55bc4f7ce26cfa275a3b9a1c5568b907bd184fb4dde7b40?s=96&d=mm&r=g\",\"caption\":\"inclusivenews2024\"},\"sameAs\":[\"https:\\\/\\\/inclusivenews.com.br\"],\"url\":\"https:\\\/\\\/inclusivenews.com.br\\\/?author=1\"}]}<\/script>\n<!-- \/ Yoast SEO plugin. -->","yoast_head_json":{"title":"Semin\u00e1rio Internacional discute g\u00eanero e sexualidade na escola -","robots":{"index":"index","follow":"follow","max-snippet":"max-snippet:-1","max-image-preview":"max-image-preview:large","max-video-preview":"max-video-preview:-1"},"canonical":"https:\/\/inclusivenews.com.br\/?p=16196","og_locale":"pt_PT","og_type":"article","og_title":"Semin\u00e1rio Internacional discute g\u00eanero e sexualidade na escola -","og_description":"No Brasil as pol\u00edticas p\u00fablicas voltadas \u00e0 diversidade de g\u00eanero geram documentos, por\u00e9m, n\u00e3o h\u00e1 uma forma\u00e7\u00e3o inicial dos professores para lidar com essa quest\u00e3o. Da Envolverde.","og_url":"https:\/\/inclusivenews.com.br\/?p=16196","article_publisher":"https:\/\/www.facebook.com\/agenciainclusive\/","article_published_time":"2010-06-25T09:00:28+00:00","og_image":[{"url":"http:\/\/www.envolverde.com.br\/fotos_novas\/76612.jpg","type":"","width":"","height":""}],"author":"inclusivenews2024","twitter_card":"summary_large_image","twitter_misc":{"Escrito por":"inclusivenews2024","Tempo estimado de leitura":"2 minutos"},"schema":{"@context":"https:\/\/schema.org","@graph":[{"@type":"Article","@id":"https:\/\/inclusivenews.com.br\/?p=16196#article","isPartOf":{"@id":"https:\/\/inclusivenews.com.br\/?p=16196"},"author":{"name":"inclusivenews2024","@id":"https:\/\/inclusivenews.com.br\/#\/schema\/person\/ae4ec7087559b8692fb33b6fffd2273b"},"headline":"Semin\u00e1rio Internacional discute g\u00eanero e sexualidade na escola","datePublished":"2010-06-25T09:00:28+00:00","mainEntityOfPage":{"@id":"https:\/\/inclusivenews.com.br\/?p=16196"},"wordCount":471,"commentCount":0,"publisher":{"@id":"https:\/\/inclusivenews.com.br\/#organization"},"image":{"@id":"https:\/\/inclusivenews.com.br\/?p=16196#primaryimage"},"thumbnailUrl":"http:\/\/www.envolverde.com.br\/fotos_novas\/76612.jpg","articleSection":["EDUCA\u00c7\u00c3O","NOT\u00cdCIAS"],"inLanguage":"pt-PT","potentialAction":[{"@type":"CommentAction","name":"Comment","target":["https:\/\/inclusivenews.com.br\/?p=16196#respond"]}]},{"@type":"WebPage","@id":"https:\/\/inclusivenews.com.br\/?p=16196","url":"https:\/\/inclusivenews.com.br\/?p=16196","name":"Semin\u00e1rio Internacional discute g\u00eanero e sexualidade na escola -","isPartOf":{"@id":"https:\/\/inclusivenews.com.br\/#website"},"primaryImageOfPage":{"@id":"https:\/\/inclusivenews.com.br\/?p=16196#primaryimage"},"image":{"@id":"https:\/\/inclusivenews.com.br\/?p=16196#primaryimage"},"thumbnailUrl":"http:\/\/www.envolverde.com.br\/fotos_novas\/76612.jpg","datePublished":"2010-06-25T09:00:28+00:00","breadcrumb":{"@id":"https:\/\/inclusivenews.com.br\/?p=16196#breadcrumb"},"inLanguage":"pt-PT","potentialAction":[{"@type":"ReadAction","target":["https:\/\/inclusivenews.com.br\/?p=16196"]}]},{"@type":"ImageObject","inLanguage":"pt-PT","@id":"https:\/\/inclusivenews.com.br\/?p=16196#primaryimage","url":"http:\/\/www.envolverde.com.br\/fotos_novas\/76612.jpg","contentUrl":"http:\/\/www.envolverde.com.br\/fotos_novas\/76612.jpg"},{"@type":"BreadcrumbList","@id":"https:\/\/inclusivenews.com.br\/?p=16196#breadcrumb","itemListElement":[{"@type":"ListItem","position":1,"name":"In\u00edcio","item":"https:\/\/inclusivenews.com.br\/"},{"@type":"ListItem","position":2,"name":"Semin\u00e1rio Internacional discute g\u00eanero e sexualidade na escola"}]},{"@type":"WebSite","@id":"https:\/\/inclusivenews.com.br\/#website","url":"https:\/\/inclusivenews.com.br\/","name":"Inclusive News","description":"Inclusive News","publisher":{"@id":"https:\/\/inclusivenews.com.br\/#organization"},"potentialAction":[{"@type":"SearchAction","target":{"@type":"EntryPoint","urlTemplate":"https:\/\/inclusivenews.com.br\/?s={search_term_string}"},"query-input":{"@type":"PropertyValueSpecification","valueRequired":true,"valueName":"search_term_string"}}],"inLanguage":"pt-PT"},{"@type":"Organization","@id":"https:\/\/inclusivenews.com.br\/#organization","name":"Inclusive - inclus\u00e3o e cidadania","url":"https:\/\/inclusivenews.com.br\/","logo":{"@type":"ImageObject","inLanguage":"pt-PT","@id":"https:\/\/inclusivenews.com.br\/#\/schema\/logo\/image\/","url":"https:\/\/inclusivenews.com.br\/wp-content\/uploads\/2024\/03\/@grandesite.png","contentUrl":"https:\/\/inclusivenews.com.br\/wp-content\/uploads\/2024\/03\/@grandesite.png","width":1080,"height":1080,"caption":"Inclusive - inclus\u00e3o e cidadania"},"image":{"@id":"https:\/\/inclusivenews.com.br\/#\/schema\/logo\/image\/"},"sameAs":["https:\/\/www.facebook.com\/agenciainclusive\/","https:\/\/www.instagram.com\/newsinclusive\/"]},{"@type":"Person","@id":"https:\/\/inclusivenews.com.br\/#\/schema\/person\/ae4ec7087559b8692fb33b6fffd2273b","name":"inclusivenews2024","image":{"@type":"ImageObject","inLanguage":"pt-PT","@id":"https:\/\/secure.gravatar.com\/avatar\/c5a7ef84c66fa914f55bc4f7ce26cfa275a3b9a1c5568b907bd184fb4dde7b40?s=96&d=mm&r=g","url":"https:\/\/secure.gravatar.com\/avatar\/c5a7ef84c66fa914f55bc4f7ce26cfa275a3b9a1c5568b907bd184fb4dde7b40?s=96&d=mm&r=g","contentUrl":"https:\/\/secure.gravatar.com\/avatar\/c5a7ef84c66fa914f55bc4f7ce26cfa275a3b9a1c5568b907bd184fb4dde7b40?s=96&d=mm&r=g","caption":"inclusivenews2024"},"sameAs":["https:\/\/inclusivenews.com.br"],"url":"https:\/\/inclusivenews.com.br\/?author=1"}]}},"_links":{"self":[{"href":"https:\/\/inclusivenews.com.br\/index.php?rest_route=\/wp\/v2\/posts\/16196","targetHints":{"allow":["GET"]}}],"collection":[{"href":"https:\/\/inclusivenews.com.br\/index.php?rest_route=\/wp\/v2\/posts"}],"about":[{"href":"https:\/\/inclusivenews.com.br\/index.php?rest_route=\/wp\/v2\/types\/post"}],"author":[{"embeddable":true,"href":"https:\/\/inclusivenews.com.br\/index.php?rest_route=\/wp\/v2\/users\/1"}],"replies":[{"embeddable":true,"href":"https:\/\/inclusivenews.com.br\/index.php?rest_route=%2Fwp%2Fv2%2Fcomments&post=16196"}],"version-history":[{"count":0,"href":"https:\/\/inclusivenews.com.br\/index.php?rest_route=\/wp\/v2\/posts\/16196\/revisions"}],"wp:attachment":[{"href":"https:\/\/inclusivenews.com.br\/index.php?rest_route=%2Fwp%2Fv2%2Fmedia&parent=16196"}],"wp:term":[{"taxonomy":"category","embeddable":true,"href":"https:\/\/inclusivenews.com.br\/index.php?rest_route=%2Fwp%2Fv2%2Fcategories&post=16196"},{"taxonomy":"post_tag","embeddable":true,"href":"https:\/\/inclusivenews.com.br\/index.php?rest_route=%2Fwp%2Fv2%2Ftags&post=16196"}],"curies":[{"name":"wp","href":"https:\/\/api.w.org\/{rel}","templated":true}]}}