{"id":16207,"date":"2010-06-28T05:51:03","date_gmt":"2010-06-28T08:51:03","guid":{"rendered":"http:\/\/www.inclusive.org.br\/?p=16207"},"modified":"2010-06-28T05:51:03","modified_gmt":"2010-06-28T08:51:03","slug":"oficina-de-inclusao-digital-propoe-resgate-do-protagonismo-social","status":"publish","type":"post","link":"https:\/\/inclusivenews.com.br\/?p=16207","title":{"rendered":"Oficina de inclus\u00e3o digital prop\u00f5e resgate do protagonismo social"},"content":{"rendered":"<figure id=\"attachment_13537\" aria-describedby=\"caption-attachment-13537\" style=\"width: 210px\" class=\"wp-caption alignleft\"><a href=\"http:\/\/www.inclusivenews.com.br\/wp-content\/uploads\/2010\/01\/inclusao-digital.jpg\"><img loading=\"lazy\" decoding=\"async\" class=\"size-medium wp-image-13537\" title=\"Dedo apera teclado\" src=\"http:\/\/inclusivenews.com.br\/wp-content\/uploads\/2010\/01\/inclusao-digital-300x256.jpg\" alt=\"Dedo aperta tecla de computador\" width=\"210\" height=\"179\" \/><\/a><figcaption id=\"caption-attachment-13537\" class=\"wp-caption-text\"> <\/figcaption><\/figure>\n<p>\u00c1urea Lopes, direto da <a href=\"http:\/\/oficina.inclusaodigital.gov.br\/\" target=\"_blank\" rel=\"noopener\">9\u00aa Oficina para Inclus\u00e3o Digital<\/a><\/p>\n<p>Garantir, independente de qual seja o governo, a universaliza\u00e7\u00e3o da inclus\u00e3o digital para o povo brasileiro. Essa foi principal preocupa\u00e7\u00e3o expressa na carta elaborada pelas entidades integrantes da 9\u00aa Oficina para Inclus\u00e3o Digital, que terminou dia 25, em Bras\u00edlia (DF).<\/p>\n<p>Realizada de 22 a 25, a Oficina reuniu cerca de 1.200 participantes vindos de todos os estados. V\u00e1rias reivindica\u00e7\u00f5es e proposi\u00e7\u00f5es foram listadas pelos ativistas (ver texto abaixo) no documento \u201cT\u00f3picos de Bras\u00edlia\u201d. Eles defenderam o resgate do protagonismo da sociedade civil na elabora\u00e7\u00e3o de pol\u00edticas p\u00fablicas e na condu\u00e7\u00e3o das estrat\u00e9gias de inclus\u00e3o digital.<\/p>\n<p>\u201cDespeleguem-se. Pe\u00e7am o imposs\u00edvel\u201d, provocou, durante a abertura da 9\u00aa Oficina, dia 22, o coordenador dos programas de inclus\u00e3o digital da Presid\u00eancia da Rep\u00fablica, Cezar Alvarez, considerando que a \u00faltima Oficina, realizada em Belo Horizonte, no ano passado, teve um car\u00e1ter fortemente governista. Veteranos da luta pela inclus\u00e3o digital concordam com ele. Com o aumento dos programas de inclus\u00e3o digital de governo, nos \u00faltimos anos, grande parte da programa\u00e7\u00e3o da oficina vem sendo dedicada a discutir e articular essas a\u00e7\u00f5es.<\/p>\n<p><strong>Mais voz<br \/>\n<\/strong>\u201cTemos de dar mais voz aos monitores, abrir mais espa\u00e7o para a troca de experi\u00eancias locais\u201d, alertou Beatriz Tibiri\u00e7\u00e1, do Coletivo Digital. Rodrigo Assump\u00e7\u00e3o, presidente da DataPrev e coordenador do Comit\u00ea T\u00e9cnico para Inclus\u00e3o Digital, recebeu com entusiasmo as reivindica\u00e7\u00f5es: \u201c\u00c9 \u00f3timo que as quest\u00f5es tenham sido colocadas para discuss\u00e3o. Havia um certo esgotamento e agora esse documento recoloca a pauta da sociedade civil\u201d.<\/p>\n<p>Participando pela primeira vez da Oficina, Francisco Mois\u00e9s da Silva Rodrigues sentiu exatamente essa necessidade. Coordenador do projeto S\u00e3o Gon\u00e7alo Digital, cidade de 40 mil habitantes no Cear\u00e1, ele se prepara para receber dez unidades do Telecentros.BR. \u201cEstou gostando das palestras, mas esperava conhecer mais projetos, ter mais espa\u00e7o para compartilhar os meus desafios com pessoas que estejam enfrentando as mesmas dificuldades que eu, assim como conhecer iniciativas de sucesso\u201d, afirmou.<\/p>\n<p>Luana Maria Zanaia, multiplicadora de um telecentro de Dois Vizinhos, no Paran\u00e1, tamb\u00e9m participou da Oficina pela primeira vez. E conta que aprendeu muito, pois desde que come\u00e7ou a atuar, n\u00e3o teve nenhuma forma\u00e7\u00e3o: \u201cAl\u00e9m de agregar conhecimento, as oficinas s\u00e3o uma \u00f3tima oportunidade para intera\u00e7\u00e3o com colegas que fazem o mesmo trabalho que eu\u201d.<\/p>\n<p><strong>Telecentros.BR<br \/>\n<\/strong>Um dos pontos altos da 9\u00aa Oficina foi o programa Telecentros.BR, que come\u00e7a chegar \u00e0s primeiras comunidades. Dez mil telecentros devem ser reformados ou implantados. Suportado por uma Rede Nacional de Forma\u00e7\u00e3o, o programa prev\u00ea a contrata\u00e7\u00e3o de 18 mil monitores, que v\u00e3o ganhar bolsas de R$ 483,01 e de R$ 241,50, para 30 horas de trabalho semanais, sendo duas horas dedicadas \u00e0 forma\u00e7\u00e3o de doze meses. \u201cO bacana \u00e9 que, mesmo a gente estando em final de governo, o que se percebe, nesta Oficina, \u00e9 que todo mundo est\u00e1 em clima de alguma coisa que est\u00e1 come\u00e7ando, com energia para o que vem a\u00ed, animado a continuar o projeto\u201d, disse Cristina Mori, coordenadora executiva do programa no Minist\u00e9rio do Planejamento.<\/p>\n<p><strong>T\u00f3picos de Bras\u00edlia<br \/>\n<\/strong><br \/>\nO novo patamar da inclus\u00e3o digital para os pr\u00f3ximos dez anos, descrito no documento tirado pelas entidades participantes da 9\u00aa Oficina de Inclus\u00e3o Digital<\/p>\n<p>. Rela\u00e7\u00f5es com o governo \u2013 \u201cRever a forma como est\u00e3o se estabelecendo as rela\u00e7\u00f5es entre o governo e sociedade civil, complementando os grandes conv\u00eanios com pr\u00eamios menores, que n\u00e3o comprometam a continuidade das entidades, e criando uma lei espec\u00edfica para tratar conv\u00eanios com a sociedade civil\u201d.<\/p>\n<p>. Autonomia &#8211; \u201cO nosso movimento mantem-se aut\u00f4nomo e independente, mas deve continuar a atuar dentro de outros movimentos e outras confer\u00eancias para conquistar capilaridade suficiente para construirmos uma confer\u00eancia nacional de Inclus\u00e3o Digital (ID)\u201d.<\/p>\n<p>. Cultura Digital &#8211; \u201cApropria\u00e7\u00e3o, por parte das iniciativas de ID, do F\u00f3rum da Cultura Digital Brasileira como um ambiente de constru\u00e7\u00e3o de pol\u00edticas p\u00fablicas para a Cultura e a ID\u201d<\/p>\n<p>. Articula\u00e7\u00e3o &#8211; \u201cConstruir encontros regionais ou estaduais, para preparar a Oficina nacional, elegendo os delegados que ser\u00e3o financiados pela Oficina nacional para participar do encontro nacional.&#8221;<\/p>\n<p>. \u201cBuscar financiamento para a participa\u00e7\u00e3o dos conselhos gestores e entidades locais na Oficina nacional\u201d.<\/p>\n<p>. Oficina &#8211; \u201cRever o formato da oficina, para que as atividades formativas n\u00e3o conflitem com as atividades de discuss\u00e3o pol\u00edtica da inclus\u00e3o digital. Al\u00e9m de ampliar os espa\u00e7os onde as entidades locais possam expressar suas dificuldades e propor solu\u00e7\u00f5es\u201d.<\/p>\n<p>. Telecentros.BR &#8211; Dentro do Telecentros.BR, propor a descentraliza\u00e7\u00e3o das atividades formativas e a cria\u00e7\u00e3o de redes tem\u00e1ticas como uma rede de manuten\u00e7\u00e3o e suporte, que ser\u00e1 necess\u00e1ria nos pr\u00f3ximos meses.&#8221;<\/p>\n<p>. Comit\u00eas &#8211; \u201cElei\u00e7\u00e3o de representantes da sociedade civil para o comit\u00ea t\u00e9cnico de inclus\u00e3o digital e para o comit\u00ea gestor do programa de inclus\u00e3o digital, nos moldes do Comit\u00ea Gestor da Internet no Brasil (CGI.BR). Os representantes da sociedade civil devem ter direito a voz e voto dentro dos comit\u00eas.&#8221;<\/p>\n<p>. F\u00f3rum Brasil Conectado &#8211; \u201cTransmiss\u00e3o em tempo real das reuni\u00f5es e cria\u00e7\u00e3o de estrat\u00e9gias incorpora\u00e7\u00e3o das propostas advindas da sociedade civil.&#8221;<\/p>\n<p>. Onid &#8211; \u201cPublica\u00e7\u00e3o do c\u00f3digo-fonte do ONID e permiss\u00e3o de acesso ao seu banco, para garantir a governan\u00e7a dos dados em per\u00edodos de altern\u00e2ncia pol\u00edtica\u201d.<\/p>\n<p>Sampa.or<br \/>\nCidadania Digital<br \/>\nColetivo Digital<br \/>\nF\u00f3rum Nacional dos Pontos de Cultura<br \/>\nComit\u00ea de Educa\u00e7\u00e3o para a Democratiza\u00e7\u00e3o da Inform\u00e1tica (Cedisp) \u2013 S\u00e3o Paulo<br \/>\nProgramando o Futuro<br \/>\nPont\u00e3o de Cultura Minuano<br \/>\nRede Marista de Solidariedade<br \/>\nIpso<\/p>\n<p>Veja, na pr\u00f3xima edi\u00e7\u00e3o da revista ARede, a cobertura completa da 9\u00aa Oficina para Inclus\u00e3o Digital.<br \/>\n____________<\/p>\n<p><strong>Fonte:<\/strong> <a href=\"http:\/\/www.arede.inf.br\/inclusao\/component\/content\/article\/106-acontece\/3080\">A Rede<\/a><\/p>\n","protected":false},"excerpt":{"rendered":"<p>Garantir, independente de qual seja o governo, a universaliza\u00e7\u00e3o da inclus\u00e3o digital para o povo brasileiro. Essa foi principal preocupa\u00e7\u00e3o expressa na carta elaborada pelas entidades integrantes da 9\u00aa Oficina para Inclus\u00e3o Digital.<\/p>\n","protected":false},"author":1,"featured_media":0,"comment_status":"open","ping_status":"open","sticky":false,"template":"","format":"standard","meta":{"site-container-style":"default","site-container-layout":"default","site-sidebar-layout":"default","disable-article-header":"default","disable-site-header":"default","disable-site-footer":"default","disable-content-area-spacing":"default","footnotes":""},"categories":[4],"tags":[],"class_list":["post-16207","post","type-post","status-publish","format-standard","hentry","category-noticias"],"yoast_head":"<!-- This site is optimized with the Yoast SEO plugin v27.4 - https:\/\/yoast.com\/product\/yoast-seo-wordpress\/ -->\n<title>Oficina de inclus\u00e3o digital prop\u00f5e resgate do protagonismo social -<\/title>\n<meta name=\"robots\" content=\"index, follow, max-snippet:-1, max-image-preview:large, max-video-preview:-1\" \/>\n<link rel=\"canonical\" href=\"https:\/\/inclusivenews.com.br\/?p=16207\" \/>\n<meta property=\"og:locale\" content=\"pt_PT\" \/>\n<meta property=\"og:type\" content=\"article\" \/>\n<meta property=\"og:title\" content=\"Oficina de inclus\u00e3o digital prop\u00f5e resgate do protagonismo social -\" \/>\n<meta property=\"og:description\" content=\"Garantir, independente de qual seja o governo, a universaliza\u00e7\u00e3o da inclus\u00e3o digital para o povo brasileiro. Essa foi principal preocupa\u00e7\u00e3o expressa na carta elaborada pelas entidades integrantes da 9\u00aa Oficina para Inclus\u00e3o Digital.\" \/>\n<meta property=\"og:url\" content=\"https:\/\/inclusivenews.com.br\/?p=16207\" \/>\n<meta property=\"article:publisher\" content=\"https:\/\/www.facebook.com\/agenciainclusive\/\" \/>\n<meta property=\"article:published_time\" content=\"2010-06-28T08:51:03+00:00\" \/>\n<meta property=\"og:image\" content=\"http:\/\/inclusivenews.com.br\/wp-content\/uploads\/2010\/01\/inclusao-digital-300x256.jpg\" \/>\n<meta name=\"author\" content=\"inclusivenews2024\" \/>\n<meta name=\"twitter:card\" content=\"summary_large_image\" \/>\n<meta name=\"twitter:label1\" content=\"Escrito por\" \/>\n\t<meta name=\"twitter:data1\" content=\"inclusivenews2024\" \/>\n\t<meta name=\"twitter:label2\" content=\"Tempo estimado de leitura\" \/>\n\t<meta name=\"twitter:data2\" content=\"5 minutos\" \/>\n<script type=\"application\/ld+json\" class=\"yoast-schema-graph\">{\"@context\":\"https:\\\/\\\/schema.org\",\"@graph\":[{\"@type\":\"Article\",\"@id\":\"https:\\\/\\\/inclusivenews.com.br\\\/?p=16207#article\",\"isPartOf\":{\"@id\":\"https:\\\/\\\/inclusivenews.com.br\\\/?p=16207\"},\"author\":{\"name\":\"inclusivenews2024\",\"@id\":\"https:\\\/\\\/inclusivenews.com.br\\\/#\\\/schema\\\/person\\\/ae4ec7087559b8692fb33b6fffd2273b\"},\"headline\":\"Oficina de inclus\u00e3o digital prop\u00f5e resgate do protagonismo social\",\"datePublished\":\"2010-06-28T08:51:03+00:00\",\"mainEntityOfPage\":{\"@id\":\"https:\\\/\\\/inclusivenews.com.br\\\/?p=16207\"},\"wordCount\":1017,\"commentCount\":0,\"publisher\":{\"@id\":\"https:\\\/\\\/inclusivenews.com.br\\\/#organization\"},\"image\":{\"@id\":\"https:\\\/\\\/inclusivenews.com.br\\\/?p=16207#primaryimage\"},\"thumbnailUrl\":\"http:\\\/\\\/inclusivenews.com.br\\\/wp-content\\\/uploads\\\/2010\\\/01\\\/inclusao-digital-300x256.jpg\",\"articleSection\":[\"NOT\u00cdCIAS\"],\"inLanguage\":\"pt-PT\",\"potentialAction\":[{\"@type\":\"CommentAction\",\"name\":\"Comment\",\"target\":[\"https:\\\/\\\/inclusivenews.com.br\\\/?p=16207#respond\"]}]},{\"@type\":\"WebPage\",\"@id\":\"https:\\\/\\\/inclusivenews.com.br\\\/?p=16207\",\"url\":\"https:\\\/\\\/inclusivenews.com.br\\\/?p=16207\",\"name\":\"Oficina de inclus\u00e3o digital prop\u00f5e resgate do protagonismo social -\",\"isPartOf\":{\"@id\":\"https:\\\/\\\/inclusivenews.com.br\\\/#website\"},\"primaryImageOfPage\":{\"@id\":\"https:\\\/\\\/inclusivenews.com.br\\\/?p=16207#primaryimage\"},\"image\":{\"@id\":\"https:\\\/\\\/inclusivenews.com.br\\\/?p=16207#primaryimage\"},\"thumbnailUrl\":\"http:\\\/\\\/inclusivenews.com.br\\\/wp-content\\\/uploads\\\/2010\\\/01\\\/inclusao-digital-300x256.jpg\",\"datePublished\":\"2010-06-28T08:51:03+00:00\",\"breadcrumb\":{\"@id\":\"https:\\\/\\\/inclusivenews.com.br\\\/?p=16207#breadcrumb\"},\"inLanguage\":\"pt-PT\",\"potentialAction\":[{\"@type\":\"ReadAction\",\"target\":[\"https:\\\/\\\/inclusivenews.com.br\\\/?p=16207\"]}]},{\"@type\":\"ImageObject\",\"inLanguage\":\"pt-PT\",\"@id\":\"https:\\\/\\\/inclusivenews.com.br\\\/?p=16207#primaryimage\",\"url\":\"\",\"contentUrl\":\"\"},{\"@type\":\"BreadcrumbList\",\"@id\":\"https:\\\/\\\/inclusivenews.com.br\\\/?p=16207#breadcrumb\",\"itemListElement\":[{\"@type\":\"ListItem\",\"position\":1,\"name\":\"In\u00edcio\",\"item\":\"https:\\\/\\\/inclusivenews.com.br\\\/\"},{\"@type\":\"ListItem\",\"position\":2,\"name\":\"Oficina de inclus\u00e3o digital prop\u00f5e resgate do protagonismo social\"}]},{\"@type\":\"WebSite\",\"@id\":\"https:\\\/\\\/inclusivenews.com.br\\\/#website\",\"url\":\"https:\\\/\\\/inclusivenews.com.br\\\/\",\"name\":\"Inclusive News\",\"description\":\"Inclusive News\",\"publisher\":{\"@id\":\"https:\\\/\\\/inclusivenews.com.br\\\/#organization\"},\"potentialAction\":[{\"@type\":\"SearchAction\",\"target\":{\"@type\":\"EntryPoint\",\"urlTemplate\":\"https:\\\/\\\/inclusivenews.com.br\\\/?s={search_term_string}\"},\"query-input\":{\"@type\":\"PropertyValueSpecification\",\"valueRequired\":true,\"valueName\":\"search_term_string\"}}],\"inLanguage\":\"pt-PT\"},{\"@type\":\"Organization\",\"@id\":\"https:\\\/\\\/inclusivenews.com.br\\\/#organization\",\"name\":\"Inclusive - inclus\u00e3o e cidadania\",\"url\":\"https:\\\/\\\/inclusivenews.com.br\\\/\",\"logo\":{\"@type\":\"ImageObject\",\"inLanguage\":\"pt-PT\",\"@id\":\"https:\\\/\\\/inclusivenews.com.br\\\/#\\\/schema\\\/logo\\\/image\\\/\",\"url\":\"https:\\\/\\\/inclusivenews.com.br\\\/wp-content\\\/uploads\\\/2024\\\/03\\\/@grandesite.png\",\"contentUrl\":\"https:\\\/\\\/inclusivenews.com.br\\\/wp-content\\\/uploads\\\/2024\\\/03\\\/@grandesite.png\",\"width\":1080,\"height\":1080,\"caption\":\"Inclusive - inclus\u00e3o e cidadania\"},\"image\":{\"@id\":\"https:\\\/\\\/inclusivenews.com.br\\\/#\\\/schema\\\/logo\\\/image\\\/\"},\"sameAs\":[\"https:\\\/\\\/www.facebook.com\\\/agenciainclusive\\\/\",\"https:\\\/\\\/www.instagram.com\\\/newsinclusive\\\/\"]},{\"@type\":\"Person\",\"@id\":\"https:\\\/\\\/inclusivenews.com.br\\\/#\\\/schema\\\/person\\\/ae4ec7087559b8692fb33b6fffd2273b\",\"name\":\"inclusivenews2024\",\"image\":{\"@type\":\"ImageObject\",\"inLanguage\":\"pt-PT\",\"@id\":\"https:\\\/\\\/secure.gravatar.com\\\/avatar\\\/c5a7ef84c66fa914f55bc4f7ce26cfa275a3b9a1c5568b907bd184fb4dde7b40?s=96&d=mm&r=g\",\"url\":\"https:\\\/\\\/secure.gravatar.com\\\/avatar\\\/c5a7ef84c66fa914f55bc4f7ce26cfa275a3b9a1c5568b907bd184fb4dde7b40?s=96&d=mm&r=g\",\"contentUrl\":\"https:\\\/\\\/secure.gravatar.com\\\/avatar\\\/c5a7ef84c66fa914f55bc4f7ce26cfa275a3b9a1c5568b907bd184fb4dde7b40?s=96&d=mm&r=g\",\"caption\":\"inclusivenews2024\"},\"sameAs\":[\"https:\\\/\\\/inclusivenews.com.br\"],\"url\":\"https:\\\/\\\/inclusivenews.com.br\\\/?author=1\"}]}<\/script>\n<!-- \/ Yoast SEO plugin. -->","yoast_head_json":{"title":"Oficina de inclus\u00e3o digital prop\u00f5e resgate do protagonismo social -","robots":{"index":"index","follow":"follow","max-snippet":"max-snippet:-1","max-image-preview":"max-image-preview:large","max-video-preview":"max-video-preview:-1"},"canonical":"https:\/\/inclusivenews.com.br\/?p=16207","og_locale":"pt_PT","og_type":"article","og_title":"Oficina de inclus\u00e3o digital prop\u00f5e resgate do protagonismo social -","og_description":"Garantir, independente de qual seja o governo, a universaliza\u00e7\u00e3o da inclus\u00e3o digital para o povo brasileiro. Essa foi principal preocupa\u00e7\u00e3o expressa na carta elaborada pelas entidades integrantes da 9\u00aa Oficina para Inclus\u00e3o Digital.","og_url":"https:\/\/inclusivenews.com.br\/?p=16207","article_publisher":"https:\/\/www.facebook.com\/agenciainclusive\/","article_published_time":"2010-06-28T08:51:03+00:00","og_image":[{"url":"http:\/\/inclusivenews.com.br\/wp-content\/uploads\/2010\/01\/inclusao-digital-300x256.jpg","type":"","width":"","height":""}],"author":"inclusivenews2024","twitter_card":"summary_large_image","twitter_misc":{"Escrito por":"inclusivenews2024","Tempo estimado de leitura":"5 minutos"},"schema":{"@context":"https:\/\/schema.org","@graph":[{"@type":"Article","@id":"https:\/\/inclusivenews.com.br\/?p=16207#article","isPartOf":{"@id":"https:\/\/inclusivenews.com.br\/?p=16207"},"author":{"name":"inclusivenews2024","@id":"https:\/\/inclusivenews.com.br\/#\/schema\/person\/ae4ec7087559b8692fb33b6fffd2273b"},"headline":"Oficina de inclus\u00e3o digital prop\u00f5e resgate do protagonismo social","datePublished":"2010-06-28T08:51:03+00:00","mainEntityOfPage":{"@id":"https:\/\/inclusivenews.com.br\/?p=16207"},"wordCount":1017,"commentCount":0,"publisher":{"@id":"https:\/\/inclusivenews.com.br\/#organization"},"image":{"@id":"https:\/\/inclusivenews.com.br\/?p=16207#primaryimage"},"thumbnailUrl":"http:\/\/inclusivenews.com.br\/wp-content\/uploads\/2010\/01\/inclusao-digital-300x256.jpg","articleSection":["NOT\u00cdCIAS"],"inLanguage":"pt-PT","potentialAction":[{"@type":"CommentAction","name":"Comment","target":["https:\/\/inclusivenews.com.br\/?p=16207#respond"]}]},{"@type":"WebPage","@id":"https:\/\/inclusivenews.com.br\/?p=16207","url":"https:\/\/inclusivenews.com.br\/?p=16207","name":"Oficina de inclus\u00e3o digital prop\u00f5e resgate do protagonismo social -","isPartOf":{"@id":"https:\/\/inclusivenews.com.br\/#website"},"primaryImageOfPage":{"@id":"https:\/\/inclusivenews.com.br\/?p=16207#primaryimage"},"image":{"@id":"https:\/\/inclusivenews.com.br\/?p=16207#primaryimage"},"thumbnailUrl":"http:\/\/inclusivenews.com.br\/wp-content\/uploads\/2010\/01\/inclusao-digital-300x256.jpg","datePublished":"2010-06-28T08:51:03+00:00","breadcrumb":{"@id":"https:\/\/inclusivenews.com.br\/?p=16207#breadcrumb"},"inLanguage":"pt-PT","potentialAction":[{"@type":"ReadAction","target":["https:\/\/inclusivenews.com.br\/?p=16207"]}]},{"@type":"ImageObject","inLanguage":"pt-PT","@id":"https:\/\/inclusivenews.com.br\/?p=16207#primaryimage","url":"","contentUrl":""},{"@type":"BreadcrumbList","@id":"https:\/\/inclusivenews.com.br\/?p=16207#breadcrumb","itemListElement":[{"@type":"ListItem","position":1,"name":"In\u00edcio","item":"https:\/\/inclusivenews.com.br\/"},{"@type":"ListItem","position":2,"name":"Oficina de inclus\u00e3o digital prop\u00f5e resgate do protagonismo social"}]},{"@type":"WebSite","@id":"https:\/\/inclusivenews.com.br\/#website","url":"https:\/\/inclusivenews.com.br\/","name":"Inclusive News","description":"Inclusive News","publisher":{"@id":"https:\/\/inclusivenews.com.br\/#organization"},"potentialAction":[{"@type":"SearchAction","target":{"@type":"EntryPoint","urlTemplate":"https:\/\/inclusivenews.com.br\/?s={search_term_string}"},"query-input":{"@type":"PropertyValueSpecification","valueRequired":true,"valueName":"search_term_string"}}],"inLanguage":"pt-PT"},{"@type":"Organization","@id":"https:\/\/inclusivenews.com.br\/#organization","name":"Inclusive - inclus\u00e3o e cidadania","url":"https:\/\/inclusivenews.com.br\/","logo":{"@type":"ImageObject","inLanguage":"pt-PT","@id":"https:\/\/inclusivenews.com.br\/#\/schema\/logo\/image\/","url":"https:\/\/inclusivenews.com.br\/wp-content\/uploads\/2024\/03\/@grandesite.png","contentUrl":"https:\/\/inclusivenews.com.br\/wp-content\/uploads\/2024\/03\/@grandesite.png","width":1080,"height":1080,"caption":"Inclusive - inclus\u00e3o e cidadania"},"image":{"@id":"https:\/\/inclusivenews.com.br\/#\/schema\/logo\/image\/"},"sameAs":["https:\/\/www.facebook.com\/agenciainclusive\/","https:\/\/www.instagram.com\/newsinclusive\/"]},{"@type":"Person","@id":"https:\/\/inclusivenews.com.br\/#\/schema\/person\/ae4ec7087559b8692fb33b6fffd2273b","name":"inclusivenews2024","image":{"@type":"ImageObject","inLanguage":"pt-PT","@id":"https:\/\/secure.gravatar.com\/avatar\/c5a7ef84c66fa914f55bc4f7ce26cfa275a3b9a1c5568b907bd184fb4dde7b40?s=96&d=mm&r=g","url":"https:\/\/secure.gravatar.com\/avatar\/c5a7ef84c66fa914f55bc4f7ce26cfa275a3b9a1c5568b907bd184fb4dde7b40?s=96&d=mm&r=g","contentUrl":"https:\/\/secure.gravatar.com\/avatar\/c5a7ef84c66fa914f55bc4f7ce26cfa275a3b9a1c5568b907bd184fb4dde7b40?s=96&d=mm&r=g","caption":"inclusivenews2024"},"sameAs":["https:\/\/inclusivenews.com.br"],"url":"https:\/\/inclusivenews.com.br\/?author=1"}]}},"_links":{"self":[{"href":"https:\/\/inclusivenews.com.br\/index.php?rest_route=\/wp\/v2\/posts\/16207","targetHints":{"allow":["GET"]}}],"collection":[{"href":"https:\/\/inclusivenews.com.br\/index.php?rest_route=\/wp\/v2\/posts"}],"about":[{"href":"https:\/\/inclusivenews.com.br\/index.php?rest_route=\/wp\/v2\/types\/post"}],"author":[{"embeddable":true,"href":"https:\/\/inclusivenews.com.br\/index.php?rest_route=\/wp\/v2\/users\/1"}],"replies":[{"embeddable":true,"href":"https:\/\/inclusivenews.com.br\/index.php?rest_route=%2Fwp%2Fv2%2Fcomments&post=16207"}],"version-history":[{"count":0,"href":"https:\/\/inclusivenews.com.br\/index.php?rest_route=\/wp\/v2\/posts\/16207\/revisions"}],"wp:attachment":[{"href":"https:\/\/inclusivenews.com.br\/index.php?rest_route=%2Fwp%2Fv2%2Fmedia&parent=16207"}],"wp:term":[{"taxonomy":"category","embeddable":true,"href":"https:\/\/inclusivenews.com.br\/index.php?rest_route=%2Fwp%2Fv2%2Fcategories&post=16207"},{"taxonomy":"post_tag","embeddable":true,"href":"https:\/\/inclusivenews.com.br\/index.php?rest_route=%2Fwp%2Fv2%2Ftags&post=16207"}],"curies":[{"name":"wp","href":"https:\/\/api.w.org\/{rel}","templated":true}]}}