{"id":16209,"date":"2010-06-29T06:05:56","date_gmt":"2010-06-29T09:05:56","guid":{"rendered":"http:\/\/www.inclusive.org.br\/?p=16209"},"modified":"2010-06-29T06:05:56","modified_gmt":"2010-06-29T09:05:56","slug":"programa-de-dstaids-do-estado-de-sao-paulo-cria-grupo-de-trabalho-sobre-hiv-e-deficie-ncia","status":"publish","type":"post","link":"https:\/\/inclusivenews.com.br\/?p=16209","title":{"rendered":"Programa de DST\/Aids do Estado de S\u00e3o Paulo cria grupo de trabalho sobre HIV e defici\u00ea ncia"},"content":{"rendered":"<figure id=\"attachment_14910\" aria-describedby=\"caption-attachment-14910\" style=\"width: 170px\" class=\"wp-caption alignleft\"><a href=\"http:\/\/www.inclusivenews.com.br\/wp-content\/uploads\/2010\/04\/amankay.jpg\"><img loading=\"lazy\" decoding=\"async\" class=\"size-full wp-image-14910\" title=\"Logotipo do Amankay - Instituto de Estudos e Pesquisas, onde a flor amankay \u00e9 destacada em branco sobre fundo colorido.\" src=\"http:\/\/inclusivenews.com.br\/wp-content\/uploads\/2010\/04\/amankay.jpg\" alt=\"\" width=\"170\" height=\"80\" \/><\/a><figcaption id=\"caption-attachment-14910\" class=\"wp-caption-text\"> <\/figcaption><\/figure>\n<p>Terminou\u00a0 na \u00faltima \u00a0quinta-feira o semin\u00e1rio <em>A\u00e7\u00f5es e reflex\u00f5es sobre aids e defici\u00eancia: diferentes vozes<\/em>. O evento, promovido pelo Instituto Amankay, debateu sexualidade e mostrou ideias sobre preven\u00e7\u00e3o para as pessoas com defici\u00eancia. O p\u00fablicos-alvo do projeto foram ativistas, gestores e profissionais de sa\u00fade. \u201cEstamos atrasados, o di\u00e1logo sobre esses temas deveria ter come\u00e7ado h\u00e1 muito tempo\u201d, disse o t\u00e9cnico do Programa Estadual de DST\/Aids (PE) de S\u00e3o Paulo Robson Zamboni.<\/p>\n<p>No m\u00eas passado, o PE iniciou um grupo de trabalho\u00a0sobre HIV\/aids e defici\u00eancias. A ideia \u00e9 que os participantes estudem e proponham meios para abordar a sexualidade e preven\u00e7\u00e3o das DSTs neste p\u00fablico. Por enquanto, est\u00e3o nessa iniciativa as ONGs Hipupiara, de S\u00e3o Vicente,\u00a0e o Instituto Amankay, de S\u00e3o Paulo,\u00a0mas a participa\u00e7\u00e3o \u00e9 aberta para mais institui\u00e7\u00f5es.<\/p>\n<p>Na opini\u00e3o da ativista e deficiente visual Dora Sim\u00f5es, membro da Associa\u00e7\u00e3o Brasileira de Inclus\u00e3o, o atraso na discuss\u00e3o do tema ocorre porque a sociedade n\u00e3o entende que pessoas com defici\u00eancia t\u00eam sexualidade. \u201cSomos tratados como seres iluminados, assexuados. Este \u00e9 o grande problema, as fam\u00edlias n\u00e3o debatem o assunto com os portadores de defici\u00eancia, \u00e9 um tabu que gera a falta de informa\u00e7\u00e3o nestas pessoas\u201d, explicou.<\/p>\n<p>Segundo os participantes do semin\u00e1rio, algumas vezes esta popula\u00e7\u00e3o espec\u00edfica \u00e9 tamb\u00e9m alvo de piadas. O deficiente visual Andr\u00e9 Resende Marques, por exemplo, tem dois filhos e j\u00e1 passou por tr\u00eas casamentos. \u201cOu\u00e7o at\u00e9 hoje de algumas pessoas a seguinte express\u00e3o: \u00b4olha, o cego faz sexo, tem filhos\u00b4. \u00c9 como se meu hist\u00f3rico de vida fosse incompat\u00edvel com minha condi\u00e7\u00e3o.\u201d, disse. Na opini\u00e3o dele, s\u00f3 \u00e9 poss\u00edvel falar sobre preven\u00e7\u00e3o e sexualidade quando o tema sexo deixar de ser um tabu para as fam\u00edlias.<\/p>\n<p><strong>Acessibilidade<\/strong><\/p>\n<p>Al\u00e9m do preconceito, os portadores de defici\u00eancia f\u00edsica ou intelectual n\u00e3o conseguem obter informa\u00e7\u00f5es sobre sexualidade da mesma forma que a popula\u00e7\u00e3o geral. \u201cAs campanhas na TV sobre sexualidade ou preven\u00e7\u00e3o s\u00e3o r\u00e1pidas demais, as legendas muito pequenas e o int\u00e9rprete de libras fica num ret\u00e2ngulo min\u00fasculo demais, quase imposs\u00edvel de enxergar\u201d, criticou o deficiente auditivo Rog\u00e9rio Lamana.<\/p>\n<p>A portadora de s\u00edndrome de down Beatriz Paiva, 33 anos, diz que as pessoas discutem acessibilidade para portadores de defici\u00eancia f\u00edsica, mas esquecem a intelectual. \u201c\u00c9 muito dif\u00edcil para n\u00f3s conseguirmos acompanhar uma palestra nos principais eventos, todos falam r\u00e1pido demais e quase n\u00e3o usam imagens ou fotos. Nosso ritmo de racioc\u00ednio \u00e9 diferente\u201d, comentou.<\/p>\n<p>Ela faz parte da ONG Carpe Diem e desenvolve com a organiza\u00e7\u00e3o um manual de acessibilidade. A ideia \u00e9 fornecer dicas para organizadores de eventos, incluindo os de sexualidade ou preven\u00e7\u00e3o, sobre como abordar os assuntos de forma que todos possam acompanhar as palestras. Por enquanto, a organiza\u00e7\u00e3o busca patrocinadores para a iniciativa.<\/p>\n<p>Beatriz pede ainda aos idealizadores de projetos sobre sexualidade e preven\u00e7\u00e3o nessa popula\u00e7\u00e3o espec\u00edfica n\u00e3o forne\u00e7am apenas informa\u00e7\u00f5es, mas permitam que as pessoas portadoras de algum tipo de defici\u00eancia participem da elabora\u00e7\u00e3o de propostas.<\/p>\n<p><strong>Rodrigo Vasconcellos<\/strong><\/p>\n<p><strong>Dica de Entrevista<\/strong><\/p>\n<p>Instituto Amankay<br \/>\n<a class=\"moz-txt-link-abbreviated\" href=\"http:\/\/www.amankay.org.br\">www.amankay.org.br<\/a><br \/>\nE-mail: <a class=\"moz-txt-link-abbreviated\" href=\"mailto:amankay@amankay.org.br\">amankay@amankay.org.br<\/a><\/p>\n<p>ONG Carpe Diem<br \/>\nTel.: (0XX11) 5093-1888<br \/>\nSite: <a class=\"moz-txt-link-abbreviated\" href=\"http:\/\/www.carpediem.org.br\">www.carpediem.org.br<\/a><\/p>\n<p>Programa Estadual de DST\/Aids<br \/>\nAssessoria de Imprensa<br \/>\nTel.: (0XX11) 5087-9835<br \/>\n_____________________________<\/p>\n<p><strong>Fonte:<\/strong> Ag\u00eancia de Not\u00edcias da AIDS<\/p>\n","protected":false},"excerpt":{"rendered":"<p>Terminou  na \u00faltima  quinta-feira o semin\u00e1rio A\u00e7\u00f5es e reflex\u00f5es sobre aids e defici\u00eancia: diferentes vozes. O evento, promovido pelo Instituto Amankay, debateu sexualidade e mostrou ideias sobre preven\u00e7\u00e3o para as pessoas com defici\u00eancia.<\/p>\n","protected":false},"author":1,"featured_media":0,"comment_status":"open","ping_status":"open","sticky":false,"template":"","format":"standard","meta":{"site-container-style":"default","site-container-layout":"default","site-sidebar-layout":"default","disable-article-header":"default","disable-site-header":"default","disable-site-footer":"default","disable-content-area-spacing":"default","footnotes":""},"categories":[38,4,37],"tags":[],"class_list":["post-16209","post","type-post","status-publish","format-standard","hentry","category-deficiencia","category-noticias","category-saude"],"yoast_head":"<!-- This site is optimized with the Yoast SEO plugin v27.4 - https:\/\/yoast.com\/product\/yoast-seo-wordpress\/ -->\n<title>Programa de DST\/Aids do Estado de S\u00e3o Paulo cria grupo de trabalho sobre HIV e defici\u00ea ncia -<\/title>\n<meta name=\"robots\" content=\"index, follow, max-snippet:-1, max-image-preview:large, max-video-preview:-1\" \/>\n<link rel=\"canonical\" href=\"https:\/\/inclusivenews.com.br\/?p=16209\" \/>\n<meta property=\"og:locale\" content=\"pt_PT\" \/>\n<meta property=\"og:type\" content=\"article\" \/>\n<meta property=\"og:title\" content=\"Programa de DST\/Aids do Estado de S\u00e3o Paulo cria grupo de trabalho sobre HIV e defici\u00ea ncia -\" \/>\n<meta property=\"og:description\" content=\"Terminou na \u00faltima quinta-feira o semin\u00e1rio A\u00e7\u00f5es e reflex\u00f5es sobre aids e defici\u00eancia: diferentes vozes. O evento, promovido pelo Instituto Amankay, debateu sexualidade e mostrou ideias sobre preven\u00e7\u00e3o para as pessoas com defici\u00eancia.\" \/>\n<meta property=\"og:url\" content=\"https:\/\/inclusivenews.com.br\/?p=16209\" \/>\n<meta property=\"article:publisher\" content=\"https:\/\/www.facebook.com\/agenciainclusive\/\" \/>\n<meta property=\"article:published_time\" content=\"2010-06-29T09:05:56+00:00\" \/>\n<meta property=\"og:image\" content=\"http:\/\/inclusivenews.com.br\/wp-content\/uploads\/2010\/04\/amankay.jpg\" \/>\n<meta name=\"author\" content=\"inclusivenews2024\" \/>\n<meta name=\"twitter:card\" content=\"summary_large_image\" \/>\n<meta name=\"twitter:label1\" content=\"Escrito por\" \/>\n\t<meta name=\"twitter:data1\" content=\"inclusivenews2024\" \/>\n\t<meta name=\"twitter:label2\" content=\"Tempo estimado de leitura\" \/>\n\t<meta name=\"twitter:data2\" content=\"3 minutos\" \/>\n<script type=\"application\/ld+json\" class=\"yoast-schema-graph\">{\"@context\":\"https:\\\/\\\/schema.org\",\"@graph\":[{\"@type\":\"Article\",\"@id\":\"https:\\\/\\\/inclusivenews.com.br\\\/?p=16209#article\",\"isPartOf\":{\"@id\":\"https:\\\/\\\/inclusivenews.com.br\\\/?p=16209\"},\"author\":{\"name\":\"inclusivenews2024\",\"@id\":\"https:\\\/\\\/inclusivenews.com.br\\\/#\\\/schema\\\/person\\\/ae4ec7087559b8692fb33b6fffd2273b\"},\"headline\":\"Programa de DST\\\/Aids do Estado de S\u00e3o Paulo cria grupo de trabalho sobre HIV e defici\u00ea ncia\",\"datePublished\":\"2010-06-29T09:05:56+00:00\",\"mainEntityOfPage\":{\"@id\":\"https:\\\/\\\/inclusivenews.com.br\\\/?p=16209\"},\"wordCount\":627,\"commentCount\":0,\"publisher\":{\"@id\":\"https:\\\/\\\/inclusivenews.com.br\\\/#organization\"},\"image\":{\"@id\":\"https:\\\/\\\/inclusivenews.com.br\\\/?p=16209#primaryimage\"},\"thumbnailUrl\":\"http:\\\/\\\/inclusivenews.com.br\\\/wp-content\\\/uploads\\\/2010\\\/04\\\/amankay.jpg\",\"articleSection\":[\"Defici\u00eancia\",\"NOT\u00cdCIAS\",\"Sa\u00fade\"],\"inLanguage\":\"pt-PT\",\"potentialAction\":[{\"@type\":\"CommentAction\",\"name\":\"Comment\",\"target\":[\"https:\\\/\\\/inclusivenews.com.br\\\/?p=16209#respond\"]}]},{\"@type\":\"WebPage\",\"@id\":\"https:\\\/\\\/inclusivenews.com.br\\\/?p=16209\",\"url\":\"https:\\\/\\\/inclusivenews.com.br\\\/?p=16209\",\"name\":\"Programa de DST\\\/Aids do Estado de S\u00e3o Paulo cria grupo de trabalho sobre HIV e defici\u00ea ncia -\",\"isPartOf\":{\"@id\":\"https:\\\/\\\/inclusivenews.com.br\\\/#website\"},\"primaryImageOfPage\":{\"@id\":\"https:\\\/\\\/inclusivenews.com.br\\\/?p=16209#primaryimage\"},\"image\":{\"@id\":\"https:\\\/\\\/inclusivenews.com.br\\\/?p=16209#primaryimage\"},\"thumbnailUrl\":\"http:\\\/\\\/inclusivenews.com.br\\\/wp-content\\\/uploads\\\/2010\\\/04\\\/amankay.jpg\",\"datePublished\":\"2010-06-29T09:05:56+00:00\",\"breadcrumb\":{\"@id\":\"https:\\\/\\\/inclusivenews.com.br\\\/?p=16209#breadcrumb\"},\"inLanguage\":\"pt-PT\",\"potentialAction\":[{\"@type\":\"ReadAction\",\"target\":[\"https:\\\/\\\/inclusivenews.com.br\\\/?p=16209\"]}]},{\"@type\":\"ImageObject\",\"inLanguage\":\"pt-PT\",\"@id\":\"https:\\\/\\\/inclusivenews.com.br\\\/?p=16209#primaryimage\",\"url\":\"\",\"contentUrl\":\"\"},{\"@type\":\"BreadcrumbList\",\"@id\":\"https:\\\/\\\/inclusivenews.com.br\\\/?p=16209#breadcrumb\",\"itemListElement\":[{\"@type\":\"ListItem\",\"position\":1,\"name\":\"In\u00edcio\",\"item\":\"https:\\\/\\\/inclusivenews.com.br\\\/\"},{\"@type\":\"ListItem\",\"position\":2,\"name\":\"Programa de DST\\\/Aids do Estado de S\u00e3o Paulo cria grupo de trabalho sobre HIV e defici\u00ea ncia\"}]},{\"@type\":\"WebSite\",\"@id\":\"https:\\\/\\\/inclusivenews.com.br\\\/#website\",\"url\":\"https:\\\/\\\/inclusivenews.com.br\\\/\",\"name\":\"Inclusive News\",\"description\":\"Inclusive News\",\"publisher\":{\"@id\":\"https:\\\/\\\/inclusivenews.com.br\\\/#organization\"},\"potentialAction\":[{\"@type\":\"SearchAction\",\"target\":{\"@type\":\"EntryPoint\",\"urlTemplate\":\"https:\\\/\\\/inclusivenews.com.br\\\/?s={search_term_string}\"},\"query-input\":{\"@type\":\"PropertyValueSpecification\",\"valueRequired\":true,\"valueName\":\"search_term_string\"}}],\"inLanguage\":\"pt-PT\"},{\"@type\":\"Organization\",\"@id\":\"https:\\\/\\\/inclusivenews.com.br\\\/#organization\",\"name\":\"Inclusive - inclus\u00e3o e cidadania\",\"url\":\"https:\\\/\\\/inclusivenews.com.br\\\/\",\"logo\":{\"@type\":\"ImageObject\",\"inLanguage\":\"pt-PT\",\"@id\":\"https:\\\/\\\/inclusivenews.com.br\\\/#\\\/schema\\\/logo\\\/image\\\/\",\"url\":\"https:\\\/\\\/inclusivenews.com.br\\\/wp-content\\\/uploads\\\/2024\\\/03\\\/@grandesite.png\",\"contentUrl\":\"https:\\\/\\\/inclusivenews.com.br\\\/wp-content\\\/uploads\\\/2024\\\/03\\\/@grandesite.png\",\"width\":1080,\"height\":1080,\"caption\":\"Inclusive - inclus\u00e3o e cidadania\"},\"image\":{\"@id\":\"https:\\\/\\\/inclusivenews.com.br\\\/#\\\/schema\\\/logo\\\/image\\\/\"},\"sameAs\":[\"https:\\\/\\\/www.facebook.com\\\/agenciainclusive\\\/\",\"https:\\\/\\\/www.instagram.com\\\/newsinclusive\\\/\"]},{\"@type\":\"Person\",\"@id\":\"https:\\\/\\\/inclusivenews.com.br\\\/#\\\/schema\\\/person\\\/ae4ec7087559b8692fb33b6fffd2273b\",\"name\":\"inclusivenews2024\",\"image\":{\"@type\":\"ImageObject\",\"inLanguage\":\"pt-PT\",\"@id\":\"https:\\\/\\\/secure.gravatar.com\\\/avatar\\\/c5a7ef84c66fa914f55bc4f7ce26cfa275a3b9a1c5568b907bd184fb4dde7b40?s=96&d=mm&r=g\",\"url\":\"https:\\\/\\\/secure.gravatar.com\\\/avatar\\\/c5a7ef84c66fa914f55bc4f7ce26cfa275a3b9a1c5568b907bd184fb4dde7b40?s=96&d=mm&r=g\",\"contentUrl\":\"https:\\\/\\\/secure.gravatar.com\\\/avatar\\\/c5a7ef84c66fa914f55bc4f7ce26cfa275a3b9a1c5568b907bd184fb4dde7b40?s=96&d=mm&r=g\",\"caption\":\"inclusivenews2024\"},\"sameAs\":[\"https:\\\/\\\/inclusivenews.com.br\"],\"url\":\"https:\\\/\\\/inclusivenews.com.br\\\/?author=1\"}]}<\/script>\n<!-- \/ Yoast SEO plugin. -->","yoast_head_json":{"title":"Programa de DST\/Aids do Estado de S\u00e3o Paulo cria grupo de trabalho sobre HIV e defici\u00ea ncia -","robots":{"index":"index","follow":"follow","max-snippet":"max-snippet:-1","max-image-preview":"max-image-preview:large","max-video-preview":"max-video-preview:-1"},"canonical":"https:\/\/inclusivenews.com.br\/?p=16209","og_locale":"pt_PT","og_type":"article","og_title":"Programa de DST\/Aids do Estado de S\u00e3o Paulo cria grupo de trabalho sobre HIV e defici\u00ea ncia -","og_description":"Terminou na \u00faltima quinta-feira o semin\u00e1rio A\u00e7\u00f5es e reflex\u00f5es sobre aids e defici\u00eancia: diferentes vozes. O evento, promovido pelo Instituto Amankay, debateu sexualidade e mostrou ideias sobre preven\u00e7\u00e3o para as pessoas com defici\u00eancia.","og_url":"https:\/\/inclusivenews.com.br\/?p=16209","article_publisher":"https:\/\/www.facebook.com\/agenciainclusive\/","article_published_time":"2010-06-29T09:05:56+00:00","og_image":[{"url":"http:\/\/inclusivenews.com.br\/wp-content\/uploads\/2010\/04\/amankay.jpg","type":"","width":"","height":""}],"author":"inclusivenews2024","twitter_card":"summary_large_image","twitter_misc":{"Escrito por":"inclusivenews2024","Tempo estimado de leitura":"3 minutos"},"schema":{"@context":"https:\/\/schema.org","@graph":[{"@type":"Article","@id":"https:\/\/inclusivenews.com.br\/?p=16209#article","isPartOf":{"@id":"https:\/\/inclusivenews.com.br\/?p=16209"},"author":{"name":"inclusivenews2024","@id":"https:\/\/inclusivenews.com.br\/#\/schema\/person\/ae4ec7087559b8692fb33b6fffd2273b"},"headline":"Programa de DST\/Aids do Estado de S\u00e3o Paulo cria grupo de trabalho sobre HIV e defici\u00ea ncia","datePublished":"2010-06-29T09:05:56+00:00","mainEntityOfPage":{"@id":"https:\/\/inclusivenews.com.br\/?p=16209"},"wordCount":627,"commentCount":0,"publisher":{"@id":"https:\/\/inclusivenews.com.br\/#organization"},"image":{"@id":"https:\/\/inclusivenews.com.br\/?p=16209#primaryimage"},"thumbnailUrl":"http:\/\/inclusivenews.com.br\/wp-content\/uploads\/2010\/04\/amankay.jpg","articleSection":["Defici\u00eancia","NOT\u00cdCIAS","Sa\u00fade"],"inLanguage":"pt-PT","potentialAction":[{"@type":"CommentAction","name":"Comment","target":["https:\/\/inclusivenews.com.br\/?p=16209#respond"]}]},{"@type":"WebPage","@id":"https:\/\/inclusivenews.com.br\/?p=16209","url":"https:\/\/inclusivenews.com.br\/?p=16209","name":"Programa de DST\/Aids do Estado de S\u00e3o Paulo cria grupo de trabalho sobre HIV e defici\u00ea ncia -","isPartOf":{"@id":"https:\/\/inclusivenews.com.br\/#website"},"primaryImageOfPage":{"@id":"https:\/\/inclusivenews.com.br\/?p=16209#primaryimage"},"image":{"@id":"https:\/\/inclusivenews.com.br\/?p=16209#primaryimage"},"thumbnailUrl":"http:\/\/inclusivenews.com.br\/wp-content\/uploads\/2010\/04\/amankay.jpg","datePublished":"2010-06-29T09:05:56+00:00","breadcrumb":{"@id":"https:\/\/inclusivenews.com.br\/?p=16209#breadcrumb"},"inLanguage":"pt-PT","potentialAction":[{"@type":"ReadAction","target":["https:\/\/inclusivenews.com.br\/?p=16209"]}]},{"@type":"ImageObject","inLanguage":"pt-PT","@id":"https:\/\/inclusivenews.com.br\/?p=16209#primaryimage","url":"","contentUrl":""},{"@type":"BreadcrumbList","@id":"https:\/\/inclusivenews.com.br\/?p=16209#breadcrumb","itemListElement":[{"@type":"ListItem","position":1,"name":"In\u00edcio","item":"https:\/\/inclusivenews.com.br\/"},{"@type":"ListItem","position":2,"name":"Programa de DST\/Aids do Estado de S\u00e3o Paulo cria grupo de trabalho sobre HIV e defici\u00ea ncia"}]},{"@type":"WebSite","@id":"https:\/\/inclusivenews.com.br\/#website","url":"https:\/\/inclusivenews.com.br\/","name":"Inclusive News","description":"Inclusive News","publisher":{"@id":"https:\/\/inclusivenews.com.br\/#organization"},"potentialAction":[{"@type":"SearchAction","target":{"@type":"EntryPoint","urlTemplate":"https:\/\/inclusivenews.com.br\/?s={search_term_string}"},"query-input":{"@type":"PropertyValueSpecification","valueRequired":true,"valueName":"search_term_string"}}],"inLanguage":"pt-PT"},{"@type":"Organization","@id":"https:\/\/inclusivenews.com.br\/#organization","name":"Inclusive - inclus\u00e3o e cidadania","url":"https:\/\/inclusivenews.com.br\/","logo":{"@type":"ImageObject","inLanguage":"pt-PT","@id":"https:\/\/inclusivenews.com.br\/#\/schema\/logo\/image\/","url":"https:\/\/inclusivenews.com.br\/wp-content\/uploads\/2024\/03\/@grandesite.png","contentUrl":"https:\/\/inclusivenews.com.br\/wp-content\/uploads\/2024\/03\/@grandesite.png","width":1080,"height":1080,"caption":"Inclusive - inclus\u00e3o e cidadania"},"image":{"@id":"https:\/\/inclusivenews.com.br\/#\/schema\/logo\/image\/"},"sameAs":["https:\/\/www.facebook.com\/agenciainclusive\/","https:\/\/www.instagram.com\/newsinclusive\/"]},{"@type":"Person","@id":"https:\/\/inclusivenews.com.br\/#\/schema\/person\/ae4ec7087559b8692fb33b6fffd2273b","name":"inclusivenews2024","image":{"@type":"ImageObject","inLanguage":"pt-PT","@id":"https:\/\/secure.gravatar.com\/avatar\/c5a7ef84c66fa914f55bc4f7ce26cfa275a3b9a1c5568b907bd184fb4dde7b40?s=96&d=mm&r=g","url":"https:\/\/secure.gravatar.com\/avatar\/c5a7ef84c66fa914f55bc4f7ce26cfa275a3b9a1c5568b907bd184fb4dde7b40?s=96&d=mm&r=g","contentUrl":"https:\/\/secure.gravatar.com\/avatar\/c5a7ef84c66fa914f55bc4f7ce26cfa275a3b9a1c5568b907bd184fb4dde7b40?s=96&d=mm&r=g","caption":"inclusivenews2024"},"sameAs":["https:\/\/inclusivenews.com.br"],"url":"https:\/\/inclusivenews.com.br\/?author=1"}]}},"_links":{"self":[{"href":"https:\/\/inclusivenews.com.br\/index.php?rest_route=\/wp\/v2\/posts\/16209","targetHints":{"allow":["GET"]}}],"collection":[{"href":"https:\/\/inclusivenews.com.br\/index.php?rest_route=\/wp\/v2\/posts"}],"about":[{"href":"https:\/\/inclusivenews.com.br\/index.php?rest_route=\/wp\/v2\/types\/post"}],"author":[{"embeddable":true,"href":"https:\/\/inclusivenews.com.br\/index.php?rest_route=\/wp\/v2\/users\/1"}],"replies":[{"embeddable":true,"href":"https:\/\/inclusivenews.com.br\/index.php?rest_route=%2Fwp%2Fv2%2Fcomments&post=16209"}],"version-history":[{"count":0,"href":"https:\/\/inclusivenews.com.br\/index.php?rest_route=\/wp\/v2\/posts\/16209\/revisions"}],"wp:attachment":[{"href":"https:\/\/inclusivenews.com.br\/index.php?rest_route=%2Fwp%2Fv2%2Fmedia&parent=16209"}],"wp:term":[{"taxonomy":"category","embeddable":true,"href":"https:\/\/inclusivenews.com.br\/index.php?rest_route=%2Fwp%2Fv2%2Fcategories&post=16209"},{"taxonomy":"post_tag","embeddable":true,"href":"https:\/\/inclusivenews.com.br\/index.php?rest_route=%2Fwp%2Fv2%2Ftags&post=16209"}],"curies":[{"name":"wp","href":"https:\/\/api.w.org\/{rel}","templated":true}]}}