{"id":16211,"date":"2010-06-29T06:01:23","date_gmt":"2010-06-29T09:01:23","guid":{"rendered":"http:\/\/www.inclusive.org.br\/?p=16211"},"modified":"2010-06-29T06:01:23","modified_gmt":"2010-06-29T09:01:23","slug":"igualdade-racial","status":"publish","type":"post","link":"https:\/\/inclusivenews.com.br\/?p=16211","title":{"rendered":"Igualdade racial"},"content":{"rendered":"<p><span class=\"noticia_texto\"><\/p>\n<figure id=\"attachment_12403\" aria-describedby=\"caption-attachment-12403\" style=\"width: 210px\" class=\"wp-caption alignleft\"><a href=\"http:\/\/www.inclusivenews.com.br\/wp-content\/uploads\/2009\/11\/diferente.jpg\"><img loading=\"lazy\" decoding=\"async\" class=\"size-medium wp-image-12403\" title=\"Inclusive - Diferente - s\u00edmbolo matem\u00e1tico da diferen\u00e7a. Dois tra\u00e7os paralelos cortados na diagonal por outro tra\u00e7o.\" src=\"http:\/\/inclusivenews.com.br\/wp-content\/uploads\/2009\/11\/diferente-300x209.jpg\" alt=\"\" width=\"210\" height=\"146\" \/><\/a><figcaption id=\"caption-attachment-12403\" class=\"wp-caption-text\"> <\/figcaption><\/figure>\n<p>Clemente Quanto tempo mais temos de esperar? Quanto tempo mais temos que sofrer com o preconceito, a intoler\u00e2ncia e o desrespeito? Quanto tempo mais? Quanto tempo mais&#8230;<\/p>\n<p>Estas s\u00e3o perguntas que reiteradas vezes as popula\u00e7\u00f5es, discriminadas pela sua ra\u00e7a, suscitam no seu cotidiano, todas as vezes que os olhares, as atitudes e o discurso das pessoas demonstram intoler\u00e2ncia. Somos iguais, mas historicamente refor\u00e7amos as diferen\u00e7as de maneira negativa, tornando necess\u00e1rio que a\u00e7\u00f5es sejam desenvolvidas para conquistar a igualdade, sucessivamente postergada, pelo manto (in)vis\u00edvel de que vivemos num pa\u00eds sem preconceito racial.<\/p>\n<p>Mas esconder n\u00e3o \u00e9 poss\u00edvel. Como escamotear trezentos e oitenta e oito anos de escravid\u00e3o e nega\u00e7\u00e3o de direitos? Apesar desta constata\u00e7\u00e3o existem esfor\u00e7os nesse sentido. Dizemos isto, haja vista, h\u00e1 aproximadamente sete anos se encontrar tramitando no Congresso Nacional, o Estatuto da Igualdade Racial, recentemente aprovado no \u00e2mbito do Senado Federal. Por\u00e9m, o texto original sofreu modifica\u00e7\u00f5es, de forma que bandeiras de lutas essenciais, a exemplo do sistema de cotas, foram retiradas.<\/p>\n<p>Sobre as cotas, ponto pol\u00eamico, sobretudo pelas possibilidades que criam para os povos discriminados, \u00e9 v\u00e1lido ressaltar que o Brasil \u00e9 signat\u00e1rio da III Confer\u00eancia mundial contra racismo, discrimina\u00e7\u00e3o racial, xenofobia e intoler\u00e2ncia, realizada em Durban, \u00c1frica do Sul, em 2001. Este fato, a priori, deveria nortear e considerar relevante assumirmos que precisamos realizar o enfrentamento do racismo, sem subterf\u00fagios.<\/p>\n<p>Atualmente existe quem afirme, e concordamos, que pelo menos dois ter\u00e7os dos conflitos do mundo t\u00eam motiva\u00e7\u00e3o econ\u00f4mica e \u00e9tnica. Consideramos que n\u00e3o adianta nada querermos mudar apenas nossa vida. O que interessa \u00e9 o coletivo, \u00e9 a luta de homens e mulheres contra a opress\u00e3o social e a intoler\u00e2ncia racial. Nos tempos atuais a xenofobia relacionada aos mul\u00e7umanos, orientais, africanos e ind\u00edgenas se faz presente nas rela\u00e7\u00f5es sociais intercontinentais.<\/p>\n<p>Portanto, \u00e9 essencial estabelecermos medidas de recusa ao racismo no Brasil e a repara\u00e7\u00e3o aos dez milh\u00f5es de africanos e africanas que foram submetidos \u00e0 tortura, estupro, escravid\u00e3o, persegui\u00e7\u00e3o religiosa, explora\u00e7\u00e3o e que ainda hoje sofrem com o fen\u00f4meno do racismo estrutural, que continua caracterizando nossa sociedade. Frente a essa realidade somos da opini\u00e3o que o Estatuto da Igualdade Racial aprovado n\u00e3o representou avan\u00e7os. Sendo assim, a luta pela conquista de direitos permanece, o percurso \u00e9 longo, mas precisa ser trilhado, no intuito de que na sociedade brasileira a igualdade para todos se torne, de fato, uma realidade.<\/p>\n<p>Nessa seara, a sociedade civil organizada tem um papel salutar de estimular o debate, denunciar as condi\u00e7\u00f5es de vida deplor\u00e1veis, \u00e0s quais as popula\u00e7\u00f5es discriminadas s\u00e3o submetidas, participar das a\u00e7\u00f5es coletivas em defesa dos direitos dessas popula\u00e7\u00f5es e propor alternativas que visem a garantia de acesso a todos, na perspectiva de que somos iguais na diferen\u00e7a.<\/p>\n<p>[*Fl\u00e1via da Silva Clemente &#8211; Assistente Social do GAJOP, Especialista em Sa\u00fade P\u00fablica\/Funda\u00e7\u00e3o Osvaldo Cruz e Mestra em Servi\u00e7o Social\/UFPE. (*)<br \/>\nM\u00e1rcia da Silva Clemente &#8211; Assistente Social, Especialista em Direitos Humanos\/ UFPB e Professora Mestra do Curso de Servi\u00e7o Social\/UFRB (Universidade Federal do Rec\u00f4ncavo da Bahia)].<br \/>\n_________________<\/p>\n<p><strong>Fonte: <\/strong><a href=\"http:\/\/www.adital.org.br\/site\/noticia.asp?lang=PT&amp;cod=48878\">GAJOP\/Adital<\/a><\/p>\n<p><\/span><\/p>\n","protected":false},"excerpt":{"rendered":"<p>Somos iguais, mas historicamente refor\u00e7amos as diferen\u00e7as de maneira negativa, tornando necess\u00e1rio que a\u00e7\u00f5es sejam desenvolvidas para conquistar a igualdade, sucessivamente postergada, pelo manto (in)vis\u00edvel de que vivemos num pa\u00eds sem preconceito racial. A opini\u00e3o \u00e9 de Fl\u00e1via da Silva Clemente e M\u00e1rcia da Siva, do GAJOP.<\/p>\n","protected":false},"author":1,"featured_media":0,"comment_status":"open","ping_status":"open","sticky":false,"template":"","format":"standard","meta":{"site-container-style":"default","site-container-layout":"default","site-sidebar-layout":"default","disable-article-header":"default","disable-site-header":"default","disable-site-footer":"default","disable-content-area-spacing":"default","footnotes":""},"categories":[56,11,39,8,49],"tags":[],"class_list":["post-16211","post","type-post","status-publish","format-standard","hentry","category-acoes-afirmativas","category-direitos-humanos","category-discriminacao","category-textos-e-artigos","category-politicas-publicas"],"yoast_head":"<!-- This site is optimized with the Yoast SEO plugin v27.4 - https:\/\/yoast.com\/product\/yoast-seo-wordpress\/ -->\n<title>Igualdade racial -<\/title>\n<meta name=\"robots\" content=\"index, follow, max-snippet:-1, max-image-preview:large, max-video-preview:-1\" \/>\n<link rel=\"canonical\" href=\"https:\/\/inclusivenews.com.br\/?p=16211\" \/>\n<meta property=\"og:locale\" content=\"pt_PT\" \/>\n<meta property=\"og:type\" content=\"article\" \/>\n<meta property=\"og:title\" content=\"Igualdade racial -\" \/>\n<meta property=\"og:description\" content=\"Somos iguais, mas historicamente refor\u00e7amos as diferen\u00e7as de maneira negativa, tornando necess\u00e1rio que a\u00e7\u00f5es sejam desenvolvidas para conquistar a igualdade, sucessivamente postergada, pelo manto (in)vis\u00edvel de que vivemos num pa\u00eds sem preconceito racial. A opini\u00e3o \u00e9 de Fl\u00e1via da Silva Clemente e M\u00e1rcia da Siva, do GAJOP.\" \/>\n<meta property=\"og:url\" content=\"https:\/\/inclusivenews.com.br\/?p=16211\" \/>\n<meta property=\"article:publisher\" content=\"https:\/\/www.facebook.com\/agenciainclusive\/\" \/>\n<meta property=\"article:published_time\" content=\"2010-06-29T09:01:23+00:00\" \/>\n<meta property=\"og:image\" content=\"http:\/\/inclusivenews.com.br\/wp-content\/uploads\/2009\/11\/diferente-300x209.jpg\" \/>\n<meta name=\"author\" content=\"inclusivenews2024\" \/>\n<meta name=\"twitter:card\" content=\"summary_large_image\" \/>\n<meta name=\"twitter:label1\" content=\"Escrito por\" \/>\n\t<meta name=\"twitter:data1\" content=\"inclusivenews2024\" \/>\n\t<meta name=\"twitter:label2\" content=\"Tempo estimado de leitura\" \/>\n\t<meta name=\"twitter:data2\" content=\"3 minutos\" \/>\n<script type=\"application\/ld+json\" class=\"yoast-schema-graph\">{\"@context\":\"https:\\\/\\\/schema.org\",\"@graph\":[{\"@type\":\"Article\",\"@id\":\"https:\\\/\\\/inclusivenews.com.br\\\/?p=16211#article\",\"isPartOf\":{\"@id\":\"https:\\\/\\\/inclusivenews.com.br\\\/?p=16211\"},\"author\":{\"name\":\"inclusivenews2024\",\"@id\":\"https:\\\/\\\/inclusivenews.com.br\\\/#\\\/schema\\\/person\\\/ae4ec7087559b8692fb33b6fffd2273b\"},\"headline\":\"Igualdade racial\",\"datePublished\":\"2010-06-29T09:01:23+00:00\",\"mainEntityOfPage\":{\"@id\":\"https:\\\/\\\/inclusivenews.com.br\\\/?p=16211\"},\"wordCount\":562,\"commentCount\":0,\"publisher\":{\"@id\":\"https:\\\/\\\/inclusivenews.com.br\\\/#organization\"},\"image\":{\"@id\":\"https:\\\/\\\/inclusivenews.com.br\\\/?p=16211#primaryimage\"},\"thumbnailUrl\":\"http:\\\/\\\/inclusivenews.com.br\\\/wp-content\\\/uploads\\\/2009\\\/11\\\/diferente-300x209.jpg\",\"articleSection\":[\"A\u00e7\u00f5es afirmativas\",\"DIREITOS HUMANOS\",\"Discrimina\u00e7\u00e3o\",\"OPINI\u00c3O\",\"Pol\u00edticas p\u00fablicas\"],\"inLanguage\":\"pt-PT\",\"potentialAction\":[{\"@type\":\"CommentAction\",\"name\":\"Comment\",\"target\":[\"https:\\\/\\\/inclusivenews.com.br\\\/?p=16211#respond\"]}]},{\"@type\":\"WebPage\",\"@id\":\"https:\\\/\\\/inclusivenews.com.br\\\/?p=16211\",\"url\":\"https:\\\/\\\/inclusivenews.com.br\\\/?p=16211\",\"name\":\"Igualdade racial -\",\"isPartOf\":{\"@id\":\"https:\\\/\\\/inclusivenews.com.br\\\/#website\"},\"primaryImageOfPage\":{\"@id\":\"https:\\\/\\\/inclusivenews.com.br\\\/?p=16211#primaryimage\"},\"image\":{\"@id\":\"https:\\\/\\\/inclusivenews.com.br\\\/?p=16211#primaryimage\"},\"thumbnailUrl\":\"http:\\\/\\\/inclusivenews.com.br\\\/wp-content\\\/uploads\\\/2009\\\/11\\\/diferente-300x209.jpg\",\"datePublished\":\"2010-06-29T09:01:23+00:00\",\"breadcrumb\":{\"@id\":\"https:\\\/\\\/inclusivenews.com.br\\\/?p=16211#breadcrumb\"},\"inLanguage\":\"pt-PT\",\"potentialAction\":[{\"@type\":\"ReadAction\",\"target\":[\"https:\\\/\\\/inclusivenews.com.br\\\/?p=16211\"]}]},{\"@type\":\"ImageObject\",\"inLanguage\":\"pt-PT\",\"@id\":\"https:\\\/\\\/inclusivenews.com.br\\\/?p=16211#primaryimage\",\"url\":\"https:\\\/\\\/inclusivenews.com.br\\\/wp-content\\\/uploads\\\/2009\\\/11\\\/diferente.jpg\",\"contentUrl\":\"https:\\\/\\\/inclusivenews.com.br\\\/wp-content\\\/uploads\\\/2009\\\/11\\\/diferente.jpg\",\"width\":356,\"height\":249,\"caption\":\"Inclusive - Diferente - s\u00edmbolo matem\u00e1tico da diferen\u00e7a. Dois tra\u00e7os paralelos cortados na diagonal por outro tra\u00e7o.\"},{\"@type\":\"BreadcrumbList\",\"@id\":\"https:\\\/\\\/inclusivenews.com.br\\\/?p=16211#breadcrumb\",\"itemListElement\":[{\"@type\":\"ListItem\",\"position\":1,\"name\":\"In\u00edcio\",\"item\":\"https:\\\/\\\/inclusivenews.com.br\\\/\"},{\"@type\":\"ListItem\",\"position\":2,\"name\":\"Igualdade racial\"}]},{\"@type\":\"WebSite\",\"@id\":\"https:\\\/\\\/inclusivenews.com.br\\\/#website\",\"url\":\"https:\\\/\\\/inclusivenews.com.br\\\/\",\"name\":\"Inclusive News\",\"description\":\"Inclusive News\",\"publisher\":{\"@id\":\"https:\\\/\\\/inclusivenews.com.br\\\/#organization\"},\"potentialAction\":[{\"@type\":\"SearchAction\",\"target\":{\"@type\":\"EntryPoint\",\"urlTemplate\":\"https:\\\/\\\/inclusivenews.com.br\\\/?s={search_term_string}\"},\"query-input\":{\"@type\":\"PropertyValueSpecification\",\"valueRequired\":true,\"valueName\":\"search_term_string\"}}],\"inLanguage\":\"pt-PT\"},{\"@type\":\"Organization\",\"@id\":\"https:\\\/\\\/inclusivenews.com.br\\\/#organization\",\"name\":\"Inclusive - inclus\u00e3o e cidadania\",\"url\":\"https:\\\/\\\/inclusivenews.com.br\\\/\",\"logo\":{\"@type\":\"ImageObject\",\"inLanguage\":\"pt-PT\",\"@id\":\"https:\\\/\\\/inclusivenews.com.br\\\/#\\\/schema\\\/logo\\\/image\\\/\",\"url\":\"https:\\\/\\\/inclusivenews.com.br\\\/wp-content\\\/uploads\\\/2024\\\/03\\\/@grandesite.png\",\"contentUrl\":\"https:\\\/\\\/inclusivenews.com.br\\\/wp-content\\\/uploads\\\/2024\\\/03\\\/@grandesite.png\",\"width\":1080,\"height\":1080,\"caption\":\"Inclusive - inclus\u00e3o e cidadania\"},\"image\":{\"@id\":\"https:\\\/\\\/inclusivenews.com.br\\\/#\\\/schema\\\/logo\\\/image\\\/\"},\"sameAs\":[\"https:\\\/\\\/www.facebook.com\\\/agenciainclusive\\\/\",\"https:\\\/\\\/www.instagram.com\\\/newsinclusive\\\/\"]},{\"@type\":\"Person\",\"@id\":\"https:\\\/\\\/inclusivenews.com.br\\\/#\\\/schema\\\/person\\\/ae4ec7087559b8692fb33b6fffd2273b\",\"name\":\"inclusivenews2024\",\"image\":{\"@type\":\"ImageObject\",\"inLanguage\":\"pt-PT\",\"@id\":\"https:\\\/\\\/secure.gravatar.com\\\/avatar\\\/c5a7ef84c66fa914f55bc4f7ce26cfa275a3b9a1c5568b907bd184fb4dde7b40?s=96&d=mm&r=g\",\"url\":\"https:\\\/\\\/secure.gravatar.com\\\/avatar\\\/c5a7ef84c66fa914f55bc4f7ce26cfa275a3b9a1c5568b907bd184fb4dde7b40?s=96&d=mm&r=g\",\"contentUrl\":\"https:\\\/\\\/secure.gravatar.com\\\/avatar\\\/c5a7ef84c66fa914f55bc4f7ce26cfa275a3b9a1c5568b907bd184fb4dde7b40?s=96&d=mm&r=g\",\"caption\":\"inclusivenews2024\"},\"sameAs\":[\"https:\\\/\\\/inclusivenews.com.br\"],\"url\":\"https:\\\/\\\/inclusivenews.com.br\\\/?author=1\"}]}<\/script>\n<!-- \/ Yoast SEO plugin. -->","yoast_head_json":{"title":"Igualdade racial -","robots":{"index":"index","follow":"follow","max-snippet":"max-snippet:-1","max-image-preview":"max-image-preview:large","max-video-preview":"max-video-preview:-1"},"canonical":"https:\/\/inclusivenews.com.br\/?p=16211","og_locale":"pt_PT","og_type":"article","og_title":"Igualdade racial -","og_description":"Somos iguais, mas historicamente refor\u00e7amos as diferen\u00e7as de maneira negativa, tornando necess\u00e1rio que a\u00e7\u00f5es sejam desenvolvidas para conquistar a igualdade, sucessivamente postergada, pelo manto (in)vis\u00edvel de que vivemos num pa\u00eds sem preconceito racial. A opini\u00e3o \u00e9 de Fl\u00e1via da Silva Clemente e M\u00e1rcia da Siva, do GAJOP.","og_url":"https:\/\/inclusivenews.com.br\/?p=16211","article_publisher":"https:\/\/www.facebook.com\/agenciainclusive\/","article_published_time":"2010-06-29T09:01:23+00:00","og_image":[{"url":"http:\/\/inclusivenews.com.br\/wp-content\/uploads\/2009\/11\/diferente-300x209.jpg","type":"","width":"","height":""}],"author":"inclusivenews2024","twitter_card":"summary_large_image","twitter_misc":{"Escrito por":"inclusivenews2024","Tempo estimado de leitura":"3 minutos"},"schema":{"@context":"https:\/\/schema.org","@graph":[{"@type":"Article","@id":"https:\/\/inclusivenews.com.br\/?p=16211#article","isPartOf":{"@id":"https:\/\/inclusivenews.com.br\/?p=16211"},"author":{"name":"inclusivenews2024","@id":"https:\/\/inclusivenews.com.br\/#\/schema\/person\/ae4ec7087559b8692fb33b6fffd2273b"},"headline":"Igualdade racial","datePublished":"2010-06-29T09:01:23+00:00","mainEntityOfPage":{"@id":"https:\/\/inclusivenews.com.br\/?p=16211"},"wordCount":562,"commentCount":0,"publisher":{"@id":"https:\/\/inclusivenews.com.br\/#organization"},"image":{"@id":"https:\/\/inclusivenews.com.br\/?p=16211#primaryimage"},"thumbnailUrl":"http:\/\/inclusivenews.com.br\/wp-content\/uploads\/2009\/11\/diferente-300x209.jpg","articleSection":["A\u00e7\u00f5es afirmativas","DIREITOS HUMANOS","Discrimina\u00e7\u00e3o","OPINI\u00c3O","Pol\u00edticas p\u00fablicas"],"inLanguage":"pt-PT","potentialAction":[{"@type":"CommentAction","name":"Comment","target":["https:\/\/inclusivenews.com.br\/?p=16211#respond"]}]},{"@type":"WebPage","@id":"https:\/\/inclusivenews.com.br\/?p=16211","url":"https:\/\/inclusivenews.com.br\/?p=16211","name":"Igualdade racial -","isPartOf":{"@id":"https:\/\/inclusivenews.com.br\/#website"},"primaryImageOfPage":{"@id":"https:\/\/inclusivenews.com.br\/?p=16211#primaryimage"},"image":{"@id":"https:\/\/inclusivenews.com.br\/?p=16211#primaryimage"},"thumbnailUrl":"http:\/\/inclusivenews.com.br\/wp-content\/uploads\/2009\/11\/diferente-300x209.jpg","datePublished":"2010-06-29T09:01:23+00:00","breadcrumb":{"@id":"https:\/\/inclusivenews.com.br\/?p=16211#breadcrumb"},"inLanguage":"pt-PT","potentialAction":[{"@type":"ReadAction","target":["https:\/\/inclusivenews.com.br\/?p=16211"]}]},{"@type":"ImageObject","inLanguage":"pt-PT","@id":"https:\/\/inclusivenews.com.br\/?p=16211#primaryimage","url":"https:\/\/inclusivenews.com.br\/wp-content\/uploads\/2009\/11\/diferente.jpg","contentUrl":"https:\/\/inclusivenews.com.br\/wp-content\/uploads\/2009\/11\/diferente.jpg","width":356,"height":249,"caption":"Inclusive - Diferente - s\u00edmbolo matem\u00e1tico da diferen\u00e7a. Dois tra\u00e7os paralelos cortados na diagonal por outro tra\u00e7o."},{"@type":"BreadcrumbList","@id":"https:\/\/inclusivenews.com.br\/?p=16211#breadcrumb","itemListElement":[{"@type":"ListItem","position":1,"name":"In\u00edcio","item":"https:\/\/inclusivenews.com.br\/"},{"@type":"ListItem","position":2,"name":"Igualdade racial"}]},{"@type":"WebSite","@id":"https:\/\/inclusivenews.com.br\/#website","url":"https:\/\/inclusivenews.com.br\/","name":"Inclusive News","description":"Inclusive News","publisher":{"@id":"https:\/\/inclusivenews.com.br\/#organization"},"potentialAction":[{"@type":"SearchAction","target":{"@type":"EntryPoint","urlTemplate":"https:\/\/inclusivenews.com.br\/?s={search_term_string}"},"query-input":{"@type":"PropertyValueSpecification","valueRequired":true,"valueName":"search_term_string"}}],"inLanguage":"pt-PT"},{"@type":"Organization","@id":"https:\/\/inclusivenews.com.br\/#organization","name":"Inclusive - inclus\u00e3o e cidadania","url":"https:\/\/inclusivenews.com.br\/","logo":{"@type":"ImageObject","inLanguage":"pt-PT","@id":"https:\/\/inclusivenews.com.br\/#\/schema\/logo\/image\/","url":"https:\/\/inclusivenews.com.br\/wp-content\/uploads\/2024\/03\/@grandesite.png","contentUrl":"https:\/\/inclusivenews.com.br\/wp-content\/uploads\/2024\/03\/@grandesite.png","width":1080,"height":1080,"caption":"Inclusive - inclus\u00e3o e cidadania"},"image":{"@id":"https:\/\/inclusivenews.com.br\/#\/schema\/logo\/image\/"},"sameAs":["https:\/\/www.facebook.com\/agenciainclusive\/","https:\/\/www.instagram.com\/newsinclusive\/"]},{"@type":"Person","@id":"https:\/\/inclusivenews.com.br\/#\/schema\/person\/ae4ec7087559b8692fb33b6fffd2273b","name":"inclusivenews2024","image":{"@type":"ImageObject","inLanguage":"pt-PT","@id":"https:\/\/secure.gravatar.com\/avatar\/c5a7ef84c66fa914f55bc4f7ce26cfa275a3b9a1c5568b907bd184fb4dde7b40?s=96&d=mm&r=g","url":"https:\/\/secure.gravatar.com\/avatar\/c5a7ef84c66fa914f55bc4f7ce26cfa275a3b9a1c5568b907bd184fb4dde7b40?s=96&d=mm&r=g","contentUrl":"https:\/\/secure.gravatar.com\/avatar\/c5a7ef84c66fa914f55bc4f7ce26cfa275a3b9a1c5568b907bd184fb4dde7b40?s=96&d=mm&r=g","caption":"inclusivenews2024"},"sameAs":["https:\/\/inclusivenews.com.br"],"url":"https:\/\/inclusivenews.com.br\/?author=1"}]}},"_links":{"self":[{"href":"https:\/\/inclusivenews.com.br\/index.php?rest_route=\/wp\/v2\/posts\/16211","targetHints":{"allow":["GET"]}}],"collection":[{"href":"https:\/\/inclusivenews.com.br\/index.php?rest_route=\/wp\/v2\/posts"}],"about":[{"href":"https:\/\/inclusivenews.com.br\/index.php?rest_route=\/wp\/v2\/types\/post"}],"author":[{"embeddable":true,"href":"https:\/\/inclusivenews.com.br\/index.php?rest_route=\/wp\/v2\/users\/1"}],"replies":[{"embeddable":true,"href":"https:\/\/inclusivenews.com.br\/index.php?rest_route=%2Fwp%2Fv2%2Fcomments&post=16211"}],"version-history":[{"count":0,"href":"https:\/\/inclusivenews.com.br\/index.php?rest_route=\/wp\/v2\/posts\/16211\/revisions"}],"wp:attachment":[{"href":"https:\/\/inclusivenews.com.br\/index.php?rest_route=%2Fwp%2Fv2%2Fmedia&parent=16211"}],"wp:term":[{"taxonomy":"category","embeddable":true,"href":"https:\/\/inclusivenews.com.br\/index.php?rest_route=%2Fwp%2Fv2%2Fcategories&post=16211"},{"taxonomy":"post_tag","embeddable":true,"href":"https:\/\/inclusivenews.com.br\/index.php?rest_route=%2Fwp%2Fv2%2Ftags&post=16211"}],"curies":[{"name":"wp","href":"https:\/\/api.w.org\/{rel}","templated":true}]}}