{"id":16213,"date":"2010-06-28T06:01:35","date_gmt":"2010-06-28T09:01:35","guid":{"rendered":"http:\/\/www.inclusive.org.br\/?p=16213"},"modified":"2010-06-28T06:01:35","modified_gmt":"2010-06-28T09:01:35","slug":"encontro-no-rio-abre-debate-sobre-baixa-visao-e-inclusao","status":"publish","type":"post","link":"https:\/\/inclusivenews.com.br\/?p=16213","title":{"rendered":"Encontro no Rio abre debate sobre baixa vis\u00e3o e inclus\u00e3o"},"content":{"rendered":"<figure style=\"width: 216px\" class=\"wp-caption alignleft\"><a class=\"moz-txt-link-freetext\" href=\"http:\/\/www.envolverde.com.br\/fotos_novas\/76670.jpg\"><img loading=\"lazy\" decoding=\"async\" title=\"Crian\u00e7a com baixa vis\u00e3o escrevendo\" src=\"http:\/\/www.envolverde.com.br\/fotos_novas\/76670.jpg\" alt=\"\" width=\"216\" height=\"158\" \/><\/a><figcaption class=\"wp-caption-text\"> <\/figcaption><\/figure>\n<p>O Instituto Benjamin Constant (IBC), vinculado ao Minist\u00e9rio da Educa\u00e7\u00e3o, promover\u00e1 em 1\u00ba e 2 de julho, no Rio, a 3\u00aa Jornada de Baixa Vis\u00e3o. O encontro reunir\u00e1 mais de 200 pessoas entre professores, estudantes das \u00e1reas de educa\u00e7\u00e3o e sa\u00fade e oftalmologistas.<\/p>\n<p>Organizada pela Coordena\u00e7\u00e3o de Baixa Vis\u00e3o do Departamento de Estudos e Pesquisas M\u00e9dicas e de Reabilita\u00e7\u00e3o do IBC, a jornada abrir\u00e1 debates sobre procedimentos e recursos espec\u00edficos que permitam relativa melhora nas atividades escolares e no cotidiano de pessoas com defici\u00eancia visual. M\u00e9dicos e professores do Rio e de S\u00e3o Paulo abordar\u00e3o temas como educa\u00e7\u00e3o infantil e a baixa vis\u00e3o; o papel do oftalmologista na inclus\u00e3o da crian\u00e7a em idade escolar com baixa vis\u00e3o; aux\u00edlios \u00f3pticos; causas mais frequentes da baixa vis\u00e3o infantil; a inform\u00e1tica e a baixa vis\u00e3o, entre outros.<\/p>\n<p>No dia 2, haver\u00e1 mesa-redonda sobre arte e defici\u00eancia visual, com discuss\u00e3o sobre as t\u00e9cnicas teatrais que beneficiam a reabilita\u00e7\u00e3o de cegos e sobre a import\u00e2ncia da cer\u00e2mica como ve\u00edculo de express\u00e3o e objeto de inclus\u00e3o.<\/p>\n<p>Durante o encontro, ser\u00e1 lan\u00e7ado o livro Baixa Vis\u00e3o e Cegueira; os Caminhos para a Reabilita\u00e7\u00e3o, Educa\u00e7\u00e3o e Inclus\u00e3o, de autoria dos especialistas Marcos Wilson Sampaio, Maria Aparecida Onuki Haddad, Helder Alves da Costa Filho e Mara Olimpia de Campos Siaulys. Os participantes da jornada visitar\u00e3o a sala de maquetes e monumentos hist\u00f3ricos do Rio de Janeiro e a oficina de cer\u00e2mica do IBC.<\/p>\n<p>A ficha de inscri\u00e7\u00e3o e mais informa\u00e7\u00f5es est\u00e3o na p\u00e1gina eletr\u00f4nica do instituto.<br \/>\n__________<\/p>\n<p><strong>Fonte:<\/strong> <a href=\"http:\/\/portal.mec.gov.br\/index.php?option=com_content&amp;view=article&amp;id=15605%3Aencontro-no-rio-abre-debate-sobre-baixa-visao-e-inclusao&amp;catid=222&amp;Itemid=86\">MEC<\/a><\/p>\n","protected":false},"excerpt":{"rendered":"<p>O Instituto Benjamin Constant (IBC), vinculado ao Minist\u00e9rio da Educa\u00e7\u00e3o, promover\u00e1 em 1\u00ba e 2 de julho, no Rio, a 3\u00aa Jornada de Baixa Vis\u00e3o. O encontro reunir\u00e1 mais de 200 pessoas entre professores, estudantes das \u00e1reas de educa\u00e7\u00e3o e sa\u00fade e oftalmologistas. Informa\u00e7\u00e3o vem do MEC.<\/p>\n","protected":false},"author":1,"featured_media":0,"comment_status":"open","ping_status":"open","sticky":false,"template":"","format":"standard","meta":{"site-container-style":"default","site-container-layout":"default","site-sidebar-layout":"default","disable-article-header":"default","disable-site-header":"default","disable-site-footer":"default","disable-content-area-spacing":"default","footnotes":""},"categories":[38,6,48,4],"tags":[],"class_list":["post-16213","post","type-post","status-publish","format-standard","hentry","category-deficiencia","category-educacao","category-inclusao","category-noticias"],"yoast_head":"<!-- This site is optimized with the Yoast SEO plugin v27.4 - https:\/\/yoast.com\/product\/yoast-seo-wordpress\/ -->\n<title>Encontro no Rio abre debate sobre baixa vis\u00e3o e inclus\u00e3o -<\/title>\n<meta name=\"robots\" content=\"index, follow, max-snippet:-1, max-image-preview:large, max-video-preview:-1\" \/>\n<link rel=\"canonical\" href=\"https:\/\/inclusivenews.com.br\/?p=16213\" \/>\n<meta property=\"og:locale\" content=\"pt_PT\" \/>\n<meta property=\"og:type\" content=\"article\" \/>\n<meta property=\"og:title\" content=\"Encontro no Rio abre debate sobre baixa vis\u00e3o e inclus\u00e3o -\" \/>\n<meta property=\"og:description\" content=\"O Instituto Benjamin Constant (IBC), vinculado ao Minist\u00e9rio da Educa\u00e7\u00e3o, promover\u00e1 em 1\u00ba e 2 de julho, no Rio, a 3\u00aa Jornada de Baixa Vis\u00e3o. O encontro reunir\u00e1 mais de 200 pessoas entre professores, estudantes das \u00e1reas de educa\u00e7\u00e3o e sa\u00fade e oftalmologistas. Informa\u00e7\u00e3o vem do MEC.\" \/>\n<meta property=\"og:url\" content=\"https:\/\/inclusivenews.com.br\/?p=16213\" \/>\n<meta property=\"article:publisher\" content=\"https:\/\/www.facebook.com\/agenciainclusive\/\" \/>\n<meta property=\"article:published_time\" content=\"2010-06-28T09:01:35+00:00\" \/>\n<meta property=\"og:image\" content=\"http:\/\/www.envolverde.com.br\/fotos_novas\/76670.jpg\" \/>\n<meta name=\"author\" content=\"inclusivenews2024\" \/>\n<meta name=\"twitter:card\" content=\"summary_large_image\" \/>\n<meta name=\"twitter:label1\" content=\"Escrito por\" \/>\n\t<meta name=\"twitter:data1\" content=\"inclusivenews2024\" \/>\n\t<meta name=\"twitter:label2\" content=\"Tempo estimado de leitura\" \/>\n\t<meta name=\"twitter:data2\" content=\"1 minuto\" \/>\n<script type=\"application\/ld+json\" class=\"yoast-schema-graph\">{\"@context\":\"https:\\\/\\\/schema.org\",\"@graph\":[{\"@type\":\"Article\",\"@id\":\"https:\\\/\\\/inclusivenews.com.br\\\/?p=16213#article\",\"isPartOf\":{\"@id\":\"https:\\\/\\\/inclusivenews.com.br\\\/?p=16213\"},\"author\":{\"name\":\"inclusivenews2024\",\"@id\":\"https:\\\/\\\/inclusivenews.com.br\\\/#\\\/schema\\\/person\\\/ae4ec7087559b8692fb33b6fffd2273b\"},\"headline\":\"Encontro no Rio abre debate sobre baixa vis\u00e3o e inclus\u00e3o\",\"datePublished\":\"2010-06-28T09:01:35+00:00\",\"mainEntityOfPage\":{\"@id\":\"https:\\\/\\\/inclusivenews.com.br\\\/?p=16213\"},\"wordCount\":308,\"commentCount\":0,\"publisher\":{\"@id\":\"https:\\\/\\\/inclusivenews.com.br\\\/#organization\"},\"image\":{\"@id\":\"https:\\\/\\\/inclusivenews.com.br\\\/?p=16213#primaryimage\"},\"thumbnailUrl\":\"http:\\\/\\\/www.envolverde.com.br\\\/fotos_novas\\\/76670.jpg\",\"articleSection\":[\"Defici\u00eancia\",\"EDUCA\u00c7\u00c3O\",\"INCLUS\u00c3O SOCIAL\",\"NOT\u00cdCIAS\"],\"inLanguage\":\"pt-PT\",\"potentialAction\":[{\"@type\":\"CommentAction\",\"name\":\"Comment\",\"target\":[\"https:\\\/\\\/inclusivenews.com.br\\\/?p=16213#respond\"]}]},{\"@type\":\"WebPage\",\"@id\":\"https:\\\/\\\/inclusivenews.com.br\\\/?p=16213\",\"url\":\"https:\\\/\\\/inclusivenews.com.br\\\/?p=16213\",\"name\":\"Encontro no Rio abre debate sobre baixa vis\u00e3o e inclus\u00e3o -\",\"isPartOf\":{\"@id\":\"https:\\\/\\\/inclusivenews.com.br\\\/#website\"},\"primaryImageOfPage\":{\"@id\":\"https:\\\/\\\/inclusivenews.com.br\\\/?p=16213#primaryimage\"},\"image\":{\"@id\":\"https:\\\/\\\/inclusivenews.com.br\\\/?p=16213#primaryimage\"},\"thumbnailUrl\":\"http:\\\/\\\/www.envolverde.com.br\\\/fotos_novas\\\/76670.jpg\",\"datePublished\":\"2010-06-28T09:01:35+00:00\",\"breadcrumb\":{\"@id\":\"https:\\\/\\\/inclusivenews.com.br\\\/?p=16213#breadcrumb\"},\"inLanguage\":\"pt-PT\",\"potentialAction\":[{\"@type\":\"ReadAction\",\"target\":[\"https:\\\/\\\/inclusivenews.com.br\\\/?p=16213\"]}]},{\"@type\":\"ImageObject\",\"inLanguage\":\"pt-PT\",\"@id\":\"https:\\\/\\\/inclusivenews.com.br\\\/?p=16213#primaryimage\",\"url\":\"http:\\\/\\\/www.envolverde.com.br\\\/fotos_novas\\\/76670.jpg\",\"contentUrl\":\"http:\\\/\\\/www.envolverde.com.br\\\/fotos_novas\\\/76670.jpg\"},{\"@type\":\"BreadcrumbList\",\"@id\":\"https:\\\/\\\/inclusivenews.com.br\\\/?p=16213#breadcrumb\",\"itemListElement\":[{\"@type\":\"ListItem\",\"position\":1,\"name\":\"In\u00edcio\",\"item\":\"https:\\\/\\\/inclusivenews.com.br\\\/\"},{\"@type\":\"ListItem\",\"position\":2,\"name\":\"Encontro no Rio abre debate sobre baixa vis\u00e3o e inclus\u00e3o\"}]},{\"@type\":\"WebSite\",\"@id\":\"https:\\\/\\\/inclusivenews.com.br\\\/#website\",\"url\":\"https:\\\/\\\/inclusivenews.com.br\\\/\",\"name\":\"Inclusive News\",\"description\":\"Inclusive News\",\"publisher\":{\"@id\":\"https:\\\/\\\/inclusivenews.com.br\\\/#organization\"},\"potentialAction\":[{\"@type\":\"SearchAction\",\"target\":{\"@type\":\"EntryPoint\",\"urlTemplate\":\"https:\\\/\\\/inclusivenews.com.br\\\/?s={search_term_string}\"},\"query-input\":{\"@type\":\"PropertyValueSpecification\",\"valueRequired\":true,\"valueName\":\"search_term_string\"}}],\"inLanguage\":\"pt-PT\"},{\"@type\":\"Organization\",\"@id\":\"https:\\\/\\\/inclusivenews.com.br\\\/#organization\",\"name\":\"Inclusive - inclus\u00e3o e cidadania\",\"url\":\"https:\\\/\\\/inclusivenews.com.br\\\/\",\"logo\":{\"@type\":\"ImageObject\",\"inLanguage\":\"pt-PT\",\"@id\":\"https:\\\/\\\/inclusivenews.com.br\\\/#\\\/schema\\\/logo\\\/image\\\/\",\"url\":\"https:\\\/\\\/inclusivenews.com.br\\\/wp-content\\\/uploads\\\/2024\\\/03\\\/@grandesite.png\",\"contentUrl\":\"https:\\\/\\\/inclusivenews.com.br\\\/wp-content\\\/uploads\\\/2024\\\/03\\\/@grandesite.png\",\"width\":1080,\"height\":1080,\"caption\":\"Inclusive - inclus\u00e3o e cidadania\"},\"image\":{\"@id\":\"https:\\\/\\\/inclusivenews.com.br\\\/#\\\/schema\\\/logo\\\/image\\\/\"},\"sameAs\":[\"https:\\\/\\\/www.facebook.com\\\/agenciainclusive\\\/\",\"https:\\\/\\\/www.instagram.com\\\/newsinclusive\\\/\"]},{\"@type\":\"Person\",\"@id\":\"https:\\\/\\\/inclusivenews.com.br\\\/#\\\/schema\\\/person\\\/ae4ec7087559b8692fb33b6fffd2273b\",\"name\":\"inclusivenews2024\",\"image\":{\"@type\":\"ImageObject\",\"inLanguage\":\"pt-PT\",\"@id\":\"https:\\\/\\\/secure.gravatar.com\\\/avatar\\\/c5a7ef84c66fa914f55bc4f7ce26cfa275a3b9a1c5568b907bd184fb4dde7b40?s=96&d=mm&r=g\",\"url\":\"https:\\\/\\\/secure.gravatar.com\\\/avatar\\\/c5a7ef84c66fa914f55bc4f7ce26cfa275a3b9a1c5568b907bd184fb4dde7b40?s=96&d=mm&r=g\",\"contentUrl\":\"https:\\\/\\\/secure.gravatar.com\\\/avatar\\\/c5a7ef84c66fa914f55bc4f7ce26cfa275a3b9a1c5568b907bd184fb4dde7b40?s=96&d=mm&r=g\",\"caption\":\"inclusivenews2024\"},\"sameAs\":[\"https:\\\/\\\/inclusivenews.com.br\"],\"url\":\"https:\\\/\\\/inclusivenews.com.br\\\/?author=1\"}]}<\/script>\n<!-- \/ Yoast SEO plugin. -->","yoast_head_json":{"title":"Encontro no Rio abre debate sobre baixa vis\u00e3o e inclus\u00e3o -","robots":{"index":"index","follow":"follow","max-snippet":"max-snippet:-1","max-image-preview":"max-image-preview:large","max-video-preview":"max-video-preview:-1"},"canonical":"https:\/\/inclusivenews.com.br\/?p=16213","og_locale":"pt_PT","og_type":"article","og_title":"Encontro no Rio abre debate sobre baixa vis\u00e3o e inclus\u00e3o -","og_description":"O Instituto Benjamin Constant (IBC), vinculado ao Minist\u00e9rio da Educa\u00e7\u00e3o, promover\u00e1 em 1\u00ba e 2 de julho, no Rio, a 3\u00aa Jornada de Baixa Vis\u00e3o. O encontro reunir\u00e1 mais de 200 pessoas entre professores, estudantes das \u00e1reas de educa\u00e7\u00e3o e sa\u00fade e oftalmologistas. Informa\u00e7\u00e3o vem do MEC.","og_url":"https:\/\/inclusivenews.com.br\/?p=16213","article_publisher":"https:\/\/www.facebook.com\/agenciainclusive\/","article_published_time":"2010-06-28T09:01:35+00:00","og_image":[{"url":"http:\/\/www.envolverde.com.br\/fotos_novas\/76670.jpg","type":"","width":"","height":""}],"author":"inclusivenews2024","twitter_card":"summary_large_image","twitter_misc":{"Escrito por":"inclusivenews2024","Tempo estimado de leitura":"1 minuto"},"schema":{"@context":"https:\/\/schema.org","@graph":[{"@type":"Article","@id":"https:\/\/inclusivenews.com.br\/?p=16213#article","isPartOf":{"@id":"https:\/\/inclusivenews.com.br\/?p=16213"},"author":{"name":"inclusivenews2024","@id":"https:\/\/inclusivenews.com.br\/#\/schema\/person\/ae4ec7087559b8692fb33b6fffd2273b"},"headline":"Encontro no Rio abre debate sobre baixa vis\u00e3o e inclus\u00e3o","datePublished":"2010-06-28T09:01:35+00:00","mainEntityOfPage":{"@id":"https:\/\/inclusivenews.com.br\/?p=16213"},"wordCount":308,"commentCount":0,"publisher":{"@id":"https:\/\/inclusivenews.com.br\/#organization"},"image":{"@id":"https:\/\/inclusivenews.com.br\/?p=16213#primaryimage"},"thumbnailUrl":"http:\/\/www.envolverde.com.br\/fotos_novas\/76670.jpg","articleSection":["Defici\u00eancia","EDUCA\u00c7\u00c3O","INCLUS\u00c3O SOCIAL","NOT\u00cdCIAS"],"inLanguage":"pt-PT","potentialAction":[{"@type":"CommentAction","name":"Comment","target":["https:\/\/inclusivenews.com.br\/?p=16213#respond"]}]},{"@type":"WebPage","@id":"https:\/\/inclusivenews.com.br\/?p=16213","url":"https:\/\/inclusivenews.com.br\/?p=16213","name":"Encontro no Rio abre debate sobre baixa vis\u00e3o e inclus\u00e3o -","isPartOf":{"@id":"https:\/\/inclusivenews.com.br\/#website"},"primaryImageOfPage":{"@id":"https:\/\/inclusivenews.com.br\/?p=16213#primaryimage"},"image":{"@id":"https:\/\/inclusivenews.com.br\/?p=16213#primaryimage"},"thumbnailUrl":"http:\/\/www.envolverde.com.br\/fotos_novas\/76670.jpg","datePublished":"2010-06-28T09:01:35+00:00","breadcrumb":{"@id":"https:\/\/inclusivenews.com.br\/?p=16213#breadcrumb"},"inLanguage":"pt-PT","potentialAction":[{"@type":"ReadAction","target":["https:\/\/inclusivenews.com.br\/?p=16213"]}]},{"@type":"ImageObject","inLanguage":"pt-PT","@id":"https:\/\/inclusivenews.com.br\/?p=16213#primaryimage","url":"http:\/\/www.envolverde.com.br\/fotos_novas\/76670.jpg","contentUrl":"http:\/\/www.envolverde.com.br\/fotos_novas\/76670.jpg"},{"@type":"BreadcrumbList","@id":"https:\/\/inclusivenews.com.br\/?p=16213#breadcrumb","itemListElement":[{"@type":"ListItem","position":1,"name":"In\u00edcio","item":"https:\/\/inclusivenews.com.br\/"},{"@type":"ListItem","position":2,"name":"Encontro no Rio abre debate sobre baixa vis\u00e3o e inclus\u00e3o"}]},{"@type":"WebSite","@id":"https:\/\/inclusivenews.com.br\/#website","url":"https:\/\/inclusivenews.com.br\/","name":"Inclusive News","description":"Inclusive News","publisher":{"@id":"https:\/\/inclusivenews.com.br\/#organization"},"potentialAction":[{"@type":"SearchAction","target":{"@type":"EntryPoint","urlTemplate":"https:\/\/inclusivenews.com.br\/?s={search_term_string}"},"query-input":{"@type":"PropertyValueSpecification","valueRequired":true,"valueName":"search_term_string"}}],"inLanguage":"pt-PT"},{"@type":"Organization","@id":"https:\/\/inclusivenews.com.br\/#organization","name":"Inclusive - inclus\u00e3o e cidadania","url":"https:\/\/inclusivenews.com.br\/","logo":{"@type":"ImageObject","inLanguage":"pt-PT","@id":"https:\/\/inclusivenews.com.br\/#\/schema\/logo\/image\/","url":"https:\/\/inclusivenews.com.br\/wp-content\/uploads\/2024\/03\/@grandesite.png","contentUrl":"https:\/\/inclusivenews.com.br\/wp-content\/uploads\/2024\/03\/@grandesite.png","width":1080,"height":1080,"caption":"Inclusive - inclus\u00e3o e cidadania"},"image":{"@id":"https:\/\/inclusivenews.com.br\/#\/schema\/logo\/image\/"},"sameAs":["https:\/\/www.facebook.com\/agenciainclusive\/","https:\/\/www.instagram.com\/newsinclusive\/"]},{"@type":"Person","@id":"https:\/\/inclusivenews.com.br\/#\/schema\/person\/ae4ec7087559b8692fb33b6fffd2273b","name":"inclusivenews2024","image":{"@type":"ImageObject","inLanguage":"pt-PT","@id":"https:\/\/secure.gravatar.com\/avatar\/c5a7ef84c66fa914f55bc4f7ce26cfa275a3b9a1c5568b907bd184fb4dde7b40?s=96&d=mm&r=g","url":"https:\/\/secure.gravatar.com\/avatar\/c5a7ef84c66fa914f55bc4f7ce26cfa275a3b9a1c5568b907bd184fb4dde7b40?s=96&d=mm&r=g","contentUrl":"https:\/\/secure.gravatar.com\/avatar\/c5a7ef84c66fa914f55bc4f7ce26cfa275a3b9a1c5568b907bd184fb4dde7b40?s=96&d=mm&r=g","caption":"inclusivenews2024"},"sameAs":["https:\/\/inclusivenews.com.br"],"url":"https:\/\/inclusivenews.com.br\/?author=1"}]}},"_links":{"self":[{"href":"https:\/\/inclusivenews.com.br\/index.php?rest_route=\/wp\/v2\/posts\/16213","targetHints":{"allow":["GET"]}}],"collection":[{"href":"https:\/\/inclusivenews.com.br\/index.php?rest_route=\/wp\/v2\/posts"}],"about":[{"href":"https:\/\/inclusivenews.com.br\/index.php?rest_route=\/wp\/v2\/types\/post"}],"author":[{"embeddable":true,"href":"https:\/\/inclusivenews.com.br\/index.php?rest_route=\/wp\/v2\/users\/1"}],"replies":[{"embeddable":true,"href":"https:\/\/inclusivenews.com.br\/index.php?rest_route=%2Fwp%2Fv2%2Fcomments&post=16213"}],"version-history":[{"count":0,"href":"https:\/\/inclusivenews.com.br\/index.php?rest_route=\/wp\/v2\/posts\/16213\/revisions"}],"wp:attachment":[{"href":"https:\/\/inclusivenews.com.br\/index.php?rest_route=%2Fwp%2Fv2%2Fmedia&parent=16213"}],"wp:term":[{"taxonomy":"category","embeddable":true,"href":"https:\/\/inclusivenews.com.br\/index.php?rest_route=%2Fwp%2Fv2%2Fcategories&post=16213"},{"taxonomy":"post_tag","embeddable":true,"href":"https:\/\/inclusivenews.com.br\/index.php?rest_route=%2Fwp%2Fv2%2Ftags&post=16213"}],"curies":[{"name":"wp","href":"https:\/\/api.w.org\/{rel}","templated":true}]}}