{"id":16219,"date":"2010-06-29T06:00:11","date_gmt":"2010-06-29T09:00:11","guid":{"rendered":"http:\/\/www.inclusive.org.br\/?p=16219"},"modified":"2010-06-29T06:00:11","modified_gmt":"2010-06-29T09:00:11","slug":"brasil-pode-aprovar-plano-nacional-para-infancia-em-2011","status":"publish","type":"post","link":"https:\/\/inclusivenews.com.br\/?p=16219","title":{"rendered":"Brasil pode aprovar plano nacional para inf\u00e2ncia em 2011"},"content":{"rendered":"<p><strong><img loading=\"lazy\" decoding=\"async\" class=\"alignleft\" title=\"Crian\u00e7as brincando diante da \u00e1gua.\" src=\"http:\/\/fotos.piqs.de\/f\/d\/f\/1\/3\/9ac4ccd067fc0cdc722d477dabcf793f.jpg\" alt=\"\" width=\"229\" height=\"173\" \/>Por Sarah Fernandes<\/strong><\/p>\n<p>O governo federal pode aprovar, em 2011, um plano nacional com pol\u00edticas voltadas para crian\u00e7as de zero a seis anos, em \u00e1reas como sa\u00fade, educa\u00e7\u00e3o e assist\u00eancia social. A perspectiva \u00e9 que as recomenda\u00e7\u00f5es tenham validade de 12 anos e sejam vigentes em todo o pa\u00eds.<\/p>\n<p>\u201cReunimos pol\u00edticas que j\u00e1 existem, mas como algumas t\u00eam perspectivas de longo prazo outras de curto, queremos dar a todas uma perspectiva de longo prazo\u201d, explicou o coordenador da Rede Nacional Primeira Inf\u00e2ncia, Vital Didonet, durante apresenta\u00e7\u00e3o realizada no semin\u00e1rio \u201cEmpreendedores Campe\u00f5es em Investimento na Primeira Inf\u00e2ncia\u201d, que ocorreu na \u00faltima quarta-feira (23\/6), em S\u00e3o Paulo (SP).\u00a0 \u201cTamb\u00e9m queremos elaborar metas para \u00e1reas que ainda n\u00e3o t\u00eam a\u00e7\u00f5es previstas, como pol\u00edticas de apoio \u00e0 fam\u00edlia e aos espa\u00e7os da crian\u00e7a na cidade\u201d.<\/p>\n<p>O <a class=\"notexto\" href=\"http:\/\/primeirainfancia.org.br\/wp-content\/uploads\/2010\/05\/Plano-Nacional-pela-Primeira-Inf%C3%A2ncia-16-4-2010.doc\" target=\"_blank\" rel=\"noopener\">Plano Nacional de Pol\u00edticas para Primeira Inf\u00e2ncia<\/a> come\u00e7ou a ser elaborado em 2007 pela Rede Nacional Primeira Inf\u00e2ncia \u2014 uma associa\u00e7\u00e3o que re\u00fane cerca de 80 institui\u00e7\u00f5es sociais, como a Funda\u00e7\u00e3o Abrinq e a Funda\u00e7\u00e3o Nacional do \u00edndio (Funai). Ele ser\u00e1 submetido nesta quinta-feira (24\/6) a uma avalia\u00e7\u00e3o do Conselho Nacional dos Direitos da Crian\u00e7a e do Adolescente (Conanda) e deve ser encaminhado em julho \u00e0 Presid\u00eancia da Rep\u00fablica.<\/p>\n<p>\u201cInvestir na primeira inf\u00e2ncia significa ter resultados daqui 20 anos e por isso muitos pol\u00edticos n\u00e3o investem nessa \u00e1rea. Da\u00ed a import\u00e2ncia de outros atores exigirem financiamento\u201d, afirmou Leontien Peeters, diretora de comunica\u00e7\u00e3o da institui\u00e7\u00e3o holandesa Bernard Van Leer Foundation, que participou do evento.<\/p>\n<p><strong>Pol\u00edticas para a educa\u00e7\u00e3o<\/strong><\/p>\n<p>O Plano, dividido em 14 \u00e1reas priorit\u00e1rias, prev\u00ea universalizar a educa\u00e7\u00e3o infantil para as crian\u00e7as entre 4 e 5 anos at\u00e9 2016 e ampliar em 40% o n\u00famero de matr\u00edculas para as de at\u00e9 tr\u00eas anos. Planeja, ainda, assegurar que todos os munic\u00edpios tenham um Plano Municipal de Educa\u00e7\u00e3o e todas as institui\u00e7\u00f5es de educa\u00e7\u00e3o infantil formulem projetos pedag\u00f3gicos.<\/p>\n<p>\u201cEles devem dar aten\u00e7\u00e3o especial \u00e0s caracter\u00edsticas sociocultutais das crian\u00e7as, de modo que as aulas partam da cultura local e se ampliem para a global\u201d, afirmou o coordenador da Rede Nacional Primeira Inf\u00e2ncia.<\/p>\n<p>Se aprovado, o documento vai exigir que somente professores graduados em pedagogia (ou \u00e1reas relacionadas) lecionem na educa\u00e7\u00e3o infantil, com programas de forma\u00e7\u00e3o continuada. \u201cOs governos dever\u00e3o estruturar os programas de forma\u00e7\u00e3o, sendo que eles dever\u00e3o usar a experi\u00eancia pr\u00e1tica do dia-a-dia como fonte de reflex\u00e3o\u201d.<\/p>\n<p>\u201cO investimento na primeira inf\u00e2ncia \u00e9 a melhor estrat\u00e9gia para combater problemas de sa\u00fade, viol\u00eancia e pobreza\u201d, avaliou o presidente do Comit\u00ea para Desenvolvimento Econ\u00f4mico (CED), Charles Kolb, que participou do semin\u00e1rio. Segundo o Banco Interamericano de Desenvolvimento (BID), a cada 1 d\u00f3lar investido em educa\u00e7\u00e3o infantil, sete s\u00e3o poupados em programas de assist\u00eancia social.<br \/>\n<strong><br \/>\nSa\u00fade e bem-estar<\/strong><\/p>\n<p>Com o Plano em vig\u00eancia, os sistemas p\u00fablicos de sa\u00fade dever\u00e3o realizar seis ou mais consultas de pr\u00e9-natal, incluindo a realiza\u00e7\u00e3o do teste de HIV. Tamb\u00e9m dever\u00e3o qualificar m\u00e9dicos e enfermeiros para assist\u00eancia em partos domiciliares e campanhas de preven\u00e7\u00e3o \u00e0 viol\u00eancia familiar.<\/p>\n<p>\u201cO plano prev\u00ea pol\u00edticas de apoio ao tempo e ao espa\u00e7o da crian\u00e7a na cidade. Elas devem ser consideradas cidad\u00e3s desde um ou dois anos. N\u00e3o precisam esperar ser jovem para ter seus espa\u00e7os na cidade\u201d, comentou Didonet. \u201cElas s\u00e3o pessoas em fase de desenvolvimento que t\u00eam caracter\u00edsticas especiais e que precisam brincar, com tempo e local para lazer\u201d.<br \/>\n______________<\/p>\n<p><strong>Fonte:<\/strong> <a href=\"http:\/\/aprendiz.uol.com.br\/\">Aprendiz<\/a><\/p>\n","protected":false},"excerpt":{"rendered":"<p>O governo federal pode aprovar, em 2011, um plano nacional com pol\u00edticas voltadas para crian\u00e7as de zero a seis anos, em \u00e1reas como sa\u00fade, educa\u00e7\u00e3o e assist\u00eancia social. A perspectiva \u00e9 que as recomenda\u00e7\u00f5es tenham validade de 12 anos e sejam vigentes em todo o pa\u00eds.<\/p>\n","protected":false},"author":1,"featured_media":0,"comment_status":"open","ping_status":"open","sticky":false,"template":"","format":"standard","meta":{"site-container-style":"default","site-container-layout":"default","site-sidebar-layout":"default","disable-article-header":"default","disable-site-header":"default","disable-site-footer":"default","disable-content-area-spacing":"default","footnotes":""},"categories":[4],"tags":[60],"class_list":["post-16219","post","type-post","status-publish","format-standard","hentry","category-noticias","tag-infancia"],"yoast_head":"<!-- This site is optimized with the Yoast SEO plugin v27.4 - https:\/\/yoast.com\/product\/yoast-seo-wordpress\/ -->\n<title>Brasil pode aprovar plano nacional para inf\u00e2ncia em 2011 -<\/title>\n<meta name=\"robots\" content=\"index, follow, max-snippet:-1, max-image-preview:large, max-video-preview:-1\" \/>\n<link rel=\"canonical\" href=\"https:\/\/inclusivenews.com.br\/?p=16219\" \/>\n<meta property=\"og:locale\" content=\"pt_PT\" \/>\n<meta property=\"og:type\" content=\"article\" \/>\n<meta property=\"og:title\" content=\"Brasil pode aprovar plano nacional para inf\u00e2ncia em 2011 -\" \/>\n<meta property=\"og:description\" content=\"O governo federal pode aprovar, em 2011, um plano nacional com pol\u00edticas voltadas para crian\u00e7as de zero a seis anos, em \u00e1reas como sa\u00fade, educa\u00e7\u00e3o e assist\u00eancia social. A perspectiva \u00e9 que as recomenda\u00e7\u00f5es tenham validade de 12 anos e sejam vigentes em todo o pa\u00eds.\" \/>\n<meta property=\"og:url\" content=\"https:\/\/inclusivenews.com.br\/?p=16219\" \/>\n<meta property=\"article:publisher\" content=\"https:\/\/www.facebook.com\/agenciainclusive\/\" \/>\n<meta property=\"article:published_time\" content=\"2010-06-29T09:00:11+00:00\" \/>\n<meta property=\"og:image\" content=\"http:\/\/fotos.piqs.de\/f\/d\/f\/1\/3\/9ac4ccd067fc0cdc722d477dabcf793f.jpg\" \/>\n<meta name=\"author\" content=\"inclusivenews2024\" \/>\n<meta name=\"twitter:card\" content=\"summary_large_image\" \/>\n<meta name=\"twitter:label1\" content=\"Escrito por\" \/>\n\t<meta name=\"twitter:data1\" content=\"inclusivenews2024\" \/>\n\t<meta name=\"twitter:label2\" content=\"Tempo estimado de leitura\" \/>\n\t<meta name=\"twitter:data2\" content=\"3 minutos\" \/>\n<script type=\"application\/ld+json\" class=\"yoast-schema-graph\">{\"@context\":\"https:\\\/\\\/schema.org\",\"@graph\":[{\"@type\":\"Article\",\"@id\":\"https:\\\/\\\/inclusivenews.com.br\\\/?p=16219#article\",\"isPartOf\":{\"@id\":\"https:\\\/\\\/inclusivenews.com.br\\\/?p=16219\"},\"author\":{\"name\":\"inclusivenews2024\",\"@id\":\"https:\\\/\\\/inclusivenews.com.br\\\/#\\\/schema\\\/person\\\/ae4ec7087559b8692fb33b6fffd2273b\"},\"headline\":\"Brasil pode aprovar plano nacional para inf\u00e2ncia em 2011\",\"datePublished\":\"2010-06-29T09:00:11+00:00\",\"mainEntityOfPage\":{\"@id\":\"https:\\\/\\\/inclusivenews.com.br\\\/?p=16219\"},\"wordCount\":638,\"commentCount\":0,\"publisher\":{\"@id\":\"https:\\\/\\\/inclusivenews.com.br\\\/#organization\"},\"image\":{\"@id\":\"https:\\\/\\\/inclusivenews.com.br\\\/?p=16219#primaryimage\"},\"thumbnailUrl\":\"http:\\\/\\\/fotos.piqs.de\\\/f\\\/d\\\/f\\\/1\\\/3\\\/9ac4ccd067fc0cdc722d477dabcf793f.jpg\",\"keywords\":[\"Inf\u00e2ncia\"],\"articleSection\":[\"NOT\u00cdCIAS\"],\"inLanguage\":\"pt-PT\",\"potentialAction\":[{\"@type\":\"CommentAction\",\"name\":\"Comment\",\"target\":[\"https:\\\/\\\/inclusivenews.com.br\\\/?p=16219#respond\"]}]},{\"@type\":\"WebPage\",\"@id\":\"https:\\\/\\\/inclusivenews.com.br\\\/?p=16219\",\"url\":\"https:\\\/\\\/inclusivenews.com.br\\\/?p=16219\",\"name\":\"Brasil pode aprovar plano nacional para inf\u00e2ncia em 2011 -\",\"isPartOf\":{\"@id\":\"https:\\\/\\\/inclusivenews.com.br\\\/#website\"},\"primaryImageOfPage\":{\"@id\":\"https:\\\/\\\/inclusivenews.com.br\\\/?p=16219#primaryimage\"},\"image\":{\"@id\":\"https:\\\/\\\/inclusivenews.com.br\\\/?p=16219#primaryimage\"},\"thumbnailUrl\":\"http:\\\/\\\/fotos.piqs.de\\\/f\\\/d\\\/f\\\/1\\\/3\\\/9ac4ccd067fc0cdc722d477dabcf793f.jpg\",\"datePublished\":\"2010-06-29T09:00:11+00:00\",\"breadcrumb\":{\"@id\":\"https:\\\/\\\/inclusivenews.com.br\\\/?p=16219#breadcrumb\"},\"inLanguage\":\"pt-PT\",\"potentialAction\":[{\"@type\":\"ReadAction\",\"target\":[\"https:\\\/\\\/inclusivenews.com.br\\\/?p=16219\"]}]},{\"@type\":\"ImageObject\",\"inLanguage\":\"pt-PT\",\"@id\":\"https:\\\/\\\/inclusivenews.com.br\\\/?p=16219#primaryimage\",\"url\":\"http:\\\/\\\/fotos.piqs.de\\\/f\\\/d\\\/f\\\/1\\\/3\\\/9ac4ccd067fc0cdc722d477dabcf793f.jpg\",\"contentUrl\":\"http:\\\/\\\/fotos.piqs.de\\\/f\\\/d\\\/f\\\/1\\\/3\\\/9ac4ccd067fc0cdc722d477dabcf793f.jpg\"},{\"@type\":\"BreadcrumbList\",\"@id\":\"https:\\\/\\\/inclusivenews.com.br\\\/?p=16219#breadcrumb\",\"itemListElement\":[{\"@type\":\"ListItem\",\"position\":1,\"name\":\"In\u00edcio\",\"item\":\"https:\\\/\\\/inclusivenews.com.br\\\/\"},{\"@type\":\"ListItem\",\"position\":2,\"name\":\"Brasil pode aprovar plano nacional para inf\u00e2ncia em 2011\"}]},{\"@type\":\"WebSite\",\"@id\":\"https:\\\/\\\/inclusivenews.com.br\\\/#website\",\"url\":\"https:\\\/\\\/inclusivenews.com.br\\\/\",\"name\":\"Inclusive News\",\"description\":\"Inclusive News\",\"publisher\":{\"@id\":\"https:\\\/\\\/inclusivenews.com.br\\\/#organization\"},\"potentialAction\":[{\"@type\":\"SearchAction\",\"target\":{\"@type\":\"EntryPoint\",\"urlTemplate\":\"https:\\\/\\\/inclusivenews.com.br\\\/?s={search_term_string}\"},\"query-input\":{\"@type\":\"PropertyValueSpecification\",\"valueRequired\":true,\"valueName\":\"search_term_string\"}}],\"inLanguage\":\"pt-PT\"},{\"@type\":\"Organization\",\"@id\":\"https:\\\/\\\/inclusivenews.com.br\\\/#organization\",\"name\":\"Inclusive - inclus\u00e3o e cidadania\",\"url\":\"https:\\\/\\\/inclusivenews.com.br\\\/\",\"logo\":{\"@type\":\"ImageObject\",\"inLanguage\":\"pt-PT\",\"@id\":\"https:\\\/\\\/inclusivenews.com.br\\\/#\\\/schema\\\/logo\\\/image\\\/\",\"url\":\"https:\\\/\\\/inclusivenews.com.br\\\/wp-content\\\/uploads\\\/2024\\\/03\\\/@grandesite.png\",\"contentUrl\":\"https:\\\/\\\/inclusivenews.com.br\\\/wp-content\\\/uploads\\\/2024\\\/03\\\/@grandesite.png\",\"width\":1080,\"height\":1080,\"caption\":\"Inclusive - inclus\u00e3o e cidadania\"},\"image\":{\"@id\":\"https:\\\/\\\/inclusivenews.com.br\\\/#\\\/schema\\\/logo\\\/image\\\/\"},\"sameAs\":[\"https:\\\/\\\/www.facebook.com\\\/agenciainclusive\\\/\",\"https:\\\/\\\/www.instagram.com\\\/newsinclusive\\\/\"]},{\"@type\":\"Person\",\"@id\":\"https:\\\/\\\/inclusivenews.com.br\\\/#\\\/schema\\\/person\\\/ae4ec7087559b8692fb33b6fffd2273b\",\"name\":\"inclusivenews2024\",\"image\":{\"@type\":\"ImageObject\",\"inLanguage\":\"pt-PT\",\"@id\":\"https:\\\/\\\/secure.gravatar.com\\\/avatar\\\/c5a7ef84c66fa914f55bc4f7ce26cfa275a3b9a1c5568b907bd184fb4dde7b40?s=96&d=mm&r=g\",\"url\":\"https:\\\/\\\/secure.gravatar.com\\\/avatar\\\/c5a7ef84c66fa914f55bc4f7ce26cfa275a3b9a1c5568b907bd184fb4dde7b40?s=96&d=mm&r=g\",\"contentUrl\":\"https:\\\/\\\/secure.gravatar.com\\\/avatar\\\/c5a7ef84c66fa914f55bc4f7ce26cfa275a3b9a1c5568b907bd184fb4dde7b40?s=96&d=mm&r=g\",\"caption\":\"inclusivenews2024\"},\"sameAs\":[\"https:\\\/\\\/inclusivenews.com.br\"],\"url\":\"https:\\\/\\\/inclusivenews.com.br\\\/?author=1\"}]}<\/script>\n<!-- \/ Yoast SEO plugin. -->","yoast_head_json":{"title":"Brasil pode aprovar plano nacional para inf\u00e2ncia em 2011 -","robots":{"index":"index","follow":"follow","max-snippet":"max-snippet:-1","max-image-preview":"max-image-preview:large","max-video-preview":"max-video-preview:-1"},"canonical":"https:\/\/inclusivenews.com.br\/?p=16219","og_locale":"pt_PT","og_type":"article","og_title":"Brasil pode aprovar plano nacional para inf\u00e2ncia em 2011 -","og_description":"O governo federal pode aprovar, em 2011, um plano nacional com pol\u00edticas voltadas para crian\u00e7as de zero a seis anos, em \u00e1reas como sa\u00fade, educa\u00e7\u00e3o e assist\u00eancia social. A perspectiva \u00e9 que as recomenda\u00e7\u00f5es tenham validade de 12 anos e sejam vigentes em todo o pa\u00eds.","og_url":"https:\/\/inclusivenews.com.br\/?p=16219","article_publisher":"https:\/\/www.facebook.com\/agenciainclusive\/","article_published_time":"2010-06-29T09:00:11+00:00","og_image":[{"url":"http:\/\/fotos.piqs.de\/f\/d\/f\/1\/3\/9ac4ccd067fc0cdc722d477dabcf793f.jpg","type":"","width":"","height":""}],"author":"inclusivenews2024","twitter_card":"summary_large_image","twitter_misc":{"Escrito por":"inclusivenews2024","Tempo estimado de leitura":"3 minutos"},"schema":{"@context":"https:\/\/schema.org","@graph":[{"@type":"Article","@id":"https:\/\/inclusivenews.com.br\/?p=16219#article","isPartOf":{"@id":"https:\/\/inclusivenews.com.br\/?p=16219"},"author":{"name":"inclusivenews2024","@id":"https:\/\/inclusivenews.com.br\/#\/schema\/person\/ae4ec7087559b8692fb33b6fffd2273b"},"headline":"Brasil pode aprovar plano nacional para inf\u00e2ncia em 2011","datePublished":"2010-06-29T09:00:11+00:00","mainEntityOfPage":{"@id":"https:\/\/inclusivenews.com.br\/?p=16219"},"wordCount":638,"commentCount":0,"publisher":{"@id":"https:\/\/inclusivenews.com.br\/#organization"},"image":{"@id":"https:\/\/inclusivenews.com.br\/?p=16219#primaryimage"},"thumbnailUrl":"http:\/\/fotos.piqs.de\/f\/d\/f\/1\/3\/9ac4ccd067fc0cdc722d477dabcf793f.jpg","keywords":["Inf\u00e2ncia"],"articleSection":["NOT\u00cdCIAS"],"inLanguage":"pt-PT","potentialAction":[{"@type":"CommentAction","name":"Comment","target":["https:\/\/inclusivenews.com.br\/?p=16219#respond"]}]},{"@type":"WebPage","@id":"https:\/\/inclusivenews.com.br\/?p=16219","url":"https:\/\/inclusivenews.com.br\/?p=16219","name":"Brasil pode aprovar plano nacional para inf\u00e2ncia em 2011 -","isPartOf":{"@id":"https:\/\/inclusivenews.com.br\/#website"},"primaryImageOfPage":{"@id":"https:\/\/inclusivenews.com.br\/?p=16219#primaryimage"},"image":{"@id":"https:\/\/inclusivenews.com.br\/?p=16219#primaryimage"},"thumbnailUrl":"http:\/\/fotos.piqs.de\/f\/d\/f\/1\/3\/9ac4ccd067fc0cdc722d477dabcf793f.jpg","datePublished":"2010-06-29T09:00:11+00:00","breadcrumb":{"@id":"https:\/\/inclusivenews.com.br\/?p=16219#breadcrumb"},"inLanguage":"pt-PT","potentialAction":[{"@type":"ReadAction","target":["https:\/\/inclusivenews.com.br\/?p=16219"]}]},{"@type":"ImageObject","inLanguage":"pt-PT","@id":"https:\/\/inclusivenews.com.br\/?p=16219#primaryimage","url":"http:\/\/fotos.piqs.de\/f\/d\/f\/1\/3\/9ac4ccd067fc0cdc722d477dabcf793f.jpg","contentUrl":"http:\/\/fotos.piqs.de\/f\/d\/f\/1\/3\/9ac4ccd067fc0cdc722d477dabcf793f.jpg"},{"@type":"BreadcrumbList","@id":"https:\/\/inclusivenews.com.br\/?p=16219#breadcrumb","itemListElement":[{"@type":"ListItem","position":1,"name":"In\u00edcio","item":"https:\/\/inclusivenews.com.br\/"},{"@type":"ListItem","position":2,"name":"Brasil pode aprovar plano nacional para inf\u00e2ncia em 2011"}]},{"@type":"WebSite","@id":"https:\/\/inclusivenews.com.br\/#website","url":"https:\/\/inclusivenews.com.br\/","name":"Inclusive News","description":"Inclusive News","publisher":{"@id":"https:\/\/inclusivenews.com.br\/#organization"},"potentialAction":[{"@type":"SearchAction","target":{"@type":"EntryPoint","urlTemplate":"https:\/\/inclusivenews.com.br\/?s={search_term_string}"},"query-input":{"@type":"PropertyValueSpecification","valueRequired":true,"valueName":"search_term_string"}}],"inLanguage":"pt-PT"},{"@type":"Organization","@id":"https:\/\/inclusivenews.com.br\/#organization","name":"Inclusive - inclus\u00e3o e cidadania","url":"https:\/\/inclusivenews.com.br\/","logo":{"@type":"ImageObject","inLanguage":"pt-PT","@id":"https:\/\/inclusivenews.com.br\/#\/schema\/logo\/image\/","url":"https:\/\/inclusivenews.com.br\/wp-content\/uploads\/2024\/03\/@grandesite.png","contentUrl":"https:\/\/inclusivenews.com.br\/wp-content\/uploads\/2024\/03\/@grandesite.png","width":1080,"height":1080,"caption":"Inclusive - inclus\u00e3o e cidadania"},"image":{"@id":"https:\/\/inclusivenews.com.br\/#\/schema\/logo\/image\/"},"sameAs":["https:\/\/www.facebook.com\/agenciainclusive\/","https:\/\/www.instagram.com\/newsinclusive\/"]},{"@type":"Person","@id":"https:\/\/inclusivenews.com.br\/#\/schema\/person\/ae4ec7087559b8692fb33b6fffd2273b","name":"inclusivenews2024","image":{"@type":"ImageObject","inLanguage":"pt-PT","@id":"https:\/\/secure.gravatar.com\/avatar\/c5a7ef84c66fa914f55bc4f7ce26cfa275a3b9a1c5568b907bd184fb4dde7b40?s=96&d=mm&r=g","url":"https:\/\/secure.gravatar.com\/avatar\/c5a7ef84c66fa914f55bc4f7ce26cfa275a3b9a1c5568b907bd184fb4dde7b40?s=96&d=mm&r=g","contentUrl":"https:\/\/secure.gravatar.com\/avatar\/c5a7ef84c66fa914f55bc4f7ce26cfa275a3b9a1c5568b907bd184fb4dde7b40?s=96&d=mm&r=g","caption":"inclusivenews2024"},"sameAs":["https:\/\/inclusivenews.com.br"],"url":"https:\/\/inclusivenews.com.br\/?author=1"}]}},"_links":{"self":[{"href":"https:\/\/inclusivenews.com.br\/index.php?rest_route=\/wp\/v2\/posts\/16219","targetHints":{"allow":["GET"]}}],"collection":[{"href":"https:\/\/inclusivenews.com.br\/index.php?rest_route=\/wp\/v2\/posts"}],"about":[{"href":"https:\/\/inclusivenews.com.br\/index.php?rest_route=\/wp\/v2\/types\/post"}],"author":[{"embeddable":true,"href":"https:\/\/inclusivenews.com.br\/index.php?rest_route=\/wp\/v2\/users\/1"}],"replies":[{"embeddable":true,"href":"https:\/\/inclusivenews.com.br\/index.php?rest_route=%2Fwp%2Fv2%2Fcomments&post=16219"}],"version-history":[{"count":0,"href":"https:\/\/inclusivenews.com.br\/index.php?rest_route=\/wp\/v2\/posts\/16219\/revisions"}],"wp:attachment":[{"href":"https:\/\/inclusivenews.com.br\/index.php?rest_route=%2Fwp%2Fv2%2Fmedia&parent=16219"}],"wp:term":[{"taxonomy":"category","embeddable":true,"href":"https:\/\/inclusivenews.com.br\/index.php?rest_route=%2Fwp%2Fv2%2Fcategories&post=16219"},{"taxonomy":"post_tag","embeddable":true,"href":"https:\/\/inclusivenews.com.br\/index.php?rest_route=%2Fwp%2Fv2%2Ftags&post=16219"}],"curies":[{"name":"wp","href":"https:\/\/api.w.org\/{rel}","templated":true}]}}