{"id":16240,"date":"2010-06-29T05:59:40","date_gmt":"2010-06-29T08:59:40","guid":{"rendered":"http:\/\/www.inclusive.org.br\/?p=16240"},"modified":"2010-06-29T05:59:40","modified_gmt":"2010-06-29T08:59:40","slug":"ciencia-e-perfeicao","status":"publish","type":"post","link":"https:\/\/inclusivenews.com.br\/?p=16240","title":{"rendered":"Ci\u00eancia e perfei\u00e7\u00e3o"},"content":{"rendered":"<figure id=\"attachment_12254\" aria-describedby=\"caption-attachment-12254\" style=\"width: 150px\" class=\"wp-caption alignleft\"><a href=\"http:\/\/www.inclusivenews.com.br\/wp-content\/uploads\/2009\/10\/andrei.jpg\"><img loading=\"lazy\" decoding=\"async\" class=\"size-thumbnail wp-image-12254\" title=\"Andrei Bastos\" src=\"http:\/\/inclusivenews.com.br\/wp-content\/uploads\/2009\/10\/andrei-150x150.jpg\" alt=\"Andrei Bastos\" width=\"150\" height=\"150\" \/><\/a><figcaption id=\"caption-attachment-12254\" class=\"wp-caption-text\"> <\/figcaption><\/figure>\n<p><strong>Andrei Bastos<\/strong> <strong>*<\/strong><\/p>\n<p>Meu anivers\u00e1rio de 59 anos est\u00e1 chegando e lembrei que, pelos meus c\u00e1lculos, tamb\u00e9m estou perto de atingir a perfei\u00e7\u00e3o. Esta lembran\u00e7a e a leitura da not\u00edcia da cura da cegueira com c\u00e9lulas-tronco me fizeram reviver uma tarde de ver\u00e3o escaldante, h\u00e1 mais ou menos tr\u00eas anos, quando fui almo\u00e7ar com meu amigo do trabalho Fernando, quase saltando do pr\u00e9dio refrigerado do escrit\u00f3rio at\u00e9 a pra\u00e7a de alimenta\u00e7\u00e3o igualmente refrigerada.<\/p>\n<p>Depois de fugirmos aos pulos do calor insuport\u00e1vel da rua, come\u00e7amos a derreter o ar condicionado que receb\u00edamos esperando a desocupa\u00e7\u00e3o de uma mesa. Finalmente sentados, em meio \u00e0 barulheira dos talheres confundida com a fala\u00e7\u00e3o intensa das pessoas, nos enganamos sorridentes achando que ser\u00edamos atendidos logo.<\/p>\n<p>Irritado com a demora da gar\u00e7onete, que em muitas idas e vindas passava por nossa mesa sem ao menos nos olhar, Fernando amea\u00e7ou ir embora. Foi ent\u00e3o que refleti sobre a esperan\u00e7a de melhores dias com os avan\u00e7os cient\u00edficos e minha trajet\u00f3ria de vida at\u00e9 aquela tarde e segurei meu companheiro pelo bra\u00e7o.<\/p>\n<p>Pedindo paci\u00eancia, disse que era mesmo um absurdo o que acontecia e que absurdo maior era a necessidade que a gente tinha de comer, o quanto isso era primitivo e n\u00f3s \u00e9ramos m\u00e1quinas prec\u00e1rias, com menos autonomia do que muitas das que constru\u00edamos. Falei sobre nossa desagrad\u00e1vel ida \u00e0quele lugar, interrompendo o trabalho e enfrentando mudan\u00e7as bruscas de temperatura, sobre o p\u00e9ssimo atendimento, e tamb\u00e9m que, quando f\u00f4ssemos servidos, comer\u00edamos muito e depressa por causa da ansiedade e da demora, ficando empanzinados e mal humorados, prejudicados para retomar as tarefas do dia.<\/p>\n<p>Mas, continuando o que j\u00e1 era quase um discurso, disse que a certeza que tinha de que estava no caminho da perfei\u00e7\u00e3o me tranquilizava. Diante do olhar indagador de Fernando, contei que conhecera um monge que se tornou meu exemplo de vida. Ele n\u00e3o dormia e n\u00e3o comia, vivendo em medita\u00e7\u00e3o. Falei do meu espanto ao chegar um dia no templo e encontr\u00e1-lo, em posi\u00e7\u00e3o de l\u00f3tus, a pelo menos um metro e meio do ch\u00e3o! Meu colega, a essa altura de olhos arregalados, demonstrou incredulidade, mas, desarmado pela minha convic\u00e7\u00e3o, continuou a me ouvir.<\/p>\n<p>Prossegui, dizendo que n\u00e3o estava longe do meu objetivo de ser igual ao monge, que minha vida apresentava um ritmo bem definido nessa dire\u00e7\u00e3o. Afinal, continuei com ar de confiss\u00e3o, aos vinte anos, depois de v\u00e1rios her\u00f3is morrerem de overdose e de eu ter ouvido num come\u00e7o de noite, com a vinheta do jornal das sete ao fundo, todos os sons e conversas de todos os apartamentos de todos os pr\u00e9dios diante da janela em que viajava de LSD, resolvi tomar um \u00e1cido para decidir parar com as drogas. Aos trinta, depois de capotar de carro duas vezes por causa do alcoolismo, parei de beber. Aos quarenta, continuei diante do olhar espantado de Fernando, olhei para os tr\u00eas ma\u00e7os de cigarro que fumava diariamente e resolvi presentear minha secret\u00e1ria com eles e, finalmente, agora provocando gargalhadas no meu amigo, depois de muita lux\u00faria, aos cinquenta anos descobri os prazeres do esp\u00edrito e parei de trepar. Quem disser que trepou comigo depois, pode ter certeza de que viveu a mais completa fantasia.<\/p>\n<p>A essa altura, j\u00e1 na pen\u00faltima garfada, conclu\u00ed que para fechar minha trajet\u00f3ria, aos sessenta anos, s\u00f3 me falta parar de comer e passar a viver de luz, n\u00e3o voltando mais ao trabalho de barriga cheia, sonolento \u2013 o que eu e Fernando, ainda distantes da perfei\u00e7\u00e3o, acabamos fazendo naquela tarde suarenta e carente de conquistas cient\u00edficas.<\/p>\n<p><em><br \/>\n*ANDREI BASTOS \u00e9 jornalista e integra a Comiss\u00e3o de Direitos Humanos da OAB\/RJ.<\/em><\/p>\n<p><em>_____________ <\/em><\/p>\n<p><strong>Fonte:<\/strong><em> <\/em>O Autor<em> <\/em><\/p>\n","protected":false},"excerpt":{"rendered":"<p>Mas, continuando o que j\u00e1 era quase um discurso, disse que a certeza que tinha de que estava no caminho da perfei\u00e7\u00e3o me tranquilizava. Por Andrei Bastos.<\/p>\n","protected":false},"author":1,"featured_media":0,"comment_status":"open","ping_status":"open","sticky":false,"template":"","format":"standard","meta":{"site-container-style":"default","site-container-layout":"default","site-sidebar-layout":"default","disable-article-header":"default","disable-site-header":"default","disable-site-footer":"default","disable-content-area-spacing":"default","footnotes":""},"categories":[36,8],"tags":[],"class_list":["post-16240","post","type-post","status-publish","format-standard","hentry","category-colunas-especiais","category-textos-e-artigos"],"yoast_head":"<!-- This site is optimized with the Yoast SEO plugin v27.4 - https:\/\/yoast.com\/product\/yoast-seo-wordpress\/ -->\n<title>Ci\u00eancia e perfei\u00e7\u00e3o -<\/title>\n<meta name=\"robots\" content=\"index, follow, max-snippet:-1, max-image-preview:large, max-video-preview:-1\" \/>\n<link rel=\"canonical\" href=\"https:\/\/inclusivenews.com.br\/?p=16240\" \/>\n<meta property=\"og:locale\" content=\"pt_PT\" \/>\n<meta property=\"og:type\" content=\"article\" \/>\n<meta property=\"og:title\" content=\"Ci\u00eancia e perfei\u00e7\u00e3o -\" \/>\n<meta property=\"og:description\" content=\"Mas, continuando o que j\u00e1 era quase um discurso, disse que a certeza que tinha de que estava no caminho da perfei\u00e7\u00e3o me tranquilizava. Por Andrei Bastos.\" \/>\n<meta property=\"og:url\" content=\"https:\/\/inclusivenews.com.br\/?p=16240\" \/>\n<meta property=\"article:publisher\" content=\"https:\/\/www.facebook.com\/agenciainclusive\/\" \/>\n<meta property=\"article:published_time\" content=\"2010-06-29T08:59:40+00:00\" \/>\n<meta property=\"og:image\" content=\"http:\/\/inclusivenews.com.br\/wp-content\/uploads\/2009\/10\/andrei-150x150.jpg\" \/>\n<meta name=\"author\" content=\"inclusivenews2024\" \/>\n<meta name=\"twitter:card\" content=\"summary_large_image\" \/>\n<meta name=\"twitter:label1\" content=\"Escrito por\" \/>\n\t<meta name=\"twitter:data1\" content=\"inclusivenews2024\" \/>\n\t<meta name=\"twitter:label2\" content=\"Tempo estimado de leitura\" \/>\n\t<meta name=\"twitter:data2\" content=\"3 minutos\" \/>\n<script type=\"application\/ld+json\" class=\"yoast-schema-graph\">{\"@context\":\"https:\\\/\\\/schema.org\",\"@graph\":[{\"@type\":\"Article\",\"@id\":\"https:\\\/\\\/inclusivenews.com.br\\\/?p=16240#article\",\"isPartOf\":{\"@id\":\"https:\\\/\\\/inclusivenews.com.br\\\/?p=16240\"},\"author\":{\"name\":\"inclusivenews2024\",\"@id\":\"https:\\\/\\\/inclusivenews.com.br\\\/#\\\/schema\\\/person\\\/ae4ec7087559b8692fb33b6fffd2273b\"},\"headline\":\"Ci\u00eancia e perfei\u00e7\u00e3o\",\"datePublished\":\"2010-06-29T08:59:40+00:00\",\"mainEntityOfPage\":{\"@id\":\"https:\\\/\\\/inclusivenews.com.br\\\/?p=16240\"},\"wordCount\":679,\"commentCount\":0,\"publisher\":{\"@id\":\"https:\\\/\\\/inclusivenews.com.br\\\/#organization\"},\"image\":{\"@id\":\"https:\\\/\\\/inclusivenews.com.br\\\/?p=16240#primaryimage\"},\"thumbnailUrl\":\"http:\\\/\\\/inclusivenews.com.br\\\/wp-content\\\/uploads\\\/2009\\\/10\\\/andrei-150x150.jpg\",\"articleSection\":[\"Colunas especiais\",\"OPINI\u00c3O\"],\"inLanguage\":\"pt-PT\",\"potentialAction\":[{\"@type\":\"CommentAction\",\"name\":\"Comment\",\"target\":[\"https:\\\/\\\/inclusivenews.com.br\\\/?p=16240#respond\"]}]},{\"@type\":\"WebPage\",\"@id\":\"https:\\\/\\\/inclusivenews.com.br\\\/?p=16240\",\"url\":\"https:\\\/\\\/inclusivenews.com.br\\\/?p=16240\",\"name\":\"Ci\u00eancia e perfei\u00e7\u00e3o -\",\"isPartOf\":{\"@id\":\"https:\\\/\\\/inclusivenews.com.br\\\/#website\"},\"primaryImageOfPage\":{\"@id\":\"https:\\\/\\\/inclusivenews.com.br\\\/?p=16240#primaryimage\"},\"image\":{\"@id\":\"https:\\\/\\\/inclusivenews.com.br\\\/?p=16240#primaryimage\"},\"thumbnailUrl\":\"http:\\\/\\\/inclusivenews.com.br\\\/wp-content\\\/uploads\\\/2009\\\/10\\\/andrei-150x150.jpg\",\"datePublished\":\"2010-06-29T08:59:40+00:00\",\"breadcrumb\":{\"@id\":\"https:\\\/\\\/inclusivenews.com.br\\\/?p=16240#breadcrumb\"},\"inLanguage\":\"pt-PT\",\"potentialAction\":[{\"@type\":\"ReadAction\",\"target\":[\"https:\\\/\\\/inclusivenews.com.br\\\/?p=16240\"]}]},{\"@type\":\"ImageObject\",\"inLanguage\":\"pt-PT\",\"@id\":\"https:\\\/\\\/inclusivenews.com.br\\\/?p=16240#primaryimage\",\"url\":\"https:\\\/\\\/inclusivenews.com.br\\\/wp-content\\\/uploads\\\/2009\\\/10\\\/andrei.jpg\",\"contentUrl\":\"https:\\\/\\\/inclusivenews.com.br\\\/wp-content\\\/uploads\\\/2009\\\/10\\\/andrei.jpg\",\"width\":220,\"height\":217,\"caption\":\"Foto de Andrei Bastos\"},{\"@type\":\"BreadcrumbList\",\"@id\":\"https:\\\/\\\/inclusivenews.com.br\\\/?p=16240#breadcrumb\",\"itemListElement\":[{\"@type\":\"ListItem\",\"position\":1,\"name\":\"In\u00edcio\",\"item\":\"https:\\\/\\\/inclusivenews.com.br\\\/\"},{\"@type\":\"ListItem\",\"position\":2,\"name\":\"Ci\u00eancia e perfei\u00e7\u00e3o\"}]},{\"@type\":\"WebSite\",\"@id\":\"https:\\\/\\\/inclusivenews.com.br\\\/#website\",\"url\":\"https:\\\/\\\/inclusivenews.com.br\\\/\",\"name\":\"Inclusive News\",\"description\":\"Inclusive News\",\"publisher\":{\"@id\":\"https:\\\/\\\/inclusivenews.com.br\\\/#organization\"},\"potentialAction\":[{\"@type\":\"SearchAction\",\"target\":{\"@type\":\"EntryPoint\",\"urlTemplate\":\"https:\\\/\\\/inclusivenews.com.br\\\/?s={search_term_string}\"},\"query-input\":{\"@type\":\"PropertyValueSpecification\",\"valueRequired\":true,\"valueName\":\"search_term_string\"}}],\"inLanguage\":\"pt-PT\"},{\"@type\":\"Organization\",\"@id\":\"https:\\\/\\\/inclusivenews.com.br\\\/#organization\",\"name\":\"Inclusive - inclus\u00e3o e cidadania\",\"url\":\"https:\\\/\\\/inclusivenews.com.br\\\/\",\"logo\":{\"@type\":\"ImageObject\",\"inLanguage\":\"pt-PT\",\"@id\":\"https:\\\/\\\/inclusivenews.com.br\\\/#\\\/schema\\\/logo\\\/image\\\/\",\"url\":\"https:\\\/\\\/inclusivenews.com.br\\\/wp-content\\\/uploads\\\/2024\\\/03\\\/@grandesite.png\",\"contentUrl\":\"https:\\\/\\\/inclusivenews.com.br\\\/wp-content\\\/uploads\\\/2024\\\/03\\\/@grandesite.png\",\"width\":1080,\"height\":1080,\"caption\":\"Inclusive - inclus\u00e3o e cidadania\"},\"image\":{\"@id\":\"https:\\\/\\\/inclusivenews.com.br\\\/#\\\/schema\\\/logo\\\/image\\\/\"},\"sameAs\":[\"https:\\\/\\\/www.facebook.com\\\/agenciainclusive\\\/\",\"https:\\\/\\\/www.instagram.com\\\/newsinclusive\\\/\"]},{\"@type\":\"Person\",\"@id\":\"https:\\\/\\\/inclusivenews.com.br\\\/#\\\/schema\\\/person\\\/ae4ec7087559b8692fb33b6fffd2273b\",\"name\":\"inclusivenews2024\",\"image\":{\"@type\":\"ImageObject\",\"inLanguage\":\"pt-PT\",\"@id\":\"https:\\\/\\\/secure.gravatar.com\\\/avatar\\\/c5a7ef84c66fa914f55bc4f7ce26cfa275a3b9a1c5568b907bd184fb4dde7b40?s=96&d=mm&r=g\",\"url\":\"https:\\\/\\\/secure.gravatar.com\\\/avatar\\\/c5a7ef84c66fa914f55bc4f7ce26cfa275a3b9a1c5568b907bd184fb4dde7b40?s=96&d=mm&r=g\",\"contentUrl\":\"https:\\\/\\\/secure.gravatar.com\\\/avatar\\\/c5a7ef84c66fa914f55bc4f7ce26cfa275a3b9a1c5568b907bd184fb4dde7b40?s=96&d=mm&r=g\",\"caption\":\"inclusivenews2024\"},\"sameAs\":[\"https:\\\/\\\/inclusivenews.com.br\"],\"url\":\"https:\\\/\\\/inclusivenews.com.br\\\/?author=1\"}]}<\/script>\n<!-- \/ Yoast SEO plugin. -->","yoast_head_json":{"title":"Ci\u00eancia e perfei\u00e7\u00e3o -","robots":{"index":"index","follow":"follow","max-snippet":"max-snippet:-1","max-image-preview":"max-image-preview:large","max-video-preview":"max-video-preview:-1"},"canonical":"https:\/\/inclusivenews.com.br\/?p=16240","og_locale":"pt_PT","og_type":"article","og_title":"Ci\u00eancia e perfei\u00e7\u00e3o -","og_description":"Mas, continuando o que j\u00e1 era quase um discurso, disse que a certeza que tinha de que estava no caminho da perfei\u00e7\u00e3o me tranquilizava. Por Andrei Bastos.","og_url":"https:\/\/inclusivenews.com.br\/?p=16240","article_publisher":"https:\/\/www.facebook.com\/agenciainclusive\/","article_published_time":"2010-06-29T08:59:40+00:00","og_image":[{"url":"http:\/\/inclusivenews.com.br\/wp-content\/uploads\/2009\/10\/andrei-150x150.jpg","type":"","width":"","height":""}],"author":"inclusivenews2024","twitter_card":"summary_large_image","twitter_misc":{"Escrito por":"inclusivenews2024","Tempo estimado de leitura":"3 minutos"},"schema":{"@context":"https:\/\/schema.org","@graph":[{"@type":"Article","@id":"https:\/\/inclusivenews.com.br\/?p=16240#article","isPartOf":{"@id":"https:\/\/inclusivenews.com.br\/?p=16240"},"author":{"name":"inclusivenews2024","@id":"https:\/\/inclusivenews.com.br\/#\/schema\/person\/ae4ec7087559b8692fb33b6fffd2273b"},"headline":"Ci\u00eancia e perfei\u00e7\u00e3o","datePublished":"2010-06-29T08:59:40+00:00","mainEntityOfPage":{"@id":"https:\/\/inclusivenews.com.br\/?p=16240"},"wordCount":679,"commentCount":0,"publisher":{"@id":"https:\/\/inclusivenews.com.br\/#organization"},"image":{"@id":"https:\/\/inclusivenews.com.br\/?p=16240#primaryimage"},"thumbnailUrl":"http:\/\/inclusivenews.com.br\/wp-content\/uploads\/2009\/10\/andrei-150x150.jpg","articleSection":["Colunas especiais","OPINI\u00c3O"],"inLanguage":"pt-PT","potentialAction":[{"@type":"CommentAction","name":"Comment","target":["https:\/\/inclusivenews.com.br\/?p=16240#respond"]}]},{"@type":"WebPage","@id":"https:\/\/inclusivenews.com.br\/?p=16240","url":"https:\/\/inclusivenews.com.br\/?p=16240","name":"Ci\u00eancia e perfei\u00e7\u00e3o -","isPartOf":{"@id":"https:\/\/inclusivenews.com.br\/#website"},"primaryImageOfPage":{"@id":"https:\/\/inclusivenews.com.br\/?p=16240#primaryimage"},"image":{"@id":"https:\/\/inclusivenews.com.br\/?p=16240#primaryimage"},"thumbnailUrl":"http:\/\/inclusivenews.com.br\/wp-content\/uploads\/2009\/10\/andrei-150x150.jpg","datePublished":"2010-06-29T08:59:40+00:00","breadcrumb":{"@id":"https:\/\/inclusivenews.com.br\/?p=16240#breadcrumb"},"inLanguage":"pt-PT","potentialAction":[{"@type":"ReadAction","target":["https:\/\/inclusivenews.com.br\/?p=16240"]}]},{"@type":"ImageObject","inLanguage":"pt-PT","@id":"https:\/\/inclusivenews.com.br\/?p=16240#primaryimage","url":"https:\/\/inclusivenews.com.br\/wp-content\/uploads\/2009\/10\/andrei.jpg","contentUrl":"https:\/\/inclusivenews.com.br\/wp-content\/uploads\/2009\/10\/andrei.jpg","width":220,"height":217,"caption":"Foto de Andrei Bastos"},{"@type":"BreadcrumbList","@id":"https:\/\/inclusivenews.com.br\/?p=16240#breadcrumb","itemListElement":[{"@type":"ListItem","position":1,"name":"In\u00edcio","item":"https:\/\/inclusivenews.com.br\/"},{"@type":"ListItem","position":2,"name":"Ci\u00eancia e perfei\u00e7\u00e3o"}]},{"@type":"WebSite","@id":"https:\/\/inclusivenews.com.br\/#website","url":"https:\/\/inclusivenews.com.br\/","name":"Inclusive News","description":"Inclusive News","publisher":{"@id":"https:\/\/inclusivenews.com.br\/#organization"},"potentialAction":[{"@type":"SearchAction","target":{"@type":"EntryPoint","urlTemplate":"https:\/\/inclusivenews.com.br\/?s={search_term_string}"},"query-input":{"@type":"PropertyValueSpecification","valueRequired":true,"valueName":"search_term_string"}}],"inLanguage":"pt-PT"},{"@type":"Organization","@id":"https:\/\/inclusivenews.com.br\/#organization","name":"Inclusive - inclus\u00e3o e cidadania","url":"https:\/\/inclusivenews.com.br\/","logo":{"@type":"ImageObject","inLanguage":"pt-PT","@id":"https:\/\/inclusivenews.com.br\/#\/schema\/logo\/image\/","url":"https:\/\/inclusivenews.com.br\/wp-content\/uploads\/2024\/03\/@grandesite.png","contentUrl":"https:\/\/inclusivenews.com.br\/wp-content\/uploads\/2024\/03\/@grandesite.png","width":1080,"height":1080,"caption":"Inclusive - inclus\u00e3o e cidadania"},"image":{"@id":"https:\/\/inclusivenews.com.br\/#\/schema\/logo\/image\/"},"sameAs":["https:\/\/www.facebook.com\/agenciainclusive\/","https:\/\/www.instagram.com\/newsinclusive\/"]},{"@type":"Person","@id":"https:\/\/inclusivenews.com.br\/#\/schema\/person\/ae4ec7087559b8692fb33b6fffd2273b","name":"inclusivenews2024","image":{"@type":"ImageObject","inLanguage":"pt-PT","@id":"https:\/\/secure.gravatar.com\/avatar\/c5a7ef84c66fa914f55bc4f7ce26cfa275a3b9a1c5568b907bd184fb4dde7b40?s=96&d=mm&r=g","url":"https:\/\/secure.gravatar.com\/avatar\/c5a7ef84c66fa914f55bc4f7ce26cfa275a3b9a1c5568b907bd184fb4dde7b40?s=96&d=mm&r=g","contentUrl":"https:\/\/secure.gravatar.com\/avatar\/c5a7ef84c66fa914f55bc4f7ce26cfa275a3b9a1c5568b907bd184fb4dde7b40?s=96&d=mm&r=g","caption":"inclusivenews2024"},"sameAs":["https:\/\/inclusivenews.com.br"],"url":"https:\/\/inclusivenews.com.br\/?author=1"}]}},"_links":{"self":[{"href":"https:\/\/inclusivenews.com.br\/index.php?rest_route=\/wp\/v2\/posts\/16240","targetHints":{"allow":["GET"]}}],"collection":[{"href":"https:\/\/inclusivenews.com.br\/index.php?rest_route=\/wp\/v2\/posts"}],"about":[{"href":"https:\/\/inclusivenews.com.br\/index.php?rest_route=\/wp\/v2\/types\/post"}],"author":[{"embeddable":true,"href":"https:\/\/inclusivenews.com.br\/index.php?rest_route=\/wp\/v2\/users\/1"}],"replies":[{"embeddable":true,"href":"https:\/\/inclusivenews.com.br\/index.php?rest_route=%2Fwp%2Fv2%2Fcomments&post=16240"}],"version-history":[{"count":0,"href":"https:\/\/inclusivenews.com.br\/index.php?rest_route=\/wp\/v2\/posts\/16240\/revisions"}],"wp:attachment":[{"href":"https:\/\/inclusivenews.com.br\/index.php?rest_route=%2Fwp%2Fv2%2Fmedia&parent=16240"}],"wp:term":[{"taxonomy":"category","embeddable":true,"href":"https:\/\/inclusivenews.com.br\/index.php?rest_route=%2Fwp%2Fv2%2Fcategories&post=16240"},{"taxonomy":"post_tag","embeddable":true,"href":"https:\/\/inclusivenews.com.br\/index.php?rest_route=%2Fwp%2Fv2%2Ftags&post=16240"}],"curies":[{"name":"wp","href":"https:\/\/api.w.org\/{rel}","templated":true}]}}