{"id":16243,"date":"2010-06-28T05:50:49","date_gmt":"2010-06-28T08:50:49","guid":{"rendered":"http:\/\/www.inclusive.org.br\/?p=16243"},"modified":"2010-06-28T05:50:49","modified_gmt":"2010-06-28T08:50:49","slug":"para-ganhar-a-copa-do-mundo-e-preciso-ser-mal-educado","status":"publish","type":"post","link":"https:\/\/inclusivenews.com.br\/?p=16243","title":{"rendered":"Para ganhar a copa do mundo \u00e9 preciso ser mal educado?"},"content":{"rendered":"<figure id=\"attachment_12036\" aria-describedby=\"caption-attachment-12036\" style=\"width: 230px\" class=\"wp-caption alignleft\"><a rel=\"attachment wp-att-12036\" href=\"http:\/\/www.inclusive.org.br\/?attachment_id=12036\"><img loading=\"lazy\" decoding=\"async\" class=\"size-full wp-image-12036\" title=\"Fotografia de Eduardo Purper.\" src=\"http:\/\/inclusivenews.com.br\/wp-content\/uploads\/2009\/10\/dudu.jpg\" alt=\"Fotografia de Eduardo Purper.\" width=\"230\" height=\"346\" srcset=\"https:\/\/inclusivenews.com.br\/wp-content\/uploads\/2009\/10\/dudu.jpg 230w, https:\/\/inclusivenews.com.br\/wp-content\/uploads\/2009\/10\/dudu-199x300.jpg 199w\" sizes=\"auto, (max-width: 230px) 100vw, 230px\" \/><\/a><figcaption id=\"caption-attachment-12036\" class=\"wp-caption-text\">Fotografia de Eduardo Purper.<\/figcaption><\/figure>\n<p style=\"margin-bottom: 0cm; text-align: justify;\"><strong>Eduardo Purper<\/strong><\/p>\n<p>Nas \u00faltimas duas semanas s\u00f3 se fala no maior espet\u00e1culo de futebol da terra: a copa do mundo.<\/p>\n<p>A \u00c1frica do Sul est\u00e1 se esfor\u00e7ando para fazer um belo mundial. At\u00e9 mesmo a imprensa sul africana, que \u00e9 mais aberta ao rugby, est\u00e1 se rendendo \u00e0 paix\u00e3o mundial, o futebol.<\/p>\n<p>Mas a copa n\u00e3o est\u00e1 empolgando dentro de campo. Sele\u00e7\u00f5es fraqu\u00edssimas, um medo de perder sobrehumano que impede os jogadores e os telespectadores de desenvolverem o entusiasmo costumeiro pela disputa.<\/p>\n<p>J\u00e1 fora de campo, h\u00e1 uma guerra entre jornalistas e treinadores das v\u00e1rias sele\u00e7\u00f5es que fazem parte deste certame.<\/p>\n<p>Nesta guerra se destaca especialmente o nosso \u201cmaravilhoso\u201d treinador, ou como diz um comentarista esportivo da pra\u00e7a, \u201cadministrador de campo\u201d: Dunga.<\/p>\n<p>Uso esta express\u00e3o porque, antes de chegar ao nosso maior time, Dunga jamais havia sido treinador de futebol, come\u00e7ou sua carreira onde todos desejam terminar: a sele\u00e7\u00e3o canarinho.<\/p>\n<p>Pelo visto, antes de aprender sobre futebol, o comandante j\u00e1 aprendeu com outros t\u00e9cnicos justamente o que n\u00e3o deveria: a falta de educa\u00e7\u00e3o com a imprensa.<\/p>\n<p>Al\u00e9m disto, fecha quase todos os seus treinamentos. Ser\u00e1 que fechar treinamentos e n\u00e3o deixar os jornalistas trabalharem ganha jogo, ou d\u00e1 mais bola para os jogadores? Ser\u00e1 que foi por isto que o nosso centro avante Lu\u00eds Fabiano fez dois gols no \u00faltimo jogo? Com certeza n\u00e3o.<\/p>\n<p>Quero lembrar o nosso treinador que a sele\u00e7\u00e3o brasileira n\u00e3o \u00e9 uma ilha.<\/p>\n<p>N\u00e3o quero aqui, j\u00e1 que falei em liberdade, tirar o direito do Dunga de discordar de algumas posturas adotadas pela imprensa.<\/p>\n<p>Tenho certeza de que, usar palavr\u00f5es n\u00e3o \u00e9 a forma mais adequada de expressar qualquer opini\u00e3o, ainda mais quando se \u00e9 o representante do povo brasileiro em uma coletiva internacional de imprensa.<\/p>\n<p style=\"text-align: justify;\">___________________________<\/p>\n<p style=\"text-align: justify;\"><strong>Sobre o autor:<\/strong><\/p>\n<p style=\"text-align: justify;\"><em>Eduardo Purper \u00e9 jornalista e colaborador da Inclusive.<br \/>\n\u00c9 um dos respons\u00e1veis pelo site <strong><a href=\"http:\/\/www.apalavraesua.com.br\/site\/\" target=\"_blank\" rel=\"noopener\">A Palavra \u00c9 Sua. <img loading=\"lazy\" decoding=\"async\" title=\"Link abrir\u00e1 em uma nova janela ou aba.\" src=\"http:\/\/www.inclusive.org.br\/images\/new_window.gif\" alt=\"Link abrir\u00e1 em uma nova janela ou aba.\" width=\"16\" height=\"14\" \/><\/a><\/strong><\/em><\/p>\n","protected":false},"excerpt":{"rendered":"<p>Ser\u00e1 que fechar treinamentos e n\u00e3o deixar os jornalistas trabalharem ganha jogo, ou d\u00e1 mais bola para os jogadores? Ser\u00e1 que foi por isto que o nosso centro avante Lu\u00eds Fabiano fez dois gols no \u00faltimo jogo? Com certeza n\u00e3o. A opini\u00e3o \u00e9 do Eduardo Purper.<\/p>\n","protected":false},"author":1,"featured_media":0,"comment_status":"open","ping_status":"open","sticky":false,"template":"","format":"standard","meta":{"site-container-style":"default","site-container-layout":"default","site-sidebar-layout":"default","disable-article-header":"default","disable-site-header":"default","disable-site-footer":"default","disable-content-area-spacing":"default","footnotes":""},"categories":[8],"tags":[63],"class_list":["post-16243","post","type-post","status-publish","format-standard","hentry","category-textos-e-artigos","tag-eduardopurper"],"yoast_head":"<!-- This site is optimized with the Yoast SEO plugin v27.4 - https:\/\/yoast.com\/product\/yoast-seo-wordpress\/ -->\n<title>Para ganhar a copa do mundo \u00e9 preciso ser mal educado? -<\/title>\n<meta name=\"robots\" content=\"index, follow, max-snippet:-1, max-image-preview:large, max-video-preview:-1\" \/>\n<link rel=\"canonical\" href=\"https:\/\/inclusivenews.com.br\/?p=16243\" \/>\n<meta property=\"og:locale\" content=\"pt_PT\" \/>\n<meta property=\"og:type\" content=\"article\" \/>\n<meta property=\"og:title\" content=\"Para ganhar a copa do mundo \u00e9 preciso ser mal educado? -\" \/>\n<meta property=\"og:description\" content=\"Ser\u00e1 que fechar treinamentos e n\u00e3o deixar os jornalistas trabalharem ganha jogo, ou d\u00e1 mais bola para os jogadores? Ser\u00e1 que foi por isto que o nosso centro avante Lu\u00eds Fabiano fez dois gols no \u00faltimo jogo? Com certeza n\u00e3o. A opini\u00e3o \u00e9 do Eduardo Purper.\" \/>\n<meta property=\"og:url\" content=\"https:\/\/inclusivenews.com.br\/?p=16243\" \/>\n<meta property=\"article:publisher\" content=\"https:\/\/www.facebook.com\/agenciainclusive\/\" \/>\n<meta property=\"article:published_time\" content=\"2010-06-28T08:50:49+00:00\" \/>\n<meta property=\"og:image\" content=\"http:\/\/inclusivenews.com.br\/wp-content\/uploads\/2009\/10\/dudu.jpg\" \/>\n<meta name=\"author\" content=\"inclusivenews2024\" \/>\n<meta name=\"twitter:card\" content=\"summary_large_image\" \/>\n<meta name=\"twitter:label1\" content=\"Escrito por\" \/>\n\t<meta name=\"twitter:data1\" content=\"inclusivenews2024\" \/>\n\t<meta name=\"twitter:label2\" content=\"Tempo estimado de leitura\" \/>\n\t<meta name=\"twitter:data2\" content=\"2 minutos\" \/>\n<script type=\"application\/ld+json\" class=\"yoast-schema-graph\">{\"@context\":\"https:\\\/\\\/schema.org\",\"@graph\":[{\"@type\":\"Article\",\"@id\":\"https:\\\/\\\/inclusivenews.com.br\\\/?p=16243#article\",\"isPartOf\":{\"@id\":\"https:\\\/\\\/inclusivenews.com.br\\\/?p=16243\"},\"author\":{\"name\":\"inclusivenews2024\",\"@id\":\"https:\\\/\\\/inclusivenews.com.br\\\/#\\\/schema\\\/person\\\/ae4ec7087559b8692fb33b6fffd2273b\"},\"headline\":\"Para ganhar a copa do mundo \u00e9 preciso ser mal educado?\",\"datePublished\":\"2010-06-28T08:50:49+00:00\",\"mainEntityOfPage\":{\"@id\":\"https:\\\/\\\/inclusivenews.com.br\\\/?p=16243\"},\"wordCount\":351,\"commentCount\":0,\"publisher\":{\"@id\":\"https:\\\/\\\/inclusivenews.com.br\\\/#organization\"},\"image\":{\"@id\":\"https:\\\/\\\/inclusivenews.com.br\\\/?p=16243#primaryimage\"},\"thumbnailUrl\":\"http:\\\/\\\/inclusivenews.com.br\\\/wp-content\\\/uploads\\\/2009\\\/10\\\/dudu.jpg\",\"keywords\":[\"EduardoPurper\"],\"articleSection\":[\"OPINI\u00c3O\"],\"inLanguage\":\"pt-PT\",\"potentialAction\":[{\"@type\":\"CommentAction\",\"name\":\"Comment\",\"target\":[\"https:\\\/\\\/inclusivenews.com.br\\\/?p=16243#respond\"]}]},{\"@type\":\"WebPage\",\"@id\":\"https:\\\/\\\/inclusivenews.com.br\\\/?p=16243\",\"url\":\"https:\\\/\\\/inclusivenews.com.br\\\/?p=16243\",\"name\":\"Para ganhar a copa do mundo \u00e9 preciso ser mal educado? -\",\"isPartOf\":{\"@id\":\"https:\\\/\\\/inclusivenews.com.br\\\/#website\"},\"primaryImageOfPage\":{\"@id\":\"https:\\\/\\\/inclusivenews.com.br\\\/?p=16243#primaryimage\"},\"image\":{\"@id\":\"https:\\\/\\\/inclusivenews.com.br\\\/?p=16243#primaryimage\"},\"thumbnailUrl\":\"http:\\\/\\\/inclusivenews.com.br\\\/wp-content\\\/uploads\\\/2009\\\/10\\\/dudu.jpg\",\"datePublished\":\"2010-06-28T08:50:49+00:00\",\"breadcrumb\":{\"@id\":\"https:\\\/\\\/inclusivenews.com.br\\\/?p=16243#breadcrumb\"},\"inLanguage\":\"pt-PT\",\"potentialAction\":[{\"@type\":\"ReadAction\",\"target\":[\"https:\\\/\\\/inclusivenews.com.br\\\/?p=16243\"]}]},{\"@type\":\"ImageObject\",\"inLanguage\":\"pt-PT\",\"@id\":\"https:\\\/\\\/inclusivenews.com.br\\\/?p=16243#primaryimage\",\"url\":\"https:\\\/\\\/inclusivenews.com.br\\\/wp-content\\\/uploads\\\/2009\\\/10\\\/dudu.jpg\",\"contentUrl\":\"https:\\\/\\\/inclusivenews.com.br\\\/wp-content\\\/uploads\\\/2009\\\/10\\\/dudu.jpg\",\"width\":230,\"height\":346},{\"@type\":\"BreadcrumbList\",\"@id\":\"https:\\\/\\\/inclusivenews.com.br\\\/?p=16243#breadcrumb\",\"itemListElement\":[{\"@type\":\"ListItem\",\"position\":1,\"name\":\"In\u00edcio\",\"item\":\"https:\\\/\\\/inclusivenews.com.br\\\/\"},{\"@type\":\"ListItem\",\"position\":2,\"name\":\"Para ganhar a copa do mundo \u00e9 preciso ser mal educado?\"}]},{\"@type\":\"WebSite\",\"@id\":\"https:\\\/\\\/inclusivenews.com.br\\\/#website\",\"url\":\"https:\\\/\\\/inclusivenews.com.br\\\/\",\"name\":\"Inclusive News\",\"description\":\"Inclusive News\",\"publisher\":{\"@id\":\"https:\\\/\\\/inclusivenews.com.br\\\/#organization\"},\"potentialAction\":[{\"@type\":\"SearchAction\",\"target\":{\"@type\":\"EntryPoint\",\"urlTemplate\":\"https:\\\/\\\/inclusivenews.com.br\\\/?s={search_term_string}\"},\"query-input\":{\"@type\":\"PropertyValueSpecification\",\"valueRequired\":true,\"valueName\":\"search_term_string\"}}],\"inLanguage\":\"pt-PT\"},{\"@type\":\"Organization\",\"@id\":\"https:\\\/\\\/inclusivenews.com.br\\\/#organization\",\"name\":\"Inclusive - inclus\u00e3o e cidadania\",\"url\":\"https:\\\/\\\/inclusivenews.com.br\\\/\",\"logo\":{\"@type\":\"ImageObject\",\"inLanguage\":\"pt-PT\",\"@id\":\"https:\\\/\\\/inclusivenews.com.br\\\/#\\\/schema\\\/logo\\\/image\\\/\",\"url\":\"https:\\\/\\\/inclusivenews.com.br\\\/wp-content\\\/uploads\\\/2024\\\/03\\\/@grandesite.png\",\"contentUrl\":\"https:\\\/\\\/inclusivenews.com.br\\\/wp-content\\\/uploads\\\/2024\\\/03\\\/@grandesite.png\",\"width\":1080,\"height\":1080,\"caption\":\"Inclusive - inclus\u00e3o e cidadania\"},\"image\":{\"@id\":\"https:\\\/\\\/inclusivenews.com.br\\\/#\\\/schema\\\/logo\\\/image\\\/\"},\"sameAs\":[\"https:\\\/\\\/www.facebook.com\\\/agenciainclusive\\\/\",\"https:\\\/\\\/www.instagram.com\\\/newsinclusive\\\/\"]},{\"@type\":\"Person\",\"@id\":\"https:\\\/\\\/inclusivenews.com.br\\\/#\\\/schema\\\/person\\\/ae4ec7087559b8692fb33b6fffd2273b\",\"name\":\"inclusivenews2024\",\"image\":{\"@type\":\"ImageObject\",\"inLanguage\":\"pt-PT\",\"@id\":\"https:\\\/\\\/secure.gravatar.com\\\/avatar\\\/c5a7ef84c66fa914f55bc4f7ce26cfa275a3b9a1c5568b907bd184fb4dde7b40?s=96&d=mm&r=g\",\"url\":\"https:\\\/\\\/secure.gravatar.com\\\/avatar\\\/c5a7ef84c66fa914f55bc4f7ce26cfa275a3b9a1c5568b907bd184fb4dde7b40?s=96&d=mm&r=g\",\"contentUrl\":\"https:\\\/\\\/secure.gravatar.com\\\/avatar\\\/c5a7ef84c66fa914f55bc4f7ce26cfa275a3b9a1c5568b907bd184fb4dde7b40?s=96&d=mm&r=g\",\"caption\":\"inclusivenews2024\"},\"sameAs\":[\"https:\\\/\\\/inclusivenews.com.br\"],\"url\":\"https:\\\/\\\/inclusivenews.com.br\\\/?author=1\"}]}<\/script>\n<!-- \/ Yoast SEO plugin. -->","yoast_head_json":{"title":"Para ganhar a copa do mundo \u00e9 preciso ser mal educado? -","robots":{"index":"index","follow":"follow","max-snippet":"max-snippet:-1","max-image-preview":"max-image-preview:large","max-video-preview":"max-video-preview:-1"},"canonical":"https:\/\/inclusivenews.com.br\/?p=16243","og_locale":"pt_PT","og_type":"article","og_title":"Para ganhar a copa do mundo \u00e9 preciso ser mal educado? -","og_description":"Ser\u00e1 que fechar treinamentos e n\u00e3o deixar os jornalistas trabalharem ganha jogo, ou d\u00e1 mais bola para os jogadores? Ser\u00e1 que foi por isto que o nosso centro avante Lu\u00eds Fabiano fez dois gols no \u00faltimo jogo? Com certeza n\u00e3o. A opini\u00e3o \u00e9 do Eduardo Purper.","og_url":"https:\/\/inclusivenews.com.br\/?p=16243","article_publisher":"https:\/\/www.facebook.com\/agenciainclusive\/","article_published_time":"2010-06-28T08:50:49+00:00","og_image":[{"url":"http:\/\/inclusivenews.com.br\/wp-content\/uploads\/2009\/10\/dudu.jpg","type":"","width":"","height":""}],"author":"inclusivenews2024","twitter_card":"summary_large_image","twitter_misc":{"Escrito por":"inclusivenews2024","Tempo estimado de leitura":"2 minutos"},"schema":{"@context":"https:\/\/schema.org","@graph":[{"@type":"Article","@id":"https:\/\/inclusivenews.com.br\/?p=16243#article","isPartOf":{"@id":"https:\/\/inclusivenews.com.br\/?p=16243"},"author":{"name":"inclusivenews2024","@id":"https:\/\/inclusivenews.com.br\/#\/schema\/person\/ae4ec7087559b8692fb33b6fffd2273b"},"headline":"Para ganhar a copa do mundo \u00e9 preciso ser mal educado?","datePublished":"2010-06-28T08:50:49+00:00","mainEntityOfPage":{"@id":"https:\/\/inclusivenews.com.br\/?p=16243"},"wordCount":351,"commentCount":0,"publisher":{"@id":"https:\/\/inclusivenews.com.br\/#organization"},"image":{"@id":"https:\/\/inclusivenews.com.br\/?p=16243#primaryimage"},"thumbnailUrl":"http:\/\/inclusivenews.com.br\/wp-content\/uploads\/2009\/10\/dudu.jpg","keywords":["EduardoPurper"],"articleSection":["OPINI\u00c3O"],"inLanguage":"pt-PT","potentialAction":[{"@type":"CommentAction","name":"Comment","target":["https:\/\/inclusivenews.com.br\/?p=16243#respond"]}]},{"@type":"WebPage","@id":"https:\/\/inclusivenews.com.br\/?p=16243","url":"https:\/\/inclusivenews.com.br\/?p=16243","name":"Para ganhar a copa do mundo \u00e9 preciso ser mal educado? -","isPartOf":{"@id":"https:\/\/inclusivenews.com.br\/#website"},"primaryImageOfPage":{"@id":"https:\/\/inclusivenews.com.br\/?p=16243#primaryimage"},"image":{"@id":"https:\/\/inclusivenews.com.br\/?p=16243#primaryimage"},"thumbnailUrl":"http:\/\/inclusivenews.com.br\/wp-content\/uploads\/2009\/10\/dudu.jpg","datePublished":"2010-06-28T08:50:49+00:00","breadcrumb":{"@id":"https:\/\/inclusivenews.com.br\/?p=16243#breadcrumb"},"inLanguage":"pt-PT","potentialAction":[{"@type":"ReadAction","target":["https:\/\/inclusivenews.com.br\/?p=16243"]}]},{"@type":"ImageObject","inLanguage":"pt-PT","@id":"https:\/\/inclusivenews.com.br\/?p=16243#primaryimage","url":"https:\/\/inclusivenews.com.br\/wp-content\/uploads\/2009\/10\/dudu.jpg","contentUrl":"https:\/\/inclusivenews.com.br\/wp-content\/uploads\/2009\/10\/dudu.jpg","width":230,"height":346},{"@type":"BreadcrumbList","@id":"https:\/\/inclusivenews.com.br\/?p=16243#breadcrumb","itemListElement":[{"@type":"ListItem","position":1,"name":"In\u00edcio","item":"https:\/\/inclusivenews.com.br\/"},{"@type":"ListItem","position":2,"name":"Para ganhar a copa do mundo \u00e9 preciso ser mal educado?"}]},{"@type":"WebSite","@id":"https:\/\/inclusivenews.com.br\/#website","url":"https:\/\/inclusivenews.com.br\/","name":"Inclusive News","description":"Inclusive News","publisher":{"@id":"https:\/\/inclusivenews.com.br\/#organization"},"potentialAction":[{"@type":"SearchAction","target":{"@type":"EntryPoint","urlTemplate":"https:\/\/inclusivenews.com.br\/?s={search_term_string}"},"query-input":{"@type":"PropertyValueSpecification","valueRequired":true,"valueName":"search_term_string"}}],"inLanguage":"pt-PT"},{"@type":"Organization","@id":"https:\/\/inclusivenews.com.br\/#organization","name":"Inclusive - inclus\u00e3o e cidadania","url":"https:\/\/inclusivenews.com.br\/","logo":{"@type":"ImageObject","inLanguage":"pt-PT","@id":"https:\/\/inclusivenews.com.br\/#\/schema\/logo\/image\/","url":"https:\/\/inclusivenews.com.br\/wp-content\/uploads\/2024\/03\/@grandesite.png","contentUrl":"https:\/\/inclusivenews.com.br\/wp-content\/uploads\/2024\/03\/@grandesite.png","width":1080,"height":1080,"caption":"Inclusive - inclus\u00e3o e cidadania"},"image":{"@id":"https:\/\/inclusivenews.com.br\/#\/schema\/logo\/image\/"},"sameAs":["https:\/\/www.facebook.com\/agenciainclusive\/","https:\/\/www.instagram.com\/newsinclusive\/"]},{"@type":"Person","@id":"https:\/\/inclusivenews.com.br\/#\/schema\/person\/ae4ec7087559b8692fb33b6fffd2273b","name":"inclusivenews2024","image":{"@type":"ImageObject","inLanguage":"pt-PT","@id":"https:\/\/secure.gravatar.com\/avatar\/c5a7ef84c66fa914f55bc4f7ce26cfa275a3b9a1c5568b907bd184fb4dde7b40?s=96&d=mm&r=g","url":"https:\/\/secure.gravatar.com\/avatar\/c5a7ef84c66fa914f55bc4f7ce26cfa275a3b9a1c5568b907bd184fb4dde7b40?s=96&d=mm&r=g","contentUrl":"https:\/\/secure.gravatar.com\/avatar\/c5a7ef84c66fa914f55bc4f7ce26cfa275a3b9a1c5568b907bd184fb4dde7b40?s=96&d=mm&r=g","caption":"inclusivenews2024"},"sameAs":["https:\/\/inclusivenews.com.br"],"url":"https:\/\/inclusivenews.com.br\/?author=1"}]}},"_links":{"self":[{"href":"https:\/\/inclusivenews.com.br\/index.php?rest_route=\/wp\/v2\/posts\/16243","targetHints":{"allow":["GET"]}}],"collection":[{"href":"https:\/\/inclusivenews.com.br\/index.php?rest_route=\/wp\/v2\/posts"}],"about":[{"href":"https:\/\/inclusivenews.com.br\/index.php?rest_route=\/wp\/v2\/types\/post"}],"author":[{"embeddable":true,"href":"https:\/\/inclusivenews.com.br\/index.php?rest_route=\/wp\/v2\/users\/1"}],"replies":[{"embeddable":true,"href":"https:\/\/inclusivenews.com.br\/index.php?rest_route=%2Fwp%2Fv2%2Fcomments&post=16243"}],"version-history":[{"count":0,"href":"https:\/\/inclusivenews.com.br\/index.php?rest_route=\/wp\/v2\/posts\/16243\/revisions"}],"wp:attachment":[{"href":"https:\/\/inclusivenews.com.br\/index.php?rest_route=%2Fwp%2Fv2%2Fmedia&parent=16243"}],"wp:term":[{"taxonomy":"category","embeddable":true,"href":"https:\/\/inclusivenews.com.br\/index.php?rest_route=%2Fwp%2Fv2%2Fcategories&post=16243"},{"taxonomy":"post_tag","embeddable":true,"href":"https:\/\/inclusivenews.com.br\/index.php?rest_route=%2Fwp%2Fv2%2Ftags&post=16243"}],"curies":[{"name":"wp","href":"https:\/\/api.w.org\/{rel}","templated":true}]}}