{"id":16252,"date":"2010-06-28T11:18:45","date_gmt":"2010-06-28T14:18:45","guid":{"rendered":"http:\/\/www.inclusive.org.br\/?p=16252"},"modified":"2010-06-28T11:18:45","modified_gmt":"2010-06-28T14:18:45","slug":"palestra-no-iesb-marcou-o-dia-mundial-do-orgulho-autista-em-brasilia","status":"publish","type":"post","link":"https:\/\/inclusivenews.com.br\/?p=16252","title":{"rendered":"Palestra no IESB marcou o Dia Mundial do Orgulho Autista em Bras\u00edlia"},"content":{"rendered":"<figure id=\"attachment_16253\" aria-describedby=\"caption-attachment-16253\" style=\"width: 300px\" class=\"wp-caption alignleft\"><a href=\"http:\/\/www.inclusivenews.com.br\/wp-content\/uploads\/2010\/06\/orgulho-autista1.jpg\"><img loading=\"lazy\" decoding=\"async\" class=\"size-medium wp-image-16253\" title=\"orgulho autista\" src=\"http:\/\/inclusivenews.com.br\/wp-content\/uploads\/2010\/06\/orgulho-autista1-300x200.jpg\" alt=\"Mesa de abertura do evento - Faixa com inscri\u00e7\u00e3o Dia do Orgulho Autista\" width=\"300\" height=\"200\" \/><\/a><figcaption id=\"caption-attachment-16253\" class=\"wp-caption-text\">Mesa de abertura do evento - Faixa com inscri\u00e7\u00e3o Dia do Orgulho Autista<\/figcaption><\/figure>\n<p>Com a presen\u00e7a de diversos especialistas e v\u00e1rias autoridades, foi realizado no Instituto de Educa\u00e7\u00e3o Superior de Bras\u00edlia (IESB), Ciclo de Palestras sobre as pol\u00edticas p\u00fablicas que envolvem o Autismo. O evento fez parte das comemora\u00e7\u00f5es alusivas \u00e0 6\u00aa edi\u00e7\u00e3o mundial do Dia do Orgulho Autista, em Bras\u00edlia, 18 de junho.<\/p>\n<p>O encontro foi promovido pelo Movimento Orgulho Autista Brasil, Coordenadoria para Inclus\u00e3o da Pessoa com Defici\u00eancia do Distrito Federal (CORDE-DF) e pela Subsecretaria de Cidadania(SUBCID\/SEJUS\/GDF).<\/p>\n<p>Mais de 600 pessoas compareceram ao local, que apresentou profissionais das \u00e1reas de sa\u00fade, educa\u00e7\u00e3o, direitos humanos e cidadania, entre outros.<\/p>\n<p>Na oportunidade, a primeira dama do Distrito Federal, Karina Curi Rosso, reconheceu a necessidade de investimentos no setor.<\/p>\n<p>Na abertura do evento, Fernando Cotta falou do IV Pr\u00eamio Orgulho Autista 2008, na categoria Psic\u00f3logo Destaque, que foi entregue ao Professor Jo\u00e3o Cl\u00e1udio Todorov, pois este n\u00e3o p\u00f4de comparecer na entrega oficial realizada na R\u00e1dio Nacional.<\/p>\n<p>Por sua vez, Professor Todorov falou da import\u00e2ncia dos trabalhos do IESB em conjunto com o Movimento Orgulho Autista Brasil e com a CORDE-DF.<\/p>\n<p>M\u00e1rcia Muniz, presidenta do Conselho de Direitos da Pessoa com Defici\u00eancia (CODDEDE), falou da import\u00e2ncia do Conselho para os autistas.<\/p>\n<p>Adryani Lobo, subsecret\u00e1ria de cidadania, lembrou que os autistas precisam de mais pol\u00edticas p\u00fablicas.<\/p>\n<p>Mara Gon\u00e7alves, conselheira de sa\u00fade, av\u00f3 de autista, destacou o n\u00famero reduzido de psiquiatras em rela\u00e7\u00e3o ao n\u00famero de habitantes.<\/p>\n<p>Paulo Victor, goleiro da sele\u00e7\u00e3o brasileira na copa do mundo de 1986 e embaixador da campanha da acessibilidade, informou sobre sua participa\u00e7\u00e3o na Blitz do Autismo e na Audi\u00eancia P\u00fablica realizados no Congresso Nacional nesta semana.<\/p>\n<p>Na segunda mesa, a professora Giselda Jord\u00e3o lembrou da import\u00e2ncia do conhecimento para os professores p\u00fablicos.<\/p>\n<p>Professor Ulisses Ara\u00fajo, destacou o trabalho do CETEFE e a import\u00e2ncia de se discutir metodologias em cada caso.<\/p>\n<p>Alu\u00edsio Maluf apresentou v\u00eddeo da CLIAMA, com autistas em contato com a natureza e em atendimentos fundamentais para o desenvolvimento desej\u00e1vel.<\/p>\n<p>Anna Cristina, psic\u00f3loga da CLIAMA, discorreu sobre a necessidade de envolvimento da fam\u00edlia no processo de evolu\u00e7\u00e3o dos autistas.<\/p>\n<p>Na terceira mesa, Dr. Icaro Batista, da UnB, apresentou trabalho de pesquisa desenvolvido pela Universidade, para detectar doen\u00e7a cel\u00edaca em autistas.<\/p>\n<p>Dra. Rosa Horita, do Centro de Orienta\u00e7\u00e3o Psico-Pedag\u00f3gico, chamou a aten\u00e7\u00e3o para o elevado custo de terapias para os autistas, que ficam a cargo das fam\u00edlias.<\/p>\n<p>Nydia Silva, da AMA-DF e conselheira representante do Autismo no CODDEDE, questionou o investimento p\u00fablico em outros setores, mais do que no autismo.<\/p>\n<p>Na \u00faltima mesa, especialistas do IESB chamaram a aten\u00e7\u00e3o para o trabalho da faculdade de psicologia.<\/p>\n<p>O psic\u00f3logo Gleidson Gabriel demonstrou a evolu\u00e7\u00e3o que autistas est\u00e3o tendo com a terapia adequada.<\/p>\n<p>Dr. M\u00e1rcio Borges procurou evidenciar a import\u00e2ncia do trabalho dos terapeutas, alertando que terapias n\u00e3o adequadas podem levar a resultados n\u00e3o desej\u00e1veis.<\/p>\n<p>A professora Lilian Cavalheiro apresentou atendimentos que o instituto realiza em Bras\u00edlia.<\/p>\n<p>Por fim, Fernando Cotta lembrou a import\u00e2ncia das celebra\u00e7\u00f5es do Dia do Orgulho Autista e destacou como fundamental a aplica\u00e7\u00e3o da teoria na pr\u00e1tica, informando a dificuldade com a burocracia dos governos para o atendimento aos autistas, assumindo o desafio do gestor p\u00fablico em trabalhos conjuntos com a comunidade, para transformar a realidade.<\/p>\n<p>Fonte: Movimento Orgulho Autista Brasil<\/p>\n","protected":false},"excerpt":{"rendered":"<p>Com a presen\u00e7a de diversos especialistas e v\u00e1rias autoridades, foi realizado no Instituto de Educa\u00e7\u00e3o Superior de Bras\u00edlia (IESB), Ciclo de Palestras sobre as pol\u00edticas p\u00fablicas que envolvem o Autismo. O evento fez parte das comemora\u00e7\u00f5es alusivas \u00e0 6\u00aa edi\u00e7\u00e3o mundial do Dia do Orgulho Autista, em Bras\u00edlia, 18 de junho. O encontro foi promovido [&hellip;]<\/p>\n","protected":false},"author":1,"featured_media":0,"comment_status":"open","ping_status":"open","sticky":false,"template":"","format":"standard","meta":{"site-container-style":"default","site-container-layout":"default","site-sidebar-layout":"default","disable-article-header":"default","disable-site-header":"default","disable-site-footer":"default","disable-content-area-spacing":"default","footnotes":""},"categories":[12,38,48,4,49],"tags":[],"class_list":["post-16252","post","type-post","status-publish","format-standard","hentry","category-cursos-e-eventos","category-deficiencia","category-inclusao","category-noticias","category-politicas-publicas"],"yoast_head":"<!-- This site is optimized with the Yoast SEO plugin v27.4 - https:\/\/yoast.com\/product\/yoast-seo-wordpress\/ -->\n<title>Palestra no IESB marcou o Dia Mundial do Orgulho Autista em Bras\u00edlia -<\/title>\n<meta name=\"robots\" content=\"index, follow, max-snippet:-1, max-image-preview:large, max-video-preview:-1\" \/>\n<link rel=\"canonical\" href=\"https:\/\/inclusivenews.com.br\/?p=16252\" \/>\n<meta property=\"og:locale\" content=\"pt_PT\" \/>\n<meta property=\"og:type\" content=\"article\" \/>\n<meta property=\"og:title\" content=\"Palestra no IESB marcou o Dia Mundial do Orgulho Autista em Bras\u00edlia -\" \/>\n<meta property=\"og:description\" content=\"Com a presen\u00e7a de diversos especialistas e v\u00e1rias autoridades, foi realizado no Instituto de Educa\u00e7\u00e3o Superior de Bras\u00edlia (IESB), Ciclo de Palestras sobre as pol\u00edticas p\u00fablicas que envolvem o Autismo. O evento fez parte das comemora\u00e7\u00f5es alusivas \u00e0 6\u00aa edi\u00e7\u00e3o mundial do Dia do Orgulho Autista, em Bras\u00edlia, 18 de junho. O encontro foi promovido [&hellip;]\" \/>\n<meta property=\"og:url\" content=\"https:\/\/inclusivenews.com.br\/?p=16252\" \/>\n<meta property=\"article:publisher\" content=\"https:\/\/www.facebook.com\/agenciainclusive\/\" \/>\n<meta property=\"article:published_time\" content=\"2010-06-28T14:18:45+00:00\" \/>\n<meta property=\"og:image\" content=\"http:\/\/inclusivenews.com.br\/wp-content\/uploads\/2010\/06\/orgulho-autista1-300x200.jpg\" \/>\n<meta name=\"author\" content=\"inclusivenews2024\" \/>\n<meta name=\"twitter:card\" content=\"summary_large_image\" \/>\n<meta name=\"twitter:label1\" content=\"Escrito por\" \/>\n\t<meta name=\"twitter:data1\" content=\"inclusivenews2024\" \/>\n\t<meta name=\"twitter:label2\" content=\"Tempo estimado de leitura\" \/>\n\t<meta name=\"twitter:data2\" content=\"3 minutos\" \/>\n<script type=\"application\/ld+json\" class=\"yoast-schema-graph\">{\"@context\":\"https:\\\/\\\/schema.org\",\"@graph\":[{\"@type\":\"Article\",\"@id\":\"https:\\\/\\\/inclusivenews.com.br\\\/?p=16252#article\",\"isPartOf\":{\"@id\":\"https:\\\/\\\/inclusivenews.com.br\\\/?p=16252\"},\"author\":{\"name\":\"inclusivenews2024\",\"@id\":\"https:\\\/\\\/inclusivenews.com.br\\\/#\\\/schema\\\/person\\\/ae4ec7087559b8692fb33b6fffd2273b\"},\"headline\":\"Palestra no IESB marcou o Dia Mundial do Orgulho Autista em Bras\u00edlia\",\"datePublished\":\"2010-06-28T14:18:45+00:00\",\"mainEntityOfPage\":{\"@id\":\"https:\\\/\\\/inclusivenews.com.br\\\/?p=16252\"},\"wordCount\":634,\"commentCount\":0,\"publisher\":{\"@id\":\"https:\\\/\\\/inclusivenews.com.br\\\/#organization\"},\"image\":{\"@id\":\"https:\\\/\\\/inclusivenews.com.br\\\/?p=16252#primaryimage\"},\"thumbnailUrl\":\"http:\\\/\\\/inclusivenews.com.br\\\/wp-content\\\/uploads\\\/2010\\\/06\\\/orgulho-autista1-300x200.jpg\",\"articleSection\":[\"Cursos e eventos\",\"Defici\u00eancia\",\"INCLUS\u00c3O SOCIAL\",\"NOT\u00cdCIAS\",\"Pol\u00edticas p\u00fablicas\"],\"inLanguage\":\"pt-PT\",\"potentialAction\":[{\"@type\":\"CommentAction\",\"name\":\"Comment\",\"target\":[\"https:\\\/\\\/inclusivenews.com.br\\\/?p=16252#respond\"]}]},{\"@type\":\"WebPage\",\"@id\":\"https:\\\/\\\/inclusivenews.com.br\\\/?p=16252\",\"url\":\"https:\\\/\\\/inclusivenews.com.br\\\/?p=16252\",\"name\":\"Palestra no IESB marcou o Dia Mundial do Orgulho Autista em Bras\u00edlia -\",\"isPartOf\":{\"@id\":\"https:\\\/\\\/inclusivenews.com.br\\\/#website\"},\"primaryImageOfPage\":{\"@id\":\"https:\\\/\\\/inclusivenews.com.br\\\/?p=16252#primaryimage\"},\"image\":{\"@id\":\"https:\\\/\\\/inclusivenews.com.br\\\/?p=16252#primaryimage\"},\"thumbnailUrl\":\"http:\\\/\\\/inclusivenews.com.br\\\/wp-content\\\/uploads\\\/2010\\\/06\\\/orgulho-autista1-300x200.jpg\",\"datePublished\":\"2010-06-28T14:18:45+00:00\",\"breadcrumb\":{\"@id\":\"https:\\\/\\\/inclusivenews.com.br\\\/?p=16252#breadcrumb\"},\"inLanguage\":\"pt-PT\",\"potentialAction\":[{\"@type\":\"ReadAction\",\"target\":[\"https:\\\/\\\/inclusivenews.com.br\\\/?p=16252\"]}]},{\"@type\":\"ImageObject\",\"inLanguage\":\"pt-PT\",\"@id\":\"https:\\\/\\\/inclusivenews.com.br\\\/?p=16252#primaryimage\",\"url\":\"\",\"contentUrl\":\"\"},{\"@type\":\"BreadcrumbList\",\"@id\":\"https:\\\/\\\/inclusivenews.com.br\\\/?p=16252#breadcrumb\",\"itemListElement\":[{\"@type\":\"ListItem\",\"position\":1,\"name\":\"In\u00edcio\",\"item\":\"https:\\\/\\\/inclusivenews.com.br\\\/\"},{\"@type\":\"ListItem\",\"position\":2,\"name\":\"Palestra no IESB marcou o Dia Mundial do Orgulho Autista em Bras\u00edlia\"}]},{\"@type\":\"WebSite\",\"@id\":\"https:\\\/\\\/inclusivenews.com.br\\\/#website\",\"url\":\"https:\\\/\\\/inclusivenews.com.br\\\/\",\"name\":\"Inclusive News\",\"description\":\"Inclusive News\",\"publisher\":{\"@id\":\"https:\\\/\\\/inclusivenews.com.br\\\/#organization\"},\"potentialAction\":[{\"@type\":\"SearchAction\",\"target\":{\"@type\":\"EntryPoint\",\"urlTemplate\":\"https:\\\/\\\/inclusivenews.com.br\\\/?s={search_term_string}\"},\"query-input\":{\"@type\":\"PropertyValueSpecification\",\"valueRequired\":true,\"valueName\":\"search_term_string\"}}],\"inLanguage\":\"pt-PT\"},{\"@type\":\"Organization\",\"@id\":\"https:\\\/\\\/inclusivenews.com.br\\\/#organization\",\"name\":\"Inclusive - inclus\u00e3o e cidadania\",\"url\":\"https:\\\/\\\/inclusivenews.com.br\\\/\",\"logo\":{\"@type\":\"ImageObject\",\"inLanguage\":\"pt-PT\",\"@id\":\"https:\\\/\\\/inclusivenews.com.br\\\/#\\\/schema\\\/logo\\\/image\\\/\",\"url\":\"https:\\\/\\\/inclusivenews.com.br\\\/wp-content\\\/uploads\\\/2024\\\/03\\\/@grandesite.png\",\"contentUrl\":\"https:\\\/\\\/inclusivenews.com.br\\\/wp-content\\\/uploads\\\/2024\\\/03\\\/@grandesite.png\",\"width\":1080,\"height\":1080,\"caption\":\"Inclusive - inclus\u00e3o e cidadania\"},\"image\":{\"@id\":\"https:\\\/\\\/inclusivenews.com.br\\\/#\\\/schema\\\/logo\\\/image\\\/\"},\"sameAs\":[\"https:\\\/\\\/www.facebook.com\\\/agenciainclusive\\\/\",\"https:\\\/\\\/www.instagram.com\\\/newsinclusive\\\/\"]},{\"@type\":\"Person\",\"@id\":\"https:\\\/\\\/inclusivenews.com.br\\\/#\\\/schema\\\/person\\\/ae4ec7087559b8692fb33b6fffd2273b\",\"name\":\"inclusivenews2024\",\"image\":{\"@type\":\"ImageObject\",\"inLanguage\":\"pt-PT\",\"@id\":\"https:\\\/\\\/secure.gravatar.com\\\/avatar\\\/c5a7ef84c66fa914f55bc4f7ce26cfa275a3b9a1c5568b907bd184fb4dde7b40?s=96&d=mm&r=g\",\"url\":\"https:\\\/\\\/secure.gravatar.com\\\/avatar\\\/c5a7ef84c66fa914f55bc4f7ce26cfa275a3b9a1c5568b907bd184fb4dde7b40?s=96&d=mm&r=g\",\"contentUrl\":\"https:\\\/\\\/secure.gravatar.com\\\/avatar\\\/c5a7ef84c66fa914f55bc4f7ce26cfa275a3b9a1c5568b907bd184fb4dde7b40?s=96&d=mm&r=g\",\"caption\":\"inclusivenews2024\"},\"sameAs\":[\"https:\\\/\\\/inclusivenews.com.br\"],\"url\":\"https:\\\/\\\/inclusivenews.com.br\\\/?author=1\"}]}<\/script>\n<!-- \/ Yoast SEO plugin. -->","yoast_head_json":{"title":"Palestra no IESB marcou o Dia Mundial do Orgulho Autista em Bras\u00edlia -","robots":{"index":"index","follow":"follow","max-snippet":"max-snippet:-1","max-image-preview":"max-image-preview:large","max-video-preview":"max-video-preview:-1"},"canonical":"https:\/\/inclusivenews.com.br\/?p=16252","og_locale":"pt_PT","og_type":"article","og_title":"Palestra no IESB marcou o Dia Mundial do Orgulho Autista em Bras\u00edlia -","og_description":"Com a presen\u00e7a de diversos especialistas e v\u00e1rias autoridades, foi realizado no Instituto de Educa\u00e7\u00e3o Superior de Bras\u00edlia (IESB), Ciclo de Palestras sobre as pol\u00edticas p\u00fablicas que envolvem o Autismo. O evento fez parte das comemora\u00e7\u00f5es alusivas \u00e0 6\u00aa edi\u00e7\u00e3o mundial do Dia do Orgulho Autista, em Bras\u00edlia, 18 de junho. O encontro foi promovido [&hellip;]","og_url":"https:\/\/inclusivenews.com.br\/?p=16252","article_publisher":"https:\/\/www.facebook.com\/agenciainclusive\/","article_published_time":"2010-06-28T14:18:45+00:00","og_image":[{"url":"http:\/\/inclusivenews.com.br\/wp-content\/uploads\/2010\/06\/orgulho-autista1-300x200.jpg","type":"","width":"","height":""}],"author":"inclusivenews2024","twitter_card":"summary_large_image","twitter_misc":{"Escrito por":"inclusivenews2024","Tempo estimado de leitura":"3 minutos"},"schema":{"@context":"https:\/\/schema.org","@graph":[{"@type":"Article","@id":"https:\/\/inclusivenews.com.br\/?p=16252#article","isPartOf":{"@id":"https:\/\/inclusivenews.com.br\/?p=16252"},"author":{"name":"inclusivenews2024","@id":"https:\/\/inclusivenews.com.br\/#\/schema\/person\/ae4ec7087559b8692fb33b6fffd2273b"},"headline":"Palestra no IESB marcou o Dia Mundial do Orgulho Autista em Bras\u00edlia","datePublished":"2010-06-28T14:18:45+00:00","mainEntityOfPage":{"@id":"https:\/\/inclusivenews.com.br\/?p=16252"},"wordCount":634,"commentCount":0,"publisher":{"@id":"https:\/\/inclusivenews.com.br\/#organization"},"image":{"@id":"https:\/\/inclusivenews.com.br\/?p=16252#primaryimage"},"thumbnailUrl":"http:\/\/inclusivenews.com.br\/wp-content\/uploads\/2010\/06\/orgulho-autista1-300x200.jpg","articleSection":["Cursos e eventos","Defici\u00eancia","INCLUS\u00c3O SOCIAL","NOT\u00cdCIAS","Pol\u00edticas p\u00fablicas"],"inLanguage":"pt-PT","potentialAction":[{"@type":"CommentAction","name":"Comment","target":["https:\/\/inclusivenews.com.br\/?p=16252#respond"]}]},{"@type":"WebPage","@id":"https:\/\/inclusivenews.com.br\/?p=16252","url":"https:\/\/inclusivenews.com.br\/?p=16252","name":"Palestra no IESB marcou o Dia Mundial do Orgulho Autista em Bras\u00edlia -","isPartOf":{"@id":"https:\/\/inclusivenews.com.br\/#website"},"primaryImageOfPage":{"@id":"https:\/\/inclusivenews.com.br\/?p=16252#primaryimage"},"image":{"@id":"https:\/\/inclusivenews.com.br\/?p=16252#primaryimage"},"thumbnailUrl":"http:\/\/inclusivenews.com.br\/wp-content\/uploads\/2010\/06\/orgulho-autista1-300x200.jpg","datePublished":"2010-06-28T14:18:45+00:00","breadcrumb":{"@id":"https:\/\/inclusivenews.com.br\/?p=16252#breadcrumb"},"inLanguage":"pt-PT","potentialAction":[{"@type":"ReadAction","target":["https:\/\/inclusivenews.com.br\/?p=16252"]}]},{"@type":"ImageObject","inLanguage":"pt-PT","@id":"https:\/\/inclusivenews.com.br\/?p=16252#primaryimage","url":"","contentUrl":""},{"@type":"BreadcrumbList","@id":"https:\/\/inclusivenews.com.br\/?p=16252#breadcrumb","itemListElement":[{"@type":"ListItem","position":1,"name":"In\u00edcio","item":"https:\/\/inclusivenews.com.br\/"},{"@type":"ListItem","position":2,"name":"Palestra no IESB marcou o Dia Mundial do Orgulho Autista em Bras\u00edlia"}]},{"@type":"WebSite","@id":"https:\/\/inclusivenews.com.br\/#website","url":"https:\/\/inclusivenews.com.br\/","name":"Inclusive News","description":"Inclusive News","publisher":{"@id":"https:\/\/inclusivenews.com.br\/#organization"},"potentialAction":[{"@type":"SearchAction","target":{"@type":"EntryPoint","urlTemplate":"https:\/\/inclusivenews.com.br\/?s={search_term_string}"},"query-input":{"@type":"PropertyValueSpecification","valueRequired":true,"valueName":"search_term_string"}}],"inLanguage":"pt-PT"},{"@type":"Organization","@id":"https:\/\/inclusivenews.com.br\/#organization","name":"Inclusive - inclus\u00e3o e cidadania","url":"https:\/\/inclusivenews.com.br\/","logo":{"@type":"ImageObject","inLanguage":"pt-PT","@id":"https:\/\/inclusivenews.com.br\/#\/schema\/logo\/image\/","url":"https:\/\/inclusivenews.com.br\/wp-content\/uploads\/2024\/03\/@grandesite.png","contentUrl":"https:\/\/inclusivenews.com.br\/wp-content\/uploads\/2024\/03\/@grandesite.png","width":1080,"height":1080,"caption":"Inclusive - inclus\u00e3o e cidadania"},"image":{"@id":"https:\/\/inclusivenews.com.br\/#\/schema\/logo\/image\/"},"sameAs":["https:\/\/www.facebook.com\/agenciainclusive\/","https:\/\/www.instagram.com\/newsinclusive\/"]},{"@type":"Person","@id":"https:\/\/inclusivenews.com.br\/#\/schema\/person\/ae4ec7087559b8692fb33b6fffd2273b","name":"inclusivenews2024","image":{"@type":"ImageObject","inLanguage":"pt-PT","@id":"https:\/\/secure.gravatar.com\/avatar\/c5a7ef84c66fa914f55bc4f7ce26cfa275a3b9a1c5568b907bd184fb4dde7b40?s=96&d=mm&r=g","url":"https:\/\/secure.gravatar.com\/avatar\/c5a7ef84c66fa914f55bc4f7ce26cfa275a3b9a1c5568b907bd184fb4dde7b40?s=96&d=mm&r=g","contentUrl":"https:\/\/secure.gravatar.com\/avatar\/c5a7ef84c66fa914f55bc4f7ce26cfa275a3b9a1c5568b907bd184fb4dde7b40?s=96&d=mm&r=g","caption":"inclusivenews2024"},"sameAs":["https:\/\/inclusivenews.com.br"],"url":"https:\/\/inclusivenews.com.br\/?author=1"}]}},"_links":{"self":[{"href":"https:\/\/inclusivenews.com.br\/index.php?rest_route=\/wp\/v2\/posts\/16252","targetHints":{"allow":["GET"]}}],"collection":[{"href":"https:\/\/inclusivenews.com.br\/index.php?rest_route=\/wp\/v2\/posts"}],"about":[{"href":"https:\/\/inclusivenews.com.br\/index.php?rest_route=\/wp\/v2\/types\/post"}],"author":[{"embeddable":true,"href":"https:\/\/inclusivenews.com.br\/index.php?rest_route=\/wp\/v2\/users\/1"}],"replies":[{"embeddable":true,"href":"https:\/\/inclusivenews.com.br\/index.php?rest_route=%2Fwp%2Fv2%2Fcomments&post=16252"}],"version-history":[{"count":0,"href":"https:\/\/inclusivenews.com.br\/index.php?rest_route=\/wp\/v2\/posts\/16252\/revisions"}],"wp:attachment":[{"href":"https:\/\/inclusivenews.com.br\/index.php?rest_route=%2Fwp%2Fv2%2Fmedia&parent=16252"}],"wp:term":[{"taxonomy":"category","embeddable":true,"href":"https:\/\/inclusivenews.com.br\/index.php?rest_route=%2Fwp%2Fv2%2Fcategories&post=16252"},{"taxonomy":"post_tag","embeddable":true,"href":"https:\/\/inclusivenews.com.br\/index.php?rest_route=%2Fwp%2Fv2%2Ftags&post=16252"}],"curies":[{"name":"wp","href":"https:\/\/api.w.org\/{rel}","templated":true}]}}