{"id":16254,"date":"2010-06-30T05:51:49","date_gmt":"2010-06-30T08:51:49","guid":{"rendered":"http:\/\/www.inclusive.org.br\/?p=16254"},"modified":"2010-06-30T05:51:49","modified_gmt":"2010-06-30T08:51:49","slug":"instituto-oferecera-curso-de-capacitacao-profissional-para-pessoas-com-deficiencia-de-16-a-39-anos-de-idade","status":"publish","type":"post","link":"https:\/\/inclusivenews.com.br\/?p=16254","title":{"rendered":"Instituto oferecer\u00e1 curso de capacita\u00e7\u00e3o profissional para pessoas com defici\u00eancia de 16 a 39 anos de idade"},"content":{"rendered":"<figure id=\"attachment_16267\" aria-describedby=\"caption-attachment-16267\" style=\"width: 205px\" class=\"wp-caption alignleft\"><a href=\"http:\/\/www.inclusivenews.com.br\/wp-content\/uploads\/2010\/06\/ios.jpg\"><img loading=\"lazy\" decoding=\"async\" class=\"size-full wp-image-16267\" title=\"Logotipo do Instituto da Oportunidade Social - a ilustra\u00e7\u00e3o de uma \u00e1rvore e sua sombra\" src=\"http:\/\/inclusivenews.com.br\/wp-content\/uploads\/2010\/06\/ios.jpg\" alt=\"\" width=\"205\" height=\"103\" \/><\/a><figcaption id=\"caption-attachment-16267\" class=\"wp-caption-text\"> <\/figcaption><\/figure>\n<p>Instituto oferecer\u00e1 curso de capacita\u00e7\u00e3o profissional para pessoas com defici\u00eancia de 16 a 39 anos de idade. Segundo a Lei 8.213, as empresas a partir de 100 funcion\u00e1rios devem promover a inclus\u00e3o de pessoas com defici\u00eancia em seu quadro de funcion\u00e1rios. Muito mais do que apenas atender a uma lei federal, as empresas buscam pessoas com defici\u00eancia qualificadas para o ambiente de trabalho, que tragam produtividade e busquem crescimento profissional.<\/p>\n<p>Estudo, Qualifica\u00e7\u00e3o Profissional, Produtividade, Metas, Desenvolvimento de Carreira, Comprometimento, Percep\u00e7\u00e3o, Atitude e Facilidade de Relacionamento s\u00e3o habilidades essenciais para qualquer profissional.<\/p>\n<p>Diante desta realidade, o IOS &#8211; Instituto da Oportunidade Social promove a capacita\u00e7\u00e3o profissional para pessoas com defici\u00eancia em administra\u00e7\u00e3o e tecnologia da informa\u00e7\u00e3o, e atua como um facilitador no direcionamento dos alunos aprovados para poss\u00edveis vagas de emprego em empresas que se utilizam desta tecnologia.<\/p>\n<p>O curso ser\u00e1 oferecido pelo IOS, gratuitamente, no 2\u00ba semestre de 2010 e as inscri\u00e7\u00f5es ser\u00e3o no m\u00eas de julho.<\/p>\n<p>Informa\u00e7\u00f5es sobre o curso: &#8211; O curso \u00e9 semestral &#8211; Possui 350 horas de dura\u00e7\u00e3o &#8211; As aulas s\u00e3o de segunda \u00e0 sexta-feira, das 08h30 as 12h00. &#8211; In\u00edcio das aulas: 03 de Agosto &#8211; T\u00e9rmino das aulas: 17 de Dezembro &#8211; Curso gratuito &#8211; Material did\u00e1tico gratuito &#8211; As pessoas aprovadas no processo seletivo precisam adquirir uma camiseta de uniforme (uso obrigat\u00f3rio) no valor de R$ 10,00 (dez reais).<\/p>\n<p>Informa\u00e7\u00f5es adicionais: O curso n\u00e3o oferece nenhum tipo de bolsa auxilio.<\/p>\n<p>Locais de Treinamento: Sa\u00fade &#8211; Est\u00e1cio UniRadial Endere\u00e7o: Av. Jabaquara, 1870 &#8211; S\u00e3o Paulo &#8211; SP, 04046-300<\/p>\n<p>Itaquera &#8211; Obra Social Dom Bosco Endere\u00e7o: Rua \u00c1lvaro Mendon\u00e7a, 456 &#8211; S\u00e3o Paulo &#8211; SP, 08215-290<\/p>\n<p>Aprendizado proposto: &#8211; Solu\u00e7\u00e3o ERP TOTVS &#8211; Processos Administrativos (Compras, Vendas, Estoque, Financeiro e Call Center) &#8211; Windows XP &#8211; Word, Excel e Power Point 2007 &#8211; Internet &#8211; Comunica\u00e7\u00e3o e Express\u00e3o &#8211; C\u00e1lculo Matem\u00e1tico &#8211; Workshops &#8211; TCC &#8211; Trabalho de Conclus\u00e3o de Curso<\/p>\n<p>P\u00fablico Alvo: &#8211; Pessoas com defici\u00eancia f\u00edsica, visual (sub-normal, baixa vis\u00e3o) ou auditiva (perda bilateral, parcial ou total), que atendam os pr\u00e9-requisitos exigidos pela Lei de Cotas (Lei 8.213); &#8211; de 16 a 39 anos de idade; &#8211; estudantes do ensino m\u00e9dio ou formados; &#8211; que tenham interesse em ingressar no mercado de trabalho.<\/p>\n<p>Ao final do treinamento, o aluno sai pronto para ser um operador administrativo e usu\u00e1rio do software ERP TOTVS, utilizado pela maioria das empresas brasileiras.<\/p>\n<p>Inscri\u00e7\u00f5es: 12 e 13 de julho de 2010, das 09h00 as 17h00. Local: CEAT (Centro de Atendimento ao Trabalhador) &#8211; Sindicato dos Comerci\u00e1rios Rua Formosa, 409 &#8211; Anhangaba\u00fa Pr\u00f3ximo ao Metr\u00f4 S\u00e3o Bento<\/p>\n<p>Para concorrer a uma vaga, \u00e9 necess\u00e1rio:<\/p>\n<p>1) Imprimir a ficha de inscri\u00e7\u00e3o, que est\u00e1 dispon\u00edvel no link: <a href=\"http:\/\/www.ios.org.br\/folders\/IOS_Inclus\">http:\/\/www.ios.org.br\/folders\/IOS_Inclus<\/a>\u00e3o.pdf<\/p>\n<p>2) Preencher TODA a ficha de inscri\u00e7\u00e3o;<\/p>\n<p>3) Providenciar os documentos abaixo (original e 1 x\u00e9rox de cada): &#8211; RG do Aluno &#8211; CPF do aluno &#8211; CPF dos pais (pai e m\u00e3e) ou respons\u00e1vel, quando menor de idade &#8211; Comprovante de escolaridade &#8211; Conta de \u00c1gua &#8211; Conta de Luz &#8211; Conta de Telefone &#8211; Comprovante de rendimento dos pais (pai e m\u00e3e) ou respons\u00e1vel. &#8211; Laudo m\u00e9dico caracterizando a defici\u00eancia: &#8211; Deficiente auditivo &#8211; Laudo e audiometria &#8211; Deficiente visual &#8211; Laudo e exame de acuidade visual &#8211; Deficiente f\u00edsico &#8211; Laudo<\/p>\n<p>4) Levar a ficha preenchida e todos os documentos solicitados (vias originais e 1 x\u00e9rox de cada) respeitando as datas e hor\u00e1rios das inscri\u00e7\u00f5es;<\/p>\n<p>5) Menores de 18 anos devem obrigatoriamente irem acompanhado de um respons\u00e1vel.<\/p>\n<p>Acesse o blog e veja mais informa\u00e7\u00f5es: <a href=\"http:\/\/blog.ios.org.br\/inscricoes\/inscricoes-para-pessoas-com-deficiencia\">http:\/\/blog.ios.org.br\/inscricoes\/inscricoes-para-pessoas-com-deficiencia<\/a><\/p>\n<p>D\u00favidas adicionais: Envie um e-mail para <a href=\"mailto:inclusao@ios.org.br\">inclusao@ios.org.br<\/a><\/p>\n<p>_____________<\/p>\n<p><strong>Fonte:<\/strong> <a href=\"http:\/\/sentidos.uol.com.br\/canais\/materia.asp?codpag=13487&amp;canal=trabalho\">Sentidos<\/a><\/p>\n","protected":false},"excerpt":{"rendered":"<p>Instituto oferecer\u00e1 curso de capacita\u00e7\u00e3o profissional para pessoas com defici\u00eancia de 16 a 39 anos de idade.<\/p>\n","protected":false},"author":1,"featured_media":0,"comment_status":"open","ping_status":"open","sticky":false,"template":"","format":"standard","meta":{"site-container-style":"default","site-container-layout":"default","site-sidebar-layout":"default","disable-article-header":"default","disable-site-header":"default","disable-site-footer":"default","disable-content-area-spacing":"default","footnotes":""},"categories":[38,48,46,4],"tags":[],"class_list":["post-16254","post","type-post","status-publish","format-standard","hentry","category-deficiencia","category-inclusao","category-mercado-de-trabalho","category-noticias"],"yoast_head":"<!-- This site is optimized with the Yoast SEO plugin v27.4 - https:\/\/yoast.com\/product\/yoast-seo-wordpress\/ -->\n<title>Instituto oferecer\u00e1 curso de capacita\u00e7\u00e3o profissional para pessoas com defici\u00eancia de 16 a 39 anos de idade -<\/title>\n<meta name=\"robots\" content=\"index, follow, max-snippet:-1, max-image-preview:large, max-video-preview:-1\" \/>\n<link rel=\"canonical\" href=\"https:\/\/inclusivenews.com.br\/?p=16254\" \/>\n<meta property=\"og:locale\" content=\"pt_PT\" \/>\n<meta property=\"og:type\" content=\"article\" \/>\n<meta property=\"og:title\" content=\"Instituto oferecer\u00e1 curso de capacita\u00e7\u00e3o profissional para pessoas com defici\u00eancia de 16 a 39 anos de idade -\" \/>\n<meta property=\"og:description\" content=\"Instituto oferecer\u00e1 curso de capacita\u00e7\u00e3o profissional para pessoas com defici\u00eancia de 16 a 39 anos de idade.\" \/>\n<meta property=\"og:url\" content=\"https:\/\/inclusivenews.com.br\/?p=16254\" \/>\n<meta property=\"article:publisher\" content=\"https:\/\/www.facebook.com\/agenciainclusive\/\" \/>\n<meta property=\"article:published_time\" content=\"2010-06-30T08:51:49+00:00\" \/>\n<meta property=\"og:image\" content=\"http:\/\/inclusivenews.com.br\/wp-content\/uploads\/2010\/06\/ios.jpg\" \/>\n<meta name=\"author\" content=\"inclusivenews2024\" \/>\n<meta name=\"twitter:card\" content=\"summary_large_image\" \/>\n<meta name=\"twitter:label1\" content=\"Escrito por\" \/>\n\t<meta name=\"twitter:data1\" content=\"inclusivenews2024\" \/>\n\t<meta name=\"twitter:label2\" content=\"Tempo estimado de leitura\" \/>\n\t<meta name=\"twitter:data2\" content=\"3 minutos\" \/>\n<script type=\"application\/ld+json\" class=\"yoast-schema-graph\">{\"@context\":\"https:\\\/\\\/schema.org\",\"@graph\":[{\"@type\":\"Article\",\"@id\":\"https:\\\/\\\/inclusivenews.com.br\\\/?p=16254#article\",\"isPartOf\":{\"@id\":\"https:\\\/\\\/inclusivenews.com.br\\\/?p=16254\"},\"author\":{\"name\":\"inclusivenews2024\",\"@id\":\"https:\\\/\\\/inclusivenews.com.br\\\/#\\\/schema\\\/person\\\/ae4ec7087559b8692fb33b6fffd2273b\"},\"headline\":\"Instituto oferecer\u00e1 curso de capacita\u00e7\u00e3o profissional para pessoas com defici\u00eancia de 16 a 39 anos de idade\",\"datePublished\":\"2010-06-30T08:51:49+00:00\",\"mainEntityOfPage\":{\"@id\":\"https:\\\/\\\/inclusivenews.com.br\\\/?p=16254\"},\"wordCount\":676,\"commentCount\":2,\"publisher\":{\"@id\":\"https:\\\/\\\/inclusivenews.com.br\\\/#organization\"},\"image\":{\"@id\":\"https:\\\/\\\/inclusivenews.com.br\\\/?p=16254#primaryimage\"},\"thumbnailUrl\":\"http:\\\/\\\/inclusivenews.com.br\\\/wp-content\\\/uploads\\\/2010\\\/06\\\/ios.jpg\",\"articleSection\":[\"Defici\u00eancia\",\"INCLUS\u00c3O SOCIAL\",\"Mercado de Trabalho\",\"NOT\u00cdCIAS\"],\"inLanguage\":\"pt-PT\",\"potentialAction\":[{\"@type\":\"CommentAction\",\"name\":\"Comment\",\"target\":[\"https:\\\/\\\/inclusivenews.com.br\\\/?p=16254#respond\"]}]},{\"@type\":\"WebPage\",\"@id\":\"https:\\\/\\\/inclusivenews.com.br\\\/?p=16254\",\"url\":\"https:\\\/\\\/inclusivenews.com.br\\\/?p=16254\",\"name\":\"Instituto oferecer\u00e1 curso de capacita\u00e7\u00e3o profissional para pessoas com defici\u00eancia de 16 a 39 anos de idade -\",\"isPartOf\":{\"@id\":\"https:\\\/\\\/inclusivenews.com.br\\\/#website\"},\"primaryImageOfPage\":{\"@id\":\"https:\\\/\\\/inclusivenews.com.br\\\/?p=16254#primaryimage\"},\"image\":{\"@id\":\"https:\\\/\\\/inclusivenews.com.br\\\/?p=16254#primaryimage\"},\"thumbnailUrl\":\"http:\\\/\\\/inclusivenews.com.br\\\/wp-content\\\/uploads\\\/2010\\\/06\\\/ios.jpg\",\"datePublished\":\"2010-06-30T08:51:49+00:00\",\"breadcrumb\":{\"@id\":\"https:\\\/\\\/inclusivenews.com.br\\\/?p=16254#breadcrumb\"},\"inLanguage\":\"pt-PT\",\"potentialAction\":[{\"@type\":\"ReadAction\",\"target\":[\"https:\\\/\\\/inclusivenews.com.br\\\/?p=16254\"]}]},{\"@type\":\"ImageObject\",\"inLanguage\":\"pt-PT\",\"@id\":\"https:\\\/\\\/inclusivenews.com.br\\\/?p=16254#primaryimage\",\"url\":\"\",\"contentUrl\":\"\"},{\"@type\":\"BreadcrumbList\",\"@id\":\"https:\\\/\\\/inclusivenews.com.br\\\/?p=16254#breadcrumb\",\"itemListElement\":[{\"@type\":\"ListItem\",\"position\":1,\"name\":\"In\u00edcio\",\"item\":\"https:\\\/\\\/inclusivenews.com.br\\\/\"},{\"@type\":\"ListItem\",\"position\":2,\"name\":\"Instituto oferecer\u00e1 curso de capacita\u00e7\u00e3o profissional para pessoas com defici\u00eancia de 16 a 39 anos de idade\"}]},{\"@type\":\"WebSite\",\"@id\":\"https:\\\/\\\/inclusivenews.com.br\\\/#website\",\"url\":\"https:\\\/\\\/inclusivenews.com.br\\\/\",\"name\":\"Inclusive News\",\"description\":\"Inclusive News\",\"publisher\":{\"@id\":\"https:\\\/\\\/inclusivenews.com.br\\\/#organization\"},\"potentialAction\":[{\"@type\":\"SearchAction\",\"target\":{\"@type\":\"EntryPoint\",\"urlTemplate\":\"https:\\\/\\\/inclusivenews.com.br\\\/?s={search_term_string}\"},\"query-input\":{\"@type\":\"PropertyValueSpecification\",\"valueRequired\":true,\"valueName\":\"search_term_string\"}}],\"inLanguage\":\"pt-PT\"},{\"@type\":\"Organization\",\"@id\":\"https:\\\/\\\/inclusivenews.com.br\\\/#organization\",\"name\":\"Inclusive - inclus\u00e3o e cidadania\",\"url\":\"https:\\\/\\\/inclusivenews.com.br\\\/\",\"logo\":{\"@type\":\"ImageObject\",\"inLanguage\":\"pt-PT\",\"@id\":\"https:\\\/\\\/inclusivenews.com.br\\\/#\\\/schema\\\/logo\\\/image\\\/\",\"url\":\"https:\\\/\\\/inclusivenews.com.br\\\/wp-content\\\/uploads\\\/2024\\\/03\\\/@grandesite.png\",\"contentUrl\":\"https:\\\/\\\/inclusivenews.com.br\\\/wp-content\\\/uploads\\\/2024\\\/03\\\/@grandesite.png\",\"width\":1080,\"height\":1080,\"caption\":\"Inclusive - inclus\u00e3o e cidadania\"},\"image\":{\"@id\":\"https:\\\/\\\/inclusivenews.com.br\\\/#\\\/schema\\\/logo\\\/image\\\/\"},\"sameAs\":[\"https:\\\/\\\/www.facebook.com\\\/agenciainclusive\\\/\",\"https:\\\/\\\/www.instagram.com\\\/newsinclusive\\\/\"]},{\"@type\":\"Person\",\"@id\":\"https:\\\/\\\/inclusivenews.com.br\\\/#\\\/schema\\\/person\\\/ae4ec7087559b8692fb33b6fffd2273b\",\"name\":\"inclusivenews2024\",\"image\":{\"@type\":\"ImageObject\",\"inLanguage\":\"pt-PT\",\"@id\":\"https:\\\/\\\/secure.gravatar.com\\\/avatar\\\/c5a7ef84c66fa914f55bc4f7ce26cfa275a3b9a1c5568b907bd184fb4dde7b40?s=96&d=mm&r=g\",\"url\":\"https:\\\/\\\/secure.gravatar.com\\\/avatar\\\/c5a7ef84c66fa914f55bc4f7ce26cfa275a3b9a1c5568b907bd184fb4dde7b40?s=96&d=mm&r=g\",\"contentUrl\":\"https:\\\/\\\/secure.gravatar.com\\\/avatar\\\/c5a7ef84c66fa914f55bc4f7ce26cfa275a3b9a1c5568b907bd184fb4dde7b40?s=96&d=mm&r=g\",\"caption\":\"inclusivenews2024\"},\"sameAs\":[\"https:\\\/\\\/inclusivenews.com.br\"],\"url\":\"https:\\\/\\\/inclusivenews.com.br\\\/?author=1\"}]}<\/script>\n<!-- \/ Yoast SEO plugin. -->","yoast_head_json":{"title":"Instituto oferecer\u00e1 curso de capacita\u00e7\u00e3o profissional para pessoas com defici\u00eancia de 16 a 39 anos de idade -","robots":{"index":"index","follow":"follow","max-snippet":"max-snippet:-1","max-image-preview":"max-image-preview:large","max-video-preview":"max-video-preview:-1"},"canonical":"https:\/\/inclusivenews.com.br\/?p=16254","og_locale":"pt_PT","og_type":"article","og_title":"Instituto oferecer\u00e1 curso de capacita\u00e7\u00e3o profissional para pessoas com defici\u00eancia de 16 a 39 anos de idade -","og_description":"Instituto oferecer\u00e1 curso de capacita\u00e7\u00e3o profissional para pessoas com defici\u00eancia de 16 a 39 anos de idade.","og_url":"https:\/\/inclusivenews.com.br\/?p=16254","article_publisher":"https:\/\/www.facebook.com\/agenciainclusive\/","article_published_time":"2010-06-30T08:51:49+00:00","og_image":[{"url":"http:\/\/inclusivenews.com.br\/wp-content\/uploads\/2010\/06\/ios.jpg","type":"","width":"","height":""}],"author":"inclusivenews2024","twitter_card":"summary_large_image","twitter_misc":{"Escrito por":"inclusivenews2024","Tempo estimado de leitura":"3 minutos"},"schema":{"@context":"https:\/\/schema.org","@graph":[{"@type":"Article","@id":"https:\/\/inclusivenews.com.br\/?p=16254#article","isPartOf":{"@id":"https:\/\/inclusivenews.com.br\/?p=16254"},"author":{"name":"inclusivenews2024","@id":"https:\/\/inclusivenews.com.br\/#\/schema\/person\/ae4ec7087559b8692fb33b6fffd2273b"},"headline":"Instituto oferecer\u00e1 curso de capacita\u00e7\u00e3o profissional para pessoas com defici\u00eancia de 16 a 39 anos de idade","datePublished":"2010-06-30T08:51:49+00:00","mainEntityOfPage":{"@id":"https:\/\/inclusivenews.com.br\/?p=16254"},"wordCount":676,"commentCount":2,"publisher":{"@id":"https:\/\/inclusivenews.com.br\/#organization"},"image":{"@id":"https:\/\/inclusivenews.com.br\/?p=16254#primaryimage"},"thumbnailUrl":"http:\/\/inclusivenews.com.br\/wp-content\/uploads\/2010\/06\/ios.jpg","articleSection":["Defici\u00eancia","INCLUS\u00c3O SOCIAL","Mercado de Trabalho","NOT\u00cdCIAS"],"inLanguage":"pt-PT","potentialAction":[{"@type":"CommentAction","name":"Comment","target":["https:\/\/inclusivenews.com.br\/?p=16254#respond"]}]},{"@type":"WebPage","@id":"https:\/\/inclusivenews.com.br\/?p=16254","url":"https:\/\/inclusivenews.com.br\/?p=16254","name":"Instituto oferecer\u00e1 curso de capacita\u00e7\u00e3o profissional para pessoas com defici\u00eancia de 16 a 39 anos de idade -","isPartOf":{"@id":"https:\/\/inclusivenews.com.br\/#website"},"primaryImageOfPage":{"@id":"https:\/\/inclusivenews.com.br\/?p=16254#primaryimage"},"image":{"@id":"https:\/\/inclusivenews.com.br\/?p=16254#primaryimage"},"thumbnailUrl":"http:\/\/inclusivenews.com.br\/wp-content\/uploads\/2010\/06\/ios.jpg","datePublished":"2010-06-30T08:51:49+00:00","breadcrumb":{"@id":"https:\/\/inclusivenews.com.br\/?p=16254#breadcrumb"},"inLanguage":"pt-PT","potentialAction":[{"@type":"ReadAction","target":["https:\/\/inclusivenews.com.br\/?p=16254"]}]},{"@type":"ImageObject","inLanguage":"pt-PT","@id":"https:\/\/inclusivenews.com.br\/?p=16254#primaryimage","url":"","contentUrl":""},{"@type":"BreadcrumbList","@id":"https:\/\/inclusivenews.com.br\/?p=16254#breadcrumb","itemListElement":[{"@type":"ListItem","position":1,"name":"In\u00edcio","item":"https:\/\/inclusivenews.com.br\/"},{"@type":"ListItem","position":2,"name":"Instituto oferecer\u00e1 curso de capacita\u00e7\u00e3o profissional para pessoas com defici\u00eancia de 16 a 39 anos de idade"}]},{"@type":"WebSite","@id":"https:\/\/inclusivenews.com.br\/#website","url":"https:\/\/inclusivenews.com.br\/","name":"Inclusive News","description":"Inclusive News","publisher":{"@id":"https:\/\/inclusivenews.com.br\/#organization"},"potentialAction":[{"@type":"SearchAction","target":{"@type":"EntryPoint","urlTemplate":"https:\/\/inclusivenews.com.br\/?s={search_term_string}"},"query-input":{"@type":"PropertyValueSpecification","valueRequired":true,"valueName":"search_term_string"}}],"inLanguage":"pt-PT"},{"@type":"Organization","@id":"https:\/\/inclusivenews.com.br\/#organization","name":"Inclusive - inclus\u00e3o e cidadania","url":"https:\/\/inclusivenews.com.br\/","logo":{"@type":"ImageObject","inLanguage":"pt-PT","@id":"https:\/\/inclusivenews.com.br\/#\/schema\/logo\/image\/","url":"https:\/\/inclusivenews.com.br\/wp-content\/uploads\/2024\/03\/@grandesite.png","contentUrl":"https:\/\/inclusivenews.com.br\/wp-content\/uploads\/2024\/03\/@grandesite.png","width":1080,"height":1080,"caption":"Inclusive - inclus\u00e3o e cidadania"},"image":{"@id":"https:\/\/inclusivenews.com.br\/#\/schema\/logo\/image\/"},"sameAs":["https:\/\/www.facebook.com\/agenciainclusive\/","https:\/\/www.instagram.com\/newsinclusive\/"]},{"@type":"Person","@id":"https:\/\/inclusivenews.com.br\/#\/schema\/person\/ae4ec7087559b8692fb33b6fffd2273b","name":"inclusivenews2024","image":{"@type":"ImageObject","inLanguage":"pt-PT","@id":"https:\/\/secure.gravatar.com\/avatar\/c5a7ef84c66fa914f55bc4f7ce26cfa275a3b9a1c5568b907bd184fb4dde7b40?s=96&d=mm&r=g","url":"https:\/\/secure.gravatar.com\/avatar\/c5a7ef84c66fa914f55bc4f7ce26cfa275a3b9a1c5568b907bd184fb4dde7b40?s=96&d=mm&r=g","contentUrl":"https:\/\/secure.gravatar.com\/avatar\/c5a7ef84c66fa914f55bc4f7ce26cfa275a3b9a1c5568b907bd184fb4dde7b40?s=96&d=mm&r=g","caption":"inclusivenews2024"},"sameAs":["https:\/\/inclusivenews.com.br"],"url":"https:\/\/inclusivenews.com.br\/?author=1"}]}},"_links":{"self":[{"href":"https:\/\/inclusivenews.com.br\/index.php?rest_route=\/wp\/v2\/posts\/16254","targetHints":{"allow":["GET"]}}],"collection":[{"href":"https:\/\/inclusivenews.com.br\/index.php?rest_route=\/wp\/v2\/posts"}],"about":[{"href":"https:\/\/inclusivenews.com.br\/index.php?rest_route=\/wp\/v2\/types\/post"}],"author":[{"embeddable":true,"href":"https:\/\/inclusivenews.com.br\/index.php?rest_route=\/wp\/v2\/users\/1"}],"replies":[{"embeddable":true,"href":"https:\/\/inclusivenews.com.br\/index.php?rest_route=%2Fwp%2Fv2%2Fcomments&post=16254"}],"version-history":[{"count":0,"href":"https:\/\/inclusivenews.com.br\/index.php?rest_route=\/wp\/v2\/posts\/16254\/revisions"}],"wp:attachment":[{"href":"https:\/\/inclusivenews.com.br\/index.php?rest_route=%2Fwp%2Fv2%2Fmedia&parent=16254"}],"wp:term":[{"taxonomy":"category","embeddable":true,"href":"https:\/\/inclusivenews.com.br\/index.php?rest_route=%2Fwp%2Fv2%2Fcategories&post=16254"},{"taxonomy":"post_tag","embeddable":true,"href":"https:\/\/inclusivenews.com.br\/index.php?rest_route=%2Fwp%2Fv2%2Ftags&post=16254"}],"curies":[{"name":"wp","href":"https:\/\/api.w.org\/{rel}","templated":true}]}}