{"id":16289,"date":"2010-06-30T05:52:48","date_gmt":"2010-06-30T08:52:48","guid":{"rendered":"http:\/\/www.inclusive.org.br\/?p=16289"},"modified":"2010-06-30T05:52:48","modified_gmt":"2010-06-30T08:52:48","slug":"igualdade-de-genero-e-essencial-para-metas-do-milenio-afirma-ban","status":"publish","type":"post","link":"https:\/\/inclusivenews.com.br\/?p=16289","title":{"rendered":"Igualdade de g\u00eanero \u00e9 essencial para Metas do Mil\u00eanio, afirma Ban"},"content":{"rendered":"<p><a class=\"moz-txt-link-freetext\" href=\"http:\/\/www.envolverde.com.br\/fotos_novas\/76820.jpg\"><\/p>\n<div class=\"mceTemp\">\n<dl class=\"wp-caption alignleft\" style=\"width: 185px;\">\n<dt class=\"wp-caption-dt\"><img loading=\"lazy\" decoding=\"async\" title=\"Ban Ki-moon\" src=\"http:\/\/downloads.unmultimedia.org\/cms\/radio\/content\/uploads\/2010\/04\/full\/sg1march1.jpg\" alt=\"\" width=\"175\" height=\"150\" \/><\/dt>\n<\/dl>\n<\/div>\n<p><\/a><\/p>\n<p><strong>Por Daniela Traldi, da R\u00e1dio ONU em Nova York<\/strong><\/p>\n<p>Secret\u00e1rio-Geral da ONU diz na abertura de reuni\u00e3o de alto n\u00edvel do Conselho Econ\u00f4mico e Social das Na\u00e7\u00f5es Unidas que \u00e9 preciso investir nas mulheres; Ban Ki-moon afirma ser inaceit\u00e1vel que m\u00e3es ainda morram no parto em pleno s\u00e9culo 21.<\/p>\n<p>O Secret\u00e1rio-Geral da ONU, Ban Ki-moon, pediu nesta segunda-feira o investimento nas mulheres e ressaltou que essa \u00e9 uma \u00e1rea onde o progresso mundial \u00e9 mais urgente.<\/p>\n<p>Ban participou em Nova York da abertura de segmento de alto n\u00edvel do Conselho Econ\u00f4mico e Social das Na\u00e7\u00f5es Unidas, Ecosoc, cujo encontro este ano tem como tema a igualdade de g\u00eanero e a capacita\u00e7\u00e3o feminina.<br \/>\n<strong><br \/>\nLibertadas<\/strong><\/p>\n<p>Segundo o Secret\u00e1rio-Geral, governos precisam mudar atitudes e pol\u00edticas em rela\u00e7\u00e3o a mulheres e meninas. Ban disse que a igualdade pol\u00edtica, econ\u00f4mica e social \u00e9 essencial para a realiza\u00e7\u00e3o de todas as Metas do Mil\u00eanio.<\/p>\n<p>Ele afirmou que, at\u00e9 que as mulheres e meninas sejam libertadas da pobreza e da injusti\u00e7a, objetivos como paz, seguran\u00e7a e desenvolvimento sustent\u00e1vel est\u00e3o em perigo.<\/p>\n<p>Ban lembrou que as mulheres ocupam apenas 18% dos assentos parlamentares mundiais e que, de todas as Metas do Mil\u00eanio, a de menor sucesso at\u00e9 agora \u00e9 a sa\u00fade materna. Ban Ki-moon disse ser inaceit\u00e1vel que m\u00e3es ainda morram no parto em pleno s\u00e9culo 21.<br \/>\n<strong><br \/>\nMarco<\/strong><\/p>\n<p>O Secret\u00e1rio-Geral da ONU disse que 2010 \u00e9 um marco para a quest\u00e3o de g\u00eanero, j\u00e1 que se comemora os 15 anos da Declara\u00e7\u00e3o de Pequim.<\/p>\n<p>Ele saudou a decis\u00e3o da Assembl\u00e9ia Geral pela fus\u00e3o das 4 entidades de g\u00eanero das Na\u00e7\u00f5es Unidas e disse que isso vai significar um avan\u00e7o para as necessidades de mulheres e meninas.<\/p>\n<p>Para ouvir esta not\u00edcia clique em:<a href=\"http:\/\/downloads.unmultimedia.org\/radio\/pt\/real\/2010\/10062814i.rm\" target=\"_blank\" rel=\"noopener\">http:\/\/downloads.unmultimedia.org\/radio\/pt\/real\/2010\/10062814i.rm<\/a> ou acesse: <a href=\"http:\/\/www.unmultimedia.org\/radio\/portuguese\/detail\/181800.html\" target=\"_blank\" rel=\"noopener\">http:\/\/www.unmultimedia.org\/radio\/portuguese\/detail\/181800.html<\/a><br \/>\n_______________<\/p>\n<p><strong>Fonte:<\/strong> <a href=\"http:\/\/www.unmultimedia.org\/radio\/portuguese\/detail\/181770.html\">R\u00e1dio ONU<\/a><\/p>\n","protected":false},"excerpt":{"rendered":"<p>O Secret\u00e1rio-Geral da ONU, Ban Ki-moon, pediu nesta segunda-feira o investimento nas mulheres e ressaltou que essa \u00e9 uma \u00e1rea onde o progresso mundial \u00e9 mais urgente.<\/p>\n","protected":false},"author":1,"featured_media":0,"comment_status":"open","ping_status":"open","sticky":false,"template":"","format":"standard","meta":{"site-container-style":"default","site-container-layout":"default","site-sidebar-layout":"default","disable-article-header":"default","disable-site-header":"default","disable-site-footer":"default","disable-content-area-spacing":"default","footnotes":""},"categories":[11,4],"tags":[],"class_list":["post-16289","post","type-post","status-publish","format-standard","hentry","category-direitos-humanos","category-noticias"],"yoast_head":"<!-- This site is optimized with the Yoast SEO plugin v27.4 - https:\/\/yoast.com\/product\/yoast-seo-wordpress\/ -->\n<title>Igualdade de g\u00eanero \u00e9 essencial para Metas do Mil\u00eanio, afirma Ban -<\/title>\n<meta name=\"robots\" content=\"index, follow, max-snippet:-1, max-image-preview:large, max-video-preview:-1\" \/>\n<link rel=\"canonical\" href=\"https:\/\/inclusivenews.com.br\/?p=16289\" \/>\n<meta property=\"og:locale\" content=\"pt_PT\" \/>\n<meta property=\"og:type\" content=\"article\" \/>\n<meta property=\"og:title\" content=\"Igualdade de g\u00eanero \u00e9 essencial para Metas do Mil\u00eanio, afirma Ban -\" \/>\n<meta property=\"og:description\" content=\"O Secret\u00e1rio-Geral da ONU, Ban Ki-moon, pediu nesta segunda-feira o investimento nas mulheres e ressaltou que essa \u00e9 uma \u00e1rea onde o progresso mundial \u00e9 mais urgente.\" \/>\n<meta property=\"og:url\" content=\"https:\/\/inclusivenews.com.br\/?p=16289\" \/>\n<meta property=\"article:publisher\" content=\"https:\/\/www.facebook.com\/agenciainclusive\/\" \/>\n<meta property=\"article:published_time\" content=\"2010-06-30T08:52:48+00:00\" \/>\n<meta property=\"og:image\" content=\"http:\/\/downloads.unmultimedia.org\/cms\/radio\/content\/uploads\/2010\/04\/full\/sg1march1.jpg\" \/>\n<meta name=\"author\" content=\"inclusivenews2024\" \/>\n<meta name=\"twitter:card\" content=\"summary_large_image\" \/>\n<meta name=\"twitter:label1\" content=\"Escrito por\" \/>\n\t<meta name=\"twitter:data1\" content=\"inclusivenews2024\" \/>\n\t<meta name=\"twitter:label2\" content=\"Tempo estimado de leitura\" \/>\n\t<meta name=\"twitter:data2\" content=\"2 minutos\" \/>\n<script type=\"application\/ld+json\" class=\"yoast-schema-graph\">{\"@context\":\"https:\\\/\\\/schema.org\",\"@graph\":[{\"@type\":\"Article\",\"@id\":\"https:\\\/\\\/inclusivenews.com.br\\\/?p=16289#article\",\"isPartOf\":{\"@id\":\"https:\\\/\\\/inclusivenews.com.br\\\/?p=16289\"},\"author\":{\"name\":\"inclusivenews2024\",\"@id\":\"https:\\\/\\\/inclusivenews.com.br\\\/#\\\/schema\\\/person\\\/ae4ec7087559b8692fb33b6fffd2273b\"},\"headline\":\"Igualdade de g\u00eanero \u00e9 essencial para Metas do Mil\u00eanio, afirma Ban\",\"datePublished\":\"2010-06-30T08:52:48+00:00\",\"mainEntityOfPage\":{\"@id\":\"https:\\\/\\\/inclusivenews.com.br\\\/?p=16289\"},\"wordCount\":349,\"commentCount\":0,\"publisher\":{\"@id\":\"https:\\\/\\\/inclusivenews.com.br\\\/#organization\"},\"image\":{\"@id\":\"https:\\\/\\\/inclusivenews.com.br\\\/?p=16289#primaryimage\"},\"thumbnailUrl\":\"http:\\\/\\\/downloads.unmultimedia.org\\\/cms\\\/radio\\\/content\\\/uploads\\\/2010\\\/04\\\/full\\\/sg1march1.jpg\",\"articleSection\":[\"DIREITOS HUMANOS\",\"NOT\u00cdCIAS\"],\"inLanguage\":\"pt-PT\",\"potentialAction\":[{\"@type\":\"CommentAction\",\"name\":\"Comment\",\"target\":[\"https:\\\/\\\/inclusivenews.com.br\\\/?p=16289#respond\"]}]},{\"@type\":\"WebPage\",\"@id\":\"https:\\\/\\\/inclusivenews.com.br\\\/?p=16289\",\"url\":\"https:\\\/\\\/inclusivenews.com.br\\\/?p=16289\",\"name\":\"Igualdade de g\u00eanero \u00e9 essencial para Metas do Mil\u00eanio, afirma Ban -\",\"isPartOf\":{\"@id\":\"https:\\\/\\\/inclusivenews.com.br\\\/#website\"},\"primaryImageOfPage\":{\"@id\":\"https:\\\/\\\/inclusivenews.com.br\\\/?p=16289#primaryimage\"},\"image\":{\"@id\":\"https:\\\/\\\/inclusivenews.com.br\\\/?p=16289#primaryimage\"},\"thumbnailUrl\":\"http:\\\/\\\/downloads.unmultimedia.org\\\/cms\\\/radio\\\/content\\\/uploads\\\/2010\\\/04\\\/full\\\/sg1march1.jpg\",\"datePublished\":\"2010-06-30T08:52:48+00:00\",\"breadcrumb\":{\"@id\":\"https:\\\/\\\/inclusivenews.com.br\\\/?p=16289#breadcrumb\"},\"inLanguage\":\"pt-PT\",\"potentialAction\":[{\"@type\":\"ReadAction\",\"target\":[\"https:\\\/\\\/inclusivenews.com.br\\\/?p=16289\"]}]},{\"@type\":\"ImageObject\",\"inLanguage\":\"pt-PT\",\"@id\":\"https:\\\/\\\/inclusivenews.com.br\\\/?p=16289#primaryimage\",\"url\":\"http:\\\/\\\/downloads.unmultimedia.org\\\/cms\\\/radio\\\/content\\\/uploads\\\/2010\\\/04\\\/full\\\/sg1march1.jpg\",\"contentUrl\":\"http:\\\/\\\/downloads.unmultimedia.org\\\/cms\\\/radio\\\/content\\\/uploads\\\/2010\\\/04\\\/full\\\/sg1march1.jpg\"},{\"@type\":\"BreadcrumbList\",\"@id\":\"https:\\\/\\\/inclusivenews.com.br\\\/?p=16289#breadcrumb\",\"itemListElement\":[{\"@type\":\"ListItem\",\"position\":1,\"name\":\"In\u00edcio\",\"item\":\"https:\\\/\\\/inclusivenews.com.br\\\/\"},{\"@type\":\"ListItem\",\"position\":2,\"name\":\"Igualdade de g\u00eanero \u00e9 essencial para Metas do Mil\u00eanio, afirma Ban\"}]},{\"@type\":\"WebSite\",\"@id\":\"https:\\\/\\\/inclusivenews.com.br\\\/#website\",\"url\":\"https:\\\/\\\/inclusivenews.com.br\\\/\",\"name\":\"Inclusive News\",\"description\":\"Inclusive News\",\"publisher\":{\"@id\":\"https:\\\/\\\/inclusivenews.com.br\\\/#organization\"},\"potentialAction\":[{\"@type\":\"SearchAction\",\"target\":{\"@type\":\"EntryPoint\",\"urlTemplate\":\"https:\\\/\\\/inclusivenews.com.br\\\/?s={search_term_string}\"},\"query-input\":{\"@type\":\"PropertyValueSpecification\",\"valueRequired\":true,\"valueName\":\"search_term_string\"}}],\"inLanguage\":\"pt-PT\"},{\"@type\":\"Organization\",\"@id\":\"https:\\\/\\\/inclusivenews.com.br\\\/#organization\",\"name\":\"Inclusive - inclus\u00e3o e cidadania\",\"url\":\"https:\\\/\\\/inclusivenews.com.br\\\/\",\"logo\":{\"@type\":\"ImageObject\",\"inLanguage\":\"pt-PT\",\"@id\":\"https:\\\/\\\/inclusivenews.com.br\\\/#\\\/schema\\\/logo\\\/image\\\/\",\"url\":\"https:\\\/\\\/inclusivenews.com.br\\\/wp-content\\\/uploads\\\/2024\\\/03\\\/@grandesite.png\",\"contentUrl\":\"https:\\\/\\\/inclusivenews.com.br\\\/wp-content\\\/uploads\\\/2024\\\/03\\\/@grandesite.png\",\"width\":1080,\"height\":1080,\"caption\":\"Inclusive - inclus\u00e3o e cidadania\"},\"image\":{\"@id\":\"https:\\\/\\\/inclusivenews.com.br\\\/#\\\/schema\\\/logo\\\/image\\\/\"},\"sameAs\":[\"https:\\\/\\\/www.facebook.com\\\/agenciainclusive\\\/\",\"https:\\\/\\\/www.instagram.com\\\/newsinclusive\\\/\"]},{\"@type\":\"Person\",\"@id\":\"https:\\\/\\\/inclusivenews.com.br\\\/#\\\/schema\\\/person\\\/ae4ec7087559b8692fb33b6fffd2273b\",\"name\":\"inclusivenews2024\",\"image\":{\"@type\":\"ImageObject\",\"inLanguage\":\"pt-PT\",\"@id\":\"https:\\\/\\\/secure.gravatar.com\\\/avatar\\\/c5a7ef84c66fa914f55bc4f7ce26cfa275a3b9a1c5568b907bd184fb4dde7b40?s=96&d=mm&r=g\",\"url\":\"https:\\\/\\\/secure.gravatar.com\\\/avatar\\\/c5a7ef84c66fa914f55bc4f7ce26cfa275a3b9a1c5568b907bd184fb4dde7b40?s=96&d=mm&r=g\",\"contentUrl\":\"https:\\\/\\\/secure.gravatar.com\\\/avatar\\\/c5a7ef84c66fa914f55bc4f7ce26cfa275a3b9a1c5568b907bd184fb4dde7b40?s=96&d=mm&r=g\",\"caption\":\"inclusivenews2024\"},\"sameAs\":[\"https:\\\/\\\/inclusivenews.com.br\"],\"url\":\"https:\\\/\\\/inclusivenews.com.br\\\/?author=1\"}]}<\/script>\n<!-- \/ Yoast SEO plugin. -->","yoast_head_json":{"title":"Igualdade de g\u00eanero \u00e9 essencial para Metas do Mil\u00eanio, afirma Ban -","robots":{"index":"index","follow":"follow","max-snippet":"max-snippet:-1","max-image-preview":"max-image-preview:large","max-video-preview":"max-video-preview:-1"},"canonical":"https:\/\/inclusivenews.com.br\/?p=16289","og_locale":"pt_PT","og_type":"article","og_title":"Igualdade de g\u00eanero \u00e9 essencial para Metas do Mil\u00eanio, afirma Ban -","og_description":"O Secret\u00e1rio-Geral da ONU, Ban Ki-moon, pediu nesta segunda-feira o investimento nas mulheres e ressaltou que essa \u00e9 uma \u00e1rea onde o progresso mundial \u00e9 mais urgente.","og_url":"https:\/\/inclusivenews.com.br\/?p=16289","article_publisher":"https:\/\/www.facebook.com\/agenciainclusive\/","article_published_time":"2010-06-30T08:52:48+00:00","og_image":[{"url":"http:\/\/downloads.unmultimedia.org\/cms\/radio\/content\/uploads\/2010\/04\/full\/sg1march1.jpg","type":"","width":"","height":""}],"author":"inclusivenews2024","twitter_card":"summary_large_image","twitter_misc":{"Escrito por":"inclusivenews2024","Tempo estimado de leitura":"2 minutos"},"schema":{"@context":"https:\/\/schema.org","@graph":[{"@type":"Article","@id":"https:\/\/inclusivenews.com.br\/?p=16289#article","isPartOf":{"@id":"https:\/\/inclusivenews.com.br\/?p=16289"},"author":{"name":"inclusivenews2024","@id":"https:\/\/inclusivenews.com.br\/#\/schema\/person\/ae4ec7087559b8692fb33b6fffd2273b"},"headline":"Igualdade de g\u00eanero \u00e9 essencial para Metas do Mil\u00eanio, afirma Ban","datePublished":"2010-06-30T08:52:48+00:00","mainEntityOfPage":{"@id":"https:\/\/inclusivenews.com.br\/?p=16289"},"wordCount":349,"commentCount":0,"publisher":{"@id":"https:\/\/inclusivenews.com.br\/#organization"},"image":{"@id":"https:\/\/inclusivenews.com.br\/?p=16289#primaryimage"},"thumbnailUrl":"http:\/\/downloads.unmultimedia.org\/cms\/radio\/content\/uploads\/2010\/04\/full\/sg1march1.jpg","articleSection":["DIREITOS HUMANOS","NOT\u00cdCIAS"],"inLanguage":"pt-PT","potentialAction":[{"@type":"CommentAction","name":"Comment","target":["https:\/\/inclusivenews.com.br\/?p=16289#respond"]}]},{"@type":"WebPage","@id":"https:\/\/inclusivenews.com.br\/?p=16289","url":"https:\/\/inclusivenews.com.br\/?p=16289","name":"Igualdade de g\u00eanero \u00e9 essencial para Metas do Mil\u00eanio, afirma Ban -","isPartOf":{"@id":"https:\/\/inclusivenews.com.br\/#website"},"primaryImageOfPage":{"@id":"https:\/\/inclusivenews.com.br\/?p=16289#primaryimage"},"image":{"@id":"https:\/\/inclusivenews.com.br\/?p=16289#primaryimage"},"thumbnailUrl":"http:\/\/downloads.unmultimedia.org\/cms\/radio\/content\/uploads\/2010\/04\/full\/sg1march1.jpg","datePublished":"2010-06-30T08:52:48+00:00","breadcrumb":{"@id":"https:\/\/inclusivenews.com.br\/?p=16289#breadcrumb"},"inLanguage":"pt-PT","potentialAction":[{"@type":"ReadAction","target":["https:\/\/inclusivenews.com.br\/?p=16289"]}]},{"@type":"ImageObject","inLanguage":"pt-PT","@id":"https:\/\/inclusivenews.com.br\/?p=16289#primaryimage","url":"http:\/\/downloads.unmultimedia.org\/cms\/radio\/content\/uploads\/2010\/04\/full\/sg1march1.jpg","contentUrl":"http:\/\/downloads.unmultimedia.org\/cms\/radio\/content\/uploads\/2010\/04\/full\/sg1march1.jpg"},{"@type":"BreadcrumbList","@id":"https:\/\/inclusivenews.com.br\/?p=16289#breadcrumb","itemListElement":[{"@type":"ListItem","position":1,"name":"In\u00edcio","item":"https:\/\/inclusivenews.com.br\/"},{"@type":"ListItem","position":2,"name":"Igualdade de g\u00eanero \u00e9 essencial para Metas do Mil\u00eanio, afirma Ban"}]},{"@type":"WebSite","@id":"https:\/\/inclusivenews.com.br\/#website","url":"https:\/\/inclusivenews.com.br\/","name":"Inclusive News","description":"Inclusive News","publisher":{"@id":"https:\/\/inclusivenews.com.br\/#organization"},"potentialAction":[{"@type":"SearchAction","target":{"@type":"EntryPoint","urlTemplate":"https:\/\/inclusivenews.com.br\/?s={search_term_string}"},"query-input":{"@type":"PropertyValueSpecification","valueRequired":true,"valueName":"search_term_string"}}],"inLanguage":"pt-PT"},{"@type":"Organization","@id":"https:\/\/inclusivenews.com.br\/#organization","name":"Inclusive - inclus\u00e3o e cidadania","url":"https:\/\/inclusivenews.com.br\/","logo":{"@type":"ImageObject","inLanguage":"pt-PT","@id":"https:\/\/inclusivenews.com.br\/#\/schema\/logo\/image\/","url":"https:\/\/inclusivenews.com.br\/wp-content\/uploads\/2024\/03\/@grandesite.png","contentUrl":"https:\/\/inclusivenews.com.br\/wp-content\/uploads\/2024\/03\/@grandesite.png","width":1080,"height":1080,"caption":"Inclusive - inclus\u00e3o e cidadania"},"image":{"@id":"https:\/\/inclusivenews.com.br\/#\/schema\/logo\/image\/"},"sameAs":["https:\/\/www.facebook.com\/agenciainclusive\/","https:\/\/www.instagram.com\/newsinclusive\/"]},{"@type":"Person","@id":"https:\/\/inclusivenews.com.br\/#\/schema\/person\/ae4ec7087559b8692fb33b6fffd2273b","name":"inclusivenews2024","image":{"@type":"ImageObject","inLanguage":"pt-PT","@id":"https:\/\/secure.gravatar.com\/avatar\/c5a7ef84c66fa914f55bc4f7ce26cfa275a3b9a1c5568b907bd184fb4dde7b40?s=96&d=mm&r=g","url":"https:\/\/secure.gravatar.com\/avatar\/c5a7ef84c66fa914f55bc4f7ce26cfa275a3b9a1c5568b907bd184fb4dde7b40?s=96&d=mm&r=g","contentUrl":"https:\/\/secure.gravatar.com\/avatar\/c5a7ef84c66fa914f55bc4f7ce26cfa275a3b9a1c5568b907bd184fb4dde7b40?s=96&d=mm&r=g","caption":"inclusivenews2024"},"sameAs":["https:\/\/inclusivenews.com.br"],"url":"https:\/\/inclusivenews.com.br\/?author=1"}]}},"_links":{"self":[{"href":"https:\/\/inclusivenews.com.br\/index.php?rest_route=\/wp\/v2\/posts\/16289","targetHints":{"allow":["GET"]}}],"collection":[{"href":"https:\/\/inclusivenews.com.br\/index.php?rest_route=\/wp\/v2\/posts"}],"about":[{"href":"https:\/\/inclusivenews.com.br\/index.php?rest_route=\/wp\/v2\/types\/post"}],"author":[{"embeddable":true,"href":"https:\/\/inclusivenews.com.br\/index.php?rest_route=\/wp\/v2\/users\/1"}],"replies":[{"embeddable":true,"href":"https:\/\/inclusivenews.com.br\/index.php?rest_route=%2Fwp%2Fv2%2Fcomments&post=16289"}],"version-history":[{"count":0,"href":"https:\/\/inclusivenews.com.br\/index.php?rest_route=\/wp\/v2\/posts\/16289\/revisions"}],"wp:attachment":[{"href":"https:\/\/inclusivenews.com.br\/index.php?rest_route=%2Fwp%2Fv2%2Fmedia&parent=16289"}],"wp:term":[{"taxonomy":"category","embeddable":true,"href":"https:\/\/inclusivenews.com.br\/index.php?rest_route=%2Fwp%2Fv2%2Fcategories&post=16289"},{"taxonomy":"post_tag","embeddable":true,"href":"https:\/\/inclusivenews.com.br\/index.php?rest_route=%2Fwp%2Fv2%2Ftags&post=16289"}],"curies":[{"name":"wp","href":"https:\/\/api.w.org\/{rel}","templated":true}]}}