{"id":16301,"date":"2010-06-30T06:30:18","date_gmt":"2010-06-30T09:30:18","guid":{"rendered":"http:\/\/www.inclusive.org.br\/?p=16301"},"modified":"2010-06-30T06:30:18","modified_gmt":"2010-06-30T09:30:18","slug":"direitos-humanos-lanca-nesta-5%c2%aa-feira-projeto-cidade-acessivel","status":"publish","type":"post","link":"https:\/\/inclusivenews.com.br\/?p=16301","title":{"rendered":"Direitos Humanos lan\u00e7a nesta 5\u00aa feira projeto \u201ccidade acess\u00edvel\u201d"},"content":{"rendered":"<p><a href=\"http:\/\/www.inclusivenews.com.br\/wp-content\/uploads\/2010\/06\/asasDH.jpg\"><img loading=\"lazy\" decoding=\"async\" class=\"alignleft size-medium wp-image-16302\" title=\"Logotipo do projeto Cidade Acess\u00edvel\" src=\"http:\/\/inclusivenews.com.br\/wp-content\/uploads\/2010\/06\/asasDH-300x231.jpg\" alt=\"\" width=\"210\" height=\"162\" \/><\/a>A Secretaria de Direitos Humanos da Presid\u00eancia (SDH\/PR) lan\u00e7a, em Bras\u00edlia, o projeto \u201cCidade Acess\u00edvel \u00e9 Direitos Humanos\u201d, que ter\u00e1 in\u00edcio em seis munic\u00edpios que j\u00e1 implementam pol\u00edticas de promo\u00e7\u00e3o dos direitos da pessoa com defici\u00eancia: Campinas, Fortaleza, Goi\u00e2nia, Joinville, Rio de Janeiro e Uberl\u00e2ndia. O lan\u00e7amento ser\u00e1 no audit\u00f3rio do 8\u00ba andar da SDH\/PR.<\/p>\n<p>As principais pol\u00edticas, a\u00e7\u00f5es e projetos implementados pelas cidades que pretendem melhorar a acessibilidade se d\u00e3o nas seguintes \u00e1reas: acesso \u00e0 Sa\u00fade, Reabilita\u00e7\u00e3o, Educa\u00e7\u00e3o, Transporte P\u00fablico, Habita\u00e7\u00e3o, Trabalho e Emprego, Turismo, Esporte, Cultura e Lazer.<\/p>\n<p>O projeto \u201cCidade Acess\u00edvel \u00e9 Direitos Humanos\u201d ser\u00e1 coordenado pela Subsecretaria Nacional de Promo\u00e7\u00e3o e Defesa dos Direitos da Pessoa com Defici\u00eancia da SDH\/PR.<\/p>\n<p>Na cerim\u00f4nia de lan\u00e7amento estar\u00e3o presentes o ministro Paulo Vannuchi, da SDH\/PR, e os seis prefeitos das cidades: H\u00e9lio de Oliveira Santos (Campinas), Luizianne Lins (Fortaleza), Paulo Garcia (Goi\u00e2nia), Carlito Merss (Joinville), Eduardo Paes (Rio de Janeiro) e Odelmo Le\u00e3o (Uberl\u00e2ndia).<\/p>\n<p>Os prefeitos e o ministro v\u00e3o assinar o \u201cCompromisso Nacional \u2013 Cidade Acess\u00edvel \u00e9 Direitos Humanos\u201d, com metas a serem alcan\u00e7adas at\u00e9 o final de 2010 e que tornar\u00e3o as cidades melhores para todos. Os munic\u00edpios tamb\u00e9m se comprometer\u00e3o a elaborar, em 90 dias, o Plano de A\u00e7\u00e3o Municipal, al\u00e9m de criar, manter ou nomear uma inst\u00e2ncia que monitore o Compromisso, garantida a participa\u00e7\u00e3o dos movimentos sociais e da sociedade civil organizada.<\/p>\n<p><strong>Hist\u00f3rico do projeto &#8211; <\/strong>O objetivo da iniciativa \u00e9 divulgar, incentivar e dar visibilidade \u00e0s a\u00e7\u00f5es de acessibilidade das cidades participantes do projeto que possam ser desenvolvidas em outros munic\u00edpios. O Compromisso servir\u00e1 como agente multiplicador de incentivo \u00e0 gest\u00e3o municipal que, em parceria com o governo federal, implementa as pol\u00edticas p\u00fablicas de inser\u00e7\u00e3o social, com qualidade de vida e bem-estar das pessoas com defici\u00eancia no pa\u00eds.<\/p>\n<p>Desde abril de 2010, foi feito contato com os munic\u00edpios para verificar o interesse e a disponibilidade pol\u00edtica e de atua\u00e7\u00e3o em participar do projeto \u2013 todas as cidades contatadas aderiram espontaneamente ao Projeto, sem restri\u00e7\u00f5es ou exig\u00eancias.<\/p>\n<p>Como crit\u00e9rios de avalia\u00e7\u00e3o dos munic\u00edpios, foram elencados marco legal, acessibilidade e elimina\u00e7\u00e3o de barreiras, acesso \u00e0 Sa\u00fade e \u00e0 reabilita\u00e7\u00e3o, acesso \u00e0 educa\u00e7\u00e3o especial na perspectiva da educa\u00e7\u00e3o inclusiva, transporte p\u00fablico urbano acess\u00edvel, habita\u00e7\u00e3o de interesse social acess\u00edvel, trabalho e emprego, turismo, esporte, cultura e lazer, sendo aplicados question\u00e1rios para todas as 6 cidades. Em seguida ao question\u00e1rio, foi feita uma visita t\u00e9cnica aos munic\u00edpios e reuni\u00f5es com autoridades e sociedade civil.<\/p>\n<p><strong>Cidade Acess\u00edvel \u00e9 Direitos Humanos<\/strong><\/p>\n<p>Data: 1\u00ba de julho<br \/>\nHor\u00e1rio: 10 horas<br \/>\nEndere\u00e7o: Audit\u00f3rio do 8\u00ba andar da Secretaria de Direitos Humanos da Presid\u00eancia da Rep\u00fablica. Edif\u00edcio Parque Cidade Corporate \u2013 Setor Comercial Sul B, Quadra 9, Lote C \u2013 Torre A.<\/p>\n<p><strong>Mais informa\u00e7\u00f5es: <\/strong><\/p>\n<p>Assessoria de Comunica\u00e7\u00e3o Social<br \/>\nSecretaria de Direitos Humanos da Presid\u00eancia da Rep\u00fablica<br \/>\nTelefones: (61) 2025-3684 \/ 9805<br \/>\nwww.direitoshumanos.gov.br<br \/>\n<a href=\"mailto:corde@sedh.gov.br\">corde@sedh.gov.br<\/a> \/ <a href=\"mailto:imprensa@sedh.gov.br\">imprensa@sedh.gov.br<\/a><\/p>\n<p>Siga a SEDH no Twitter: @DHumanos<\/p>\n","protected":false},"excerpt":{"rendered":"<p>O objetivo da iniciativa \u00e9 divulgar, incentivar e dar visibilidade \u00e0s a\u00e7\u00f5es de acessibilidade das cidades participantes do projeto que possam ser desenvolvidas em outros munic\u00edpios. Informa\u00e7\u00e3o \u00e9 da CORDE.<\/p>\n","protected":false},"author":1,"featured_media":0,"comment_status":"open","ping_status":"open","sticky":false,"template":"","format":"standard","meta":{"site-container-style":"default","site-container-layout":"default","site-sidebar-layout":"default","disable-article-header":"default","disable-site-header":"default","disable-site-footer":"default","disable-content-area-spacing":"default","footnotes":""},"categories":[44,38,11,48,4],"tags":[],"class_list":["post-16301","post","type-post","status-publish","format-standard","hentry","category-acessibilidade","category-deficiencia","category-direitos-humanos","category-inclusao","category-noticias"],"yoast_head":"<!-- This site is optimized with the Yoast SEO plugin v27.4 - https:\/\/yoast.com\/product\/yoast-seo-wordpress\/ -->\n<title>Direitos Humanos lan\u00e7a nesta 5\u00aa feira projeto \u201ccidade acess\u00edvel\u201d -<\/title>\n<meta name=\"robots\" content=\"index, follow, max-snippet:-1, max-image-preview:large, max-video-preview:-1\" \/>\n<link rel=\"canonical\" href=\"https:\/\/inclusivenews.com.br\/?p=16301\" \/>\n<meta property=\"og:locale\" content=\"pt_PT\" \/>\n<meta property=\"og:type\" content=\"article\" \/>\n<meta property=\"og:title\" content=\"Direitos Humanos lan\u00e7a nesta 5\u00aa feira projeto \u201ccidade acess\u00edvel\u201d -\" \/>\n<meta property=\"og:description\" content=\"O objetivo da iniciativa \u00e9 divulgar, incentivar e dar visibilidade \u00e0s a\u00e7\u00f5es de acessibilidade das cidades participantes do projeto que possam ser desenvolvidas em outros munic\u00edpios. Informa\u00e7\u00e3o \u00e9 da CORDE.\" \/>\n<meta property=\"og:url\" content=\"https:\/\/inclusivenews.com.br\/?p=16301\" \/>\n<meta property=\"article:publisher\" content=\"https:\/\/www.facebook.com\/agenciainclusive\/\" \/>\n<meta property=\"article:published_time\" content=\"2010-06-30T09:30:18+00:00\" \/>\n<meta property=\"og:image\" content=\"http:\/\/inclusivenews.com.br\/wp-content\/uploads\/2010\/06\/asasDH-300x231.jpg\" \/>\n<meta name=\"author\" content=\"inclusivenews2024\" \/>\n<meta name=\"twitter:card\" content=\"summary_large_image\" \/>\n<meta name=\"twitter:label1\" content=\"Escrito por\" \/>\n\t<meta name=\"twitter:data1\" content=\"inclusivenews2024\" \/>\n\t<meta name=\"twitter:label2\" content=\"Tempo estimado de leitura\" \/>\n\t<meta name=\"twitter:data2\" content=\"3 minutos\" \/>\n<script type=\"application\/ld+json\" class=\"yoast-schema-graph\">{\"@context\":\"https:\\\/\\\/schema.org\",\"@graph\":[{\"@type\":\"Article\",\"@id\":\"https:\\\/\\\/inclusivenews.com.br\\\/?p=16301#article\",\"isPartOf\":{\"@id\":\"https:\\\/\\\/inclusivenews.com.br\\\/?p=16301\"},\"author\":{\"name\":\"inclusivenews2024\",\"@id\":\"https:\\\/\\\/inclusivenews.com.br\\\/#\\\/schema\\\/person\\\/ae4ec7087559b8692fb33b6fffd2273b\"},\"headline\":\"Direitos Humanos lan\u00e7a nesta 5\u00aa feira projeto \u201ccidade acess\u00edvel\u201d\",\"datePublished\":\"2010-06-30T09:30:18+00:00\",\"mainEntityOfPage\":{\"@id\":\"https:\\\/\\\/inclusivenews.com.br\\\/?p=16301\"},\"wordCount\":556,\"commentCount\":1,\"publisher\":{\"@id\":\"https:\\\/\\\/inclusivenews.com.br\\\/#organization\"},\"image\":{\"@id\":\"https:\\\/\\\/inclusivenews.com.br\\\/?p=16301#primaryimage\"},\"thumbnailUrl\":\"http:\\\/\\\/inclusivenews.com.br\\\/wp-content\\\/uploads\\\/2010\\\/06\\\/asasDH-300x231.jpg\",\"articleSection\":[\"ACESSIBILIDADE\",\"Defici\u00eancia\",\"DIREITOS HUMANOS\",\"INCLUS\u00c3O SOCIAL\",\"NOT\u00cdCIAS\"],\"inLanguage\":\"pt-PT\",\"potentialAction\":[{\"@type\":\"CommentAction\",\"name\":\"Comment\",\"target\":[\"https:\\\/\\\/inclusivenews.com.br\\\/?p=16301#respond\"]}]},{\"@type\":\"WebPage\",\"@id\":\"https:\\\/\\\/inclusivenews.com.br\\\/?p=16301\",\"url\":\"https:\\\/\\\/inclusivenews.com.br\\\/?p=16301\",\"name\":\"Direitos Humanos lan\u00e7a nesta 5\u00aa feira projeto \u201ccidade acess\u00edvel\u201d -\",\"isPartOf\":{\"@id\":\"https:\\\/\\\/inclusivenews.com.br\\\/#website\"},\"primaryImageOfPage\":{\"@id\":\"https:\\\/\\\/inclusivenews.com.br\\\/?p=16301#primaryimage\"},\"image\":{\"@id\":\"https:\\\/\\\/inclusivenews.com.br\\\/?p=16301#primaryimage\"},\"thumbnailUrl\":\"http:\\\/\\\/inclusivenews.com.br\\\/wp-content\\\/uploads\\\/2010\\\/06\\\/asasDH-300x231.jpg\",\"datePublished\":\"2010-06-30T09:30:18+00:00\",\"breadcrumb\":{\"@id\":\"https:\\\/\\\/inclusivenews.com.br\\\/?p=16301#breadcrumb\"},\"inLanguage\":\"pt-PT\",\"potentialAction\":[{\"@type\":\"ReadAction\",\"target\":[\"https:\\\/\\\/inclusivenews.com.br\\\/?p=16301\"]}]},{\"@type\":\"ImageObject\",\"inLanguage\":\"pt-PT\",\"@id\":\"https:\\\/\\\/inclusivenews.com.br\\\/?p=16301#primaryimage\",\"url\":\"\",\"contentUrl\":\"\"},{\"@type\":\"BreadcrumbList\",\"@id\":\"https:\\\/\\\/inclusivenews.com.br\\\/?p=16301#breadcrumb\",\"itemListElement\":[{\"@type\":\"ListItem\",\"position\":1,\"name\":\"In\u00edcio\",\"item\":\"https:\\\/\\\/inclusivenews.com.br\\\/\"},{\"@type\":\"ListItem\",\"position\":2,\"name\":\"Direitos Humanos lan\u00e7a nesta 5\u00aa feira projeto \u201ccidade acess\u00edvel\u201d\"}]},{\"@type\":\"WebSite\",\"@id\":\"https:\\\/\\\/inclusivenews.com.br\\\/#website\",\"url\":\"https:\\\/\\\/inclusivenews.com.br\\\/\",\"name\":\"Inclusive News\",\"description\":\"Inclusive News\",\"publisher\":{\"@id\":\"https:\\\/\\\/inclusivenews.com.br\\\/#organization\"},\"potentialAction\":[{\"@type\":\"SearchAction\",\"target\":{\"@type\":\"EntryPoint\",\"urlTemplate\":\"https:\\\/\\\/inclusivenews.com.br\\\/?s={search_term_string}\"},\"query-input\":{\"@type\":\"PropertyValueSpecification\",\"valueRequired\":true,\"valueName\":\"search_term_string\"}}],\"inLanguage\":\"pt-PT\"},{\"@type\":\"Organization\",\"@id\":\"https:\\\/\\\/inclusivenews.com.br\\\/#organization\",\"name\":\"Inclusive - inclus\u00e3o e cidadania\",\"url\":\"https:\\\/\\\/inclusivenews.com.br\\\/\",\"logo\":{\"@type\":\"ImageObject\",\"inLanguage\":\"pt-PT\",\"@id\":\"https:\\\/\\\/inclusivenews.com.br\\\/#\\\/schema\\\/logo\\\/image\\\/\",\"url\":\"https:\\\/\\\/inclusivenews.com.br\\\/wp-content\\\/uploads\\\/2024\\\/03\\\/@grandesite.png\",\"contentUrl\":\"https:\\\/\\\/inclusivenews.com.br\\\/wp-content\\\/uploads\\\/2024\\\/03\\\/@grandesite.png\",\"width\":1080,\"height\":1080,\"caption\":\"Inclusive - inclus\u00e3o e cidadania\"},\"image\":{\"@id\":\"https:\\\/\\\/inclusivenews.com.br\\\/#\\\/schema\\\/logo\\\/image\\\/\"},\"sameAs\":[\"https:\\\/\\\/www.facebook.com\\\/agenciainclusive\\\/\",\"https:\\\/\\\/www.instagram.com\\\/newsinclusive\\\/\"]},{\"@type\":\"Person\",\"@id\":\"https:\\\/\\\/inclusivenews.com.br\\\/#\\\/schema\\\/person\\\/ae4ec7087559b8692fb33b6fffd2273b\",\"name\":\"inclusivenews2024\",\"image\":{\"@type\":\"ImageObject\",\"inLanguage\":\"pt-PT\",\"@id\":\"https:\\\/\\\/secure.gravatar.com\\\/avatar\\\/c5a7ef84c66fa914f55bc4f7ce26cfa275a3b9a1c5568b907bd184fb4dde7b40?s=96&d=mm&r=g\",\"url\":\"https:\\\/\\\/secure.gravatar.com\\\/avatar\\\/c5a7ef84c66fa914f55bc4f7ce26cfa275a3b9a1c5568b907bd184fb4dde7b40?s=96&d=mm&r=g\",\"contentUrl\":\"https:\\\/\\\/secure.gravatar.com\\\/avatar\\\/c5a7ef84c66fa914f55bc4f7ce26cfa275a3b9a1c5568b907bd184fb4dde7b40?s=96&d=mm&r=g\",\"caption\":\"inclusivenews2024\"},\"sameAs\":[\"https:\\\/\\\/inclusivenews.com.br\"],\"url\":\"https:\\\/\\\/inclusivenews.com.br\\\/?author=1\"}]}<\/script>\n<!-- \/ Yoast SEO plugin. -->","yoast_head_json":{"title":"Direitos Humanos lan\u00e7a nesta 5\u00aa feira projeto \u201ccidade acess\u00edvel\u201d -","robots":{"index":"index","follow":"follow","max-snippet":"max-snippet:-1","max-image-preview":"max-image-preview:large","max-video-preview":"max-video-preview:-1"},"canonical":"https:\/\/inclusivenews.com.br\/?p=16301","og_locale":"pt_PT","og_type":"article","og_title":"Direitos Humanos lan\u00e7a nesta 5\u00aa feira projeto \u201ccidade acess\u00edvel\u201d -","og_description":"O objetivo da iniciativa \u00e9 divulgar, incentivar e dar visibilidade \u00e0s a\u00e7\u00f5es de acessibilidade das cidades participantes do projeto que possam ser desenvolvidas em outros munic\u00edpios. Informa\u00e7\u00e3o \u00e9 da CORDE.","og_url":"https:\/\/inclusivenews.com.br\/?p=16301","article_publisher":"https:\/\/www.facebook.com\/agenciainclusive\/","article_published_time":"2010-06-30T09:30:18+00:00","og_image":[{"url":"http:\/\/inclusivenews.com.br\/wp-content\/uploads\/2010\/06\/asasDH-300x231.jpg","type":"","width":"","height":""}],"author":"inclusivenews2024","twitter_card":"summary_large_image","twitter_misc":{"Escrito por":"inclusivenews2024","Tempo estimado de leitura":"3 minutos"},"schema":{"@context":"https:\/\/schema.org","@graph":[{"@type":"Article","@id":"https:\/\/inclusivenews.com.br\/?p=16301#article","isPartOf":{"@id":"https:\/\/inclusivenews.com.br\/?p=16301"},"author":{"name":"inclusivenews2024","@id":"https:\/\/inclusivenews.com.br\/#\/schema\/person\/ae4ec7087559b8692fb33b6fffd2273b"},"headline":"Direitos Humanos lan\u00e7a nesta 5\u00aa feira projeto \u201ccidade acess\u00edvel\u201d","datePublished":"2010-06-30T09:30:18+00:00","mainEntityOfPage":{"@id":"https:\/\/inclusivenews.com.br\/?p=16301"},"wordCount":556,"commentCount":1,"publisher":{"@id":"https:\/\/inclusivenews.com.br\/#organization"},"image":{"@id":"https:\/\/inclusivenews.com.br\/?p=16301#primaryimage"},"thumbnailUrl":"http:\/\/inclusivenews.com.br\/wp-content\/uploads\/2010\/06\/asasDH-300x231.jpg","articleSection":["ACESSIBILIDADE","Defici\u00eancia","DIREITOS HUMANOS","INCLUS\u00c3O SOCIAL","NOT\u00cdCIAS"],"inLanguage":"pt-PT","potentialAction":[{"@type":"CommentAction","name":"Comment","target":["https:\/\/inclusivenews.com.br\/?p=16301#respond"]}]},{"@type":"WebPage","@id":"https:\/\/inclusivenews.com.br\/?p=16301","url":"https:\/\/inclusivenews.com.br\/?p=16301","name":"Direitos Humanos lan\u00e7a nesta 5\u00aa feira projeto \u201ccidade acess\u00edvel\u201d -","isPartOf":{"@id":"https:\/\/inclusivenews.com.br\/#website"},"primaryImageOfPage":{"@id":"https:\/\/inclusivenews.com.br\/?p=16301#primaryimage"},"image":{"@id":"https:\/\/inclusivenews.com.br\/?p=16301#primaryimage"},"thumbnailUrl":"http:\/\/inclusivenews.com.br\/wp-content\/uploads\/2010\/06\/asasDH-300x231.jpg","datePublished":"2010-06-30T09:30:18+00:00","breadcrumb":{"@id":"https:\/\/inclusivenews.com.br\/?p=16301#breadcrumb"},"inLanguage":"pt-PT","potentialAction":[{"@type":"ReadAction","target":["https:\/\/inclusivenews.com.br\/?p=16301"]}]},{"@type":"ImageObject","inLanguage":"pt-PT","@id":"https:\/\/inclusivenews.com.br\/?p=16301#primaryimage","url":"","contentUrl":""},{"@type":"BreadcrumbList","@id":"https:\/\/inclusivenews.com.br\/?p=16301#breadcrumb","itemListElement":[{"@type":"ListItem","position":1,"name":"In\u00edcio","item":"https:\/\/inclusivenews.com.br\/"},{"@type":"ListItem","position":2,"name":"Direitos Humanos lan\u00e7a nesta 5\u00aa feira projeto \u201ccidade acess\u00edvel\u201d"}]},{"@type":"WebSite","@id":"https:\/\/inclusivenews.com.br\/#website","url":"https:\/\/inclusivenews.com.br\/","name":"Inclusive News","description":"Inclusive News","publisher":{"@id":"https:\/\/inclusivenews.com.br\/#organization"},"potentialAction":[{"@type":"SearchAction","target":{"@type":"EntryPoint","urlTemplate":"https:\/\/inclusivenews.com.br\/?s={search_term_string}"},"query-input":{"@type":"PropertyValueSpecification","valueRequired":true,"valueName":"search_term_string"}}],"inLanguage":"pt-PT"},{"@type":"Organization","@id":"https:\/\/inclusivenews.com.br\/#organization","name":"Inclusive - inclus\u00e3o e cidadania","url":"https:\/\/inclusivenews.com.br\/","logo":{"@type":"ImageObject","inLanguage":"pt-PT","@id":"https:\/\/inclusivenews.com.br\/#\/schema\/logo\/image\/","url":"https:\/\/inclusivenews.com.br\/wp-content\/uploads\/2024\/03\/@grandesite.png","contentUrl":"https:\/\/inclusivenews.com.br\/wp-content\/uploads\/2024\/03\/@grandesite.png","width":1080,"height":1080,"caption":"Inclusive - inclus\u00e3o e cidadania"},"image":{"@id":"https:\/\/inclusivenews.com.br\/#\/schema\/logo\/image\/"},"sameAs":["https:\/\/www.facebook.com\/agenciainclusive\/","https:\/\/www.instagram.com\/newsinclusive\/"]},{"@type":"Person","@id":"https:\/\/inclusivenews.com.br\/#\/schema\/person\/ae4ec7087559b8692fb33b6fffd2273b","name":"inclusivenews2024","image":{"@type":"ImageObject","inLanguage":"pt-PT","@id":"https:\/\/secure.gravatar.com\/avatar\/c5a7ef84c66fa914f55bc4f7ce26cfa275a3b9a1c5568b907bd184fb4dde7b40?s=96&d=mm&r=g","url":"https:\/\/secure.gravatar.com\/avatar\/c5a7ef84c66fa914f55bc4f7ce26cfa275a3b9a1c5568b907bd184fb4dde7b40?s=96&d=mm&r=g","contentUrl":"https:\/\/secure.gravatar.com\/avatar\/c5a7ef84c66fa914f55bc4f7ce26cfa275a3b9a1c5568b907bd184fb4dde7b40?s=96&d=mm&r=g","caption":"inclusivenews2024"},"sameAs":["https:\/\/inclusivenews.com.br"],"url":"https:\/\/inclusivenews.com.br\/?author=1"}]}},"_links":{"self":[{"href":"https:\/\/inclusivenews.com.br\/index.php?rest_route=\/wp\/v2\/posts\/16301","targetHints":{"allow":["GET"]}}],"collection":[{"href":"https:\/\/inclusivenews.com.br\/index.php?rest_route=\/wp\/v2\/posts"}],"about":[{"href":"https:\/\/inclusivenews.com.br\/index.php?rest_route=\/wp\/v2\/types\/post"}],"author":[{"embeddable":true,"href":"https:\/\/inclusivenews.com.br\/index.php?rest_route=\/wp\/v2\/users\/1"}],"replies":[{"embeddable":true,"href":"https:\/\/inclusivenews.com.br\/index.php?rest_route=%2Fwp%2Fv2%2Fcomments&post=16301"}],"version-history":[{"count":0,"href":"https:\/\/inclusivenews.com.br\/index.php?rest_route=\/wp\/v2\/posts\/16301\/revisions"}],"wp:attachment":[{"href":"https:\/\/inclusivenews.com.br\/index.php?rest_route=%2Fwp%2Fv2%2Fmedia&parent=16301"}],"wp:term":[{"taxonomy":"category","embeddable":true,"href":"https:\/\/inclusivenews.com.br\/index.php?rest_route=%2Fwp%2Fv2%2Fcategories&post=16301"},{"taxonomy":"post_tag","embeddable":true,"href":"https:\/\/inclusivenews.com.br\/index.php?rest_route=%2Fwp%2Fv2%2Ftags&post=16301"}],"curies":[{"name":"wp","href":"https:\/\/api.w.org\/{rel}","templated":true}]}}