{"id":16307,"date":"2010-06-30T11:34:01","date_gmt":"2010-06-30T14:34:01","guid":{"rendered":"http:\/\/www.inclusive.org.br\/?p=16307"},"modified":"2010-06-30T11:34:01","modified_gmt":"2010-06-30T14:34:01","slug":"cdhm-seminario-direitos-humanos-e-politica-externa-com-representantes-dos-presidenciaveis","status":"publish","type":"post","link":"https:\/\/inclusivenews.com.br\/?p=16307","title":{"rendered":"CDHM Semin\u00e1rio direitos humanos e pol\u00edtica externa com representantes dos presidenci\u00e1veis"},"content":{"rendered":"<p><a href=\"http:\/\/www.inclusivenews.com.br\/wp-content\/uploads\/2009\/12\/img_logoagencia.jpg\"><img loading=\"lazy\" decoding=\"async\" class=\"alignleft size-full wp-image-13120\" title=\"Ag\u00eancia C\u00e2mara\" src=\"http:\/\/inclusivenews.com.br\/wp-content\/uploads\/2009\/12\/img_logoagencia.jpg\" alt=\"\" width=\"152\" height=\"122\" \/><\/a>A Comiss\u00e3o de Direitos Humanos e Minorias (CDHM) da C\u00e2mara dos Deputados, em parceria com o Comit\u00ea Brasileiro de Direitos Humanos e Pol\u00edtica Externa (CBDHPE), realizar\u00e1, nesta quarta-feira (30), o semin\u00e1rio \u201cDireitos Humanos e Pol\u00edtica Externa\u201d.<\/p>\n<p>Bras\u00edlia (DF) \u2013 A Comiss\u00e3o de Direitos Humanos e Minorias (CDHM) da C\u00e2mara dos Deputados, em parceria com o Comit\u00ea Brasileiro de Direitos Humanos e Pol\u00edtica Externa (CBDHPE), realizar\u00e1, nesta quarta-feira (30), o semin\u00e1rio \u201cDireitos Humanos e Pol\u00edtica Externa\u201d.<\/p>\n<p>O evento ocorrer\u00e1 no Plen\u00e1rio Ad\u00e3o Pretto (plen\u00e1rio 9 do Anexo 2), na C\u00e2mara dos Deputados, a partir das 14h, e contar\u00e1 com a presen\u00e7a de representantes de presidenci\u00e1veis.<\/p>\n<p>Os principais objetivos do semin\u00e1rio s\u00e3o debater e avaliar a atua\u00e7\u00e3o do Brasil nos foros sub-regionais, regionais e multilaterais de direitos humanos (Mercosul, OEA e ONU) em 2010 e o cumprimento das obriga\u00e7\u00f5es internacionais assumidas pelo pa\u00eds em direitos humanos.<\/p>\n<p>A deputada Iriny Lopes (PT-ES), presidente da CDHM e autora do requerimento \u2013 juntamente com os deputados Pedro Wilson (PT-GO) e Geraldo Thadeu (PPS-MG) \u2013 para a realiza\u00e7\u00e3o do semin\u00e1rio, falou sobre a import\u00e2ncia do evento.<\/p>\n<p>\u201cCom o Brasil intensificando cada vez mais o seu protagonismo em negocia\u00e7\u00f5es e debates internacionais ou regionais, \u00e9 preciso que a preval\u00eancia dos direitos humanos, princ\u00edpio consagrado em nossa Constitui\u00e7\u00e3o, tamb\u00e9m seja observada e o semin\u00e1rio possui justamente a finalidade de discutir estas quest\u00f5es, bem como o de avaliar o papel do nosso pa\u00eds em rela\u00e7\u00e3o aos acordos, tratados, protocolos e conven\u00e7\u00f5es de direitos humanos das quais somos signat\u00e1rios\u201d, explica a parlamentar.<\/p>\n<p>Para Camila Asano, representante da ONG Conectas Direitos Humanos e Co-Secret\u00e1ria do CBDHPE, o semin\u00e1rio \u00e9 um espa\u00e7o para formula\u00e7\u00e3o e debate sobre a pol\u00edtica externa do pa\u00eds.<\/p>\n<p>\u201cEste semin\u00e1rio, ao ser realizado na C\u00e2mara dos Deputados, \u00e9 tamb\u00e9m um exerc\u00edcio de democracia. Ao mesmo tempo, refor\u00e7a-se o controle democr\u00e1tico e a participa\u00e7\u00e3o cidad\u00e3 na formula\u00e7\u00e3o e condu\u00e7\u00e3o da pol\u00edtica externa de nosso pa\u00eds, principalmente no que se refere aos atos internacionais que impactam na implementa\u00e7\u00e3o dos direitos humanos no Brasil e no mundo\u201d, afirma Camila.<\/p>\n<p>&#8220;A participa\u00e7\u00e3o brasileira nos mecanismos regionais e internacionais de direitos humanos deve se coadunar com os princ\u00edpios norteadores das rela\u00e7\u00f5es internacionais e com a preserva\u00e7\u00e3o da dignidade humana. Transformar isso em algo concreto \u00e9 um desafio e passa pela instala\u00e7\u00e3o de um di\u00e1logo permanente e transparente entre o Estado e a sociedade civil&#8221;, explica Luis Emmanuel, representante do Gabinete de Assessoria Jur\u00eddica \u00e0s Organiza\u00e7\u00f5es Populares (GAJOP) e Co-Secret\u00e1rio do Comit\u00ea Brasileiro de Direitos Humanos e Pol\u00edtica Externa.<\/p>\n<p>Presidenci\u00e1veis \u2013 A elei\u00e7\u00e3o presidencial de outubro \u00e9 considerada pelo CBDHPE um fato decisivo para a defini\u00e7\u00e3o dos rumos da pol\u00edtica externa brasileira, especialmente em rela\u00e7\u00e3o aos temas de direitos humanos.<\/p>\n<p>\u201c\u00c9 fundamental que os candidatos apresentem e debatam as diretrizes da pol\u00edtica externa que implementar\u00e3o caso eleitos. Dado o compromisso brasileiro de defesa e promo\u00e7\u00e3o dos direitos humanos, a sociedade precisa conhecer as propostas dos presidenci\u00e1veis para que a pol\u00edtica externa esteja a servi\u00e7o da garantia das liberdades e dos direitos fundamentais no Brasil e no mundo\u201d, declarou Camila Asano.<\/p>\n<p>Partindo desta premissa, foram convidados representantes das campanhas de Dilma Rousseff (PT), Jos\u00e9 Serra (PSDB), Marina Silva (PV) e Pl\u00ednio de Arruda Sampaio (PSol).<\/p>\n<p>O semin\u00e1rio ser\u00e1 transmitido ao vivo pelo sistema WebC\u00e2mara (www.camara.gov.br\/webcamara).<\/p>\n<p>Confira a programa\u00e7\u00e3o completa:<\/p>\n<p>14h &#8211; Abertura &#8211; Deputada Iriny Lopes, Presidente da Comiss\u00e3o de Direitos Humanos e Minorias<\/p>\n<p>14h30 &#8211; 1\u00aa Mesa: Prioridades do Brasil em direitos humanos na ONU, OEA e Mercosul Expositores convidados: &#8211; Ministro Silvio Albuquerque &#8211; Chefe da Divis\u00e3o de Temas Sociais do Minist\u00e9rio das Rela\u00e7\u00f5es Exteriores &#8211; Carlos Eduardo da Cunha Oliveira &#8211; Chefe interino da Divis\u00e3o de Direitos Humanos do Minist\u00e9rio das Rela\u00e7\u00f5es Exteriores &#8211; Cristina Cambiaghi \u2013 Coordenadora da Assessoria Internacional da Secretaria Especial dos Direitos Humanos Moderador: &#8211; Sr. Lu\u00eds Emannuel Cunha (GAJOP) &#8211; Representante da Secretaria Executiva do Comit\u00ea Brasileiro de Direitos Humanos e Pol\u00edtica Externa<\/p>\n<p>16h30 &#8211; 2\u00aa Mesa: Perspectivas \u00e0 pol\u00edtica externa brasileira em direitos humanos: propostas e compromissos dos candidatos \u00e0 Presid\u00eancia da Rep\u00fablica Expositores convidados: &#8211; Representante da campanha \u00e0 presid\u00eancia da Sra. Dilma Rousseff (a confirmar) &#8211; Sr. Jos\u00e9 Gregori &#8211; Representante da campanha \u00e0 presid\u00eancia do Sr. Jos\u00e9 Serra (a confirmar)<\/p>\n<p>&#8211; Sr. Marcos Rolim &#8211; Representante da campanha \u00e0 presid\u00eancia da Sra. Marina Silva (a confirmar) &#8211; Representante da campanha \u00e0 presid\u00eancia do Sr. Pl\u00ednio de Arruda Sampaio (a confirmar) Moderadora: &#8211; Sra. Camila Asano (Conectas Dir.Humanos) &#8211; Representante da Secretaria Executiva do Comit\u00ea Brasileiro de Direitos Humanos e Pol\u00edtica Externa.<\/p>\n<p>18h &#8211; Encerramento<\/p>\n<p>Acompanhe a CDHM no Twitter: <a href=\"http:\/\/twitter.com\/cdhcamara\">http:\/\/twitter.com\/cdhcamara<\/a><\/p>\n<p>***** Mais informa\u00e7\u00f5es: Comiss\u00e3o de Direitos Humanos e Minorias C\u00e2mara dos Deputados Fone: (61) 3216.6570 E-mail: <a href=\"mailto:jose.tomaz@camara.gov.br\">jose.tomaz@camara.gov.br<\/a> \/ <a href=\"mailto:cdh@camara.gov.br\">cdh@camara.gov.br<\/a> Site: <a href=\"http:\/\/www.camara.gov.br\/cdh\">www.camara.gov.br\/cdh<\/a> Twitter: <a href=\"http:\/\/twitter.com\/cdhcamara\">http:\/\/twitter.com\/cdhcamara<\/a> Youtube: <a href=\"http:\/\/www.youtube.com\/cdhcamara\">http:\/\/www.youtube.com\/cdhcamara<\/a> Flickr: <a href=\"http:\/\/www.flickr.com\/cdhcamara\">http:\/\/www.flickr.com\/cdhcamara<\/a><\/p>\n<p>*****<\/p>\n<p>Contatos para jornalistas: Secretaria Executiva do Comit\u00ea Brasileiro de Direitos Humanos e Pol\u00edtica Externa: Conectas Direitos Humanos Rui Santos Fone: (11) 3799.3483 Celular: (11) 8175.6932 E-mail: <a href=\"mailto:rui.santos@tendenciascomunicacao.com.br\">rui.santos@tendenciascomunicacao.com.br<\/a> msn: <a href=\"mailto:ruisantos757@hotmail.com\">ruisantos757@hotmail.com<\/a><\/p>\n<p>Gajop \u2013 Gabinete de Assessoria Jur\u00eddica \u00e0s Organiza\u00e7\u00f5es Populares Juliana Cuentro Fone: (81) 3092.5252 Email: <a href=\"mailto:imprensagajop@gmail.com\">imprensagajop@gmail.com<\/a><\/p>\n<p>O Comit\u00ea Brasileiro de Direitos Humanos e Pol\u00edtica Externa \u00e9 uma coaliz\u00e3o que congrega entidades da sociedade civil e do Estado e tem como objetivo o fortalecimento da participa\u00e7\u00e3o cidad\u00e3 e do controle democr\u00e1tico da pol\u00edtica externa do Estado brasileiro, visando \u00e0 preval\u00eancia dos direitos humanos, conforme o artigo 4\u00ba, inciso II, da Constitui\u00e7\u00e3o Federal. <a href=\"http:\/\/www.dhpoliticaexterna.org.br\">www.dhpoliticaexterna.org.br<\/a> \/ <a href=\"mailto:contato@dhpoliticaexterna.org.br\">contato@dhpoliticaexterna.org.br<\/a><\/p>\n<p>Fonte: \u00a0<a href=\"http:\/\/www2.camara.gov.br\/portal\/Camara\/atividade-legislativa\/comissoes\/comissoes-permanentes\/cdhm\/noticias\/seminario-debatera-direitos-humanos-e-politica-externa-com-representantes-dos-presidenciaveis-na-camara-nesta-quarta-30-2\">http:\/\/www2.camara.gov.br\/portal\/Camara\/atividade-legislativa\/comissoes\/comissoes-permanentes\/cdhm\/noticias\/seminario-debatera-direitos-humanos-e-politica-externa-com-representantes-dos-presidenciaveis-na-camara-nesta-quarta-30-2<\/a><\/p>\n","protected":false},"excerpt":{"rendered":"<p>A Comiss\u00e3o de Direitos Humanos e Minorias (CDHM) da C\u00e2mara dos Deputados, em parceria com o Comit\u00ea Brasileiro de Direitos Humanos e Pol\u00edtica Externa (CBDHPE), realizar\u00e1, nesta quarta-feira (30), o semin\u00e1rio \u201cDireitos Humanos e Pol\u00edtica Externa\u201d. Bras\u00edlia (DF) \u2013 A Comiss\u00e3o de Direitos Humanos e Minorias (CDHM) da C\u00e2mara dos Deputados, em parceria com o [&hellip;]<\/p>\n","protected":false},"author":1,"featured_media":0,"comment_status":"open","ping_status":"open","sticky":false,"template":"","format":"standard","meta":{"site-container-style":"default","site-container-layout":"default","site-sidebar-layout":"default","disable-article-header":"default","disable-site-header":"default","disable-site-footer":"default","disable-content-area-spacing":"default","footnotes":""},"categories":[11,26,4,49],"tags":[],"class_list":["post-16307","post","type-post","status-publish","format-standard","hentry","category-direitos-humanos","category-legislacao","category-noticias","category-politicas-publicas"],"yoast_head":"<!-- This site is optimized with the Yoast SEO plugin v27.4 - https:\/\/yoast.com\/product\/yoast-seo-wordpress\/ -->\n<title>CDHM Semin\u00e1rio direitos humanos e pol\u00edtica externa com representantes dos presidenci\u00e1veis -<\/title>\n<meta name=\"robots\" content=\"index, follow, max-snippet:-1, max-image-preview:large, max-video-preview:-1\" \/>\n<link rel=\"canonical\" href=\"https:\/\/inclusivenews.com.br\/?p=16307\" \/>\n<meta property=\"og:locale\" content=\"pt_PT\" \/>\n<meta property=\"og:type\" content=\"article\" \/>\n<meta property=\"og:title\" content=\"CDHM Semin\u00e1rio direitos humanos e pol\u00edtica externa com representantes dos presidenci\u00e1veis -\" \/>\n<meta property=\"og:description\" content=\"A Comiss\u00e3o de Direitos Humanos e Minorias (CDHM) da C\u00e2mara dos Deputados, em parceria com o Comit\u00ea Brasileiro de Direitos Humanos e Pol\u00edtica Externa (CBDHPE), realizar\u00e1, nesta quarta-feira (30), o semin\u00e1rio \u201cDireitos Humanos e Pol\u00edtica Externa\u201d. Bras\u00edlia (DF) \u2013 A Comiss\u00e3o de Direitos Humanos e Minorias (CDHM) da C\u00e2mara dos Deputados, em parceria com o [&hellip;]\" \/>\n<meta property=\"og:url\" content=\"https:\/\/inclusivenews.com.br\/?p=16307\" \/>\n<meta property=\"article:publisher\" content=\"https:\/\/www.facebook.com\/agenciainclusive\/\" \/>\n<meta property=\"article:published_time\" content=\"2010-06-30T14:34:01+00:00\" \/>\n<meta property=\"og:image\" content=\"http:\/\/inclusivenews.com.br\/wp-content\/uploads\/2009\/12\/img_logoagencia.jpg\" \/>\n<meta name=\"author\" content=\"inclusivenews2024\" \/>\n<meta name=\"twitter:card\" content=\"summary_large_image\" \/>\n<meta name=\"twitter:label1\" content=\"Escrito por\" \/>\n\t<meta name=\"twitter:data1\" content=\"inclusivenews2024\" \/>\n\t<meta name=\"twitter:label2\" content=\"Tempo estimado de leitura\" \/>\n\t<meta name=\"twitter:data2\" content=\"5 minutos\" \/>\n<script type=\"application\/ld+json\" class=\"yoast-schema-graph\">{\"@context\":\"https:\\\/\\\/schema.org\",\"@graph\":[{\"@type\":\"Article\",\"@id\":\"https:\\\/\\\/inclusivenews.com.br\\\/?p=16307#article\",\"isPartOf\":{\"@id\":\"https:\\\/\\\/inclusivenews.com.br\\\/?p=16307\"},\"author\":{\"name\":\"inclusivenews2024\",\"@id\":\"https:\\\/\\\/inclusivenews.com.br\\\/#\\\/schema\\\/person\\\/ae4ec7087559b8692fb33b6fffd2273b\"},\"headline\":\"CDHM Semin\u00e1rio direitos humanos e pol\u00edtica externa com representantes dos presidenci\u00e1veis\",\"datePublished\":\"2010-06-30T14:34:01+00:00\",\"mainEntityOfPage\":{\"@id\":\"https:\\\/\\\/inclusivenews.com.br\\\/?p=16307\"},\"wordCount\":1031,\"commentCount\":0,\"publisher\":{\"@id\":\"https:\\\/\\\/inclusivenews.com.br\\\/#organization\"},\"image\":{\"@id\":\"https:\\\/\\\/inclusivenews.com.br\\\/?p=16307#primaryimage\"},\"thumbnailUrl\":\"http:\\\/\\\/inclusivenews.com.br\\\/wp-content\\\/uploads\\\/2009\\\/12\\\/img_logoagencia.jpg\",\"articleSection\":[\"DIREITOS HUMANOS\",\"Legisla\u00e7\u00e3o ...\",\"NOT\u00cdCIAS\",\"Pol\u00edticas p\u00fablicas\"],\"inLanguage\":\"pt-PT\",\"potentialAction\":[{\"@type\":\"CommentAction\",\"name\":\"Comment\",\"target\":[\"https:\\\/\\\/inclusivenews.com.br\\\/?p=16307#respond\"]}]},{\"@type\":\"WebPage\",\"@id\":\"https:\\\/\\\/inclusivenews.com.br\\\/?p=16307\",\"url\":\"https:\\\/\\\/inclusivenews.com.br\\\/?p=16307\",\"name\":\"CDHM Semin\u00e1rio direitos humanos e pol\u00edtica externa com representantes dos presidenci\u00e1veis -\",\"isPartOf\":{\"@id\":\"https:\\\/\\\/inclusivenews.com.br\\\/#website\"},\"primaryImageOfPage\":{\"@id\":\"https:\\\/\\\/inclusivenews.com.br\\\/?p=16307#primaryimage\"},\"image\":{\"@id\":\"https:\\\/\\\/inclusivenews.com.br\\\/?p=16307#primaryimage\"},\"thumbnailUrl\":\"http:\\\/\\\/inclusivenews.com.br\\\/wp-content\\\/uploads\\\/2009\\\/12\\\/img_logoagencia.jpg\",\"datePublished\":\"2010-06-30T14:34:01+00:00\",\"breadcrumb\":{\"@id\":\"https:\\\/\\\/inclusivenews.com.br\\\/?p=16307#breadcrumb\"},\"inLanguage\":\"pt-PT\",\"potentialAction\":[{\"@type\":\"ReadAction\",\"target\":[\"https:\\\/\\\/inclusivenews.com.br\\\/?p=16307\"]}]},{\"@type\":\"ImageObject\",\"inLanguage\":\"pt-PT\",\"@id\":\"https:\\\/\\\/inclusivenews.com.br\\\/?p=16307#primaryimage\",\"url\":\"\",\"contentUrl\":\"\"},{\"@type\":\"BreadcrumbList\",\"@id\":\"https:\\\/\\\/inclusivenews.com.br\\\/?p=16307#breadcrumb\",\"itemListElement\":[{\"@type\":\"ListItem\",\"position\":1,\"name\":\"In\u00edcio\",\"item\":\"https:\\\/\\\/inclusivenews.com.br\\\/\"},{\"@type\":\"ListItem\",\"position\":2,\"name\":\"CDHM Semin\u00e1rio direitos humanos e pol\u00edtica externa com representantes dos presidenci\u00e1veis\"}]},{\"@type\":\"WebSite\",\"@id\":\"https:\\\/\\\/inclusivenews.com.br\\\/#website\",\"url\":\"https:\\\/\\\/inclusivenews.com.br\\\/\",\"name\":\"Inclusive News\",\"description\":\"Inclusive News\",\"publisher\":{\"@id\":\"https:\\\/\\\/inclusivenews.com.br\\\/#organization\"},\"potentialAction\":[{\"@type\":\"SearchAction\",\"target\":{\"@type\":\"EntryPoint\",\"urlTemplate\":\"https:\\\/\\\/inclusivenews.com.br\\\/?s={search_term_string}\"},\"query-input\":{\"@type\":\"PropertyValueSpecification\",\"valueRequired\":true,\"valueName\":\"search_term_string\"}}],\"inLanguage\":\"pt-PT\"},{\"@type\":\"Organization\",\"@id\":\"https:\\\/\\\/inclusivenews.com.br\\\/#organization\",\"name\":\"Inclusive - inclus\u00e3o e cidadania\",\"url\":\"https:\\\/\\\/inclusivenews.com.br\\\/\",\"logo\":{\"@type\":\"ImageObject\",\"inLanguage\":\"pt-PT\",\"@id\":\"https:\\\/\\\/inclusivenews.com.br\\\/#\\\/schema\\\/logo\\\/image\\\/\",\"url\":\"https:\\\/\\\/inclusivenews.com.br\\\/wp-content\\\/uploads\\\/2024\\\/03\\\/@grandesite.png\",\"contentUrl\":\"https:\\\/\\\/inclusivenews.com.br\\\/wp-content\\\/uploads\\\/2024\\\/03\\\/@grandesite.png\",\"width\":1080,\"height\":1080,\"caption\":\"Inclusive - inclus\u00e3o e cidadania\"},\"image\":{\"@id\":\"https:\\\/\\\/inclusivenews.com.br\\\/#\\\/schema\\\/logo\\\/image\\\/\"},\"sameAs\":[\"https:\\\/\\\/www.facebook.com\\\/agenciainclusive\\\/\",\"https:\\\/\\\/www.instagram.com\\\/newsinclusive\\\/\"]},{\"@type\":\"Person\",\"@id\":\"https:\\\/\\\/inclusivenews.com.br\\\/#\\\/schema\\\/person\\\/ae4ec7087559b8692fb33b6fffd2273b\",\"name\":\"inclusivenews2024\",\"image\":{\"@type\":\"ImageObject\",\"inLanguage\":\"pt-PT\",\"@id\":\"https:\\\/\\\/secure.gravatar.com\\\/avatar\\\/c5a7ef84c66fa914f55bc4f7ce26cfa275a3b9a1c5568b907bd184fb4dde7b40?s=96&d=mm&r=g\",\"url\":\"https:\\\/\\\/secure.gravatar.com\\\/avatar\\\/c5a7ef84c66fa914f55bc4f7ce26cfa275a3b9a1c5568b907bd184fb4dde7b40?s=96&d=mm&r=g\",\"contentUrl\":\"https:\\\/\\\/secure.gravatar.com\\\/avatar\\\/c5a7ef84c66fa914f55bc4f7ce26cfa275a3b9a1c5568b907bd184fb4dde7b40?s=96&d=mm&r=g\",\"caption\":\"inclusivenews2024\"},\"sameAs\":[\"https:\\\/\\\/inclusivenews.com.br\"],\"url\":\"https:\\\/\\\/inclusivenews.com.br\\\/?author=1\"}]}<\/script>\n<!-- \/ Yoast SEO plugin. -->","yoast_head_json":{"title":"CDHM Semin\u00e1rio direitos humanos e pol\u00edtica externa com representantes dos presidenci\u00e1veis -","robots":{"index":"index","follow":"follow","max-snippet":"max-snippet:-1","max-image-preview":"max-image-preview:large","max-video-preview":"max-video-preview:-1"},"canonical":"https:\/\/inclusivenews.com.br\/?p=16307","og_locale":"pt_PT","og_type":"article","og_title":"CDHM Semin\u00e1rio direitos humanos e pol\u00edtica externa com representantes dos presidenci\u00e1veis -","og_description":"A Comiss\u00e3o de Direitos Humanos e Minorias (CDHM) da C\u00e2mara dos Deputados, em parceria com o Comit\u00ea Brasileiro de Direitos Humanos e Pol\u00edtica Externa (CBDHPE), realizar\u00e1, nesta quarta-feira (30), o semin\u00e1rio \u201cDireitos Humanos e Pol\u00edtica Externa\u201d. Bras\u00edlia (DF) \u2013 A Comiss\u00e3o de Direitos Humanos e Minorias (CDHM) da C\u00e2mara dos Deputados, em parceria com o [&hellip;]","og_url":"https:\/\/inclusivenews.com.br\/?p=16307","article_publisher":"https:\/\/www.facebook.com\/agenciainclusive\/","article_published_time":"2010-06-30T14:34:01+00:00","og_image":[{"url":"http:\/\/inclusivenews.com.br\/wp-content\/uploads\/2009\/12\/img_logoagencia.jpg","type":"","width":"","height":""}],"author":"inclusivenews2024","twitter_card":"summary_large_image","twitter_misc":{"Escrito por":"inclusivenews2024","Tempo estimado de leitura":"5 minutos"},"schema":{"@context":"https:\/\/schema.org","@graph":[{"@type":"Article","@id":"https:\/\/inclusivenews.com.br\/?p=16307#article","isPartOf":{"@id":"https:\/\/inclusivenews.com.br\/?p=16307"},"author":{"name":"inclusivenews2024","@id":"https:\/\/inclusivenews.com.br\/#\/schema\/person\/ae4ec7087559b8692fb33b6fffd2273b"},"headline":"CDHM Semin\u00e1rio direitos humanos e pol\u00edtica externa com representantes dos presidenci\u00e1veis","datePublished":"2010-06-30T14:34:01+00:00","mainEntityOfPage":{"@id":"https:\/\/inclusivenews.com.br\/?p=16307"},"wordCount":1031,"commentCount":0,"publisher":{"@id":"https:\/\/inclusivenews.com.br\/#organization"},"image":{"@id":"https:\/\/inclusivenews.com.br\/?p=16307#primaryimage"},"thumbnailUrl":"http:\/\/inclusivenews.com.br\/wp-content\/uploads\/2009\/12\/img_logoagencia.jpg","articleSection":["DIREITOS HUMANOS","Legisla\u00e7\u00e3o ...","NOT\u00cdCIAS","Pol\u00edticas p\u00fablicas"],"inLanguage":"pt-PT","potentialAction":[{"@type":"CommentAction","name":"Comment","target":["https:\/\/inclusivenews.com.br\/?p=16307#respond"]}]},{"@type":"WebPage","@id":"https:\/\/inclusivenews.com.br\/?p=16307","url":"https:\/\/inclusivenews.com.br\/?p=16307","name":"CDHM Semin\u00e1rio direitos humanos e pol\u00edtica externa com representantes dos presidenci\u00e1veis -","isPartOf":{"@id":"https:\/\/inclusivenews.com.br\/#website"},"primaryImageOfPage":{"@id":"https:\/\/inclusivenews.com.br\/?p=16307#primaryimage"},"image":{"@id":"https:\/\/inclusivenews.com.br\/?p=16307#primaryimage"},"thumbnailUrl":"http:\/\/inclusivenews.com.br\/wp-content\/uploads\/2009\/12\/img_logoagencia.jpg","datePublished":"2010-06-30T14:34:01+00:00","breadcrumb":{"@id":"https:\/\/inclusivenews.com.br\/?p=16307#breadcrumb"},"inLanguage":"pt-PT","potentialAction":[{"@type":"ReadAction","target":["https:\/\/inclusivenews.com.br\/?p=16307"]}]},{"@type":"ImageObject","inLanguage":"pt-PT","@id":"https:\/\/inclusivenews.com.br\/?p=16307#primaryimage","url":"","contentUrl":""},{"@type":"BreadcrumbList","@id":"https:\/\/inclusivenews.com.br\/?p=16307#breadcrumb","itemListElement":[{"@type":"ListItem","position":1,"name":"In\u00edcio","item":"https:\/\/inclusivenews.com.br\/"},{"@type":"ListItem","position":2,"name":"CDHM Semin\u00e1rio direitos humanos e pol\u00edtica externa com representantes dos presidenci\u00e1veis"}]},{"@type":"WebSite","@id":"https:\/\/inclusivenews.com.br\/#website","url":"https:\/\/inclusivenews.com.br\/","name":"Inclusive News","description":"Inclusive News","publisher":{"@id":"https:\/\/inclusivenews.com.br\/#organization"},"potentialAction":[{"@type":"SearchAction","target":{"@type":"EntryPoint","urlTemplate":"https:\/\/inclusivenews.com.br\/?s={search_term_string}"},"query-input":{"@type":"PropertyValueSpecification","valueRequired":true,"valueName":"search_term_string"}}],"inLanguage":"pt-PT"},{"@type":"Organization","@id":"https:\/\/inclusivenews.com.br\/#organization","name":"Inclusive - inclus\u00e3o e cidadania","url":"https:\/\/inclusivenews.com.br\/","logo":{"@type":"ImageObject","inLanguage":"pt-PT","@id":"https:\/\/inclusivenews.com.br\/#\/schema\/logo\/image\/","url":"https:\/\/inclusivenews.com.br\/wp-content\/uploads\/2024\/03\/@grandesite.png","contentUrl":"https:\/\/inclusivenews.com.br\/wp-content\/uploads\/2024\/03\/@grandesite.png","width":1080,"height":1080,"caption":"Inclusive - inclus\u00e3o e cidadania"},"image":{"@id":"https:\/\/inclusivenews.com.br\/#\/schema\/logo\/image\/"},"sameAs":["https:\/\/www.facebook.com\/agenciainclusive\/","https:\/\/www.instagram.com\/newsinclusive\/"]},{"@type":"Person","@id":"https:\/\/inclusivenews.com.br\/#\/schema\/person\/ae4ec7087559b8692fb33b6fffd2273b","name":"inclusivenews2024","image":{"@type":"ImageObject","inLanguage":"pt-PT","@id":"https:\/\/secure.gravatar.com\/avatar\/c5a7ef84c66fa914f55bc4f7ce26cfa275a3b9a1c5568b907bd184fb4dde7b40?s=96&d=mm&r=g","url":"https:\/\/secure.gravatar.com\/avatar\/c5a7ef84c66fa914f55bc4f7ce26cfa275a3b9a1c5568b907bd184fb4dde7b40?s=96&d=mm&r=g","contentUrl":"https:\/\/secure.gravatar.com\/avatar\/c5a7ef84c66fa914f55bc4f7ce26cfa275a3b9a1c5568b907bd184fb4dde7b40?s=96&d=mm&r=g","caption":"inclusivenews2024"},"sameAs":["https:\/\/inclusivenews.com.br"],"url":"https:\/\/inclusivenews.com.br\/?author=1"}]}},"_links":{"self":[{"href":"https:\/\/inclusivenews.com.br\/index.php?rest_route=\/wp\/v2\/posts\/16307","targetHints":{"allow":["GET"]}}],"collection":[{"href":"https:\/\/inclusivenews.com.br\/index.php?rest_route=\/wp\/v2\/posts"}],"about":[{"href":"https:\/\/inclusivenews.com.br\/index.php?rest_route=\/wp\/v2\/types\/post"}],"author":[{"embeddable":true,"href":"https:\/\/inclusivenews.com.br\/index.php?rest_route=\/wp\/v2\/users\/1"}],"replies":[{"embeddable":true,"href":"https:\/\/inclusivenews.com.br\/index.php?rest_route=%2Fwp%2Fv2%2Fcomments&post=16307"}],"version-history":[{"count":0,"href":"https:\/\/inclusivenews.com.br\/index.php?rest_route=\/wp\/v2\/posts\/16307\/revisions"}],"wp:attachment":[{"href":"https:\/\/inclusivenews.com.br\/index.php?rest_route=%2Fwp%2Fv2%2Fmedia&parent=16307"}],"wp:term":[{"taxonomy":"category","embeddable":true,"href":"https:\/\/inclusivenews.com.br\/index.php?rest_route=%2Fwp%2Fv2%2Fcategories&post=16307"},{"taxonomy":"post_tag","embeddable":true,"href":"https:\/\/inclusivenews.com.br\/index.php?rest_route=%2Fwp%2Fv2%2Ftags&post=16307"}],"curies":[{"name":"wp","href":"https:\/\/api.w.org\/{rel}","templated":true}]}}