{"id":16314,"date":"2010-07-01T11:00:34","date_gmt":"2010-07-01T14:00:34","guid":{"rendered":"http:\/\/www.inclusive.org.br\/?p=16314"},"modified":"2010-07-01T11:00:34","modified_gmt":"2010-07-01T14:00:34","slug":"comissao-da-oea-ouve-denuncias-de-violacao-de-direitos-humanos-no-brasil","status":"publish","type":"post","link":"https:\/\/inclusivenews.com.br\/?p=16314","title":{"rendered":"Comiss\u00e3o da OEA ouve den\u00fancias de viola\u00e7\u00e3o de direitos humanos no Brasil"},"content":{"rendered":"<p><a href=\"http:\/\/www.inclusivenews.com.br\/wp-content\/uploads\/2010\/03\/Inclusive_direitos_humanos_2.jpg\"><img loading=\"lazy\" decoding=\"async\" class=\"alignleft size-full wp-image-14562\" title=\"Inclusive - direitos humanos - um planeta cercado por figuras humanas.\" src=\"http:\/\/inclusivenews.com.br\/wp-content\/uploads\/2010\/03\/Inclusive_direitos_humanos_2.jpg\" alt=\"\" width=\"202\" height=\"202\" \/><\/a>Fl\u00e1via Villela<br \/>\n<em>Rep\u00f3rter da Ag\u00eancia Brasil<\/em><\/p>\n<p>Rio de Janeiro \u2013 Viol\u00eancia institucional, criminaliza\u00e7\u00e3o da pobreza e dos movimentos sociais, racismo, discrimina\u00e7\u00e3o contra as mulheres e tortura. Estas foram algumas das viola\u00e7\u00f5es relatadas durante a audi\u00eancia p\u00fablica que ocorreu esta manh\u00e3 (29), na Defensoria P\u00fablica do Rio, entre entidades de Direitos Humanos e a Comiss\u00e3o Interamericana de Direitos Humanos (CIDH). Durante duas horas, o presidente e relator da comiss\u00e3o, o chileno Felipe Gonz\u00e1lez, e dois advogados do organismo ouviram den\u00fancias de viola\u00e7\u00f5es e omiss\u00f5es contra o poder p\u00fablico.<\/p>\n<p>No caso espec\u00edfico do Rio de Janeiro, moradores de favelas e a Defensoria P\u00fablica demonstraram preocupa\u00e7\u00e3o com as pol\u00edticas de remo\u00e7\u00f5es. Segundo o defensor Alexandre Mendes, pelo menos cinco comunidades dos bairros do Recreio e de Jacarepagu\u00e1 (zona oeste), onde haver\u00e1 instala\u00e7\u00f5es para as Olimp\u00edadas de 2016, ser\u00e3o removidas.<\/p>\n<p>\u201cSomos assessorados por uma equipe t\u00e9cnica que chegou \u00e0 conclus\u00e3o que h\u00e1 a possibilidades de manter as comunidades no local, compatibilizando o direito de moradia com o projeto do Comit\u00ea Ol\u00edmpico Internacional. Achamos que estes jogos promovem o direito ao lazer, ao esporte, mas que devem ser realizados com respeito aos direitos humanos, em especial com respeito ao direito \u00e0 moradia\u201d, disse Mendes.<\/p>\n<p>Alexandre Mendes criticou tamb\u00e9m a remo\u00e7\u00e3o de comunidades em \u00e1reas valorizadas, consideradas de risco pela prefeitura. \u201cVisitamos essas comunidades com engenheiros e vimos que onde houve deslizamento foi exatamente onde n\u00e3o houve conten\u00e7\u00e3o de encostas, um processo de urbaniza\u00e7\u00e3o por omiss\u00e3o do poder p\u00fablico\u201d.<\/p>\n<p>A representante do Grupo Tortura Nunca Mais, Vit\u00f3ria Grabois, denunciou a impunidade de torturadores da \u00e9poca da ditadura militar e de atuais torturadores nas For\u00e7as Armadas com a coniv\u00eancia do governo federal. \u201cExistem hoje 23 casos de tortura nas For\u00e7as Armadas ocorridos em governos democr\u00e1ticos e apenas um foi levado adiante, porque teve testemunhas. Nos outros casos, as fam\u00edlias s\u00e3o amea\u00e7adas e voltam atr\u00e1s. Precisamos de uma Comiss\u00e3o n\u00e3o apenas da Verdade, mas tamb\u00e9m da Justi\u00e7a\u201d, afirmou Vit\u00f3ria.<\/p>\n<p>Na audi\u00eancia, houve ainda diversos relatos de casos de viol\u00eancia cometida por policiais contra jovens negros e pobres. Os movimentos sociais tamb\u00e9m se queixaram do lapso temporal de cerca de dez anos entre esta e a \u00faltima visita da CIDH e solicitaram mais visitas <em>in loco<\/em> nas \u00e1reas onde as viola\u00e7\u00f5es s\u00e3o mais comuns, sobretudo no interior do pa\u00eds.<\/p>\n<p>Felipe Gonzalez prometeu levar as quest\u00f5es aos demais integrantes da CIDH e acompanhar as den\u00fancias. Ele lamentou n\u00e3o poder visitar locais espec\u00edficos do pa\u00eds, onde h\u00e1 den\u00fancias de viola\u00e7\u00e3o dos direitos humanos. Alegou falta de tempo.<\/p>\n<p>A CIDH \u00e9 um \u00f3rg\u00e3o de prote\u00e7\u00e3o e promo\u00e7\u00e3o dos direitos humanos nas Am\u00e9ricas, ligado \u00e0 Organiza\u00e7\u00e3o dos Estados Americanos (OEA), com sede em Washington (Estados Unidos).<\/p>\n<p><em>Edi\u00e7\u00e3o: Vinicius Doria<\/em><br \/>\n<strong>_________________Fonte: <a href=\"http:\/\/agenciabrasil.ebc.com.br\/cidadania?p_p_id=56&amp;p_p_lifecycle=0&amp;p_p_state=maximized&amp;p_p_mode=view&amp;p_p_col_id=column-1&amp;p_p_col_count=1&amp;_56_groupId=19523&amp;_56_articleId=987657\">Ag\u00eancia Brasil<\/a><\/p>\n<p><\/strong><\/p>\n","protected":false},"excerpt":{"rendered":"<p>Viol\u00eancia institucional, criminaliza\u00e7\u00e3o da pobreza e dos movimentos sociais, racismo, discrimina\u00e7\u00e3o contra as mulheres e tortura. Estas foram algumas das viola\u00e7\u00f5es relatadas durante a audi\u00eancia p\u00fablica que ocorreu esta manh\u00e3 (29), na Defensoria P\u00fablica do Rio, entre entidades de Direitos Humanos e a Comiss\u00e3o Interamericana de Direitos Humanos (CIDH).<\/p>\n","protected":false},"author":1,"featured_media":0,"comment_status":"open","ping_status":"open","sticky":false,"template":"","format":"standard","meta":{"site-container-style":"default","site-container-layout":"default","site-sidebar-layout":"default","disable-article-header":"default","disable-site-header":"default","disable-site-footer":"default","disable-content-area-spacing":"default","footnotes":""},"categories":[11,4],"tags":[],"class_list":["post-16314","post","type-post","status-publish","format-standard","hentry","category-direitos-humanos","category-noticias"],"yoast_head":"<!-- This site is optimized with the Yoast SEO plugin v27.4 - https:\/\/yoast.com\/product\/yoast-seo-wordpress\/ -->\n<title>Comiss\u00e3o da OEA ouve den\u00fancias de viola\u00e7\u00e3o de direitos humanos no Brasil -<\/title>\n<meta name=\"robots\" content=\"index, follow, max-snippet:-1, max-image-preview:large, max-video-preview:-1\" \/>\n<link rel=\"canonical\" href=\"https:\/\/inclusivenews.com.br\/?p=16314\" \/>\n<meta property=\"og:locale\" content=\"pt_PT\" \/>\n<meta property=\"og:type\" content=\"article\" \/>\n<meta property=\"og:title\" content=\"Comiss\u00e3o da OEA ouve den\u00fancias de viola\u00e7\u00e3o de direitos humanos no Brasil -\" \/>\n<meta property=\"og:description\" content=\"Viol\u00eancia institucional, criminaliza\u00e7\u00e3o da pobreza e dos movimentos sociais, racismo, discrimina\u00e7\u00e3o contra as mulheres e tortura. Estas foram algumas das viola\u00e7\u00f5es relatadas durante a audi\u00eancia p\u00fablica que ocorreu esta manh\u00e3 (29), na Defensoria P\u00fablica do Rio, entre entidades de Direitos Humanos e a Comiss\u00e3o Interamericana de Direitos Humanos (CIDH).\" \/>\n<meta property=\"og:url\" content=\"https:\/\/inclusivenews.com.br\/?p=16314\" \/>\n<meta property=\"article:publisher\" content=\"https:\/\/www.facebook.com\/agenciainclusive\/\" \/>\n<meta property=\"article:published_time\" content=\"2010-07-01T14:00:34+00:00\" \/>\n<meta property=\"og:image\" content=\"http:\/\/inclusivenews.com.br\/wp-content\/uploads\/2010\/03\/Inclusive_direitos_humanos_2.jpg\" \/>\n<meta name=\"author\" content=\"inclusivenews2024\" \/>\n<meta name=\"twitter:card\" content=\"summary_large_image\" \/>\n<meta name=\"twitter:label1\" content=\"Escrito por\" \/>\n\t<meta name=\"twitter:data1\" content=\"inclusivenews2024\" \/>\n\t<meta name=\"twitter:label2\" content=\"Tempo estimado de leitura\" \/>\n\t<meta name=\"twitter:data2\" content=\"3 minutos\" \/>\n<script type=\"application\/ld+json\" class=\"yoast-schema-graph\">{\"@context\":\"https:\\\/\\\/schema.org\",\"@graph\":[{\"@type\":\"Article\",\"@id\":\"https:\\\/\\\/inclusivenews.com.br\\\/?p=16314#article\",\"isPartOf\":{\"@id\":\"https:\\\/\\\/inclusivenews.com.br\\\/?p=16314\"},\"author\":{\"name\":\"inclusivenews2024\",\"@id\":\"https:\\\/\\\/inclusivenews.com.br\\\/#\\\/schema\\\/person\\\/ae4ec7087559b8692fb33b6fffd2273b\"},\"headline\":\"Comiss\u00e3o da OEA ouve den\u00fancias de viola\u00e7\u00e3o de direitos humanos no Brasil\",\"datePublished\":\"2010-07-01T14:00:34+00:00\",\"mainEntityOfPage\":{\"@id\":\"https:\\\/\\\/inclusivenews.com.br\\\/?p=16314\"},\"wordCount\":525,\"commentCount\":0,\"publisher\":{\"@id\":\"https:\\\/\\\/inclusivenews.com.br\\\/#organization\"},\"image\":{\"@id\":\"https:\\\/\\\/inclusivenews.com.br\\\/?p=16314#primaryimage\"},\"thumbnailUrl\":\"http:\\\/\\\/inclusivenews.com.br\\\/wp-content\\\/uploads\\\/2010\\\/03\\\/Inclusive_direitos_humanos_2.jpg\",\"articleSection\":[\"DIREITOS HUMANOS\",\"NOT\u00cdCIAS\"],\"inLanguage\":\"pt-PT\",\"potentialAction\":[{\"@type\":\"CommentAction\",\"name\":\"Comment\",\"target\":[\"https:\\\/\\\/inclusivenews.com.br\\\/?p=16314#respond\"]}]},{\"@type\":\"WebPage\",\"@id\":\"https:\\\/\\\/inclusivenews.com.br\\\/?p=16314\",\"url\":\"https:\\\/\\\/inclusivenews.com.br\\\/?p=16314\",\"name\":\"Comiss\u00e3o da OEA ouve den\u00fancias de viola\u00e7\u00e3o de direitos humanos no Brasil -\",\"isPartOf\":{\"@id\":\"https:\\\/\\\/inclusivenews.com.br\\\/#website\"},\"primaryImageOfPage\":{\"@id\":\"https:\\\/\\\/inclusivenews.com.br\\\/?p=16314#primaryimage\"},\"image\":{\"@id\":\"https:\\\/\\\/inclusivenews.com.br\\\/?p=16314#primaryimage\"},\"thumbnailUrl\":\"http:\\\/\\\/inclusivenews.com.br\\\/wp-content\\\/uploads\\\/2010\\\/03\\\/Inclusive_direitos_humanos_2.jpg\",\"datePublished\":\"2010-07-01T14:00:34+00:00\",\"breadcrumb\":{\"@id\":\"https:\\\/\\\/inclusivenews.com.br\\\/?p=16314#breadcrumb\"},\"inLanguage\":\"pt-PT\",\"potentialAction\":[{\"@type\":\"ReadAction\",\"target\":[\"https:\\\/\\\/inclusivenews.com.br\\\/?p=16314\"]}]},{\"@type\":\"ImageObject\",\"inLanguage\":\"pt-PT\",\"@id\":\"https:\\\/\\\/inclusivenews.com.br\\\/?p=16314#primaryimage\",\"url\":\"\",\"contentUrl\":\"\"},{\"@type\":\"BreadcrumbList\",\"@id\":\"https:\\\/\\\/inclusivenews.com.br\\\/?p=16314#breadcrumb\",\"itemListElement\":[{\"@type\":\"ListItem\",\"position\":1,\"name\":\"In\u00edcio\",\"item\":\"https:\\\/\\\/inclusivenews.com.br\\\/\"},{\"@type\":\"ListItem\",\"position\":2,\"name\":\"Comiss\u00e3o da OEA ouve den\u00fancias de viola\u00e7\u00e3o de direitos humanos no Brasil\"}]},{\"@type\":\"WebSite\",\"@id\":\"https:\\\/\\\/inclusivenews.com.br\\\/#website\",\"url\":\"https:\\\/\\\/inclusivenews.com.br\\\/\",\"name\":\"Inclusive News\",\"description\":\"Inclusive News\",\"publisher\":{\"@id\":\"https:\\\/\\\/inclusivenews.com.br\\\/#organization\"},\"potentialAction\":[{\"@type\":\"SearchAction\",\"target\":{\"@type\":\"EntryPoint\",\"urlTemplate\":\"https:\\\/\\\/inclusivenews.com.br\\\/?s={search_term_string}\"},\"query-input\":{\"@type\":\"PropertyValueSpecification\",\"valueRequired\":true,\"valueName\":\"search_term_string\"}}],\"inLanguage\":\"pt-PT\"},{\"@type\":\"Organization\",\"@id\":\"https:\\\/\\\/inclusivenews.com.br\\\/#organization\",\"name\":\"Inclusive - inclus\u00e3o e cidadania\",\"url\":\"https:\\\/\\\/inclusivenews.com.br\\\/\",\"logo\":{\"@type\":\"ImageObject\",\"inLanguage\":\"pt-PT\",\"@id\":\"https:\\\/\\\/inclusivenews.com.br\\\/#\\\/schema\\\/logo\\\/image\\\/\",\"url\":\"https:\\\/\\\/inclusivenews.com.br\\\/wp-content\\\/uploads\\\/2024\\\/03\\\/@grandesite.png\",\"contentUrl\":\"https:\\\/\\\/inclusivenews.com.br\\\/wp-content\\\/uploads\\\/2024\\\/03\\\/@grandesite.png\",\"width\":1080,\"height\":1080,\"caption\":\"Inclusive - inclus\u00e3o e cidadania\"},\"image\":{\"@id\":\"https:\\\/\\\/inclusivenews.com.br\\\/#\\\/schema\\\/logo\\\/image\\\/\"},\"sameAs\":[\"https:\\\/\\\/www.facebook.com\\\/agenciainclusive\\\/\",\"https:\\\/\\\/www.instagram.com\\\/newsinclusive\\\/\"]},{\"@type\":\"Person\",\"@id\":\"https:\\\/\\\/inclusivenews.com.br\\\/#\\\/schema\\\/person\\\/ae4ec7087559b8692fb33b6fffd2273b\",\"name\":\"inclusivenews2024\",\"image\":{\"@type\":\"ImageObject\",\"inLanguage\":\"pt-PT\",\"@id\":\"https:\\\/\\\/secure.gravatar.com\\\/avatar\\\/c5a7ef84c66fa914f55bc4f7ce26cfa275a3b9a1c5568b907bd184fb4dde7b40?s=96&d=mm&r=g\",\"url\":\"https:\\\/\\\/secure.gravatar.com\\\/avatar\\\/c5a7ef84c66fa914f55bc4f7ce26cfa275a3b9a1c5568b907bd184fb4dde7b40?s=96&d=mm&r=g\",\"contentUrl\":\"https:\\\/\\\/secure.gravatar.com\\\/avatar\\\/c5a7ef84c66fa914f55bc4f7ce26cfa275a3b9a1c5568b907bd184fb4dde7b40?s=96&d=mm&r=g\",\"caption\":\"inclusivenews2024\"},\"sameAs\":[\"https:\\\/\\\/inclusivenews.com.br\"],\"url\":\"https:\\\/\\\/inclusivenews.com.br\\\/?author=1\"}]}<\/script>\n<!-- \/ Yoast SEO plugin. -->","yoast_head_json":{"title":"Comiss\u00e3o da OEA ouve den\u00fancias de viola\u00e7\u00e3o de direitos humanos no Brasil -","robots":{"index":"index","follow":"follow","max-snippet":"max-snippet:-1","max-image-preview":"max-image-preview:large","max-video-preview":"max-video-preview:-1"},"canonical":"https:\/\/inclusivenews.com.br\/?p=16314","og_locale":"pt_PT","og_type":"article","og_title":"Comiss\u00e3o da OEA ouve den\u00fancias de viola\u00e7\u00e3o de direitos humanos no Brasil -","og_description":"Viol\u00eancia institucional, criminaliza\u00e7\u00e3o da pobreza e dos movimentos sociais, racismo, discrimina\u00e7\u00e3o contra as mulheres e tortura. Estas foram algumas das viola\u00e7\u00f5es relatadas durante a audi\u00eancia p\u00fablica que ocorreu esta manh\u00e3 (29), na Defensoria P\u00fablica do Rio, entre entidades de Direitos Humanos e a Comiss\u00e3o Interamericana de Direitos Humanos (CIDH).","og_url":"https:\/\/inclusivenews.com.br\/?p=16314","article_publisher":"https:\/\/www.facebook.com\/agenciainclusive\/","article_published_time":"2010-07-01T14:00:34+00:00","og_image":[{"url":"http:\/\/inclusivenews.com.br\/wp-content\/uploads\/2010\/03\/Inclusive_direitos_humanos_2.jpg","type":"","width":"","height":""}],"author":"inclusivenews2024","twitter_card":"summary_large_image","twitter_misc":{"Escrito por":"inclusivenews2024","Tempo estimado de leitura":"3 minutos"},"schema":{"@context":"https:\/\/schema.org","@graph":[{"@type":"Article","@id":"https:\/\/inclusivenews.com.br\/?p=16314#article","isPartOf":{"@id":"https:\/\/inclusivenews.com.br\/?p=16314"},"author":{"name":"inclusivenews2024","@id":"https:\/\/inclusivenews.com.br\/#\/schema\/person\/ae4ec7087559b8692fb33b6fffd2273b"},"headline":"Comiss\u00e3o da OEA ouve den\u00fancias de viola\u00e7\u00e3o de direitos humanos no Brasil","datePublished":"2010-07-01T14:00:34+00:00","mainEntityOfPage":{"@id":"https:\/\/inclusivenews.com.br\/?p=16314"},"wordCount":525,"commentCount":0,"publisher":{"@id":"https:\/\/inclusivenews.com.br\/#organization"},"image":{"@id":"https:\/\/inclusivenews.com.br\/?p=16314#primaryimage"},"thumbnailUrl":"http:\/\/inclusivenews.com.br\/wp-content\/uploads\/2010\/03\/Inclusive_direitos_humanos_2.jpg","articleSection":["DIREITOS HUMANOS","NOT\u00cdCIAS"],"inLanguage":"pt-PT","potentialAction":[{"@type":"CommentAction","name":"Comment","target":["https:\/\/inclusivenews.com.br\/?p=16314#respond"]}]},{"@type":"WebPage","@id":"https:\/\/inclusivenews.com.br\/?p=16314","url":"https:\/\/inclusivenews.com.br\/?p=16314","name":"Comiss\u00e3o da OEA ouve den\u00fancias de viola\u00e7\u00e3o de direitos humanos no Brasil -","isPartOf":{"@id":"https:\/\/inclusivenews.com.br\/#website"},"primaryImageOfPage":{"@id":"https:\/\/inclusivenews.com.br\/?p=16314#primaryimage"},"image":{"@id":"https:\/\/inclusivenews.com.br\/?p=16314#primaryimage"},"thumbnailUrl":"http:\/\/inclusivenews.com.br\/wp-content\/uploads\/2010\/03\/Inclusive_direitos_humanos_2.jpg","datePublished":"2010-07-01T14:00:34+00:00","breadcrumb":{"@id":"https:\/\/inclusivenews.com.br\/?p=16314#breadcrumb"},"inLanguage":"pt-PT","potentialAction":[{"@type":"ReadAction","target":["https:\/\/inclusivenews.com.br\/?p=16314"]}]},{"@type":"ImageObject","inLanguage":"pt-PT","@id":"https:\/\/inclusivenews.com.br\/?p=16314#primaryimage","url":"","contentUrl":""},{"@type":"BreadcrumbList","@id":"https:\/\/inclusivenews.com.br\/?p=16314#breadcrumb","itemListElement":[{"@type":"ListItem","position":1,"name":"In\u00edcio","item":"https:\/\/inclusivenews.com.br\/"},{"@type":"ListItem","position":2,"name":"Comiss\u00e3o da OEA ouve den\u00fancias de viola\u00e7\u00e3o de direitos humanos no Brasil"}]},{"@type":"WebSite","@id":"https:\/\/inclusivenews.com.br\/#website","url":"https:\/\/inclusivenews.com.br\/","name":"Inclusive News","description":"Inclusive News","publisher":{"@id":"https:\/\/inclusivenews.com.br\/#organization"},"potentialAction":[{"@type":"SearchAction","target":{"@type":"EntryPoint","urlTemplate":"https:\/\/inclusivenews.com.br\/?s={search_term_string}"},"query-input":{"@type":"PropertyValueSpecification","valueRequired":true,"valueName":"search_term_string"}}],"inLanguage":"pt-PT"},{"@type":"Organization","@id":"https:\/\/inclusivenews.com.br\/#organization","name":"Inclusive - inclus\u00e3o e cidadania","url":"https:\/\/inclusivenews.com.br\/","logo":{"@type":"ImageObject","inLanguage":"pt-PT","@id":"https:\/\/inclusivenews.com.br\/#\/schema\/logo\/image\/","url":"https:\/\/inclusivenews.com.br\/wp-content\/uploads\/2024\/03\/@grandesite.png","contentUrl":"https:\/\/inclusivenews.com.br\/wp-content\/uploads\/2024\/03\/@grandesite.png","width":1080,"height":1080,"caption":"Inclusive - inclus\u00e3o e cidadania"},"image":{"@id":"https:\/\/inclusivenews.com.br\/#\/schema\/logo\/image\/"},"sameAs":["https:\/\/www.facebook.com\/agenciainclusive\/","https:\/\/www.instagram.com\/newsinclusive\/"]},{"@type":"Person","@id":"https:\/\/inclusivenews.com.br\/#\/schema\/person\/ae4ec7087559b8692fb33b6fffd2273b","name":"inclusivenews2024","image":{"@type":"ImageObject","inLanguage":"pt-PT","@id":"https:\/\/secure.gravatar.com\/avatar\/c5a7ef84c66fa914f55bc4f7ce26cfa275a3b9a1c5568b907bd184fb4dde7b40?s=96&d=mm&r=g","url":"https:\/\/secure.gravatar.com\/avatar\/c5a7ef84c66fa914f55bc4f7ce26cfa275a3b9a1c5568b907bd184fb4dde7b40?s=96&d=mm&r=g","contentUrl":"https:\/\/secure.gravatar.com\/avatar\/c5a7ef84c66fa914f55bc4f7ce26cfa275a3b9a1c5568b907bd184fb4dde7b40?s=96&d=mm&r=g","caption":"inclusivenews2024"},"sameAs":["https:\/\/inclusivenews.com.br"],"url":"https:\/\/inclusivenews.com.br\/?author=1"}]}},"_links":{"self":[{"href":"https:\/\/inclusivenews.com.br\/index.php?rest_route=\/wp\/v2\/posts\/16314","targetHints":{"allow":["GET"]}}],"collection":[{"href":"https:\/\/inclusivenews.com.br\/index.php?rest_route=\/wp\/v2\/posts"}],"about":[{"href":"https:\/\/inclusivenews.com.br\/index.php?rest_route=\/wp\/v2\/types\/post"}],"author":[{"embeddable":true,"href":"https:\/\/inclusivenews.com.br\/index.php?rest_route=\/wp\/v2\/users\/1"}],"replies":[{"embeddable":true,"href":"https:\/\/inclusivenews.com.br\/index.php?rest_route=%2Fwp%2Fv2%2Fcomments&post=16314"}],"version-history":[{"count":0,"href":"https:\/\/inclusivenews.com.br\/index.php?rest_route=\/wp\/v2\/posts\/16314\/revisions"}],"wp:attachment":[{"href":"https:\/\/inclusivenews.com.br\/index.php?rest_route=%2Fwp%2Fv2%2Fmedia&parent=16314"}],"wp:term":[{"taxonomy":"category","embeddable":true,"href":"https:\/\/inclusivenews.com.br\/index.php?rest_route=%2Fwp%2Fv2%2Fcategories&post=16314"},{"taxonomy":"post_tag","embeddable":true,"href":"https:\/\/inclusivenews.com.br\/index.php?rest_route=%2Fwp%2Fv2%2Ftags&post=16314"}],"curies":[{"name":"wp","href":"https:\/\/api.w.org\/{rel}","templated":true}]}}