{"id":16318,"date":"2010-07-01T11:14:00","date_gmt":"2010-07-01T14:14:00","guid":{"rendered":"http:\/\/www.inclusive.org.br\/?p=16318"},"modified":"2010-07-01T11:14:00","modified_gmt":"2010-07-01T14:14:00","slug":"programas-de-geracao-de-renda-ampliam-autoestima-de-portadores-de-transtornos-mentais","status":"publish","type":"post","link":"https:\/\/inclusivenews.com.br\/?p=16318","title":{"rendered":"Programas de gera\u00e7\u00e3o de renda ampliam autoestima de portadores de transtornos mentais"},"content":{"rendered":"<figure id=\"attachment_13141\" aria-describedby=\"caption-attachment-13141\" style=\"width: 240px\" class=\"wp-caption alignleft\"><a href=\"http:\/\/www.inclusivenews.com.br\/wp-content\/uploads\/2009\/12\/Inclusive_direitos_humanos.jpg\"><img loading=\"lazy\" decoding=\"async\" class=\"size-full wp-image-13141 \" title=\"Inclusive - direitos humanos: o globo terrestre e \u00edcones representando pessoas de v\u00e1rias cores.\" src=\"http:\/\/inclusivenews.com.br\/wp-content\/uploads\/2009\/12\/Inclusive_direitos_humanos.jpg\" alt=\"\" width=\"240\" height=\"198\" \/><\/a><figcaption id=\"caption-attachment-13141\" class=\"wp-caption-text\"> <\/figcaption><\/figure>\n<p>Luana Louren\u00e7o e Lisiane Wandscheer<br \/>\n<em>Enviadas Especiais<\/em><\/p>\n<p>Goi\u00e2nia e Porto Alegre &#8211; Depois de sete tentativas de suic\u00eddio, a artes\u00e3 Maria Aparecida Sales hoje lida de forma diferente com a depress\u00e3o. \u00c9 entre linhas, agulhas, bordados e conversas ao redor de uma grande mesa que ela tem conseguido conviver com o transtorno mental. Cida \u00e9 uma das 30 associadas do projeto Gerarte, iniciativa de gera\u00e7\u00e3o de renda associada ao tratamento nos centros de Aten\u00e7\u00e3o Psicossocial (Caps) de Goi\u00e2nia.<\/p>\n<p>\u201cAprendi a fazer chaveiros, a bordar, a fazer muita coisa. E isso traz esperan\u00e7a e coisas boas. Antes n\u00e3o tinha com o que ocupar a mente. Para quem vivia internada com depress\u00e3o isso aqui hoje \u00e9 o para\u00edso\u201d, conta Cida enquanto faz o acabamento de um cora\u00e7\u00e3o de feltro verde e amarelo.<\/p>\n<p>Projetos como o Gerarte s\u00e3o parte da estrat\u00e9gia de mudan\u00e7a do atendimento hospitalar de pacientes de sa\u00fade mental para os servi\u00e7os de base comunit\u00e1ria. Junto com os Caps, as resid\u00eancias terap\u00eauticas e o benef\u00edcio De Volta Pra Casa, os centros de conviv\u00eancia e arte sustentam a reforma psiqui\u00e1trica.<\/p>\n<p>\u201cOs associados t\u00eam que fazer parte do programa de sa\u00fade mental: v\u00eam dos Caps ou fazem acompanhamento ambulatorial\u201d, explica a arte-terapeuta Helo\u00edsa de Ara\u00fajo.<\/p>\n<p>De acordo com o Minist\u00e9rio da Sa\u00fade, h\u00e1 pelo menos 393 experi\u00eancias de sa\u00fade mental e economia solid\u00e1ria mapeadas em todo o pa\u00eds. Em Goi\u00e2nia, o Gerarte, criado em 2008, inaugurou a segunda unidade em janeiro deste ano e tem oficinas de costura, bijuterias, tape\u00e7aria, pintura, tear e papel. \u201cA renda \u00e9 dividida entre todos, de acordo com os turnos trabalhados. Cada associado tem recebido mais ou menos R$ 90 ou R$ 100 [<em>por m\u00eas<\/em>]\u201d, calcula Helo\u00edsa.<\/p>\n<p>Para a artes\u00e3 Maria de F\u00e1tima Machado, que sofre de esquizofrenia, melhor que o dinheiro no fim do m\u00eas \u00e9 a conviv\u00eancia com o grupo durante as oficinas. \u201cS\u00f3 vivia em casa, doente, n\u00e3o me tratava. Depois que vim para c\u00e1 mudou, estou feliz aqui. \u00c9 a terapia que eu fa\u00e7o.\u201d<\/p>\n<p>Em Porto Alegre, o Grupo Gera\u00e7\u00e3o POA, criado em 1996, atende usu\u00e1rios da sa\u00fade mental e pessoas com doen\u00e7as do trabalho. Segundo a terapeuta ocupacional K\u00e1tia Barfknecht, a ideia \u00e9 fazer a reinser\u00e7\u00e3o social e possibilitar que essas pessoas se organizem para criar cooperativas.<\/p>\n<p>\u201cQuando criamos esse espa\u00e7o, quer\u00edamos possibilitar que elas pudessem circular em toda a cidade e n\u00e3o ficassem restritas ao tratamento nos centros de Atendimento Psicossocial, os Caps\u201d, explica K\u00e1tia.<\/p>\n<p>Eduardo Silva (nome fict\u00edcio a pedido do entrevistado) \u00e9 um dos mais antigos do grupo de gera\u00e7\u00e3o de renda da capital ga\u00facha. Ele conta que fazia o atendimento psicol\u00f3gico em um posto de sa\u00fade onde recebeu indica\u00e7\u00f5es para participar do Gera\u00e7\u00e3o POA.<\/p>\n<p>Al\u00e9m de fazer artesanato, os integrantes do grupo aprendem a comercializar a produ\u00e7\u00e3o. \u201cParamos de fazer cart\u00f5es pintados. Hoje, entre mandar um cart\u00e3o e mandar um <em>e-mail<\/em> as pessoas preferem o <em>e-mail<\/em>, por isso estamos inovando os cart\u00f5es com <em>origami<\/em> e aprendendo a fazer m\u00f3biles\u201d, destaca.<\/p>\n<p>Em Pernambuco, mais de 120 pessoas fazem parte da oficina de gera\u00e7\u00e3o de renda do munic\u00edpio de Camaragibe, a 10 quil\u00f4metros de Recife. Os produtos s\u00e3o vendidos em uma banca dentro da prefeitura e em outros pontos da cidade. O lucro \u00e9 dividido: parte vai para a manuten\u00e7\u00e3o da oficina e a outra para o bolso dos artes\u00e3os.<\/p>\n<p>Elaine Ramos de Souza tem dois filhos que sofrem de esquizofrenia e depress\u00e3o. Um deles levou um tiro durante um assalto e ficou parapl\u00e9gico. Os tr\u00eas participam da oficina de artesanato e ganham, juntos, cerca de R$ 200 por m\u00eas &#8211; um acr\u00e9scimo \u00e0 renda familiar que se limita \u00e0 pens\u00e3o por invalidez recebida por um dos filhos.<\/p>\n<p>\u201cEu prefiro que meus filhos fiquem perto de mim. Internar n\u00e3o \u00e9 uma boa solu\u00e7\u00e3o. A oficina \u00e9 uma boa terapia, mas serve tamb\u00e9m para ajudar nos gastos mensais\u201d, garante Elaine.<\/p>\n<p><em>Edi\u00e7\u00e3o: Juliana Andrade e L\u00edlian Beraldo<br \/>\n_________________<br \/>\n<\/em><\/p>\n<p><strong>Fonte: <\/strong><a href=\"http:\/\/agenciabrasil.ebc.com.br\/home\/-\/journal_content\/56\/19523\/987333\">Ag\u00eancia Brasil<\/a><\/p>\n","protected":false},"excerpt":{"rendered":"<p>De acordo com o Minist\u00e9rio da Sa\u00fade, h\u00e1 pelo menos 393 experi\u00eancias de sa\u00fade mental e economia solid\u00e1ria mapeadas em todo o pa\u00eds. Reportagem da Ag\u00eancia Brasil.<\/p>\n","protected":false},"author":1,"featured_media":0,"comment_status":"open","ping_status":"open","sticky":false,"template":"","format":"standard","meta":{"site-container-style":"default","site-container-layout":"default","site-sidebar-layout":"default","disable-article-header":"default","disable-site-header":"default","disable-site-footer":"default","disable-content-area-spacing":"default","footnotes":""},"categories":[48,33,37],"tags":[],"class_list":["post-16318","post","type-post","status-publish","format-standard","hentry","category-inclusao","category-reportagem","category-saude"],"yoast_head":"<!-- This site is optimized with the Yoast SEO plugin v27.4 - https:\/\/yoast.com\/product\/yoast-seo-wordpress\/ -->\n<title>Programas de gera\u00e7\u00e3o de renda ampliam autoestima de portadores de transtornos mentais -<\/title>\n<meta name=\"robots\" content=\"index, follow, max-snippet:-1, max-image-preview:large, max-video-preview:-1\" \/>\n<link rel=\"canonical\" href=\"https:\/\/inclusivenews.com.br\/?p=16318\" \/>\n<meta property=\"og:locale\" content=\"pt_PT\" \/>\n<meta property=\"og:type\" content=\"article\" \/>\n<meta property=\"og:title\" content=\"Programas de gera\u00e7\u00e3o de renda ampliam autoestima de portadores de transtornos mentais -\" \/>\n<meta property=\"og:description\" content=\"De acordo com o Minist\u00e9rio da Sa\u00fade, h\u00e1 pelo menos 393 experi\u00eancias de sa\u00fade mental e economia solid\u00e1ria mapeadas em todo o pa\u00eds. Reportagem da Ag\u00eancia Brasil.\" \/>\n<meta property=\"og:url\" content=\"https:\/\/inclusivenews.com.br\/?p=16318\" \/>\n<meta property=\"article:publisher\" content=\"https:\/\/www.facebook.com\/agenciainclusive\/\" \/>\n<meta property=\"article:published_time\" content=\"2010-07-01T14:14:00+00:00\" \/>\n<meta property=\"og:image\" content=\"http:\/\/inclusivenews.com.br\/wp-content\/uploads\/2009\/12\/Inclusive_direitos_humanos.jpg\" \/>\n<meta name=\"author\" content=\"inclusivenews2024\" \/>\n<meta name=\"twitter:card\" content=\"summary_large_image\" \/>\n<meta name=\"twitter:label1\" content=\"Escrito por\" \/>\n\t<meta name=\"twitter:data1\" content=\"inclusivenews2024\" \/>\n\t<meta name=\"twitter:label2\" content=\"Tempo estimado de leitura\" \/>\n\t<meta name=\"twitter:data2\" content=\"4 minutos\" \/>\n<script type=\"application\/ld+json\" class=\"yoast-schema-graph\">{\"@context\":\"https:\\\/\\\/schema.org\",\"@graph\":[{\"@type\":\"Article\",\"@id\":\"https:\\\/\\\/inclusivenews.com.br\\\/?p=16318#article\",\"isPartOf\":{\"@id\":\"https:\\\/\\\/inclusivenews.com.br\\\/?p=16318\"},\"author\":{\"name\":\"inclusivenews2024\",\"@id\":\"https:\\\/\\\/inclusivenews.com.br\\\/#\\\/schema\\\/person\\\/ae4ec7087559b8692fb33b6fffd2273b\"},\"headline\":\"Programas de gera\u00e7\u00e3o de renda ampliam autoestima de portadores de transtornos mentais\",\"datePublished\":\"2010-07-01T14:14:00+00:00\",\"mainEntityOfPage\":{\"@id\":\"https:\\\/\\\/inclusivenews.com.br\\\/?p=16318\"},\"wordCount\":730,\"commentCount\":0,\"publisher\":{\"@id\":\"https:\\\/\\\/inclusivenews.com.br\\\/#organization\"},\"image\":{\"@id\":\"https:\\\/\\\/inclusivenews.com.br\\\/?p=16318#primaryimage\"},\"thumbnailUrl\":\"http:\\\/\\\/inclusivenews.com.br\\\/wp-content\\\/uploads\\\/2009\\\/12\\\/Inclusive_direitos_humanos.jpg\",\"articleSection\":[\"INCLUS\u00c3O SOCIAL\",\"Reportagem\",\"Sa\u00fade\"],\"inLanguage\":\"pt-PT\",\"potentialAction\":[{\"@type\":\"CommentAction\",\"name\":\"Comment\",\"target\":[\"https:\\\/\\\/inclusivenews.com.br\\\/?p=16318#respond\"]}]},{\"@type\":\"WebPage\",\"@id\":\"https:\\\/\\\/inclusivenews.com.br\\\/?p=16318\",\"url\":\"https:\\\/\\\/inclusivenews.com.br\\\/?p=16318\",\"name\":\"Programas de gera\u00e7\u00e3o de renda ampliam autoestima de portadores de transtornos mentais -\",\"isPartOf\":{\"@id\":\"https:\\\/\\\/inclusivenews.com.br\\\/#website\"},\"primaryImageOfPage\":{\"@id\":\"https:\\\/\\\/inclusivenews.com.br\\\/?p=16318#primaryimage\"},\"image\":{\"@id\":\"https:\\\/\\\/inclusivenews.com.br\\\/?p=16318#primaryimage\"},\"thumbnailUrl\":\"http:\\\/\\\/inclusivenews.com.br\\\/wp-content\\\/uploads\\\/2009\\\/12\\\/Inclusive_direitos_humanos.jpg\",\"datePublished\":\"2010-07-01T14:14:00+00:00\",\"breadcrumb\":{\"@id\":\"https:\\\/\\\/inclusivenews.com.br\\\/?p=16318#breadcrumb\"},\"inLanguage\":\"pt-PT\",\"potentialAction\":[{\"@type\":\"ReadAction\",\"target\":[\"https:\\\/\\\/inclusivenews.com.br\\\/?p=16318\"]}]},{\"@type\":\"ImageObject\",\"inLanguage\":\"pt-PT\",\"@id\":\"https:\\\/\\\/inclusivenews.com.br\\\/?p=16318#primaryimage\",\"url\":\"\",\"contentUrl\":\"\"},{\"@type\":\"BreadcrumbList\",\"@id\":\"https:\\\/\\\/inclusivenews.com.br\\\/?p=16318#breadcrumb\",\"itemListElement\":[{\"@type\":\"ListItem\",\"position\":1,\"name\":\"In\u00edcio\",\"item\":\"https:\\\/\\\/inclusivenews.com.br\\\/\"},{\"@type\":\"ListItem\",\"position\":2,\"name\":\"Programas de gera\u00e7\u00e3o de renda ampliam autoestima de portadores de transtornos mentais\"}]},{\"@type\":\"WebSite\",\"@id\":\"https:\\\/\\\/inclusivenews.com.br\\\/#website\",\"url\":\"https:\\\/\\\/inclusivenews.com.br\\\/\",\"name\":\"Inclusive News\",\"description\":\"Inclusive News\",\"publisher\":{\"@id\":\"https:\\\/\\\/inclusivenews.com.br\\\/#organization\"},\"potentialAction\":[{\"@type\":\"SearchAction\",\"target\":{\"@type\":\"EntryPoint\",\"urlTemplate\":\"https:\\\/\\\/inclusivenews.com.br\\\/?s={search_term_string}\"},\"query-input\":{\"@type\":\"PropertyValueSpecification\",\"valueRequired\":true,\"valueName\":\"search_term_string\"}}],\"inLanguage\":\"pt-PT\"},{\"@type\":\"Organization\",\"@id\":\"https:\\\/\\\/inclusivenews.com.br\\\/#organization\",\"name\":\"Inclusive - inclus\u00e3o e cidadania\",\"url\":\"https:\\\/\\\/inclusivenews.com.br\\\/\",\"logo\":{\"@type\":\"ImageObject\",\"inLanguage\":\"pt-PT\",\"@id\":\"https:\\\/\\\/inclusivenews.com.br\\\/#\\\/schema\\\/logo\\\/image\\\/\",\"url\":\"https:\\\/\\\/inclusivenews.com.br\\\/wp-content\\\/uploads\\\/2024\\\/03\\\/@grandesite.png\",\"contentUrl\":\"https:\\\/\\\/inclusivenews.com.br\\\/wp-content\\\/uploads\\\/2024\\\/03\\\/@grandesite.png\",\"width\":1080,\"height\":1080,\"caption\":\"Inclusive - inclus\u00e3o e cidadania\"},\"image\":{\"@id\":\"https:\\\/\\\/inclusivenews.com.br\\\/#\\\/schema\\\/logo\\\/image\\\/\"},\"sameAs\":[\"https:\\\/\\\/www.facebook.com\\\/agenciainclusive\\\/\",\"https:\\\/\\\/www.instagram.com\\\/newsinclusive\\\/\"]},{\"@type\":\"Person\",\"@id\":\"https:\\\/\\\/inclusivenews.com.br\\\/#\\\/schema\\\/person\\\/ae4ec7087559b8692fb33b6fffd2273b\",\"name\":\"inclusivenews2024\",\"image\":{\"@type\":\"ImageObject\",\"inLanguage\":\"pt-PT\",\"@id\":\"https:\\\/\\\/secure.gravatar.com\\\/avatar\\\/c5a7ef84c66fa914f55bc4f7ce26cfa275a3b9a1c5568b907bd184fb4dde7b40?s=96&d=mm&r=g\",\"url\":\"https:\\\/\\\/secure.gravatar.com\\\/avatar\\\/c5a7ef84c66fa914f55bc4f7ce26cfa275a3b9a1c5568b907bd184fb4dde7b40?s=96&d=mm&r=g\",\"contentUrl\":\"https:\\\/\\\/secure.gravatar.com\\\/avatar\\\/c5a7ef84c66fa914f55bc4f7ce26cfa275a3b9a1c5568b907bd184fb4dde7b40?s=96&d=mm&r=g\",\"caption\":\"inclusivenews2024\"},\"sameAs\":[\"https:\\\/\\\/inclusivenews.com.br\"],\"url\":\"https:\\\/\\\/inclusivenews.com.br\\\/?author=1\"}]}<\/script>\n<!-- \/ Yoast SEO plugin. -->","yoast_head_json":{"title":"Programas de gera\u00e7\u00e3o de renda ampliam autoestima de portadores de transtornos mentais -","robots":{"index":"index","follow":"follow","max-snippet":"max-snippet:-1","max-image-preview":"max-image-preview:large","max-video-preview":"max-video-preview:-1"},"canonical":"https:\/\/inclusivenews.com.br\/?p=16318","og_locale":"pt_PT","og_type":"article","og_title":"Programas de gera\u00e7\u00e3o de renda ampliam autoestima de portadores de transtornos mentais -","og_description":"De acordo com o Minist\u00e9rio da Sa\u00fade, h\u00e1 pelo menos 393 experi\u00eancias de sa\u00fade mental e economia solid\u00e1ria mapeadas em todo o pa\u00eds. Reportagem da Ag\u00eancia Brasil.","og_url":"https:\/\/inclusivenews.com.br\/?p=16318","article_publisher":"https:\/\/www.facebook.com\/agenciainclusive\/","article_published_time":"2010-07-01T14:14:00+00:00","og_image":[{"url":"http:\/\/inclusivenews.com.br\/wp-content\/uploads\/2009\/12\/Inclusive_direitos_humanos.jpg","type":"","width":"","height":""}],"author":"inclusivenews2024","twitter_card":"summary_large_image","twitter_misc":{"Escrito por":"inclusivenews2024","Tempo estimado de leitura":"4 minutos"},"schema":{"@context":"https:\/\/schema.org","@graph":[{"@type":"Article","@id":"https:\/\/inclusivenews.com.br\/?p=16318#article","isPartOf":{"@id":"https:\/\/inclusivenews.com.br\/?p=16318"},"author":{"name":"inclusivenews2024","@id":"https:\/\/inclusivenews.com.br\/#\/schema\/person\/ae4ec7087559b8692fb33b6fffd2273b"},"headline":"Programas de gera\u00e7\u00e3o de renda ampliam autoestima de portadores de transtornos mentais","datePublished":"2010-07-01T14:14:00+00:00","mainEntityOfPage":{"@id":"https:\/\/inclusivenews.com.br\/?p=16318"},"wordCount":730,"commentCount":0,"publisher":{"@id":"https:\/\/inclusivenews.com.br\/#organization"},"image":{"@id":"https:\/\/inclusivenews.com.br\/?p=16318#primaryimage"},"thumbnailUrl":"http:\/\/inclusivenews.com.br\/wp-content\/uploads\/2009\/12\/Inclusive_direitos_humanos.jpg","articleSection":["INCLUS\u00c3O SOCIAL","Reportagem","Sa\u00fade"],"inLanguage":"pt-PT","potentialAction":[{"@type":"CommentAction","name":"Comment","target":["https:\/\/inclusivenews.com.br\/?p=16318#respond"]}]},{"@type":"WebPage","@id":"https:\/\/inclusivenews.com.br\/?p=16318","url":"https:\/\/inclusivenews.com.br\/?p=16318","name":"Programas de gera\u00e7\u00e3o de renda ampliam autoestima de portadores de transtornos mentais -","isPartOf":{"@id":"https:\/\/inclusivenews.com.br\/#website"},"primaryImageOfPage":{"@id":"https:\/\/inclusivenews.com.br\/?p=16318#primaryimage"},"image":{"@id":"https:\/\/inclusivenews.com.br\/?p=16318#primaryimage"},"thumbnailUrl":"http:\/\/inclusivenews.com.br\/wp-content\/uploads\/2009\/12\/Inclusive_direitos_humanos.jpg","datePublished":"2010-07-01T14:14:00+00:00","breadcrumb":{"@id":"https:\/\/inclusivenews.com.br\/?p=16318#breadcrumb"},"inLanguage":"pt-PT","potentialAction":[{"@type":"ReadAction","target":["https:\/\/inclusivenews.com.br\/?p=16318"]}]},{"@type":"ImageObject","inLanguage":"pt-PT","@id":"https:\/\/inclusivenews.com.br\/?p=16318#primaryimage","url":"","contentUrl":""},{"@type":"BreadcrumbList","@id":"https:\/\/inclusivenews.com.br\/?p=16318#breadcrumb","itemListElement":[{"@type":"ListItem","position":1,"name":"In\u00edcio","item":"https:\/\/inclusivenews.com.br\/"},{"@type":"ListItem","position":2,"name":"Programas de gera\u00e7\u00e3o de renda ampliam autoestima de portadores de transtornos mentais"}]},{"@type":"WebSite","@id":"https:\/\/inclusivenews.com.br\/#website","url":"https:\/\/inclusivenews.com.br\/","name":"Inclusive News","description":"Inclusive News","publisher":{"@id":"https:\/\/inclusivenews.com.br\/#organization"},"potentialAction":[{"@type":"SearchAction","target":{"@type":"EntryPoint","urlTemplate":"https:\/\/inclusivenews.com.br\/?s={search_term_string}"},"query-input":{"@type":"PropertyValueSpecification","valueRequired":true,"valueName":"search_term_string"}}],"inLanguage":"pt-PT"},{"@type":"Organization","@id":"https:\/\/inclusivenews.com.br\/#organization","name":"Inclusive - inclus\u00e3o e cidadania","url":"https:\/\/inclusivenews.com.br\/","logo":{"@type":"ImageObject","inLanguage":"pt-PT","@id":"https:\/\/inclusivenews.com.br\/#\/schema\/logo\/image\/","url":"https:\/\/inclusivenews.com.br\/wp-content\/uploads\/2024\/03\/@grandesite.png","contentUrl":"https:\/\/inclusivenews.com.br\/wp-content\/uploads\/2024\/03\/@grandesite.png","width":1080,"height":1080,"caption":"Inclusive - inclus\u00e3o e cidadania"},"image":{"@id":"https:\/\/inclusivenews.com.br\/#\/schema\/logo\/image\/"},"sameAs":["https:\/\/www.facebook.com\/agenciainclusive\/","https:\/\/www.instagram.com\/newsinclusive\/"]},{"@type":"Person","@id":"https:\/\/inclusivenews.com.br\/#\/schema\/person\/ae4ec7087559b8692fb33b6fffd2273b","name":"inclusivenews2024","image":{"@type":"ImageObject","inLanguage":"pt-PT","@id":"https:\/\/secure.gravatar.com\/avatar\/c5a7ef84c66fa914f55bc4f7ce26cfa275a3b9a1c5568b907bd184fb4dde7b40?s=96&d=mm&r=g","url":"https:\/\/secure.gravatar.com\/avatar\/c5a7ef84c66fa914f55bc4f7ce26cfa275a3b9a1c5568b907bd184fb4dde7b40?s=96&d=mm&r=g","contentUrl":"https:\/\/secure.gravatar.com\/avatar\/c5a7ef84c66fa914f55bc4f7ce26cfa275a3b9a1c5568b907bd184fb4dde7b40?s=96&d=mm&r=g","caption":"inclusivenews2024"},"sameAs":["https:\/\/inclusivenews.com.br"],"url":"https:\/\/inclusivenews.com.br\/?author=1"}]}},"_links":{"self":[{"href":"https:\/\/inclusivenews.com.br\/index.php?rest_route=\/wp\/v2\/posts\/16318","targetHints":{"allow":["GET"]}}],"collection":[{"href":"https:\/\/inclusivenews.com.br\/index.php?rest_route=\/wp\/v2\/posts"}],"about":[{"href":"https:\/\/inclusivenews.com.br\/index.php?rest_route=\/wp\/v2\/types\/post"}],"author":[{"embeddable":true,"href":"https:\/\/inclusivenews.com.br\/index.php?rest_route=\/wp\/v2\/users\/1"}],"replies":[{"embeddable":true,"href":"https:\/\/inclusivenews.com.br\/index.php?rest_route=%2Fwp%2Fv2%2Fcomments&post=16318"}],"version-history":[{"count":0,"href":"https:\/\/inclusivenews.com.br\/index.php?rest_route=\/wp\/v2\/posts\/16318\/revisions"}],"wp:attachment":[{"href":"https:\/\/inclusivenews.com.br\/index.php?rest_route=%2Fwp%2Fv2%2Fmedia&parent=16318"}],"wp:term":[{"taxonomy":"category","embeddable":true,"href":"https:\/\/inclusivenews.com.br\/index.php?rest_route=%2Fwp%2Fv2%2Fcategories&post=16318"},{"taxonomy":"post_tag","embeddable":true,"href":"https:\/\/inclusivenews.com.br\/index.php?rest_route=%2Fwp%2Fv2%2Ftags&post=16318"}],"curies":[{"name":"wp","href":"https:\/\/api.w.org\/{rel}","templated":true}]}}