{"id":16320,"date":"2010-07-01T08:14:16","date_gmt":"2010-07-01T11:14:16","guid":{"rendered":"http:\/\/www.inclusive.org.br\/?p=16320"},"modified":"2010-07-01T08:14:16","modified_gmt":"2010-07-01T11:14:16","slug":"em-curitiba-seminario-inicia-comemoracoes-pelos-20-anos-do-eca","status":"publish","type":"post","link":"https:\/\/inclusivenews.com.br\/?p=16320","title":{"rendered":"Em Curitiba, semin\u00e1rio inicia comemora\u00e7\u00f5es pelos 20 anos do ECA"},"content":{"rendered":"<figure style=\"width: 240px\" class=\"wp-caption alignleft\"><img loading=\"lazy\" decoding=\"async\" title=\"Ilustra\u00e7\u00e3o de crian\u00e7as de m\u00e3o\" src=\"http:\/\/1.bp.blogspot.com\/_jHiPGQxAOKA\/Sn3FgZZ4YUI\/AAAAAAAADY0\/vbr-pzG5zH4\/s400\/%257Be8c4aa4e-c1fe-4bbb-b82b-5f206c51aba2%257D_eca_400x279x0.jpg\" alt=\"\" width=\"240\" height=\"167\" \/><figcaption class=\"wp-caption-text\"> <\/figcaption><\/figure>\n<p><span class=\"noticia_autor\">Karol Assun\u00e7\u00e3o *No pr\u00f3ximo dia 13, o Estatuto da Crian\u00e7a e do Adolescente (ECA) completar\u00e1 duas d\u00e9cadas.\u00a0 Al\u00e9m de comemorar o anivers\u00e1rio da Lei n\u00ba 8.069, \u00e9 necess\u00e1rio fazer uma reflex\u00e3o acerca dos avan\u00e7os e desafios enfrentados ao longo desses 20 anos. \u00c9 pensando nessas duas a\u00e7\u00f5es que acontece, desde ontem (28), em Curitiba, Paran\u00e1, o semin\u00e1rio &#8220;Crian\u00e7a Prioridade Absoluta: 20 Anos do Estatuto da Crian\u00e7a e do Adolescente&#8221;.Organizado pela Secretaria de Estado da Crian\u00e7a e da Juventude do Paran\u00e1 (SECJ) e pelo Conselho Estadual dos Direitos da Crian\u00e7a e do Adolescente (Cedca-PR), o evento pretende reunir, at\u00e9 o dia 2 de julho, mais de 1.500 pesquisadores, conselheiros, representantes juvenis e profissionais ligados \u00e0 quest\u00e3o da inf\u00e2ncia e da adolesc\u00eancia.<\/p>\n<p><\/span><\/p>\n<div>\n<p><span class=\"noticia_texto\"><\/p>\n<div id=\"mudaFonte\">\n<p>Durante cinco dias, os participantes t\u00eam a oportunidade de discutir os avan\u00e7os e os desafios para o sistema de garantia de direitos da crian\u00e7a e do adolescente ap\u00f3s os 20 anos do ECA. Al\u00e9m disso, o evento \u00e9 dividido em cinco eixos tem\u00e1ticos, os quais abordar\u00e3o quest\u00f5es mais espec\u00edficas: II Semin\u00e1rio Nacional de Medidas Socioeducativas; Plano Decenal, Conviv\u00eancia Familiar e Comunit\u00e1ria; Enfrentamento \u00e0 Viol\u00eancia contra Crian\u00e7as e Adolescentes; e Enfrentamento ao Trabalho Infantil.<\/p>\n<p>As atividades n\u00e3o se concentram apenas em discuss\u00f5es e debates. Ainda fazem parte da programa\u00e7\u00e3o apresenta\u00e7\u00f5es art\u00edsticas e homenagens a entidades e profissionais que colaboraram para a concretiza\u00e7\u00e3o da pol\u00edtica da inf\u00e2ncia e da juventude no Brasil.<\/p>\n<p>O semin\u00e1rio conta tamb\u00e9m com a presen\u00e7a do representante do Fundo das Na\u00e7\u00f5es Unidas para a Inf\u00e2ncia (Unicef) na Argentina, Em\u00edlio Garc\u00eda M\u00e9ndez, quem aborda a quest\u00e3o dos &#8220;Diferentes sistemas de Adolescentes autores de ato infracional na Am\u00e9rica&#8221;; e do presidente do Conselho Nacional dos Direitos da Crian\u00e7a e do Adolescente (Conanda), F\u00e1bio Feitosa, o qual discute sobre os subs\u00eddios para a constru\u00e7\u00e3o do Plano Decenal, documento que prev\u00ea as diretrizes da pol\u00edtica da inf\u00e2ncia e da adolesc\u00eancias para os pr\u00f3ximo dez anos.<\/p>\n<p>O semin\u00e1rio acontece at\u00e9 a pr\u00f3xima sexta-feira (2), no Centro de Eventos da Federa\u00e7\u00e3o de Ind\u00fastrias do Estado do Paran\u00e1 &#8211; Fiep (Av. Comendador Franco, 1341 &#8211; Jardim Bot\u00e2nico &#8211; Curitiba\/PR).<\/p>\n<p>Para mais informa\u00e7\u00f5es, acesse: <a href=\"http:\/\/www.secj.pr.gov.br\/modules\/conteudo\/conteudo.php?conteudo=445\">http:\/\/www.secj.pr.gov.br\/modules\/conteudo\/conteudo.php?conteudo=445<\/a><\/p>\n<p><span class=\"noticia_autor\">* Jornalista da Adital<\/span><\/p>\n<p>___________<\/p>\n<p><strong>Fonte:<\/strong> <a href=\"http:\/\/www.adital.org.br\/site\/noticia.asp?lang=PT&amp;cat=2&amp;cod=49008\">Adital<\/a><span class=\"noticia_autor\"><br \/>\n<\/span><\/p>\n<\/div>\n<p><\/span><\/p>\n<\/div>\n","protected":false},"excerpt":{"rendered":"<p>No pr\u00f3ximo dia 13, o Estatuto da Crian\u00e7a e do Adolescente (ECA) completar\u00e1 duas d\u00e9cadas.  Al\u00e9m de comemorar o anivers\u00e1rio da Lei n\u00ba 8.069, \u00e9 necess\u00e1rio fazer uma reflex\u00e3o acerca dos avan\u00e7os e desafios enfrentados ao longo desses 20 anos. Reportagem de Karol Assun\u00e7\u00e3o, da Adital.<\/p>\n","protected":false},"author":1,"featured_media":0,"comment_status":"open","ping_status":"open","sticky":false,"template":"","format":"standard","meta":{"site-container-style":"default","site-container-layout":"default","site-sidebar-layout":"default","disable-article-header":"default","disable-site-header":"default","disable-site-footer":"default","disable-content-area-spacing":"default","footnotes":""},"categories":[4],"tags":[60],"class_list":["post-16320","post","type-post","status-publish","format-standard","hentry","category-noticias","tag-infancia"],"yoast_head":"<!-- This site is optimized with the Yoast SEO plugin v27.4 - https:\/\/yoast.com\/product\/yoast-seo-wordpress\/ -->\n<title>Em Curitiba, semin\u00e1rio inicia comemora\u00e7\u00f5es pelos 20 anos do ECA -<\/title>\n<meta name=\"robots\" content=\"index, follow, max-snippet:-1, max-image-preview:large, max-video-preview:-1\" \/>\n<link rel=\"canonical\" href=\"https:\/\/inclusivenews.com.br\/?p=16320\" \/>\n<meta property=\"og:locale\" content=\"pt_PT\" \/>\n<meta property=\"og:type\" content=\"article\" \/>\n<meta property=\"og:title\" content=\"Em Curitiba, semin\u00e1rio inicia comemora\u00e7\u00f5es pelos 20 anos do ECA -\" \/>\n<meta property=\"og:description\" content=\"No pr\u00f3ximo dia 13, o Estatuto da Crian\u00e7a e do Adolescente (ECA) completar\u00e1 duas d\u00e9cadas. Al\u00e9m de comemorar o anivers\u00e1rio da Lei n\u00ba 8.069, \u00e9 necess\u00e1rio fazer uma reflex\u00e3o acerca dos avan\u00e7os e desafios enfrentados ao longo desses 20 anos. Reportagem de Karol Assun\u00e7\u00e3o, da Adital.\" \/>\n<meta property=\"og:url\" content=\"https:\/\/inclusivenews.com.br\/?p=16320\" \/>\n<meta property=\"article:publisher\" content=\"https:\/\/www.facebook.com\/agenciainclusive\/\" \/>\n<meta property=\"article:published_time\" content=\"2010-07-01T11:14:16+00:00\" \/>\n<meta property=\"og:image\" content=\"http:\/\/1.bp.blogspot.com\/_jHiPGQxAOKA\/Sn3FgZZ4YUI\/AAAAAAAADY0\/vbr-pzG5zH4\/s400\/%257Be8c4aa4e-c1fe-4bbb-b82b-5f206c51aba2%257D_eca_400x279x0.jpg\" \/>\n<meta name=\"author\" content=\"inclusivenews2024\" \/>\n<meta name=\"twitter:card\" content=\"summary_large_image\" \/>\n<meta name=\"twitter:label1\" content=\"Escrito por\" \/>\n\t<meta name=\"twitter:data1\" content=\"inclusivenews2024\" \/>\n\t<meta name=\"twitter:label2\" content=\"Tempo estimado de leitura\" \/>\n\t<meta name=\"twitter:data2\" content=\"2 minutos\" \/>\n<script type=\"application\/ld+json\" class=\"yoast-schema-graph\">{\"@context\":\"https:\\\/\\\/schema.org\",\"@graph\":[{\"@type\":\"Article\",\"@id\":\"https:\\\/\\\/inclusivenews.com.br\\\/?p=16320#article\",\"isPartOf\":{\"@id\":\"https:\\\/\\\/inclusivenews.com.br\\\/?p=16320\"},\"author\":{\"name\":\"inclusivenews2024\",\"@id\":\"https:\\\/\\\/inclusivenews.com.br\\\/#\\\/schema\\\/person\\\/ae4ec7087559b8692fb33b6fffd2273b\"},\"headline\":\"Em Curitiba, semin\u00e1rio inicia comemora\u00e7\u00f5es pelos 20 anos do ECA\",\"datePublished\":\"2010-07-01T11:14:16+00:00\",\"mainEntityOfPage\":{\"@id\":\"https:\\\/\\\/inclusivenews.com.br\\\/?p=16320\"},\"wordCount\":433,\"commentCount\":0,\"publisher\":{\"@id\":\"https:\\\/\\\/inclusivenews.com.br\\\/#organization\"},\"image\":{\"@id\":\"https:\\\/\\\/inclusivenews.com.br\\\/?p=16320#primaryimage\"},\"thumbnailUrl\":\"http:\\\/\\\/1.bp.blogspot.com\\\/_jHiPGQxAOKA\\\/Sn3FgZZ4YUI\\\/AAAAAAAADY0\\\/vbr-pzG5zH4\\\/s400\\\/%257Be8c4aa4e-c1fe-4bbb-b82b-5f206c51aba2%257D_eca_400x279x0.jpg\",\"keywords\":[\"Inf\u00e2ncia\"],\"articleSection\":[\"NOT\u00cdCIAS\"],\"inLanguage\":\"pt-PT\",\"potentialAction\":[{\"@type\":\"CommentAction\",\"name\":\"Comment\",\"target\":[\"https:\\\/\\\/inclusivenews.com.br\\\/?p=16320#respond\"]}]},{\"@type\":\"WebPage\",\"@id\":\"https:\\\/\\\/inclusivenews.com.br\\\/?p=16320\",\"url\":\"https:\\\/\\\/inclusivenews.com.br\\\/?p=16320\",\"name\":\"Em Curitiba, semin\u00e1rio inicia comemora\u00e7\u00f5es pelos 20 anos do ECA -\",\"isPartOf\":{\"@id\":\"https:\\\/\\\/inclusivenews.com.br\\\/#website\"},\"primaryImageOfPage\":{\"@id\":\"https:\\\/\\\/inclusivenews.com.br\\\/?p=16320#primaryimage\"},\"image\":{\"@id\":\"https:\\\/\\\/inclusivenews.com.br\\\/?p=16320#primaryimage\"},\"thumbnailUrl\":\"http:\\\/\\\/1.bp.blogspot.com\\\/_jHiPGQxAOKA\\\/Sn3FgZZ4YUI\\\/AAAAAAAADY0\\\/vbr-pzG5zH4\\\/s400\\\/%257Be8c4aa4e-c1fe-4bbb-b82b-5f206c51aba2%257D_eca_400x279x0.jpg\",\"datePublished\":\"2010-07-01T11:14:16+00:00\",\"breadcrumb\":{\"@id\":\"https:\\\/\\\/inclusivenews.com.br\\\/?p=16320#breadcrumb\"},\"inLanguage\":\"pt-PT\",\"potentialAction\":[{\"@type\":\"ReadAction\",\"target\":[\"https:\\\/\\\/inclusivenews.com.br\\\/?p=16320\"]}]},{\"@type\":\"ImageObject\",\"inLanguage\":\"pt-PT\",\"@id\":\"https:\\\/\\\/inclusivenews.com.br\\\/?p=16320#primaryimage\",\"url\":\"http:\\\/\\\/1.bp.blogspot.com\\\/_jHiPGQxAOKA\\\/Sn3FgZZ4YUI\\\/AAAAAAAADY0\\\/vbr-pzG5zH4\\\/s400\\\/%257Be8c4aa4e-c1fe-4bbb-b82b-5f206c51aba2%257D_eca_400x279x0.jpg\",\"contentUrl\":\"http:\\\/\\\/1.bp.blogspot.com\\\/_jHiPGQxAOKA\\\/Sn3FgZZ4YUI\\\/AAAAAAAADY0\\\/vbr-pzG5zH4\\\/s400\\\/%257Be8c4aa4e-c1fe-4bbb-b82b-5f206c51aba2%257D_eca_400x279x0.jpg\"},{\"@type\":\"BreadcrumbList\",\"@id\":\"https:\\\/\\\/inclusivenews.com.br\\\/?p=16320#breadcrumb\",\"itemListElement\":[{\"@type\":\"ListItem\",\"position\":1,\"name\":\"In\u00edcio\",\"item\":\"https:\\\/\\\/inclusivenews.com.br\\\/\"},{\"@type\":\"ListItem\",\"position\":2,\"name\":\"Em Curitiba, semin\u00e1rio inicia comemora\u00e7\u00f5es pelos 20 anos do ECA\"}]},{\"@type\":\"WebSite\",\"@id\":\"https:\\\/\\\/inclusivenews.com.br\\\/#website\",\"url\":\"https:\\\/\\\/inclusivenews.com.br\\\/\",\"name\":\"Inclusive News\",\"description\":\"Inclusive News\",\"publisher\":{\"@id\":\"https:\\\/\\\/inclusivenews.com.br\\\/#organization\"},\"potentialAction\":[{\"@type\":\"SearchAction\",\"target\":{\"@type\":\"EntryPoint\",\"urlTemplate\":\"https:\\\/\\\/inclusivenews.com.br\\\/?s={search_term_string}\"},\"query-input\":{\"@type\":\"PropertyValueSpecification\",\"valueRequired\":true,\"valueName\":\"search_term_string\"}}],\"inLanguage\":\"pt-PT\"},{\"@type\":\"Organization\",\"@id\":\"https:\\\/\\\/inclusivenews.com.br\\\/#organization\",\"name\":\"Inclusive - inclus\u00e3o e cidadania\",\"url\":\"https:\\\/\\\/inclusivenews.com.br\\\/\",\"logo\":{\"@type\":\"ImageObject\",\"inLanguage\":\"pt-PT\",\"@id\":\"https:\\\/\\\/inclusivenews.com.br\\\/#\\\/schema\\\/logo\\\/image\\\/\",\"url\":\"https:\\\/\\\/inclusivenews.com.br\\\/wp-content\\\/uploads\\\/2024\\\/03\\\/@grandesite.png\",\"contentUrl\":\"https:\\\/\\\/inclusivenews.com.br\\\/wp-content\\\/uploads\\\/2024\\\/03\\\/@grandesite.png\",\"width\":1080,\"height\":1080,\"caption\":\"Inclusive - inclus\u00e3o e cidadania\"},\"image\":{\"@id\":\"https:\\\/\\\/inclusivenews.com.br\\\/#\\\/schema\\\/logo\\\/image\\\/\"},\"sameAs\":[\"https:\\\/\\\/www.facebook.com\\\/agenciainclusive\\\/\",\"https:\\\/\\\/www.instagram.com\\\/newsinclusive\\\/\"]},{\"@type\":\"Person\",\"@id\":\"https:\\\/\\\/inclusivenews.com.br\\\/#\\\/schema\\\/person\\\/ae4ec7087559b8692fb33b6fffd2273b\",\"name\":\"inclusivenews2024\",\"image\":{\"@type\":\"ImageObject\",\"inLanguage\":\"pt-PT\",\"@id\":\"https:\\\/\\\/secure.gravatar.com\\\/avatar\\\/c5a7ef84c66fa914f55bc4f7ce26cfa275a3b9a1c5568b907bd184fb4dde7b40?s=96&d=mm&r=g\",\"url\":\"https:\\\/\\\/secure.gravatar.com\\\/avatar\\\/c5a7ef84c66fa914f55bc4f7ce26cfa275a3b9a1c5568b907bd184fb4dde7b40?s=96&d=mm&r=g\",\"contentUrl\":\"https:\\\/\\\/secure.gravatar.com\\\/avatar\\\/c5a7ef84c66fa914f55bc4f7ce26cfa275a3b9a1c5568b907bd184fb4dde7b40?s=96&d=mm&r=g\",\"caption\":\"inclusivenews2024\"},\"sameAs\":[\"https:\\\/\\\/inclusivenews.com.br\"],\"url\":\"https:\\\/\\\/inclusivenews.com.br\\\/?author=1\"}]}<\/script>\n<!-- \/ Yoast SEO plugin. -->","yoast_head_json":{"title":"Em Curitiba, semin\u00e1rio inicia comemora\u00e7\u00f5es pelos 20 anos do ECA -","robots":{"index":"index","follow":"follow","max-snippet":"max-snippet:-1","max-image-preview":"max-image-preview:large","max-video-preview":"max-video-preview:-1"},"canonical":"https:\/\/inclusivenews.com.br\/?p=16320","og_locale":"pt_PT","og_type":"article","og_title":"Em Curitiba, semin\u00e1rio inicia comemora\u00e7\u00f5es pelos 20 anos do ECA -","og_description":"No pr\u00f3ximo dia 13, o Estatuto da Crian\u00e7a e do Adolescente (ECA) completar\u00e1 duas d\u00e9cadas. Al\u00e9m de comemorar o anivers\u00e1rio da Lei n\u00ba 8.069, \u00e9 necess\u00e1rio fazer uma reflex\u00e3o acerca dos avan\u00e7os e desafios enfrentados ao longo desses 20 anos. Reportagem de Karol Assun\u00e7\u00e3o, da Adital.","og_url":"https:\/\/inclusivenews.com.br\/?p=16320","article_publisher":"https:\/\/www.facebook.com\/agenciainclusive\/","article_published_time":"2010-07-01T11:14:16+00:00","og_image":[{"url":"http:\/\/1.bp.blogspot.com\/_jHiPGQxAOKA\/Sn3FgZZ4YUI\/AAAAAAAADY0\/vbr-pzG5zH4\/s400\/%257Be8c4aa4e-c1fe-4bbb-b82b-5f206c51aba2%257D_eca_400x279x0.jpg","type":"","width":"","height":""}],"author":"inclusivenews2024","twitter_card":"summary_large_image","twitter_misc":{"Escrito por":"inclusivenews2024","Tempo estimado de leitura":"2 minutos"},"schema":{"@context":"https:\/\/schema.org","@graph":[{"@type":"Article","@id":"https:\/\/inclusivenews.com.br\/?p=16320#article","isPartOf":{"@id":"https:\/\/inclusivenews.com.br\/?p=16320"},"author":{"name":"inclusivenews2024","@id":"https:\/\/inclusivenews.com.br\/#\/schema\/person\/ae4ec7087559b8692fb33b6fffd2273b"},"headline":"Em Curitiba, semin\u00e1rio inicia comemora\u00e7\u00f5es pelos 20 anos do ECA","datePublished":"2010-07-01T11:14:16+00:00","mainEntityOfPage":{"@id":"https:\/\/inclusivenews.com.br\/?p=16320"},"wordCount":433,"commentCount":0,"publisher":{"@id":"https:\/\/inclusivenews.com.br\/#organization"},"image":{"@id":"https:\/\/inclusivenews.com.br\/?p=16320#primaryimage"},"thumbnailUrl":"http:\/\/1.bp.blogspot.com\/_jHiPGQxAOKA\/Sn3FgZZ4YUI\/AAAAAAAADY0\/vbr-pzG5zH4\/s400\/%257Be8c4aa4e-c1fe-4bbb-b82b-5f206c51aba2%257D_eca_400x279x0.jpg","keywords":["Inf\u00e2ncia"],"articleSection":["NOT\u00cdCIAS"],"inLanguage":"pt-PT","potentialAction":[{"@type":"CommentAction","name":"Comment","target":["https:\/\/inclusivenews.com.br\/?p=16320#respond"]}]},{"@type":"WebPage","@id":"https:\/\/inclusivenews.com.br\/?p=16320","url":"https:\/\/inclusivenews.com.br\/?p=16320","name":"Em Curitiba, semin\u00e1rio inicia comemora\u00e7\u00f5es pelos 20 anos do ECA -","isPartOf":{"@id":"https:\/\/inclusivenews.com.br\/#website"},"primaryImageOfPage":{"@id":"https:\/\/inclusivenews.com.br\/?p=16320#primaryimage"},"image":{"@id":"https:\/\/inclusivenews.com.br\/?p=16320#primaryimage"},"thumbnailUrl":"http:\/\/1.bp.blogspot.com\/_jHiPGQxAOKA\/Sn3FgZZ4YUI\/AAAAAAAADY0\/vbr-pzG5zH4\/s400\/%257Be8c4aa4e-c1fe-4bbb-b82b-5f206c51aba2%257D_eca_400x279x0.jpg","datePublished":"2010-07-01T11:14:16+00:00","breadcrumb":{"@id":"https:\/\/inclusivenews.com.br\/?p=16320#breadcrumb"},"inLanguage":"pt-PT","potentialAction":[{"@type":"ReadAction","target":["https:\/\/inclusivenews.com.br\/?p=16320"]}]},{"@type":"ImageObject","inLanguage":"pt-PT","@id":"https:\/\/inclusivenews.com.br\/?p=16320#primaryimage","url":"http:\/\/1.bp.blogspot.com\/_jHiPGQxAOKA\/Sn3FgZZ4YUI\/AAAAAAAADY0\/vbr-pzG5zH4\/s400\/%257Be8c4aa4e-c1fe-4bbb-b82b-5f206c51aba2%257D_eca_400x279x0.jpg","contentUrl":"http:\/\/1.bp.blogspot.com\/_jHiPGQxAOKA\/Sn3FgZZ4YUI\/AAAAAAAADY0\/vbr-pzG5zH4\/s400\/%257Be8c4aa4e-c1fe-4bbb-b82b-5f206c51aba2%257D_eca_400x279x0.jpg"},{"@type":"BreadcrumbList","@id":"https:\/\/inclusivenews.com.br\/?p=16320#breadcrumb","itemListElement":[{"@type":"ListItem","position":1,"name":"In\u00edcio","item":"https:\/\/inclusivenews.com.br\/"},{"@type":"ListItem","position":2,"name":"Em Curitiba, semin\u00e1rio inicia comemora\u00e7\u00f5es pelos 20 anos do ECA"}]},{"@type":"WebSite","@id":"https:\/\/inclusivenews.com.br\/#website","url":"https:\/\/inclusivenews.com.br\/","name":"Inclusive News","description":"Inclusive News","publisher":{"@id":"https:\/\/inclusivenews.com.br\/#organization"},"potentialAction":[{"@type":"SearchAction","target":{"@type":"EntryPoint","urlTemplate":"https:\/\/inclusivenews.com.br\/?s={search_term_string}"},"query-input":{"@type":"PropertyValueSpecification","valueRequired":true,"valueName":"search_term_string"}}],"inLanguage":"pt-PT"},{"@type":"Organization","@id":"https:\/\/inclusivenews.com.br\/#organization","name":"Inclusive - inclus\u00e3o e cidadania","url":"https:\/\/inclusivenews.com.br\/","logo":{"@type":"ImageObject","inLanguage":"pt-PT","@id":"https:\/\/inclusivenews.com.br\/#\/schema\/logo\/image\/","url":"https:\/\/inclusivenews.com.br\/wp-content\/uploads\/2024\/03\/@grandesite.png","contentUrl":"https:\/\/inclusivenews.com.br\/wp-content\/uploads\/2024\/03\/@grandesite.png","width":1080,"height":1080,"caption":"Inclusive - inclus\u00e3o e cidadania"},"image":{"@id":"https:\/\/inclusivenews.com.br\/#\/schema\/logo\/image\/"},"sameAs":["https:\/\/www.facebook.com\/agenciainclusive\/","https:\/\/www.instagram.com\/newsinclusive\/"]},{"@type":"Person","@id":"https:\/\/inclusivenews.com.br\/#\/schema\/person\/ae4ec7087559b8692fb33b6fffd2273b","name":"inclusivenews2024","image":{"@type":"ImageObject","inLanguage":"pt-PT","@id":"https:\/\/secure.gravatar.com\/avatar\/c5a7ef84c66fa914f55bc4f7ce26cfa275a3b9a1c5568b907bd184fb4dde7b40?s=96&d=mm&r=g","url":"https:\/\/secure.gravatar.com\/avatar\/c5a7ef84c66fa914f55bc4f7ce26cfa275a3b9a1c5568b907bd184fb4dde7b40?s=96&d=mm&r=g","contentUrl":"https:\/\/secure.gravatar.com\/avatar\/c5a7ef84c66fa914f55bc4f7ce26cfa275a3b9a1c5568b907bd184fb4dde7b40?s=96&d=mm&r=g","caption":"inclusivenews2024"},"sameAs":["https:\/\/inclusivenews.com.br"],"url":"https:\/\/inclusivenews.com.br\/?author=1"}]}},"_links":{"self":[{"href":"https:\/\/inclusivenews.com.br\/index.php?rest_route=\/wp\/v2\/posts\/16320","targetHints":{"allow":["GET"]}}],"collection":[{"href":"https:\/\/inclusivenews.com.br\/index.php?rest_route=\/wp\/v2\/posts"}],"about":[{"href":"https:\/\/inclusivenews.com.br\/index.php?rest_route=\/wp\/v2\/types\/post"}],"author":[{"embeddable":true,"href":"https:\/\/inclusivenews.com.br\/index.php?rest_route=\/wp\/v2\/users\/1"}],"replies":[{"embeddable":true,"href":"https:\/\/inclusivenews.com.br\/index.php?rest_route=%2Fwp%2Fv2%2Fcomments&post=16320"}],"version-history":[{"count":0,"href":"https:\/\/inclusivenews.com.br\/index.php?rest_route=\/wp\/v2\/posts\/16320\/revisions"}],"wp:attachment":[{"href":"https:\/\/inclusivenews.com.br\/index.php?rest_route=%2Fwp%2Fv2%2Fmedia&parent=16320"}],"wp:term":[{"taxonomy":"category","embeddable":true,"href":"https:\/\/inclusivenews.com.br\/index.php?rest_route=%2Fwp%2Fv2%2Fcategories&post=16320"},{"taxonomy":"post_tag","embeddable":true,"href":"https:\/\/inclusivenews.com.br\/index.php?rest_route=%2Fwp%2Fv2%2Ftags&post=16320"}],"curies":[{"name":"wp","href":"https:\/\/api.w.org\/{rel}","templated":true}]}}