{"id":16322,"date":"2010-07-01T11:02:30","date_gmt":"2010-07-01T14:02:30","guid":{"rendered":"http:\/\/www.inclusive.org.br\/?p=16322"},"modified":"2010-07-01T11:02:30","modified_gmt":"2010-07-01T14:02:30","slug":"software-livre-traduz-fala-e-escrita-para-a-lingua-de-sinais","status":"publish","type":"post","link":"https:\/\/inclusivenews.com.br\/?p=16322","title":{"rendered":"Software livre traduz fala e escrita para a l\u00edngua de sinais"},"content":{"rendered":"<figure style=\"width: 240px\" class=\"wp-caption alignleft\"><img loading=\"lazy\" decoding=\"async\" class=\" \" title=\"Libras\" src=\"http:\/\/use15.files.wordpress.com\/2009\/10\/libras.jpg\" alt=\"\" width=\"240\" height=\"156\" \/><figcaption class=\"wp-caption-text\"> <\/figcaption><\/figure>\n<p>Veris: Software livre traduz fala e escrita para a l\u00edngua de sinais<\/p>\n<p>Apesar de poucas pessoas saberem que colocar as m\u00e3os espalmadas tr\u00eas vezes uma sobre a outra significa inclus\u00e3o na L\u00edngua Brasileira de Sinais (Libras), foi exatamente isso que a ex-aluna do curso de Engenharia de Computa\u00e7\u00e3o da Veris Faculdades, Noelle Nascimento Buffa Furtado fez, ao desenvolver um software in\u00e9dito no mercado que converte a fala e escrita em portugu\u00eas para Libras. At\u00e9 hoje, apenas a ferramenta Ryben\u00e1 disponibiliza um recurso parecido, por\u00e9m s\u00f3 para textos selecionados de p\u00e1ginas da Internet e n\u00e3o utiliza o recurso de voz.<\/p>\n<p>Segundo o Censo do IBGE (2000), no Brasil existem aproximadamente 5,8 milh\u00f5es de surdos, sendo que 30% desse montante n\u00e3o sabem ler o portugu\u00eas. O restante (70%) at\u00e9 sabe ler, mas n\u00e3o t\u00eam entendimento claro da l\u00edngua portuguesa.<\/p>\n<p>O software VE-LIBRAS, como \u00e9 chamado, ainda \u00e9 um prot\u00f3tipo, mas dever\u00e1 diminuir drasticamente essas barreiras de comunica\u00e7\u00e3o e proporcionar mais acessibilidade para a comunidade surda, quando finalmente chegar ao mercado. &#8220;O objetivo \u00e9 tornar mais acess\u00edvel a Libras e facilitar a comunica\u00e7\u00e3o entre essas pessoas. Um pai, por exemplo, poder\u00e1 conversar com seu filho atrav\u00e9s deste software mesmo que n\u00e3o tenha dom\u00ednio da l\u00edngua de sinais. O mesmo vale para as salas de aula&#8221;, disse Noelle.<\/p>\n<p>De acordo com a engenheira de computa\u00e7\u00e3o, o programa funciona de forma simples: o software grava o som de uma pessoa falando na l\u00edngua portuguesa e, mediante a um processo de reconhecimento de voz, torna poss\u00edvel a convers\u00e3o da fala em texto. Atrav\u00e9s do Ryben\u00e1 (tradutor de textos em portugu\u00eas para Libras), esse texto \u00e9 traduzido para a l\u00edngua de sinais. &#8220;Qualquer pessoa que tenha um computador com acesso a Internet e esse software instalado consegue utiliz\u00e1-lo. Infelizmente, o software ainda n\u00e3o est\u00e1 dispon\u00edvel para comercializa\u00e7\u00e3o, porque n\u00e3o consegui patroc\u00ednio viabiliza\u00e7\u00e3o do projeto, mas o prot\u00f3tipo est\u00e1 em uso e, at\u00e9 agora, s\u00f3 apresentou erros m\u00ednimos de tradu\u00e7\u00e3o&#8221;, explicou.<\/p>\n<p><strong>Ideia<\/strong><br \/>\nNoelle, que n\u00e3o tem ningu\u00e9m na fam\u00edlia que tenha defici\u00eancia auditiva, afirmou que resolveu desenvolver o programa ao assistir um culto numa igreja. &#8220;Vi que tinham muitos int\u00e9rpretes na igreja, mas \u00e0s vezes eles ficavam cansados ou n\u00e3o conseguiam traduzir tudo. Com o software isso facilitaria muito&#8221;, ressaltou.<\/p>\n<p>Para o coordenador do curso de Engenharia de Computa\u00e7\u00e3o da Veris, Cl\u00e1udio Umezu, essa inventividade aliada \u00e0 inova\u00e7\u00e3o com a compet\u00eancia t\u00e9cnica, na busca de solu\u00e7\u00f5es para problemas reais, \u00e9 extremamente v\u00e1lida para beneficiar a sociedade de uma forma geral. &#8220;O uso de ferramentas de computa\u00e7\u00e3o e inform\u00e1tica para a redu\u00e7\u00e3o de barreiras de comunica\u00e7\u00e3o, como no caso deste trabalho que visa a deficientes visuais, \u00e9 um grande avan\u00e7o tecnol\u00f3gico e deve receber todo o apoio para que se transforme em uma realidade&#8221;, ressaltou o professor, respons\u00e1vel tamb\u00e9m pela orienta\u00e7\u00e3o deste projeto.<\/p>\n<p><strong>Sobre a Veris Faculdades<\/strong><br \/>\nParte do Grupo Ibmec Educacional, que opera no setor h\u00e1 mais de tr\u00eas d\u00e9cadas, a Veris Faculdades conta com unidades em S\u00e3o Paulo, Campinas, S\u00e3o Jos\u00e9 dos Campos e Sorocaba. Aliando forma\u00e7\u00e3o de alta qualidade e conte\u00fados aplic\u00e1veis e atualizados de acordo com as necessidades do mercado de trabalho, oferece cursos de gradua\u00e7\u00e3o (licenciatura, bacharelado e tecn\u00f3logo), p\u00f3s-gradua\u00e7\u00e3o e de curta dura\u00e7\u00e3o.<br \/>\n___________________________________________<\/p>\n<p><strong>Fonte:<\/strong> <a href=\"http:\/\/softwarelivre.org\/portal\/comunidade\/veris-software-livre-traduz-fala-e-escrita-para-a-lingua-de-sinais?lang=es\">Assessoria de Comunica\u00e7\u00e3o da Veris\/PSL Brasil<\/a><\/p>\n","protected":false},"excerpt":{"rendered":"<p>Apesar de poucas pessoas saberem que colocar as m\u00e3os espalmadas tr\u00eas vezes uma sobre a outra significa inclus\u00e3o na L\u00edngua Brasileira de Sinais (Libras), foi exatamente isso que a ex-aluna do curso de Engenharia de Computa\u00e7\u00e3o da Veris Faculdades, Noelle Nascimento Buffa Furtado fez, ao desenvolver um software in\u00e9dito no mercado que converte a fala e escrita em portugu\u00eas para Libras.<\/p>\n","protected":false},"author":1,"featured_media":0,"comment_status":"open","ping_status":"open","sticky":false,"template":"","format":"standard","meta":{"site-container-style":"default","site-container-layout":"default","site-sidebar-layout":"default","disable-article-header":"default","disable-site-header":"default","disable-site-footer":"default","disable-content-area-spacing":"default","footnotes":""},"categories":[38,48,4],"tags":[],"class_list":["post-16322","post","type-post","status-publish","format-standard","hentry","category-deficiencia","category-inclusao","category-noticias"],"yoast_head":"<!-- This site is optimized with the Yoast SEO plugin v27.4 - https:\/\/yoast.com\/product\/yoast-seo-wordpress\/ -->\n<title>Software livre traduz fala e escrita para a l\u00edngua de sinais -<\/title>\n<meta name=\"robots\" content=\"index, follow, max-snippet:-1, max-image-preview:large, max-video-preview:-1\" \/>\n<link rel=\"canonical\" href=\"https:\/\/inclusivenews.com.br\/?p=16322\" \/>\n<meta property=\"og:locale\" content=\"pt_PT\" \/>\n<meta property=\"og:type\" content=\"article\" \/>\n<meta property=\"og:title\" content=\"Software livre traduz fala e escrita para a l\u00edngua de sinais -\" \/>\n<meta property=\"og:description\" content=\"Apesar de poucas pessoas saberem que colocar as m\u00e3os espalmadas tr\u00eas vezes uma sobre a outra significa inclus\u00e3o na L\u00edngua Brasileira de Sinais (Libras), foi exatamente isso que a ex-aluna do curso de Engenharia de Computa\u00e7\u00e3o da Veris Faculdades, Noelle Nascimento Buffa Furtado fez, ao desenvolver um software in\u00e9dito no mercado que converte a fala e escrita em portugu\u00eas para Libras.\" \/>\n<meta property=\"og:url\" content=\"https:\/\/inclusivenews.com.br\/?p=16322\" \/>\n<meta property=\"article:publisher\" content=\"https:\/\/www.facebook.com\/agenciainclusive\/\" \/>\n<meta property=\"article:published_time\" content=\"2010-07-01T14:02:30+00:00\" \/>\n<meta property=\"og:image\" content=\"http:\/\/use15.files.wordpress.com\/2009\/10\/libras.jpg\" \/>\n<meta name=\"author\" content=\"inclusivenews2024\" \/>\n<meta name=\"twitter:card\" content=\"summary_large_image\" \/>\n<meta name=\"twitter:label1\" content=\"Escrito por\" \/>\n\t<meta name=\"twitter:data1\" content=\"inclusivenews2024\" \/>\n\t<meta name=\"twitter:label2\" content=\"Tempo estimado de leitura\" \/>\n\t<meta name=\"twitter:data2\" content=\"3 minutos\" \/>\n<script type=\"application\/ld+json\" class=\"yoast-schema-graph\">{\"@context\":\"https:\\\/\\\/schema.org\",\"@graph\":[{\"@type\":\"Article\",\"@id\":\"https:\\\/\\\/inclusivenews.com.br\\\/?p=16322#article\",\"isPartOf\":{\"@id\":\"https:\\\/\\\/inclusivenews.com.br\\\/?p=16322\"},\"author\":{\"name\":\"inclusivenews2024\",\"@id\":\"https:\\\/\\\/inclusivenews.com.br\\\/#\\\/schema\\\/person\\\/ae4ec7087559b8692fb33b6fffd2273b\"},\"headline\":\"Software livre traduz fala e escrita para a l\u00edngua de sinais\",\"datePublished\":\"2010-07-01T14:02:30+00:00\",\"mainEntityOfPage\":{\"@id\":\"https:\\\/\\\/inclusivenews.com.br\\\/?p=16322\"},\"wordCount\":623,\"commentCount\":6,\"publisher\":{\"@id\":\"https:\\\/\\\/inclusivenews.com.br\\\/#organization\"},\"image\":{\"@id\":\"https:\\\/\\\/inclusivenews.com.br\\\/?p=16322#primaryimage\"},\"thumbnailUrl\":\"http:\\\/\\\/use15.files.wordpress.com\\\/2009\\\/10\\\/libras.jpg\",\"articleSection\":[\"Defici\u00eancia\",\"INCLUS\u00c3O SOCIAL\",\"NOT\u00cdCIAS\"],\"inLanguage\":\"pt-PT\",\"potentialAction\":[{\"@type\":\"CommentAction\",\"name\":\"Comment\",\"target\":[\"https:\\\/\\\/inclusivenews.com.br\\\/?p=16322#respond\"]}]},{\"@type\":\"WebPage\",\"@id\":\"https:\\\/\\\/inclusivenews.com.br\\\/?p=16322\",\"url\":\"https:\\\/\\\/inclusivenews.com.br\\\/?p=16322\",\"name\":\"Software livre traduz fala e escrita para a l\u00edngua de sinais -\",\"isPartOf\":{\"@id\":\"https:\\\/\\\/inclusivenews.com.br\\\/#website\"},\"primaryImageOfPage\":{\"@id\":\"https:\\\/\\\/inclusivenews.com.br\\\/?p=16322#primaryimage\"},\"image\":{\"@id\":\"https:\\\/\\\/inclusivenews.com.br\\\/?p=16322#primaryimage\"},\"thumbnailUrl\":\"http:\\\/\\\/use15.files.wordpress.com\\\/2009\\\/10\\\/libras.jpg\",\"datePublished\":\"2010-07-01T14:02:30+00:00\",\"breadcrumb\":{\"@id\":\"https:\\\/\\\/inclusivenews.com.br\\\/?p=16322#breadcrumb\"},\"inLanguage\":\"pt-PT\",\"potentialAction\":[{\"@type\":\"ReadAction\",\"target\":[\"https:\\\/\\\/inclusivenews.com.br\\\/?p=16322\"]}]},{\"@type\":\"ImageObject\",\"inLanguage\":\"pt-PT\",\"@id\":\"https:\\\/\\\/inclusivenews.com.br\\\/?p=16322#primaryimage\",\"url\":\"http:\\\/\\\/use15.files.wordpress.com\\\/2009\\\/10\\\/libras.jpg\",\"contentUrl\":\"http:\\\/\\\/use15.files.wordpress.com\\\/2009\\\/10\\\/libras.jpg\"},{\"@type\":\"BreadcrumbList\",\"@id\":\"https:\\\/\\\/inclusivenews.com.br\\\/?p=16322#breadcrumb\",\"itemListElement\":[{\"@type\":\"ListItem\",\"position\":1,\"name\":\"In\u00edcio\",\"item\":\"https:\\\/\\\/inclusivenews.com.br\\\/\"},{\"@type\":\"ListItem\",\"position\":2,\"name\":\"Software livre traduz fala e escrita para a l\u00edngua de sinais\"}]},{\"@type\":\"WebSite\",\"@id\":\"https:\\\/\\\/inclusivenews.com.br\\\/#website\",\"url\":\"https:\\\/\\\/inclusivenews.com.br\\\/\",\"name\":\"Inclusive News\",\"description\":\"Inclusive News\",\"publisher\":{\"@id\":\"https:\\\/\\\/inclusivenews.com.br\\\/#organization\"},\"potentialAction\":[{\"@type\":\"SearchAction\",\"target\":{\"@type\":\"EntryPoint\",\"urlTemplate\":\"https:\\\/\\\/inclusivenews.com.br\\\/?s={search_term_string}\"},\"query-input\":{\"@type\":\"PropertyValueSpecification\",\"valueRequired\":true,\"valueName\":\"search_term_string\"}}],\"inLanguage\":\"pt-PT\"},{\"@type\":\"Organization\",\"@id\":\"https:\\\/\\\/inclusivenews.com.br\\\/#organization\",\"name\":\"Inclusive - inclus\u00e3o e cidadania\",\"url\":\"https:\\\/\\\/inclusivenews.com.br\\\/\",\"logo\":{\"@type\":\"ImageObject\",\"inLanguage\":\"pt-PT\",\"@id\":\"https:\\\/\\\/inclusivenews.com.br\\\/#\\\/schema\\\/logo\\\/image\\\/\",\"url\":\"https:\\\/\\\/inclusivenews.com.br\\\/wp-content\\\/uploads\\\/2024\\\/03\\\/@grandesite.png\",\"contentUrl\":\"https:\\\/\\\/inclusivenews.com.br\\\/wp-content\\\/uploads\\\/2024\\\/03\\\/@grandesite.png\",\"width\":1080,\"height\":1080,\"caption\":\"Inclusive - inclus\u00e3o e cidadania\"},\"image\":{\"@id\":\"https:\\\/\\\/inclusivenews.com.br\\\/#\\\/schema\\\/logo\\\/image\\\/\"},\"sameAs\":[\"https:\\\/\\\/www.facebook.com\\\/agenciainclusive\\\/\",\"https:\\\/\\\/www.instagram.com\\\/newsinclusive\\\/\"]},{\"@type\":\"Person\",\"@id\":\"https:\\\/\\\/inclusivenews.com.br\\\/#\\\/schema\\\/person\\\/ae4ec7087559b8692fb33b6fffd2273b\",\"name\":\"inclusivenews2024\",\"image\":{\"@type\":\"ImageObject\",\"inLanguage\":\"pt-PT\",\"@id\":\"https:\\\/\\\/secure.gravatar.com\\\/avatar\\\/c5a7ef84c66fa914f55bc4f7ce26cfa275a3b9a1c5568b907bd184fb4dde7b40?s=96&d=mm&r=g\",\"url\":\"https:\\\/\\\/secure.gravatar.com\\\/avatar\\\/c5a7ef84c66fa914f55bc4f7ce26cfa275a3b9a1c5568b907bd184fb4dde7b40?s=96&d=mm&r=g\",\"contentUrl\":\"https:\\\/\\\/secure.gravatar.com\\\/avatar\\\/c5a7ef84c66fa914f55bc4f7ce26cfa275a3b9a1c5568b907bd184fb4dde7b40?s=96&d=mm&r=g\",\"caption\":\"inclusivenews2024\"},\"sameAs\":[\"https:\\\/\\\/inclusivenews.com.br\"],\"url\":\"https:\\\/\\\/inclusivenews.com.br\\\/?author=1\"}]}<\/script>\n<!-- \/ Yoast SEO plugin. -->","yoast_head_json":{"title":"Software livre traduz fala e escrita para a l\u00edngua de sinais -","robots":{"index":"index","follow":"follow","max-snippet":"max-snippet:-1","max-image-preview":"max-image-preview:large","max-video-preview":"max-video-preview:-1"},"canonical":"https:\/\/inclusivenews.com.br\/?p=16322","og_locale":"pt_PT","og_type":"article","og_title":"Software livre traduz fala e escrita para a l\u00edngua de sinais -","og_description":"Apesar de poucas pessoas saberem que colocar as m\u00e3os espalmadas tr\u00eas vezes uma sobre a outra significa inclus\u00e3o na L\u00edngua Brasileira de Sinais (Libras), foi exatamente isso que a ex-aluna do curso de Engenharia de Computa\u00e7\u00e3o da Veris Faculdades, Noelle Nascimento Buffa Furtado fez, ao desenvolver um software in\u00e9dito no mercado que converte a fala e escrita em portugu\u00eas para Libras.","og_url":"https:\/\/inclusivenews.com.br\/?p=16322","article_publisher":"https:\/\/www.facebook.com\/agenciainclusive\/","article_published_time":"2010-07-01T14:02:30+00:00","og_image":[{"url":"http:\/\/use15.files.wordpress.com\/2009\/10\/libras.jpg","type":"","width":"","height":""}],"author":"inclusivenews2024","twitter_card":"summary_large_image","twitter_misc":{"Escrito por":"inclusivenews2024","Tempo estimado de leitura":"3 minutos"},"schema":{"@context":"https:\/\/schema.org","@graph":[{"@type":"Article","@id":"https:\/\/inclusivenews.com.br\/?p=16322#article","isPartOf":{"@id":"https:\/\/inclusivenews.com.br\/?p=16322"},"author":{"name":"inclusivenews2024","@id":"https:\/\/inclusivenews.com.br\/#\/schema\/person\/ae4ec7087559b8692fb33b6fffd2273b"},"headline":"Software livre traduz fala e escrita para a l\u00edngua de sinais","datePublished":"2010-07-01T14:02:30+00:00","mainEntityOfPage":{"@id":"https:\/\/inclusivenews.com.br\/?p=16322"},"wordCount":623,"commentCount":6,"publisher":{"@id":"https:\/\/inclusivenews.com.br\/#organization"},"image":{"@id":"https:\/\/inclusivenews.com.br\/?p=16322#primaryimage"},"thumbnailUrl":"http:\/\/use15.files.wordpress.com\/2009\/10\/libras.jpg","articleSection":["Defici\u00eancia","INCLUS\u00c3O SOCIAL","NOT\u00cdCIAS"],"inLanguage":"pt-PT","potentialAction":[{"@type":"CommentAction","name":"Comment","target":["https:\/\/inclusivenews.com.br\/?p=16322#respond"]}]},{"@type":"WebPage","@id":"https:\/\/inclusivenews.com.br\/?p=16322","url":"https:\/\/inclusivenews.com.br\/?p=16322","name":"Software livre traduz fala e escrita para a l\u00edngua de sinais -","isPartOf":{"@id":"https:\/\/inclusivenews.com.br\/#website"},"primaryImageOfPage":{"@id":"https:\/\/inclusivenews.com.br\/?p=16322#primaryimage"},"image":{"@id":"https:\/\/inclusivenews.com.br\/?p=16322#primaryimage"},"thumbnailUrl":"http:\/\/use15.files.wordpress.com\/2009\/10\/libras.jpg","datePublished":"2010-07-01T14:02:30+00:00","breadcrumb":{"@id":"https:\/\/inclusivenews.com.br\/?p=16322#breadcrumb"},"inLanguage":"pt-PT","potentialAction":[{"@type":"ReadAction","target":["https:\/\/inclusivenews.com.br\/?p=16322"]}]},{"@type":"ImageObject","inLanguage":"pt-PT","@id":"https:\/\/inclusivenews.com.br\/?p=16322#primaryimage","url":"http:\/\/use15.files.wordpress.com\/2009\/10\/libras.jpg","contentUrl":"http:\/\/use15.files.wordpress.com\/2009\/10\/libras.jpg"},{"@type":"BreadcrumbList","@id":"https:\/\/inclusivenews.com.br\/?p=16322#breadcrumb","itemListElement":[{"@type":"ListItem","position":1,"name":"In\u00edcio","item":"https:\/\/inclusivenews.com.br\/"},{"@type":"ListItem","position":2,"name":"Software livre traduz fala e escrita para a l\u00edngua de sinais"}]},{"@type":"WebSite","@id":"https:\/\/inclusivenews.com.br\/#website","url":"https:\/\/inclusivenews.com.br\/","name":"Inclusive News","description":"Inclusive News","publisher":{"@id":"https:\/\/inclusivenews.com.br\/#organization"},"potentialAction":[{"@type":"SearchAction","target":{"@type":"EntryPoint","urlTemplate":"https:\/\/inclusivenews.com.br\/?s={search_term_string}"},"query-input":{"@type":"PropertyValueSpecification","valueRequired":true,"valueName":"search_term_string"}}],"inLanguage":"pt-PT"},{"@type":"Organization","@id":"https:\/\/inclusivenews.com.br\/#organization","name":"Inclusive - inclus\u00e3o e cidadania","url":"https:\/\/inclusivenews.com.br\/","logo":{"@type":"ImageObject","inLanguage":"pt-PT","@id":"https:\/\/inclusivenews.com.br\/#\/schema\/logo\/image\/","url":"https:\/\/inclusivenews.com.br\/wp-content\/uploads\/2024\/03\/@grandesite.png","contentUrl":"https:\/\/inclusivenews.com.br\/wp-content\/uploads\/2024\/03\/@grandesite.png","width":1080,"height":1080,"caption":"Inclusive - inclus\u00e3o e cidadania"},"image":{"@id":"https:\/\/inclusivenews.com.br\/#\/schema\/logo\/image\/"},"sameAs":["https:\/\/www.facebook.com\/agenciainclusive\/","https:\/\/www.instagram.com\/newsinclusive\/"]},{"@type":"Person","@id":"https:\/\/inclusivenews.com.br\/#\/schema\/person\/ae4ec7087559b8692fb33b6fffd2273b","name":"inclusivenews2024","image":{"@type":"ImageObject","inLanguage":"pt-PT","@id":"https:\/\/secure.gravatar.com\/avatar\/c5a7ef84c66fa914f55bc4f7ce26cfa275a3b9a1c5568b907bd184fb4dde7b40?s=96&d=mm&r=g","url":"https:\/\/secure.gravatar.com\/avatar\/c5a7ef84c66fa914f55bc4f7ce26cfa275a3b9a1c5568b907bd184fb4dde7b40?s=96&d=mm&r=g","contentUrl":"https:\/\/secure.gravatar.com\/avatar\/c5a7ef84c66fa914f55bc4f7ce26cfa275a3b9a1c5568b907bd184fb4dde7b40?s=96&d=mm&r=g","caption":"inclusivenews2024"},"sameAs":["https:\/\/inclusivenews.com.br"],"url":"https:\/\/inclusivenews.com.br\/?author=1"}]}},"_links":{"self":[{"href":"https:\/\/inclusivenews.com.br\/index.php?rest_route=\/wp\/v2\/posts\/16322","targetHints":{"allow":["GET"]}}],"collection":[{"href":"https:\/\/inclusivenews.com.br\/index.php?rest_route=\/wp\/v2\/posts"}],"about":[{"href":"https:\/\/inclusivenews.com.br\/index.php?rest_route=\/wp\/v2\/types\/post"}],"author":[{"embeddable":true,"href":"https:\/\/inclusivenews.com.br\/index.php?rest_route=\/wp\/v2\/users\/1"}],"replies":[{"embeddable":true,"href":"https:\/\/inclusivenews.com.br\/index.php?rest_route=%2Fwp%2Fv2%2Fcomments&post=16322"}],"version-history":[{"count":0,"href":"https:\/\/inclusivenews.com.br\/index.php?rest_route=\/wp\/v2\/posts\/16322\/revisions"}],"wp:attachment":[{"href":"https:\/\/inclusivenews.com.br\/index.php?rest_route=%2Fwp%2Fv2%2Fmedia&parent=16322"}],"wp:term":[{"taxonomy":"category","embeddable":true,"href":"https:\/\/inclusivenews.com.br\/index.php?rest_route=%2Fwp%2Fv2%2Fcategories&post=16322"},{"taxonomy":"post_tag","embeddable":true,"href":"https:\/\/inclusivenews.com.br\/index.php?rest_route=%2Fwp%2Fv2%2Ftags&post=16322"}],"curies":[{"name":"wp","href":"https:\/\/api.w.org\/{rel}","templated":true}]}}