{"id":16333,"date":"2010-07-02T09:01:30","date_gmt":"2010-07-02T12:01:30","guid":{"rendered":"http:\/\/www.inclusive.org.br\/?p=16333"},"modified":"2010-07-02T09:01:30","modified_gmt":"2010-07-02T12:01:30","slug":"blog-aproxima-o-consumo-consciente-de-criancas-e-adolescentes","status":"publish","type":"post","link":"https:\/\/inclusivenews.com.br\/?p=16333","title":{"rendered":"Blog aproxima o consumo consciente de crian\u00e7as e adolescentes"},"content":{"rendered":"<figure style=\"width: 150px\" class=\"wp-caption alignleft\"><img loading=\"lazy\" decoding=\"async\" title=\"Ilustra\u00e7\u00e3o de crian\u00e7a cercada de produtos comerciais\" src=\"http:\/\/mercadoetico.terra.com.br\/website\/wp-content\/uploads\/2010\/06\/julio250.jpg\" alt=\"\" width=\"150\" height=\"120\" \/><figcaption class=\"wp-caption-text\"> <\/figcaption><\/figure>\n<p><strong>Let\u00edcia Freire, do Mercado \u00c9tico<\/strong><\/p>\n<p>Julio poderia ser apenas mais um garoto de 14 anos, morador da cidade de Campinas, no interior de S\u00e3o Paulo. Seria s\u00f3 mais um se n\u00e3o fosse v\u00e1rios ao mesmo tempo. \u00c9 isso a\u00ed! Julio \u00e9 um personagem virtual criado pelos alunos da Escola Municipal Andr\u00e9 Tosello. Antenado \u00e0s r\u00e1pidas transforma\u00e7\u00f5es econ\u00f4micas, sociais e ambientais que vem ocorrendo na sua comunidade, o menino dividir\u00e1 seus pensamentos em seu mais novo blog, que passa a ser publicado a partir desta quarta-feira (30\/6), aqui no Mercado \u00c9tico. Em sua p\u00e1gina, lan\u00e7ar\u00e1 um novo olhar sobre a rela\u00e7\u00e3o entre cidadania e h\u00e1bitos de consumo.<\/p>\n<p>Na verdade, as hist\u00f3rias das descobertas de h\u00e1bitos mais sustent\u00e1veis e do or\u00e7amento familiar relatados por J\u00falio s\u00e3o baseadas nas experi\u00eancias vividas pelos pr\u00f3prios estudantes da Andr\u00e9 Tosello nas oficinas pedag\u00f3gicas sobre o tema.<\/p>\n<p>H\u00e1 aproximadamente um ano, a dire\u00e7\u00e3o da escola localizada no Jardim Aeroporto acreditou no Projeto Conex\u00e3o Social, do Sindivarejista de Campinas e Regi\u00e3o. A ideia era abordar o tema do consumo sustent\u00e1vel de forma l\u00fadica junto aos adolescentes. \u201cQuer\u00edamos falar de sustentabilidade de uma forma descomplicada\u201d, comenta Edna Borges, assessora do projeto. Entre as atividades realizadas, destacam-se as oficinas de or\u00e7amento familiar, caminhada fotogr\u00e1fica, visitas ao com\u00e9rcio local e a produ\u00e7\u00e3o de hist\u00f3rias em quadrinhos.<\/p>\n<p>Para a idealizadora do trabalho, Sanae Murayama Saito, presidente do Sindivarejista de Campinas e regi\u00e3o, as atividades elaboradas em sala de aula s\u00e3o aplicadas no cotidiano daquela comunidade, promovendo assim mais integra\u00e7\u00e3o entre as pessoas. \u201cDesde a implanta\u00e7\u00e3o do projeto na escola, \u00e9 poss\u00edvel constatar mais envolvimento dos jovens nas quest\u00f5es ligadas \u00e0 sustentabilidade econ\u00f4mica, social e ambiental\u201d, diz ela. \u201cMuitos s\u00f3 aprenderam agora o que significa cadeia produtiva e qual a import\u00e2ncia do com\u00e9rcio local como agente de desenvolvimento\u201d, afirma.<\/p>\n<p>Plugado \u00e0s redes sociais, Julio publicar\u00e1 em seu blog boas sugest\u00f5es para um dia-a-dia mais sustent\u00e1vel. \u201cEnsinamos que sustentabilidade \u00e9 uma boa op\u00e7\u00e3o, n\u00e3o um bicho pap\u00e3o\u201d, lembra Sanae.<\/p>\n<p><strong>Blog do Julio<\/strong><\/p>\n<p>Al\u00e9m dos posts, Julio vai indicar leituras e v\u00eddeos relacionados ao tema do consumo sustent\u00e1vel. \u201cTudo de modo a despertar o interesse da crian\u00e7a e do adolescente para um tema t\u00e3o atual e necess\u00e1rio\u201d, pontua Edna.<\/p>\n<p>Na p\u00e1gina online, ser\u00e1 poss\u00edvel ver ainda a exposi\u00e7\u00e3o virtual com as fotografias e hist\u00f3rias em quadrinhos feitas nas oficinas pelos alunos e ter acesso ao material pedag\u00f3gico de apoio, que s\u00e3o a revista Conex\u00e3o Social, o Jogo do Consumo Sustent\u00e1vel e a Caderneta do Or\u00e7amento Familiar.<\/p>\n<p><a href=\"http:\/\/mercadoetico.terra.com.br\/blogs\/blog-do-julio\/\">Acesse e confira Blog do Julio<\/a><\/p>\n<p><strong>Mais informa\u00e7\u00f5es do projeto <\/strong><br \/>\n<a href=\"http:\/\/www.conexaosocial.org.br\" target=\"_blank\" rel=\"noopener\">Conex\u00e3o Social Sindivarejista<\/a><br \/>\n<a href=\"http:\/\/www.youtube.com\/watch?v=NoVgSB5-rvA\" target=\"_blank\" rel=\"noopener\">Teaser sobre a mem\u00f3ria do varejo<\/a><br \/>\n<a href=\"http:\/\/www.youtube.com\/watch?v=T1-nTwcKqgU\" target=\"_blank\" rel=\"noopener\">Clip da Oficina do Or\u00e7amento Familiar<\/a><\/p>\n<p>__________________<\/p>\n<p><strong>Fonte:<\/strong> <a href=\"http:\/\/mercadoetico.terra.com.br\/arquivo\/blog-aproxima-o-consumo-consciente-de-criancas-e-adolescentes\/?utm_source=newsletter&amp;utm_medium=email&amp;utm_campaign=mercado-etico-hoje\">Mercado \u00c9tico<\/a><\/p>\n","protected":false},"excerpt":{"rendered":"<p>Antenado \u00e0s r\u00e1pidas transforma\u00e7\u00f5es econ\u00f4micas, sociais e ambientais que vem ocorrendo na sua comunidade, o menino dividir\u00e1 seus pensamentos em seu mais novo blog, que passa a ser publicado a partir desta quarta-feira (30\/6), no Mercado \u00c9tico.<\/p>\n","protected":false},"author":1,"featured_media":0,"comment_status":"open","ping_status":"open","sticky":false,"template":"","format":"standard","meta":{"site-container-style":"default","site-container-layout":"default","site-sidebar-layout":"default","disable-article-header":"default","disable-site-header":"default","disable-site-footer":"default","disable-content-area-spacing":"default","footnotes":""},"categories":[54,4],"tags":[60],"class_list":["post-16333","post","type-post","status-publish","format-standard","hentry","category-blogs-e-webs","category-noticias","tag-infancia"],"yoast_head":"<!-- This site is optimized with the Yoast SEO plugin v27.4 - https:\/\/yoast.com\/product\/yoast-seo-wordpress\/ -->\n<title>Blog aproxima o consumo consciente de crian\u00e7as e adolescentes -<\/title>\n<meta name=\"robots\" content=\"index, follow, max-snippet:-1, max-image-preview:large, max-video-preview:-1\" \/>\n<link rel=\"canonical\" href=\"https:\/\/inclusivenews.com.br\/?p=16333\" \/>\n<meta property=\"og:locale\" content=\"pt_PT\" \/>\n<meta property=\"og:type\" content=\"article\" \/>\n<meta property=\"og:title\" content=\"Blog aproxima o consumo consciente de crian\u00e7as e adolescentes -\" \/>\n<meta property=\"og:description\" content=\"Antenado \u00e0s r\u00e1pidas transforma\u00e7\u00f5es econ\u00f4micas, sociais e ambientais que vem ocorrendo na sua comunidade, o menino dividir\u00e1 seus pensamentos em seu mais novo blog, que passa a ser publicado a partir desta quarta-feira (30\/6), no Mercado \u00c9tico.\" \/>\n<meta property=\"og:url\" content=\"https:\/\/inclusivenews.com.br\/?p=16333\" \/>\n<meta property=\"article:publisher\" content=\"https:\/\/www.facebook.com\/agenciainclusive\/\" \/>\n<meta property=\"article:published_time\" content=\"2010-07-02T12:01:30+00:00\" \/>\n<meta property=\"og:image\" content=\"http:\/\/mercadoetico.terra.com.br\/website\/wp-content\/uploads\/2010\/06\/julio250.jpg\" \/>\n<meta name=\"author\" content=\"inclusivenews2024\" \/>\n<meta name=\"twitter:card\" content=\"summary_large_image\" \/>\n<meta name=\"twitter:label1\" content=\"Escrito por\" \/>\n\t<meta name=\"twitter:data1\" content=\"inclusivenews2024\" \/>\n\t<meta name=\"twitter:label2\" content=\"Tempo estimado de leitura\" \/>\n\t<meta name=\"twitter:data2\" content=\"3 minutos\" \/>\n<script type=\"application\/ld+json\" class=\"yoast-schema-graph\">{\"@context\":\"https:\\\/\\\/schema.org\",\"@graph\":[{\"@type\":\"Article\",\"@id\":\"https:\\\/\\\/inclusivenews.com.br\\\/?p=16333#article\",\"isPartOf\":{\"@id\":\"https:\\\/\\\/inclusivenews.com.br\\\/?p=16333\"},\"author\":{\"name\":\"inclusivenews2024\",\"@id\":\"https:\\\/\\\/inclusivenews.com.br\\\/#\\\/schema\\\/person\\\/ae4ec7087559b8692fb33b6fffd2273b\"},\"headline\":\"Blog aproxima o consumo consciente de crian\u00e7as e adolescentes\",\"datePublished\":\"2010-07-02T12:01:30+00:00\",\"mainEntityOfPage\":{\"@id\":\"https:\\\/\\\/inclusivenews.com.br\\\/?p=16333\"},\"wordCount\":513,\"commentCount\":1,\"publisher\":{\"@id\":\"https:\\\/\\\/inclusivenews.com.br\\\/#organization\"},\"image\":{\"@id\":\"https:\\\/\\\/inclusivenews.com.br\\\/?p=16333#primaryimage\"},\"thumbnailUrl\":\"http:\\\/\\\/mercadoetico.terra.com.br\\\/website\\\/wp-content\\\/uploads\\\/2010\\\/06\\\/julio250.jpg\",\"keywords\":[\"Inf\u00e2ncia\"],\"articleSection\":[\"Blogs e Webs\",\"NOT\u00cdCIAS\"],\"inLanguage\":\"pt-PT\",\"potentialAction\":[{\"@type\":\"CommentAction\",\"name\":\"Comment\",\"target\":[\"https:\\\/\\\/inclusivenews.com.br\\\/?p=16333#respond\"]}]},{\"@type\":\"WebPage\",\"@id\":\"https:\\\/\\\/inclusivenews.com.br\\\/?p=16333\",\"url\":\"https:\\\/\\\/inclusivenews.com.br\\\/?p=16333\",\"name\":\"Blog aproxima o consumo consciente de crian\u00e7as e adolescentes -\",\"isPartOf\":{\"@id\":\"https:\\\/\\\/inclusivenews.com.br\\\/#website\"},\"primaryImageOfPage\":{\"@id\":\"https:\\\/\\\/inclusivenews.com.br\\\/?p=16333#primaryimage\"},\"image\":{\"@id\":\"https:\\\/\\\/inclusivenews.com.br\\\/?p=16333#primaryimage\"},\"thumbnailUrl\":\"http:\\\/\\\/mercadoetico.terra.com.br\\\/website\\\/wp-content\\\/uploads\\\/2010\\\/06\\\/julio250.jpg\",\"datePublished\":\"2010-07-02T12:01:30+00:00\",\"breadcrumb\":{\"@id\":\"https:\\\/\\\/inclusivenews.com.br\\\/?p=16333#breadcrumb\"},\"inLanguage\":\"pt-PT\",\"potentialAction\":[{\"@type\":\"ReadAction\",\"target\":[\"https:\\\/\\\/inclusivenews.com.br\\\/?p=16333\"]}]},{\"@type\":\"ImageObject\",\"inLanguage\":\"pt-PT\",\"@id\":\"https:\\\/\\\/inclusivenews.com.br\\\/?p=16333#primaryimage\",\"url\":\"http:\\\/\\\/mercadoetico.terra.com.br\\\/website\\\/wp-content\\\/uploads\\\/2010\\\/06\\\/julio250.jpg\",\"contentUrl\":\"http:\\\/\\\/mercadoetico.terra.com.br\\\/website\\\/wp-content\\\/uploads\\\/2010\\\/06\\\/julio250.jpg\"},{\"@type\":\"BreadcrumbList\",\"@id\":\"https:\\\/\\\/inclusivenews.com.br\\\/?p=16333#breadcrumb\",\"itemListElement\":[{\"@type\":\"ListItem\",\"position\":1,\"name\":\"In\u00edcio\",\"item\":\"https:\\\/\\\/inclusivenews.com.br\\\/\"},{\"@type\":\"ListItem\",\"position\":2,\"name\":\"Blog aproxima o consumo consciente de crian\u00e7as e adolescentes\"}]},{\"@type\":\"WebSite\",\"@id\":\"https:\\\/\\\/inclusivenews.com.br\\\/#website\",\"url\":\"https:\\\/\\\/inclusivenews.com.br\\\/\",\"name\":\"Inclusive News\",\"description\":\"Inclusive News\",\"publisher\":{\"@id\":\"https:\\\/\\\/inclusivenews.com.br\\\/#organization\"},\"potentialAction\":[{\"@type\":\"SearchAction\",\"target\":{\"@type\":\"EntryPoint\",\"urlTemplate\":\"https:\\\/\\\/inclusivenews.com.br\\\/?s={search_term_string}\"},\"query-input\":{\"@type\":\"PropertyValueSpecification\",\"valueRequired\":true,\"valueName\":\"search_term_string\"}}],\"inLanguage\":\"pt-PT\"},{\"@type\":\"Organization\",\"@id\":\"https:\\\/\\\/inclusivenews.com.br\\\/#organization\",\"name\":\"Inclusive - inclus\u00e3o e cidadania\",\"url\":\"https:\\\/\\\/inclusivenews.com.br\\\/\",\"logo\":{\"@type\":\"ImageObject\",\"inLanguage\":\"pt-PT\",\"@id\":\"https:\\\/\\\/inclusivenews.com.br\\\/#\\\/schema\\\/logo\\\/image\\\/\",\"url\":\"https:\\\/\\\/inclusivenews.com.br\\\/wp-content\\\/uploads\\\/2024\\\/03\\\/@grandesite.png\",\"contentUrl\":\"https:\\\/\\\/inclusivenews.com.br\\\/wp-content\\\/uploads\\\/2024\\\/03\\\/@grandesite.png\",\"width\":1080,\"height\":1080,\"caption\":\"Inclusive - inclus\u00e3o e cidadania\"},\"image\":{\"@id\":\"https:\\\/\\\/inclusivenews.com.br\\\/#\\\/schema\\\/logo\\\/image\\\/\"},\"sameAs\":[\"https:\\\/\\\/www.facebook.com\\\/agenciainclusive\\\/\",\"https:\\\/\\\/www.instagram.com\\\/newsinclusive\\\/\"]},{\"@type\":\"Person\",\"@id\":\"https:\\\/\\\/inclusivenews.com.br\\\/#\\\/schema\\\/person\\\/ae4ec7087559b8692fb33b6fffd2273b\",\"name\":\"inclusivenews2024\",\"image\":{\"@type\":\"ImageObject\",\"inLanguage\":\"pt-PT\",\"@id\":\"https:\\\/\\\/secure.gravatar.com\\\/avatar\\\/c5a7ef84c66fa914f55bc4f7ce26cfa275a3b9a1c5568b907bd184fb4dde7b40?s=96&d=mm&r=g\",\"url\":\"https:\\\/\\\/secure.gravatar.com\\\/avatar\\\/c5a7ef84c66fa914f55bc4f7ce26cfa275a3b9a1c5568b907bd184fb4dde7b40?s=96&d=mm&r=g\",\"contentUrl\":\"https:\\\/\\\/secure.gravatar.com\\\/avatar\\\/c5a7ef84c66fa914f55bc4f7ce26cfa275a3b9a1c5568b907bd184fb4dde7b40?s=96&d=mm&r=g\",\"caption\":\"inclusivenews2024\"},\"sameAs\":[\"https:\\\/\\\/inclusivenews.com.br\"],\"url\":\"https:\\\/\\\/inclusivenews.com.br\\\/?author=1\"}]}<\/script>\n<!-- \/ Yoast SEO plugin. -->","yoast_head_json":{"title":"Blog aproxima o consumo consciente de crian\u00e7as e adolescentes -","robots":{"index":"index","follow":"follow","max-snippet":"max-snippet:-1","max-image-preview":"max-image-preview:large","max-video-preview":"max-video-preview:-1"},"canonical":"https:\/\/inclusivenews.com.br\/?p=16333","og_locale":"pt_PT","og_type":"article","og_title":"Blog aproxima o consumo consciente de crian\u00e7as e adolescentes -","og_description":"Antenado \u00e0s r\u00e1pidas transforma\u00e7\u00f5es econ\u00f4micas, sociais e ambientais que vem ocorrendo na sua comunidade, o menino dividir\u00e1 seus pensamentos em seu mais novo blog, que passa a ser publicado a partir desta quarta-feira (30\/6), no Mercado \u00c9tico.","og_url":"https:\/\/inclusivenews.com.br\/?p=16333","article_publisher":"https:\/\/www.facebook.com\/agenciainclusive\/","article_published_time":"2010-07-02T12:01:30+00:00","og_image":[{"url":"http:\/\/mercadoetico.terra.com.br\/website\/wp-content\/uploads\/2010\/06\/julio250.jpg","type":"","width":"","height":""}],"author":"inclusivenews2024","twitter_card":"summary_large_image","twitter_misc":{"Escrito por":"inclusivenews2024","Tempo estimado de leitura":"3 minutos"},"schema":{"@context":"https:\/\/schema.org","@graph":[{"@type":"Article","@id":"https:\/\/inclusivenews.com.br\/?p=16333#article","isPartOf":{"@id":"https:\/\/inclusivenews.com.br\/?p=16333"},"author":{"name":"inclusivenews2024","@id":"https:\/\/inclusivenews.com.br\/#\/schema\/person\/ae4ec7087559b8692fb33b6fffd2273b"},"headline":"Blog aproxima o consumo consciente de crian\u00e7as e adolescentes","datePublished":"2010-07-02T12:01:30+00:00","mainEntityOfPage":{"@id":"https:\/\/inclusivenews.com.br\/?p=16333"},"wordCount":513,"commentCount":1,"publisher":{"@id":"https:\/\/inclusivenews.com.br\/#organization"},"image":{"@id":"https:\/\/inclusivenews.com.br\/?p=16333#primaryimage"},"thumbnailUrl":"http:\/\/mercadoetico.terra.com.br\/website\/wp-content\/uploads\/2010\/06\/julio250.jpg","keywords":["Inf\u00e2ncia"],"articleSection":["Blogs e Webs","NOT\u00cdCIAS"],"inLanguage":"pt-PT","potentialAction":[{"@type":"CommentAction","name":"Comment","target":["https:\/\/inclusivenews.com.br\/?p=16333#respond"]}]},{"@type":"WebPage","@id":"https:\/\/inclusivenews.com.br\/?p=16333","url":"https:\/\/inclusivenews.com.br\/?p=16333","name":"Blog aproxima o consumo consciente de crian\u00e7as e adolescentes -","isPartOf":{"@id":"https:\/\/inclusivenews.com.br\/#website"},"primaryImageOfPage":{"@id":"https:\/\/inclusivenews.com.br\/?p=16333#primaryimage"},"image":{"@id":"https:\/\/inclusivenews.com.br\/?p=16333#primaryimage"},"thumbnailUrl":"http:\/\/mercadoetico.terra.com.br\/website\/wp-content\/uploads\/2010\/06\/julio250.jpg","datePublished":"2010-07-02T12:01:30+00:00","breadcrumb":{"@id":"https:\/\/inclusivenews.com.br\/?p=16333#breadcrumb"},"inLanguage":"pt-PT","potentialAction":[{"@type":"ReadAction","target":["https:\/\/inclusivenews.com.br\/?p=16333"]}]},{"@type":"ImageObject","inLanguage":"pt-PT","@id":"https:\/\/inclusivenews.com.br\/?p=16333#primaryimage","url":"http:\/\/mercadoetico.terra.com.br\/website\/wp-content\/uploads\/2010\/06\/julio250.jpg","contentUrl":"http:\/\/mercadoetico.terra.com.br\/website\/wp-content\/uploads\/2010\/06\/julio250.jpg"},{"@type":"BreadcrumbList","@id":"https:\/\/inclusivenews.com.br\/?p=16333#breadcrumb","itemListElement":[{"@type":"ListItem","position":1,"name":"In\u00edcio","item":"https:\/\/inclusivenews.com.br\/"},{"@type":"ListItem","position":2,"name":"Blog aproxima o consumo consciente de crian\u00e7as e adolescentes"}]},{"@type":"WebSite","@id":"https:\/\/inclusivenews.com.br\/#website","url":"https:\/\/inclusivenews.com.br\/","name":"Inclusive News","description":"Inclusive News","publisher":{"@id":"https:\/\/inclusivenews.com.br\/#organization"},"potentialAction":[{"@type":"SearchAction","target":{"@type":"EntryPoint","urlTemplate":"https:\/\/inclusivenews.com.br\/?s={search_term_string}"},"query-input":{"@type":"PropertyValueSpecification","valueRequired":true,"valueName":"search_term_string"}}],"inLanguage":"pt-PT"},{"@type":"Organization","@id":"https:\/\/inclusivenews.com.br\/#organization","name":"Inclusive - inclus\u00e3o e cidadania","url":"https:\/\/inclusivenews.com.br\/","logo":{"@type":"ImageObject","inLanguage":"pt-PT","@id":"https:\/\/inclusivenews.com.br\/#\/schema\/logo\/image\/","url":"https:\/\/inclusivenews.com.br\/wp-content\/uploads\/2024\/03\/@grandesite.png","contentUrl":"https:\/\/inclusivenews.com.br\/wp-content\/uploads\/2024\/03\/@grandesite.png","width":1080,"height":1080,"caption":"Inclusive - inclus\u00e3o e cidadania"},"image":{"@id":"https:\/\/inclusivenews.com.br\/#\/schema\/logo\/image\/"},"sameAs":["https:\/\/www.facebook.com\/agenciainclusive\/","https:\/\/www.instagram.com\/newsinclusive\/"]},{"@type":"Person","@id":"https:\/\/inclusivenews.com.br\/#\/schema\/person\/ae4ec7087559b8692fb33b6fffd2273b","name":"inclusivenews2024","image":{"@type":"ImageObject","inLanguage":"pt-PT","@id":"https:\/\/secure.gravatar.com\/avatar\/c5a7ef84c66fa914f55bc4f7ce26cfa275a3b9a1c5568b907bd184fb4dde7b40?s=96&d=mm&r=g","url":"https:\/\/secure.gravatar.com\/avatar\/c5a7ef84c66fa914f55bc4f7ce26cfa275a3b9a1c5568b907bd184fb4dde7b40?s=96&d=mm&r=g","contentUrl":"https:\/\/secure.gravatar.com\/avatar\/c5a7ef84c66fa914f55bc4f7ce26cfa275a3b9a1c5568b907bd184fb4dde7b40?s=96&d=mm&r=g","caption":"inclusivenews2024"},"sameAs":["https:\/\/inclusivenews.com.br"],"url":"https:\/\/inclusivenews.com.br\/?author=1"}]}},"_links":{"self":[{"href":"https:\/\/inclusivenews.com.br\/index.php?rest_route=\/wp\/v2\/posts\/16333","targetHints":{"allow":["GET"]}}],"collection":[{"href":"https:\/\/inclusivenews.com.br\/index.php?rest_route=\/wp\/v2\/posts"}],"about":[{"href":"https:\/\/inclusivenews.com.br\/index.php?rest_route=\/wp\/v2\/types\/post"}],"author":[{"embeddable":true,"href":"https:\/\/inclusivenews.com.br\/index.php?rest_route=\/wp\/v2\/users\/1"}],"replies":[{"embeddable":true,"href":"https:\/\/inclusivenews.com.br\/index.php?rest_route=%2Fwp%2Fv2%2Fcomments&post=16333"}],"version-history":[{"count":0,"href":"https:\/\/inclusivenews.com.br\/index.php?rest_route=\/wp\/v2\/posts\/16333\/revisions"}],"wp:attachment":[{"href":"https:\/\/inclusivenews.com.br\/index.php?rest_route=%2Fwp%2Fv2%2Fmedia&parent=16333"}],"wp:term":[{"taxonomy":"category","embeddable":true,"href":"https:\/\/inclusivenews.com.br\/index.php?rest_route=%2Fwp%2Fv2%2Fcategories&post=16333"},{"taxonomy":"post_tag","embeddable":true,"href":"https:\/\/inclusivenews.com.br\/index.php?rest_route=%2Fwp%2Fv2%2Ftags&post=16333"}],"curies":[{"name":"wp","href":"https:\/\/api.w.org\/{rel}","templated":true}]}}