{"id":16339,"date":"2010-07-02T08:58:16","date_gmt":"2010-07-02T11:58:16","guid":{"rendered":"http:\/\/www.inclusive.org.br\/?p=16339"},"modified":"2010-07-02T08:58:16","modified_gmt":"2010-07-02T11:58:16","slug":"espetaculo-intrigante-une-bailarinos-com-e-sem-deficiencia","status":"publish","type":"post","link":"https:\/\/inclusivenews.com.br\/?p=16339","title":{"rendered":"Espet\u00e1culo &quot;Intrigante&quot; une bailarinos com e sem defici\u00eancia"},"content":{"rendered":"<div class=\"mceTemp\">\n<dl class=\"wp-caption alignleft\" style=\"width: 353px;\">\n<dt class=\"wp-caption-dt\"><a class=\"moz-txt-link-freetext\" href=\"http:\/\/src.odiario.com\/Imagem\/2010\/06\/30\/g_181737353.jpg\"><img loading=\"lazy\" decoding=\"async\" title=\"&quot;Integrarte&quot;, espet\u00e1culo do projeto Rodas da Dan\u00e7a e que, em todas as coreografias, junta deficientes e n\u00e3o-deficientes: &quot;Acontece uma troca de experi\u00eancia e de ajuda no palco&quot;, diz a core\u00f3grafa Daiana Furlaneto Tom\u00e1s\" src=\"http:\/\/src.odiario.com\/Imagem\/2010\/06\/30\/g_181737353.jpg\" alt=\"\" width=\"343\" height=\"227\" \/><\/a><\/dt>\n<\/dl>\n<\/div>\n<p><a class=\"moz-txt-link-freetext\" href=\"http:\/\/src.odiario.com\/Imagem\/2010\/06\/30\/g_181737353.jpg\"><\/a><\/p>\n<p><em>Espet\u00e1culo &#8220;Intrigante&#8221; une bailarinos com e sem defici\u00eancia<\/em><\/p>\n<p>Uma pequena mostra do espet\u00e1culo &#8220;Integrarte&#8221;, que o Projeto Integra\u00e7\u00e3o Rodas da Dan\u00e7a apresenta na sexta-feira (2) no Teatro Calil Haddad, foi apresentada em abril no Projeto Convite \u00e0 Dan\u00e7a. &#8220;Foi emocionante. Ao fim da apresenta\u00e7\u00e3o, o p\u00fablico estava com l\u00e1grimas nos olhos, por causa da beleza do espet\u00e1culo&#8221;, lembra Nielici Camargo, que cedeu parte do tempo da apresenta\u00e7\u00e3o de sua academia no Convite \u00e0 Dan\u00e7a para o grupo que sua professora Daiana Furlaneto Tom\u00e1s mant\u00e9m h\u00e1 sete anos em Camb\u00e9.<\/p>\n<p>Na apresenta\u00e7\u00e3o de amanh\u00e3 no Teatro Calil Haddad, &#8220;Integrarte&#8221; ser\u00e1 apresentado na \u00edntegra e ter\u00e1 a participa\u00e7\u00e3o de 16 bailarinos, oito deles com algum tipo de defici\u00eancia. S\u00e3o dois com S\u00edndrome de Down, um com defici\u00eancia auditiva, um deficiente visual e quatro deficientes f\u00edsicos (destes, tr\u00eas t\u00eam paralisia cerebral).<\/p>\n<p>&#8220;Sete s\u00e3o alunos da Apae de Camb\u00e9 e s\u00f3 um deles adquiriu a defici\u00eancia atrav\u00e9s de um acidente de moto. Todos os outros nasceram com a defici\u00eancia&#8221;, explicou Daiana.<\/p>\n<p>O projeto de Daiana j\u00e1 foi apresentado no Cenadan\u00e7a, um dos mais importantes festivais de dan\u00e7a do Pa\u00eds, e recebeu diversos pr\u00eamios sociais e pela sua atua\u00e7\u00e3o na \u00e1rea da sa\u00fade.<\/p>\n<p>O projeto envolve a participa\u00e7\u00e3o de bailarinas profissionais volunt\u00e1rias em coreografias criadas pela pr\u00f3pria Daiana. &#8220;Em todas as coreografias h\u00e1 uma integra\u00e7\u00e3o entre os bailarinos cadeirantes e os ditos normais. Acontece uma troca de experi\u00eancia e de ajuda no palco&#8221;, diz.<\/p>\n<p>Ser\u00e3o apresentadas 13 coreografias, e a ideia, segundo Daiana, \u00e9 passar uma mensagem de inclus\u00e3o social e de combate ao preconceito atrav\u00e9s da dan\u00e7a.<\/p>\n<p>O bal\u00e9 traz no elenco os bailarinos Daiana Furlaneto Tom\u00e1s, Danniela Furnaleto, Larissa Marqueze, Regiane Fumegali, Fab\u00edola Cibinello, Jaqueline Negr\u00e3o, F\u00e1bio Forgerini, Eduardo Sabaddini, Vanessa Aparecida dos Santos, Bruna Abramo, Poliane Matias Le\u00e3o, Fabrizio Catenassi, Jo\u00e3o Fabr\u00edcio Borges e Marcos Palmas.<\/p>\n<p>Neste espet\u00e1culo haver\u00e1 a participa\u00e7\u00e3o das bailarinas da Academia Nielici Camargo, Manuela Kelly de Souza e Franciele Cazeta. &#8220;Integrarte&#8221; tem apoio do Caf\u00e9 da Nona, Rialta Pap\u00e9is, AJV Materiais Gr\u00e1ficos, Gr\u00e1fica Rizotti, Studio Fotolito e Ortopedia Brasil.<\/p>\n<p>A apresenta\u00e7\u00e3o de amanh\u00e3 tamb\u00e9m ter\u00e1 um divertissement de bal\u00e9 de repert\u00f3rio, bal\u00e9 cl\u00e1ssico conjunto, bal\u00e9 contempor\u00e2neo e neocl\u00e1ssico com bailarinas da Academia Nielice Camargo.<\/p>\n<p>Com a apresenta\u00e7\u00e3o de &#8220;Integrarte&#8221;, Daiana pretende iniciar o Projeto Integra\u00e7\u00e3o Rodas da Dan\u00e7a em Maring\u00e1. &#8220;Estou \u00e0 procura de talentos para montar um grupo aqui na cidade&#8221;, disse a bailarina, que tem especializa\u00e7\u00e3o em educa\u00e7\u00e3o especial.<\/p>\n<p><strong>Saiba mais<\/strong><br \/>\n&#8220;Integrarte&#8221;, com o Projeto Integra\u00e7\u00e3o Rodas da Dan\u00e7a e divertissement de bal\u00e9 com\u00a0 a Academia Nielice Camargo. Sexta, \u00e0s 20h30, no Teatro Calil Haddad.Ingressos a R$ 10 e R$ 5 (meia).<br \/>\n_____________<\/p>\n<p><strong>Fonte:<\/strong> <a href=\"http:\/\/odiario.com\/dmais\/noticia\/313949\/espetaculo-intrigante-une-bailarinos-com-e-sem-deficiencia.html\">O Di\u00e1rio<\/a><\/p>\n","protected":false},"excerpt":{"rendered":"<p>&#8220;Integrarte&#8221;, espet\u00e1culo do projeto Rodas da Dan\u00e7a e que, em todas as coreografias, une bailarinos com e sem deficic\u00eancia: &#8220;Acontece uma troca de experi\u00eancia e de ajuda no palco&#8221;, diz a core\u00f3grafa Daiana Furlaneto Tom\u00e1s.<\/p>\n","protected":false},"author":1,"featured_media":0,"comment_status":"open","ping_status":"open","sticky":false,"template":"","format":"standard","meta":{"site-container-style":"default","site-container-layout":"default","site-sidebar-layout":"default","disable-article-header":"default","disable-site-header":"default","disable-site-footer":"default","disable-content-area-spacing":"default","footnotes":""},"categories":[29,48,4],"tags":[],"class_list":["post-16339","post","type-post","status-publish","format-standard","hentry","category-cultura","category-inclusao","category-noticias"],"yoast_head":"<!-- This site is optimized with the Yoast SEO plugin v27.4 - https:\/\/yoast.com\/product\/yoast-seo-wordpress\/ -->\n<title>Espet\u00e1culo &quot;Intrigante&quot; une bailarinos com e sem defici\u00eancia -<\/title>\n<meta name=\"robots\" content=\"index, follow, max-snippet:-1, max-image-preview:large, max-video-preview:-1\" \/>\n<link rel=\"canonical\" href=\"https:\/\/inclusivenews.com.br\/?p=16339\" \/>\n<meta property=\"og:locale\" content=\"pt_PT\" \/>\n<meta property=\"og:type\" content=\"article\" \/>\n<meta property=\"og:title\" content=\"Espet\u00e1culo &quot;Intrigante&quot; une bailarinos com e sem defici\u00eancia -\" \/>\n<meta property=\"og:description\" content=\"&quot;Integrarte&quot;, espet\u00e1culo do projeto Rodas da Dan\u00e7a e que, em todas as coreografias, une bailarinos com e sem deficic\u00eancia: &quot;Acontece uma troca de experi\u00eancia e de ajuda no palco&quot;, diz a core\u00f3grafa Daiana Furlaneto Tom\u00e1s.\" \/>\n<meta property=\"og:url\" content=\"https:\/\/inclusivenews.com.br\/?p=16339\" \/>\n<meta property=\"article:publisher\" content=\"https:\/\/www.facebook.com\/agenciainclusive\/\" \/>\n<meta property=\"article:published_time\" content=\"2010-07-02T11:58:16+00:00\" \/>\n<meta property=\"og:image\" content=\"http:\/\/src.odiario.com\/Imagem\/2010\/06\/30\/g_181737353.jpg\" \/>\n<meta name=\"author\" content=\"inclusivenews2024\" \/>\n<meta name=\"twitter:card\" content=\"summary_large_image\" \/>\n<meta name=\"twitter:label1\" content=\"Escrito por\" \/>\n\t<meta name=\"twitter:data1\" content=\"inclusivenews2024\" \/>\n\t<meta name=\"twitter:label2\" content=\"Tempo estimado de leitura\" \/>\n\t<meta name=\"twitter:data2\" content=\"2 minutos\" \/>\n<script type=\"application\/ld+json\" class=\"yoast-schema-graph\">{\"@context\":\"https:\\\/\\\/schema.org\",\"@graph\":[{\"@type\":\"Article\",\"@id\":\"https:\\\/\\\/inclusivenews.com.br\\\/?p=16339#article\",\"isPartOf\":{\"@id\":\"https:\\\/\\\/inclusivenews.com.br\\\/?p=16339\"},\"author\":{\"name\":\"inclusivenews2024\",\"@id\":\"https:\\\/\\\/inclusivenews.com.br\\\/#\\\/schema\\\/person\\\/ae4ec7087559b8692fb33b6fffd2273b\"},\"headline\":\"Espet\u00e1culo &quot;Intrigante&quot; une bailarinos com e sem defici\u00eancia\",\"datePublished\":\"2010-07-02T11:58:16+00:00\",\"mainEntityOfPage\":{\"@id\":\"https:\\\/\\\/inclusivenews.com.br\\\/?p=16339\"},\"wordCount\":511,\"commentCount\":0,\"publisher\":{\"@id\":\"https:\\\/\\\/inclusivenews.com.br\\\/#organization\"},\"image\":{\"@id\":\"https:\\\/\\\/inclusivenews.com.br\\\/?p=16339#primaryimage\"},\"thumbnailUrl\":\"http:\\\/\\\/src.odiario.com\\\/Imagem\\\/2010\\\/06\\\/30\\\/g_181737353.jpg\",\"articleSection\":[\"Cultura\",\"INCLUS\u00c3O SOCIAL\",\"NOT\u00cdCIAS\"],\"inLanguage\":\"pt-PT\",\"potentialAction\":[{\"@type\":\"CommentAction\",\"name\":\"Comment\",\"target\":[\"https:\\\/\\\/inclusivenews.com.br\\\/?p=16339#respond\"]}]},{\"@type\":\"WebPage\",\"@id\":\"https:\\\/\\\/inclusivenews.com.br\\\/?p=16339\",\"url\":\"https:\\\/\\\/inclusivenews.com.br\\\/?p=16339\",\"name\":\"Espet\u00e1culo &quot;Intrigante&quot; une bailarinos com e sem defici\u00eancia -\",\"isPartOf\":{\"@id\":\"https:\\\/\\\/inclusivenews.com.br\\\/#website\"},\"primaryImageOfPage\":{\"@id\":\"https:\\\/\\\/inclusivenews.com.br\\\/?p=16339#primaryimage\"},\"image\":{\"@id\":\"https:\\\/\\\/inclusivenews.com.br\\\/?p=16339#primaryimage\"},\"thumbnailUrl\":\"http:\\\/\\\/src.odiario.com\\\/Imagem\\\/2010\\\/06\\\/30\\\/g_181737353.jpg\",\"datePublished\":\"2010-07-02T11:58:16+00:00\",\"breadcrumb\":{\"@id\":\"https:\\\/\\\/inclusivenews.com.br\\\/?p=16339#breadcrumb\"},\"inLanguage\":\"pt-PT\",\"potentialAction\":[{\"@type\":\"ReadAction\",\"target\":[\"https:\\\/\\\/inclusivenews.com.br\\\/?p=16339\"]}]},{\"@type\":\"ImageObject\",\"inLanguage\":\"pt-PT\",\"@id\":\"https:\\\/\\\/inclusivenews.com.br\\\/?p=16339#primaryimage\",\"url\":\"http:\\\/\\\/src.odiario.com\\\/Imagem\\\/2010\\\/06\\\/30\\\/g_181737353.jpg\",\"contentUrl\":\"http:\\\/\\\/src.odiario.com\\\/Imagem\\\/2010\\\/06\\\/30\\\/g_181737353.jpg\"},{\"@type\":\"BreadcrumbList\",\"@id\":\"https:\\\/\\\/inclusivenews.com.br\\\/?p=16339#breadcrumb\",\"itemListElement\":[{\"@type\":\"ListItem\",\"position\":1,\"name\":\"In\u00edcio\",\"item\":\"https:\\\/\\\/inclusivenews.com.br\\\/\"},{\"@type\":\"ListItem\",\"position\":2,\"name\":\"Espet\u00e1culo &quot;Intrigante&quot; une bailarinos com e sem defici\u00eancia\"}]},{\"@type\":\"WebSite\",\"@id\":\"https:\\\/\\\/inclusivenews.com.br\\\/#website\",\"url\":\"https:\\\/\\\/inclusivenews.com.br\\\/\",\"name\":\"Inclusive News\",\"description\":\"Inclusive News\",\"publisher\":{\"@id\":\"https:\\\/\\\/inclusivenews.com.br\\\/#organization\"},\"potentialAction\":[{\"@type\":\"SearchAction\",\"target\":{\"@type\":\"EntryPoint\",\"urlTemplate\":\"https:\\\/\\\/inclusivenews.com.br\\\/?s={search_term_string}\"},\"query-input\":{\"@type\":\"PropertyValueSpecification\",\"valueRequired\":true,\"valueName\":\"search_term_string\"}}],\"inLanguage\":\"pt-PT\"},{\"@type\":\"Organization\",\"@id\":\"https:\\\/\\\/inclusivenews.com.br\\\/#organization\",\"name\":\"Inclusive - inclus\u00e3o e cidadania\",\"url\":\"https:\\\/\\\/inclusivenews.com.br\\\/\",\"logo\":{\"@type\":\"ImageObject\",\"inLanguage\":\"pt-PT\",\"@id\":\"https:\\\/\\\/inclusivenews.com.br\\\/#\\\/schema\\\/logo\\\/image\\\/\",\"url\":\"https:\\\/\\\/inclusivenews.com.br\\\/wp-content\\\/uploads\\\/2024\\\/03\\\/@grandesite.png\",\"contentUrl\":\"https:\\\/\\\/inclusivenews.com.br\\\/wp-content\\\/uploads\\\/2024\\\/03\\\/@grandesite.png\",\"width\":1080,\"height\":1080,\"caption\":\"Inclusive - inclus\u00e3o e cidadania\"},\"image\":{\"@id\":\"https:\\\/\\\/inclusivenews.com.br\\\/#\\\/schema\\\/logo\\\/image\\\/\"},\"sameAs\":[\"https:\\\/\\\/www.facebook.com\\\/agenciainclusive\\\/\",\"https:\\\/\\\/www.instagram.com\\\/newsinclusive\\\/\"]},{\"@type\":\"Person\",\"@id\":\"https:\\\/\\\/inclusivenews.com.br\\\/#\\\/schema\\\/person\\\/ae4ec7087559b8692fb33b6fffd2273b\",\"name\":\"inclusivenews2024\",\"image\":{\"@type\":\"ImageObject\",\"inLanguage\":\"pt-PT\",\"@id\":\"https:\\\/\\\/secure.gravatar.com\\\/avatar\\\/c5a7ef84c66fa914f55bc4f7ce26cfa275a3b9a1c5568b907bd184fb4dde7b40?s=96&d=mm&r=g\",\"url\":\"https:\\\/\\\/secure.gravatar.com\\\/avatar\\\/c5a7ef84c66fa914f55bc4f7ce26cfa275a3b9a1c5568b907bd184fb4dde7b40?s=96&d=mm&r=g\",\"contentUrl\":\"https:\\\/\\\/secure.gravatar.com\\\/avatar\\\/c5a7ef84c66fa914f55bc4f7ce26cfa275a3b9a1c5568b907bd184fb4dde7b40?s=96&d=mm&r=g\",\"caption\":\"inclusivenews2024\"},\"sameAs\":[\"https:\\\/\\\/inclusivenews.com.br\"],\"url\":\"https:\\\/\\\/inclusivenews.com.br\\\/?author=1\"}]}<\/script>\n<!-- \/ Yoast SEO plugin. -->","yoast_head_json":{"title":"Espet\u00e1culo &quot;Intrigante&quot; une bailarinos com e sem defici\u00eancia -","robots":{"index":"index","follow":"follow","max-snippet":"max-snippet:-1","max-image-preview":"max-image-preview:large","max-video-preview":"max-video-preview:-1"},"canonical":"https:\/\/inclusivenews.com.br\/?p=16339","og_locale":"pt_PT","og_type":"article","og_title":"Espet\u00e1culo &quot;Intrigante&quot; une bailarinos com e sem defici\u00eancia -","og_description":"\"Integrarte\", espet\u00e1culo do projeto Rodas da Dan\u00e7a e que, em todas as coreografias, une bailarinos com e sem deficic\u00eancia: \"Acontece uma troca de experi\u00eancia e de ajuda no palco\", diz a core\u00f3grafa Daiana Furlaneto Tom\u00e1s.","og_url":"https:\/\/inclusivenews.com.br\/?p=16339","article_publisher":"https:\/\/www.facebook.com\/agenciainclusive\/","article_published_time":"2010-07-02T11:58:16+00:00","og_image":[{"url":"http:\/\/src.odiario.com\/Imagem\/2010\/06\/30\/g_181737353.jpg","type":"","width":"","height":""}],"author":"inclusivenews2024","twitter_card":"summary_large_image","twitter_misc":{"Escrito por":"inclusivenews2024","Tempo estimado de leitura":"2 minutos"},"schema":{"@context":"https:\/\/schema.org","@graph":[{"@type":"Article","@id":"https:\/\/inclusivenews.com.br\/?p=16339#article","isPartOf":{"@id":"https:\/\/inclusivenews.com.br\/?p=16339"},"author":{"name":"inclusivenews2024","@id":"https:\/\/inclusivenews.com.br\/#\/schema\/person\/ae4ec7087559b8692fb33b6fffd2273b"},"headline":"Espet\u00e1culo &quot;Intrigante&quot; une bailarinos com e sem defici\u00eancia","datePublished":"2010-07-02T11:58:16+00:00","mainEntityOfPage":{"@id":"https:\/\/inclusivenews.com.br\/?p=16339"},"wordCount":511,"commentCount":0,"publisher":{"@id":"https:\/\/inclusivenews.com.br\/#organization"},"image":{"@id":"https:\/\/inclusivenews.com.br\/?p=16339#primaryimage"},"thumbnailUrl":"http:\/\/src.odiario.com\/Imagem\/2010\/06\/30\/g_181737353.jpg","articleSection":["Cultura","INCLUS\u00c3O SOCIAL","NOT\u00cdCIAS"],"inLanguage":"pt-PT","potentialAction":[{"@type":"CommentAction","name":"Comment","target":["https:\/\/inclusivenews.com.br\/?p=16339#respond"]}]},{"@type":"WebPage","@id":"https:\/\/inclusivenews.com.br\/?p=16339","url":"https:\/\/inclusivenews.com.br\/?p=16339","name":"Espet\u00e1culo &quot;Intrigante&quot; une bailarinos com e sem defici\u00eancia -","isPartOf":{"@id":"https:\/\/inclusivenews.com.br\/#website"},"primaryImageOfPage":{"@id":"https:\/\/inclusivenews.com.br\/?p=16339#primaryimage"},"image":{"@id":"https:\/\/inclusivenews.com.br\/?p=16339#primaryimage"},"thumbnailUrl":"http:\/\/src.odiario.com\/Imagem\/2010\/06\/30\/g_181737353.jpg","datePublished":"2010-07-02T11:58:16+00:00","breadcrumb":{"@id":"https:\/\/inclusivenews.com.br\/?p=16339#breadcrumb"},"inLanguage":"pt-PT","potentialAction":[{"@type":"ReadAction","target":["https:\/\/inclusivenews.com.br\/?p=16339"]}]},{"@type":"ImageObject","inLanguage":"pt-PT","@id":"https:\/\/inclusivenews.com.br\/?p=16339#primaryimage","url":"http:\/\/src.odiario.com\/Imagem\/2010\/06\/30\/g_181737353.jpg","contentUrl":"http:\/\/src.odiario.com\/Imagem\/2010\/06\/30\/g_181737353.jpg"},{"@type":"BreadcrumbList","@id":"https:\/\/inclusivenews.com.br\/?p=16339#breadcrumb","itemListElement":[{"@type":"ListItem","position":1,"name":"In\u00edcio","item":"https:\/\/inclusivenews.com.br\/"},{"@type":"ListItem","position":2,"name":"Espet\u00e1culo &quot;Intrigante&quot; une bailarinos com e sem defici\u00eancia"}]},{"@type":"WebSite","@id":"https:\/\/inclusivenews.com.br\/#website","url":"https:\/\/inclusivenews.com.br\/","name":"Inclusive News","description":"Inclusive News","publisher":{"@id":"https:\/\/inclusivenews.com.br\/#organization"},"potentialAction":[{"@type":"SearchAction","target":{"@type":"EntryPoint","urlTemplate":"https:\/\/inclusivenews.com.br\/?s={search_term_string}"},"query-input":{"@type":"PropertyValueSpecification","valueRequired":true,"valueName":"search_term_string"}}],"inLanguage":"pt-PT"},{"@type":"Organization","@id":"https:\/\/inclusivenews.com.br\/#organization","name":"Inclusive - inclus\u00e3o e cidadania","url":"https:\/\/inclusivenews.com.br\/","logo":{"@type":"ImageObject","inLanguage":"pt-PT","@id":"https:\/\/inclusivenews.com.br\/#\/schema\/logo\/image\/","url":"https:\/\/inclusivenews.com.br\/wp-content\/uploads\/2024\/03\/@grandesite.png","contentUrl":"https:\/\/inclusivenews.com.br\/wp-content\/uploads\/2024\/03\/@grandesite.png","width":1080,"height":1080,"caption":"Inclusive - inclus\u00e3o e cidadania"},"image":{"@id":"https:\/\/inclusivenews.com.br\/#\/schema\/logo\/image\/"},"sameAs":["https:\/\/www.facebook.com\/agenciainclusive\/","https:\/\/www.instagram.com\/newsinclusive\/"]},{"@type":"Person","@id":"https:\/\/inclusivenews.com.br\/#\/schema\/person\/ae4ec7087559b8692fb33b6fffd2273b","name":"inclusivenews2024","image":{"@type":"ImageObject","inLanguage":"pt-PT","@id":"https:\/\/secure.gravatar.com\/avatar\/c5a7ef84c66fa914f55bc4f7ce26cfa275a3b9a1c5568b907bd184fb4dde7b40?s=96&d=mm&r=g","url":"https:\/\/secure.gravatar.com\/avatar\/c5a7ef84c66fa914f55bc4f7ce26cfa275a3b9a1c5568b907bd184fb4dde7b40?s=96&d=mm&r=g","contentUrl":"https:\/\/secure.gravatar.com\/avatar\/c5a7ef84c66fa914f55bc4f7ce26cfa275a3b9a1c5568b907bd184fb4dde7b40?s=96&d=mm&r=g","caption":"inclusivenews2024"},"sameAs":["https:\/\/inclusivenews.com.br"],"url":"https:\/\/inclusivenews.com.br\/?author=1"}]}},"_links":{"self":[{"href":"https:\/\/inclusivenews.com.br\/index.php?rest_route=\/wp\/v2\/posts\/16339","targetHints":{"allow":["GET"]}}],"collection":[{"href":"https:\/\/inclusivenews.com.br\/index.php?rest_route=\/wp\/v2\/posts"}],"about":[{"href":"https:\/\/inclusivenews.com.br\/index.php?rest_route=\/wp\/v2\/types\/post"}],"author":[{"embeddable":true,"href":"https:\/\/inclusivenews.com.br\/index.php?rest_route=\/wp\/v2\/users\/1"}],"replies":[{"embeddable":true,"href":"https:\/\/inclusivenews.com.br\/index.php?rest_route=%2Fwp%2Fv2%2Fcomments&post=16339"}],"version-history":[{"count":0,"href":"https:\/\/inclusivenews.com.br\/index.php?rest_route=\/wp\/v2\/posts\/16339\/revisions"}],"wp:attachment":[{"href":"https:\/\/inclusivenews.com.br\/index.php?rest_route=%2Fwp%2Fv2%2Fmedia&parent=16339"}],"wp:term":[{"taxonomy":"category","embeddable":true,"href":"https:\/\/inclusivenews.com.br\/index.php?rest_route=%2Fwp%2Fv2%2Fcategories&post=16339"},{"taxonomy":"post_tag","embeddable":true,"href":"https:\/\/inclusivenews.com.br\/index.php?rest_route=%2Fwp%2Fv2%2Ftags&post=16339"}],"curies":[{"name":"wp","href":"https:\/\/api.w.org\/{rel}","templated":true}]}}