{"id":16361,"date":"2010-07-05T05:51:11","date_gmt":"2010-07-05T08:51:11","guid":{"rendered":"http:\/\/www.inclusive.org.br\/?p=16361"},"modified":"2010-07-05T05:51:11","modified_gmt":"2010-07-05T08:51:11","slug":"acessibilidade-sem-barreiras","status":"publish","type":"post","link":"https:\/\/inclusivenews.com.br\/?p=16361","title":{"rendered":"Acessibilidade sem barreiras"},"content":{"rendered":"<figure style=\"width: 160px\" class=\"wp-caption alignleft\"><img loading=\"lazy\" decoding=\"async\" title=\"A sigla UFRJ com o s\u00edmbolo de um cadeirante\" src=\"http:\/\/www.olharvirtual.ufrj.br\/2010\/imagens\/edicoes\/301\/tira_zoom.jpg\" alt=\"\" width=\"160\" height=\"160\" \/><figcaption class=\"wp-caption-text\"> <\/figcaption><\/figure>\n<p><strong>Por Aline Dur\u00e3es<\/strong><\/p>\n<p>Segundo alguns dicion\u00e1rios, a palavra acessibilidade significa \u201ca qualidade de ser acess\u00edvel, a que se pode chegar facilmente, que fica ao alcance\u201d. Mas, para pessoas com defici\u00eancia f\u00edsica, sensorial, intelectual e tamb\u00e9m para aquelas que possuem, por qualquer raz\u00e3o, mobilidade reduzida, a defini\u00e7\u00e3o vai al\u00e9m: expressa o direito de usufru\u00edrem do espa\u00e7o e dos bens simb\u00f3licos da sociedade como qualquer outro indiv\u00edduo.<\/p>\n<p>A partir da d\u00e9cada de 1990 se consolidou a concep\u00e7\u00e3o de que os espa\u00e7os, bem como os objetos e os transportes, deveriam ser constru\u00eddos para contemplar a todos. Desenvolvida pelo arquiteto norte-americano Ron Mace, essa nova abordagem da acessibilidade visava a chamar a aten\u00e7\u00e3o e a dirimir dificuldades enfrentadas diariamente por pessoas com defici\u00eancia.<\/p>\n<p>Apesar de ter sido abra\u00e7ada pela Conven\u00e7\u00e3o das Na\u00e7\u00f5es Unidas de Defesa dos Direitos das Pessoas com Defici\u00eancia e de ter sido aprovada como emenda constitucional no Brasil, a acessibilidade ainda n\u00e3o \u00e9 uma realidade. Nem mesmo na UFRJ. Embora possua especialistas gabaritados e grupos de pesquisa engajados na discuss\u00e3o, a universidade ainda n\u00e3o se constitui um local totalmente acess\u00edvel. Dos estacionamentos \u00e0s bibliotecas, as depend\u00eancias da institui\u00e7\u00e3o mostram-se pouco adequadas para atender \u00e0s necessidades de todos os seus frequentadores. \u201cO importante a ressaltar \u00e9 que defendemos a ideia de percursos ou rotas plenamente acess\u00edveis de um ponto a outro. Na verdade, a pessoa deve poder se deslocar de sua casa e chegar \u00e0 universidade sem encontrar nenhum obst\u00e1culo no meio do caminho\u201d, pontua Cristiane Duarte, uma das coordenadoras do N\u00facleo Pr\u00f3-acesso da Faculdade de Arquitetura e Urbanismo (FAU) da UFRJ.<\/p>\n<p>Para diagnosticar as principais car\u00eancias da universidade no que tange \u00e0 acessibilidade, o N\u00facleo de Pr\u00f3-acesso publicou o relat\u00f3rio &#8220;Universidade para Todos &#8211; Diagn\u00f3stico de Acessibilidade na UFRJ&#8221;. A pesquisa constatou que faltam vagas especiais de estacionamento, rampas, sinaliza\u00e7\u00f5es t\u00e1teis direcionais e de alerta para pessoas cegas, sinais sonoros, avisos visuais ou recursos para a comunica\u00e7\u00e3o de pessoas com defici\u00eancia auditiva, banheiros adaptados, bibliotecas acess\u00edveis com softwares, livros falados e audiodescri\u00e7\u00e3o para deficientes visuais ou com baixa vis\u00e3o.<\/p>\n<p>O relat\u00f3rio aponta que as a\u00e7\u00f5es existentes hoje na institui\u00e7\u00e3o s\u00e3o pontuais e conclui a inexist\u00eancia de uma acessibilidade mais ampla, global e universal. \u201cN\u00e3o podemos ou conseguimos apontar um local que seja perfeito ou com rotas plenamente acess\u00edveis. H\u00e1 algumas unidades que evolu\u00edram bastante, como a Biomedicina no Centro de Ci\u00eancias da Sa\u00fade. Existem tamb\u00e9m algumas medidas muito interessantes sendo tomadas, por exemplo, no N\u00facleo de Computa\u00e7\u00e3o Eletr\u00f4nica (NCE), que tem desenvolvido softwares para pessoas com dificuldades motoras ou com defici\u00eancia visual. Apesar desses e outros casos isolados, o diagn\u00f3stico apontou a necessidade de adapta\u00e7\u00e3o na grande maioria dos locais\u201d, conta Regina Cohen, outra coordenadora do N\u00facleo Pr\u00f3-acesso.<\/p>\n<p>Um caminho longo<\/p>\n<p>O N\u00facleo de Pr\u00f3-acesso da FAU existe desde 1999. Ao longo de mais de uma d\u00e9cada, a UFRJ avan\u00e7ou pouco em rela\u00e7\u00e3o \u00e0 legisla\u00e7\u00e3o e a outras universidades. \u201cAcredito que a universidade n\u00e3o esteja pronta para debater o tema da acessibilidade. N\u00e3o temos percebido vontade para isso. Enquanto a acessibilidade for apenas um fator a mais a ser resolvido no final de uma lista de prioridades a serem tomadas pela UFRJ, n\u00e3o avan\u00e7aremos muito mais do que o pouco que j\u00e1 alcan\u00e7amos at\u00e9 aqui, n\u00e3o acompanhando a evolu\u00e7\u00e3o que j\u00e1 se faz notar em outras universidades p\u00fablicas e particulares\u201d, enfatiza Regina Cohen, destacando que o Plano Diretor UFRJ 2020 deve levar em conta as discuss\u00f5es sobre acessibilidade.<\/p>\n<p>Para Cristiane Duarte, a falta de conscientiza\u00e7\u00e3o acerca da import\u00e2ncia da acessibilidade \u00e9 uma barreira mais dif\u00edcil de ser quebrada do que as barreiras f\u00edsicas. \u201cEm nosso entender, a defici\u00eancia nunca estar\u00e1 na pessoa que muitas vezes encontra maneiras de super\u00e1-la, de v\u00ea-la ou de viv\u00ea-la de outra forma. O espa\u00e7o, na verdade, \u00e9 que \u00e9 o grande deficiente ao n\u00e3o acolher a diferen\u00e7a que existe entre as pessoas, muitas vezes cristalizando a pr\u00f3pria defici\u00eancia\u201d, conclui.<\/p>\n<p>___________<\/p>\n<p><strong>Fonte:<\/strong> <a href=\"http:\/\/www.olharvirtual.ufrj.br\/2010\/index.php?id_edicao=301&amp;codigo=7\">UFRJ<\/a><\/p>\n","protected":false},"excerpt":{"rendered":"<p>A acessibilidade expressa o direito de usufru\u00edrem do espa\u00e7o e dos bens simb\u00f3licos da sociedade como qualquer outro indiv\u00edduo. Por Aline Dur\u00e3es.<\/p>\n","protected":false},"author":1,"featured_media":0,"comment_status":"open","ping_status":"open","sticky":false,"template":"","format":"standard","meta":{"site-container-style":"default","site-container-layout":"default","site-sidebar-layout":"default","disable-article-header":"default","disable-site-header":"default","disable-site-footer":"default","disable-content-area-spacing":"default","footnotes":""},"categories":[44,38,48,8],"tags":[],"class_list":["post-16361","post","type-post","status-publish","format-standard","hentry","category-acessibilidade","category-deficiencia","category-inclusao","category-textos-e-artigos"],"yoast_head":"<!-- This site is optimized with the Yoast SEO plugin v27.4 - https:\/\/yoast.com\/product\/yoast-seo-wordpress\/ -->\n<title>Acessibilidade sem barreiras -<\/title>\n<meta name=\"robots\" content=\"index, follow, max-snippet:-1, max-image-preview:large, max-video-preview:-1\" \/>\n<link rel=\"canonical\" href=\"https:\/\/inclusivenews.com.br\/?p=16361\" \/>\n<meta property=\"og:locale\" content=\"pt_PT\" \/>\n<meta property=\"og:type\" content=\"article\" \/>\n<meta property=\"og:title\" content=\"Acessibilidade sem barreiras -\" \/>\n<meta property=\"og:description\" content=\"A acessibilidade expressa o direito de usufru\u00edrem do espa\u00e7o e dos bens simb\u00f3licos da sociedade como qualquer outro indiv\u00edduo. Por Aline Dur\u00e3es.\" \/>\n<meta property=\"og:url\" content=\"https:\/\/inclusivenews.com.br\/?p=16361\" \/>\n<meta property=\"article:publisher\" content=\"https:\/\/www.facebook.com\/agenciainclusive\/\" \/>\n<meta property=\"article:published_time\" content=\"2010-07-05T08:51:11+00:00\" \/>\n<meta property=\"og:image\" content=\"http:\/\/www.olharvirtual.ufrj.br\/2010\/imagens\/edicoes\/301\/tira_zoom.jpg\" \/>\n<meta name=\"author\" content=\"inclusivenews2024\" \/>\n<meta name=\"twitter:card\" content=\"summary_large_image\" \/>\n<meta name=\"twitter:label1\" content=\"Escrito por\" \/>\n\t<meta name=\"twitter:data1\" content=\"inclusivenews2024\" \/>\n\t<meta name=\"twitter:label2\" content=\"Tempo estimado de leitura\" \/>\n\t<meta name=\"twitter:data2\" content=\"4 minutos\" \/>\n<script type=\"application\/ld+json\" class=\"yoast-schema-graph\">{\"@context\":\"https:\\\/\\\/schema.org\",\"@graph\":[{\"@type\":\"Article\",\"@id\":\"https:\\\/\\\/inclusivenews.com.br\\\/?p=16361#article\",\"isPartOf\":{\"@id\":\"https:\\\/\\\/inclusivenews.com.br\\\/?p=16361\"},\"author\":{\"name\":\"inclusivenews2024\",\"@id\":\"https:\\\/\\\/inclusivenews.com.br\\\/#\\\/schema\\\/person\\\/ae4ec7087559b8692fb33b6fffd2273b\"},\"headline\":\"Acessibilidade sem barreiras\",\"datePublished\":\"2010-07-05T08:51:11+00:00\",\"mainEntityOfPage\":{\"@id\":\"https:\\\/\\\/inclusivenews.com.br\\\/?p=16361\"},\"wordCount\":736,\"commentCount\":0,\"publisher\":{\"@id\":\"https:\\\/\\\/inclusivenews.com.br\\\/#organization\"},\"image\":{\"@id\":\"https:\\\/\\\/inclusivenews.com.br\\\/?p=16361#primaryimage\"},\"thumbnailUrl\":\"http:\\\/\\\/www.olharvirtual.ufrj.br\\\/2010\\\/imagens\\\/edicoes\\\/301\\\/tira_zoom.jpg\",\"articleSection\":[\"ACESSIBILIDADE\",\"Defici\u00eancia\",\"INCLUS\u00c3O SOCIAL\",\"OPINI\u00c3O\"],\"inLanguage\":\"pt-PT\",\"potentialAction\":[{\"@type\":\"CommentAction\",\"name\":\"Comment\",\"target\":[\"https:\\\/\\\/inclusivenews.com.br\\\/?p=16361#respond\"]}]},{\"@type\":\"WebPage\",\"@id\":\"https:\\\/\\\/inclusivenews.com.br\\\/?p=16361\",\"url\":\"https:\\\/\\\/inclusivenews.com.br\\\/?p=16361\",\"name\":\"Acessibilidade sem barreiras -\",\"isPartOf\":{\"@id\":\"https:\\\/\\\/inclusivenews.com.br\\\/#website\"},\"primaryImageOfPage\":{\"@id\":\"https:\\\/\\\/inclusivenews.com.br\\\/?p=16361#primaryimage\"},\"image\":{\"@id\":\"https:\\\/\\\/inclusivenews.com.br\\\/?p=16361#primaryimage\"},\"thumbnailUrl\":\"http:\\\/\\\/www.olharvirtual.ufrj.br\\\/2010\\\/imagens\\\/edicoes\\\/301\\\/tira_zoom.jpg\",\"datePublished\":\"2010-07-05T08:51:11+00:00\",\"breadcrumb\":{\"@id\":\"https:\\\/\\\/inclusivenews.com.br\\\/?p=16361#breadcrumb\"},\"inLanguage\":\"pt-PT\",\"potentialAction\":[{\"@type\":\"ReadAction\",\"target\":[\"https:\\\/\\\/inclusivenews.com.br\\\/?p=16361\"]}]},{\"@type\":\"ImageObject\",\"inLanguage\":\"pt-PT\",\"@id\":\"https:\\\/\\\/inclusivenews.com.br\\\/?p=16361#primaryimage\",\"url\":\"http:\\\/\\\/www.olharvirtual.ufrj.br\\\/2010\\\/imagens\\\/edicoes\\\/301\\\/tira_zoom.jpg\",\"contentUrl\":\"http:\\\/\\\/www.olharvirtual.ufrj.br\\\/2010\\\/imagens\\\/edicoes\\\/301\\\/tira_zoom.jpg\"},{\"@type\":\"BreadcrumbList\",\"@id\":\"https:\\\/\\\/inclusivenews.com.br\\\/?p=16361#breadcrumb\",\"itemListElement\":[{\"@type\":\"ListItem\",\"position\":1,\"name\":\"In\u00edcio\",\"item\":\"https:\\\/\\\/inclusivenews.com.br\\\/\"},{\"@type\":\"ListItem\",\"position\":2,\"name\":\"Acessibilidade sem barreiras\"}]},{\"@type\":\"WebSite\",\"@id\":\"https:\\\/\\\/inclusivenews.com.br\\\/#website\",\"url\":\"https:\\\/\\\/inclusivenews.com.br\\\/\",\"name\":\"Inclusive News\",\"description\":\"Inclusive News\",\"publisher\":{\"@id\":\"https:\\\/\\\/inclusivenews.com.br\\\/#organization\"},\"potentialAction\":[{\"@type\":\"SearchAction\",\"target\":{\"@type\":\"EntryPoint\",\"urlTemplate\":\"https:\\\/\\\/inclusivenews.com.br\\\/?s={search_term_string}\"},\"query-input\":{\"@type\":\"PropertyValueSpecification\",\"valueRequired\":true,\"valueName\":\"search_term_string\"}}],\"inLanguage\":\"pt-PT\"},{\"@type\":\"Organization\",\"@id\":\"https:\\\/\\\/inclusivenews.com.br\\\/#organization\",\"name\":\"Inclusive - inclus\u00e3o e cidadania\",\"url\":\"https:\\\/\\\/inclusivenews.com.br\\\/\",\"logo\":{\"@type\":\"ImageObject\",\"inLanguage\":\"pt-PT\",\"@id\":\"https:\\\/\\\/inclusivenews.com.br\\\/#\\\/schema\\\/logo\\\/image\\\/\",\"url\":\"https:\\\/\\\/inclusivenews.com.br\\\/wp-content\\\/uploads\\\/2024\\\/03\\\/@grandesite.png\",\"contentUrl\":\"https:\\\/\\\/inclusivenews.com.br\\\/wp-content\\\/uploads\\\/2024\\\/03\\\/@grandesite.png\",\"width\":1080,\"height\":1080,\"caption\":\"Inclusive - inclus\u00e3o e cidadania\"},\"image\":{\"@id\":\"https:\\\/\\\/inclusivenews.com.br\\\/#\\\/schema\\\/logo\\\/image\\\/\"},\"sameAs\":[\"https:\\\/\\\/www.facebook.com\\\/agenciainclusive\\\/\",\"https:\\\/\\\/www.instagram.com\\\/newsinclusive\\\/\"]},{\"@type\":\"Person\",\"@id\":\"https:\\\/\\\/inclusivenews.com.br\\\/#\\\/schema\\\/person\\\/ae4ec7087559b8692fb33b6fffd2273b\",\"name\":\"inclusivenews2024\",\"image\":{\"@type\":\"ImageObject\",\"inLanguage\":\"pt-PT\",\"@id\":\"https:\\\/\\\/secure.gravatar.com\\\/avatar\\\/c5a7ef84c66fa914f55bc4f7ce26cfa275a3b9a1c5568b907bd184fb4dde7b40?s=96&d=mm&r=g\",\"url\":\"https:\\\/\\\/secure.gravatar.com\\\/avatar\\\/c5a7ef84c66fa914f55bc4f7ce26cfa275a3b9a1c5568b907bd184fb4dde7b40?s=96&d=mm&r=g\",\"contentUrl\":\"https:\\\/\\\/secure.gravatar.com\\\/avatar\\\/c5a7ef84c66fa914f55bc4f7ce26cfa275a3b9a1c5568b907bd184fb4dde7b40?s=96&d=mm&r=g\",\"caption\":\"inclusivenews2024\"},\"sameAs\":[\"https:\\\/\\\/inclusivenews.com.br\"],\"url\":\"https:\\\/\\\/inclusivenews.com.br\\\/?author=1\"}]}<\/script>\n<!-- \/ Yoast SEO plugin. -->","yoast_head_json":{"title":"Acessibilidade sem barreiras -","robots":{"index":"index","follow":"follow","max-snippet":"max-snippet:-1","max-image-preview":"max-image-preview:large","max-video-preview":"max-video-preview:-1"},"canonical":"https:\/\/inclusivenews.com.br\/?p=16361","og_locale":"pt_PT","og_type":"article","og_title":"Acessibilidade sem barreiras -","og_description":"A acessibilidade expressa o direito de usufru\u00edrem do espa\u00e7o e dos bens simb\u00f3licos da sociedade como qualquer outro indiv\u00edduo. Por Aline Dur\u00e3es.","og_url":"https:\/\/inclusivenews.com.br\/?p=16361","article_publisher":"https:\/\/www.facebook.com\/agenciainclusive\/","article_published_time":"2010-07-05T08:51:11+00:00","og_image":[{"url":"http:\/\/www.olharvirtual.ufrj.br\/2010\/imagens\/edicoes\/301\/tira_zoom.jpg","type":"","width":"","height":""}],"author":"inclusivenews2024","twitter_card":"summary_large_image","twitter_misc":{"Escrito por":"inclusivenews2024","Tempo estimado de leitura":"4 minutos"},"schema":{"@context":"https:\/\/schema.org","@graph":[{"@type":"Article","@id":"https:\/\/inclusivenews.com.br\/?p=16361#article","isPartOf":{"@id":"https:\/\/inclusivenews.com.br\/?p=16361"},"author":{"name":"inclusivenews2024","@id":"https:\/\/inclusivenews.com.br\/#\/schema\/person\/ae4ec7087559b8692fb33b6fffd2273b"},"headline":"Acessibilidade sem barreiras","datePublished":"2010-07-05T08:51:11+00:00","mainEntityOfPage":{"@id":"https:\/\/inclusivenews.com.br\/?p=16361"},"wordCount":736,"commentCount":0,"publisher":{"@id":"https:\/\/inclusivenews.com.br\/#organization"},"image":{"@id":"https:\/\/inclusivenews.com.br\/?p=16361#primaryimage"},"thumbnailUrl":"http:\/\/www.olharvirtual.ufrj.br\/2010\/imagens\/edicoes\/301\/tira_zoom.jpg","articleSection":["ACESSIBILIDADE","Defici\u00eancia","INCLUS\u00c3O SOCIAL","OPINI\u00c3O"],"inLanguage":"pt-PT","potentialAction":[{"@type":"CommentAction","name":"Comment","target":["https:\/\/inclusivenews.com.br\/?p=16361#respond"]}]},{"@type":"WebPage","@id":"https:\/\/inclusivenews.com.br\/?p=16361","url":"https:\/\/inclusivenews.com.br\/?p=16361","name":"Acessibilidade sem barreiras -","isPartOf":{"@id":"https:\/\/inclusivenews.com.br\/#website"},"primaryImageOfPage":{"@id":"https:\/\/inclusivenews.com.br\/?p=16361#primaryimage"},"image":{"@id":"https:\/\/inclusivenews.com.br\/?p=16361#primaryimage"},"thumbnailUrl":"http:\/\/www.olharvirtual.ufrj.br\/2010\/imagens\/edicoes\/301\/tira_zoom.jpg","datePublished":"2010-07-05T08:51:11+00:00","breadcrumb":{"@id":"https:\/\/inclusivenews.com.br\/?p=16361#breadcrumb"},"inLanguage":"pt-PT","potentialAction":[{"@type":"ReadAction","target":["https:\/\/inclusivenews.com.br\/?p=16361"]}]},{"@type":"ImageObject","inLanguage":"pt-PT","@id":"https:\/\/inclusivenews.com.br\/?p=16361#primaryimage","url":"http:\/\/www.olharvirtual.ufrj.br\/2010\/imagens\/edicoes\/301\/tira_zoom.jpg","contentUrl":"http:\/\/www.olharvirtual.ufrj.br\/2010\/imagens\/edicoes\/301\/tira_zoom.jpg"},{"@type":"BreadcrumbList","@id":"https:\/\/inclusivenews.com.br\/?p=16361#breadcrumb","itemListElement":[{"@type":"ListItem","position":1,"name":"In\u00edcio","item":"https:\/\/inclusivenews.com.br\/"},{"@type":"ListItem","position":2,"name":"Acessibilidade sem barreiras"}]},{"@type":"WebSite","@id":"https:\/\/inclusivenews.com.br\/#website","url":"https:\/\/inclusivenews.com.br\/","name":"Inclusive News","description":"Inclusive News","publisher":{"@id":"https:\/\/inclusivenews.com.br\/#organization"},"potentialAction":[{"@type":"SearchAction","target":{"@type":"EntryPoint","urlTemplate":"https:\/\/inclusivenews.com.br\/?s={search_term_string}"},"query-input":{"@type":"PropertyValueSpecification","valueRequired":true,"valueName":"search_term_string"}}],"inLanguage":"pt-PT"},{"@type":"Organization","@id":"https:\/\/inclusivenews.com.br\/#organization","name":"Inclusive - inclus\u00e3o e cidadania","url":"https:\/\/inclusivenews.com.br\/","logo":{"@type":"ImageObject","inLanguage":"pt-PT","@id":"https:\/\/inclusivenews.com.br\/#\/schema\/logo\/image\/","url":"https:\/\/inclusivenews.com.br\/wp-content\/uploads\/2024\/03\/@grandesite.png","contentUrl":"https:\/\/inclusivenews.com.br\/wp-content\/uploads\/2024\/03\/@grandesite.png","width":1080,"height":1080,"caption":"Inclusive - inclus\u00e3o e cidadania"},"image":{"@id":"https:\/\/inclusivenews.com.br\/#\/schema\/logo\/image\/"},"sameAs":["https:\/\/www.facebook.com\/agenciainclusive\/","https:\/\/www.instagram.com\/newsinclusive\/"]},{"@type":"Person","@id":"https:\/\/inclusivenews.com.br\/#\/schema\/person\/ae4ec7087559b8692fb33b6fffd2273b","name":"inclusivenews2024","image":{"@type":"ImageObject","inLanguage":"pt-PT","@id":"https:\/\/secure.gravatar.com\/avatar\/c5a7ef84c66fa914f55bc4f7ce26cfa275a3b9a1c5568b907bd184fb4dde7b40?s=96&d=mm&r=g","url":"https:\/\/secure.gravatar.com\/avatar\/c5a7ef84c66fa914f55bc4f7ce26cfa275a3b9a1c5568b907bd184fb4dde7b40?s=96&d=mm&r=g","contentUrl":"https:\/\/secure.gravatar.com\/avatar\/c5a7ef84c66fa914f55bc4f7ce26cfa275a3b9a1c5568b907bd184fb4dde7b40?s=96&d=mm&r=g","caption":"inclusivenews2024"},"sameAs":["https:\/\/inclusivenews.com.br"],"url":"https:\/\/inclusivenews.com.br\/?author=1"}]}},"_links":{"self":[{"href":"https:\/\/inclusivenews.com.br\/index.php?rest_route=\/wp\/v2\/posts\/16361","targetHints":{"allow":["GET"]}}],"collection":[{"href":"https:\/\/inclusivenews.com.br\/index.php?rest_route=\/wp\/v2\/posts"}],"about":[{"href":"https:\/\/inclusivenews.com.br\/index.php?rest_route=\/wp\/v2\/types\/post"}],"author":[{"embeddable":true,"href":"https:\/\/inclusivenews.com.br\/index.php?rest_route=\/wp\/v2\/users\/1"}],"replies":[{"embeddable":true,"href":"https:\/\/inclusivenews.com.br\/index.php?rest_route=%2Fwp%2Fv2%2Fcomments&post=16361"}],"version-history":[{"count":0,"href":"https:\/\/inclusivenews.com.br\/index.php?rest_route=\/wp\/v2\/posts\/16361\/revisions"}],"wp:attachment":[{"href":"https:\/\/inclusivenews.com.br\/index.php?rest_route=%2Fwp%2Fv2%2Fmedia&parent=16361"}],"wp:term":[{"taxonomy":"category","embeddable":true,"href":"https:\/\/inclusivenews.com.br\/index.php?rest_route=%2Fwp%2Fv2%2Fcategories&post=16361"},{"taxonomy":"post_tag","embeddable":true,"href":"https:\/\/inclusivenews.com.br\/index.php?rest_route=%2Fwp%2Fv2%2Ftags&post=16361"}],"curies":[{"name":"wp","href":"https:\/\/api.w.org\/{rel}","templated":true}]}}