{"id":16383,"date":"2010-07-06T05:59:27","date_gmt":"2010-07-06T08:59:27","guid":{"rendered":"http:\/\/www.inclusive.org.br\/?p=16383"},"modified":"2010-07-06T05:59:27","modified_gmt":"2010-07-06T08:59:27","slug":"bullying-marcas-de-violencia-na-escola","status":"publish","type":"post","link":"https:\/\/inclusivenews.com.br\/?p=16383","title":{"rendered":"Bullying: marcas de viol\u00eancia na escola"},"content":{"rendered":"<figure id=\"attachment_14976\" aria-describedby=\"caption-attachment-14976\" style=\"width: 210px\" class=\"wp-caption alignleft\"><a href=\"http:\/\/www.inclusivenews.com.br\/wp-content\/uploads\/2010\/04\/bullies.jpg\"><img loading=\"lazy\" decoding=\"async\" class=\"size-medium wp-image-14976\" title=\"Inclusive - bullying - imagem de um menino sentado tapando o rosto com as m\u00e3os.\" src=\"http:\/\/inclusivenews.com.br\/wp-content\/uploads\/2010\/04\/bullies-300x199.jpg\" alt=\"\" width=\"210\" height=\"139\" \/><\/a><figcaption id=\"caption-attachment-14976\" class=\"wp-caption-text\"> <\/figcaption><\/figure>\n<p><strong>Por L\u00eddia Weber<\/strong><\/p>\n<p>A escola pode ser um lugar muito hostil para crian\u00e7as e adolescentes, n\u00e3o somente pelas notas vermelhas, mas pelas rela\u00e7\u00f5es interpessoais negativas (intimida\u00e7\u00e3o, ass\u00e9dio, humilha\u00e7\u00e3o) que ocorrem com colegas e at\u00e9 com professores e funcion\u00e1rios. Essas rela\u00e7\u00f5es nocivas dentro da escola s\u00e3o atualmente estudadas pela Psicologia e conhecidas pelo termo ingl\u00eas bullying: quando algu\u00e9m faz ou diz algo negativo de forma sistem\u00e1tica para ter poder sobre outra pessoa. Esse tipo de provoca\u00e7\u00e3o pode ser f\u00edsico (bater, puxar, beliscar, assediar sexualmente etc.) ou relacional (fofocar, excluir algu\u00e9m do grupo, humilhar, provocar etc.; pode ocorrer em confronto direto ou por meio eletr\u00f4nico (cyber bullying), tais como, ofensas postadas em sites de relacionamento, mensagens agressivas no celular, montagem de fotos e v\u00eddeos e mentiras espalhadas por correio eletr\u00f4nico.<\/p>\n<p>O bullying \u00e9 um fen\u00f4meno completo e envolve tr\u00eas grupos de estudantes: agressores, v\u00edtimas e espectadores. Apesar de existirem similaridades entre os membros de cada grupo, existem ainda muitos subgrupos diferentes. Por exemplo, existem os agressores ativos e os passivos. Os ativos fazem parte do tipo mais comum e geralmente s\u00e3o fortes, hostis, impulsivos, coercitivos, confiantes e demonstram total falta de empatia com suas v\u00edtimas. Esses estudantes tendem a ser populares nos anos escolares iniciais e, por serem admirados, tem uma boa autoestima.\u00a0 Esse comportamento agressivo pode perdurar ao longo da vida. Os agressores passivos n\u00e3o tem tanta confian\u00e7a, s\u00e3o inseguros, menos populares, tem baixa autoestima e poucas qualidades desej\u00e1veis. Geralmente tem dificuldades na escola e comportamento destemperado o que leva a problemas com seus colegas. Esse tipo n\u00e3o inicia o comportamento agressivo, mas ap\u00f3ia com entusiasmo quando ele ocorre e mostra total lealdade aos agressores. Existem ainda as v\u00edtimas-agressivas, s\u00e3o estudantes que sofreram provoca\u00e7\u00f5es s\u00e9rias e passam a agredir aqueles que s\u00e3o f\u00edsica ou psicologicamente mais fracos; geralmente s\u00e3o impopulares e tem maior chance de apresentarem ansiedade e depress\u00e3o.<\/p>\n<p>Os provocadores n\u00e3o atacam seus colegas de modo aleat\u00f3rio, ao contr\u00e1rio, tendem a perseguir alguns de maneira sistem\u00e1tica. As pesquisas descrevem diferentes tipos de v\u00edtimas: v\u00edtima-passiva, v\u00edtima-provocativa e a v\u00edtima-agressiva, j\u00e1 descrita acima. A v\u00edtima-passiva n\u00e3o provoca diretamente e faz parte do maior grupo de crian\u00e7as intimidadas; geralmente s\u00e3o crian\u00e7as t\u00edmidas, ansiosas, medrosas, com autoconceito pobre e com poucos amigos, sendo alvos f\u00e1ceis para os agressores ativos que detectam facilmente a vulnerabilidade. A v\u00edtima-provocativa \u00e9 aquele estudante que se comporta de maneira a desorganizar a classe: n\u00e3o para quieto, tem comportamento irritadi\u00e7o, hostil, dominante e agressivo, baixa toler\u00e2ncia \u00e0 frustra\u00e7\u00e3o e sente-se rejeitado por outros, com baixa autoestima.<\/p>\n<p>Em pesquisas realizadas pelo N\u00facleo de An\u00e1lise do Comportamento do Departamento de Psicologia e pelo programa de P\u00f3s-gradua\u00e7\u00e3o em Educa\u00e7\u00e3o (UFPR), os dados revelam que os meninos apresentam maior freq\u00fc\u00eancia de agress\u00f5es e de vitimiza\u00e7\u00e3o. Alunos de escolas particulares relatam maior frequ\u00eancia de agress\u00e3o direta enquanto os alunos das escolas p\u00fablicas apresentaram maior m\u00e9dia na agress\u00e3o relacional. \u00c9 preciso levar em conta n\u00e3o apenas a distin\u00e7\u00e3o entre escola p\u00fablica e particular, mas o quanto cada escola est\u00e1 empenhada em combater e prevenir este comportamento. Muitas escolas nada fazem porque simplesmente consideram esse fen\u00f4meno como algo normal no comportamento de crian\u00e7as e adolescentes.<\/p>\n<p>Esse \u00e9 um fen\u00f4meno que n\u00e3o pode ser ignorado pelas escolas nem pela fam\u00edlia. Nossas pesquisas revelam, de maneira, inequ\u00edvoca, uma rela\u00e7\u00e3o significativa entre o \u201cclima familiar\u201d e agress\u00e3o e vitimiza\u00e7\u00e3o sofrida na escola. De modo geral, adolescentes provenientes de fam\u00edlias que apresentam clima positivo (alto envolvimento e relacionamento afetivo, regras e limites claros, comunica\u00e7\u00e3o positiva, clima conjugal positivo e pais que se apresentam como modelos positivos) envolvem-se menos com bullying, tanto como agressores quanto como v\u00edtimas. Por outro lado, maior frequ\u00eancia de agressores e de v\u00edtimas vem de lares no qual o clima familiar apresenta v\u00e1rios fatores de risco, tais como uso de puni\u00e7\u00e3o corporal, conflito familiar, abuso verbal, aus\u00eancia de regras e monitoria, baixo envolvimento e clima conjugal negativo.<\/p>\n<p>Assim, nota-se que o bullying n\u00e3o \u00e9 apenas um fen\u00f4meno escolar, pois existe uma forte liga\u00e7\u00e3o entre o que ocorre na da fam\u00edlia e as rela\u00e7\u00f5es de crian\u00e7as e adolescentes com seus colegas. Em um contexto atual complexo, violento, ego\u00edsta e pouco emp\u00e1tico, \u00e9 preciso aten\u00e7\u00e3o mais espec\u00edfica, sistem\u00e1tica e preventiva para a fam\u00edlia e a escola, pois os efeitos psicol\u00f3gicos do bullying, tanto para os agressores quanto v\u00edtimas, s\u00e3o nefastos e duradouros.<br \/>\n__________________________<\/p>\n<p><strong>Fonte:<\/strong> <a href=\"http:\/\/www.envolverde.com.br\/materia.php?cod=77204&amp;edt=8\">Envolverde\/UnB Ag\u00eancia<\/a><\/p>\n","protected":false},"excerpt":{"rendered":"<p>Esse \u00e9 um fen\u00f4meno que n\u00e3o pode ser ignorado pelas escolas nem pela fam\u00edlia. Nossas pesquisas revelam, de maneira, inequ\u00edvoca, uma rela\u00e7\u00e3o significativa entre o \u201cclima familiar\u201d e agress\u00e3o e vitimiza\u00e7\u00e3o sofrida na escola. Artigo \u00e9 de L\u00eddia Weber.<\/p>\n","protected":false},"author":1,"featured_media":0,"comment_status":"open","ping_status":"open","sticky":false,"template":"","format":"standard","meta":{"site-container-style":"default","site-container-layout":"default","site-sidebar-layout":"default","disable-article-header":"default","disable-site-header":"default","disable-site-footer":"default","disable-content-area-spacing":"default","footnotes":""},"categories":[36,6,8],"tags":[106],"class_list":["post-16383","post","type-post","status-publish","format-standard","hentry","category-colunas-especiais","category-educacao","category-textos-e-artigos","tag-bullying"],"yoast_head":"<!-- This site is optimized with the Yoast SEO plugin v27.4 - https:\/\/yoast.com\/product\/yoast-seo-wordpress\/ -->\n<title>Bullying: marcas de viol\u00eancia na escola -<\/title>\n<meta name=\"robots\" content=\"index, follow, max-snippet:-1, max-image-preview:large, max-video-preview:-1\" \/>\n<link rel=\"canonical\" href=\"https:\/\/inclusivenews.com.br\/?p=16383\" \/>\n<meta property=\"og:locale\" content=\"pt_PT\" \/>\n<meta property=\"og:type\" content=\"article\" \/>\n<meta property=\"og:title\" content=\"Bullying: marcas de viol\u00eancia na escola -\" \/>\n<meta property=\"og:description\" content=\"Esse \u00e9 um fen\u00f4meno que n\u00e3o pode ser ignorado pelas escolas nem pela fam\u00edlia. Nossas pesquisas revelam, de maneira, inequ\u00edvoca, uma rela\u00e7\u00e3o significativa entre o \u201cclima familiar\u201d e agress\u00e3o e vitimiza\u00e7\u00e3o sofrida na escola. Artigo \u00e9 de L\u00eddia Weber.\" \/>\n<meta property=\"og:url\" content=\"https:\/\/inclusivenews.com.br\/?p=16383\" \/>\n<meta property=\"article:publisher\" content=\"https:\/\/www.facebook.com\/agenciainclusive\/\" \/>\n<meta property=\"article:published_time\" content=\"2010-07-06T08:59:27+00:00\" \/>\n<meta property=\"og:image\" content=\"http:\/\/inclusivenews.com.br\/wp-content\/uploads\/2010\/04\/bullies-300x199.jpg\" \/>\n<meta name=\"author\" content=\"inclusivenews2024\" \/>\n<meta name=\"twitter:card\" content=\"summary_large_image\" \/>\n<meta name=\"twitter:label1\" content=\"Escrito por\" \/>\n\t<meta name=\"twitter:data1\" content=\"inclusivenews2024\" \/>\n\t<meta name=\"twitter:label2\" content=\"Tempo estimado de leitura\" \/>\n\t<meta name=\"twitter:data2\" content=\"4 minutos\" \/>\n<script type=\"application\/ld+json\" class=\"yoast-schema-graph\">{\"@context\":\"https:\\\/\\\/schema.org\",\"@graph\":[{\"@type\":\"Article\",\"@id\":\"https:\\\/\\\/inclusivenews.com.br\\\/?p=16383#article\",\"isPartOf\":{\"@id\":\"https:\\\/\\\/inclusivenews.com.br\\\/?p=16383\"},\"author\":{\"name\":\"inclusivenews2024\",\"@id\":\"https:\\\/\\\/inclusivenews.com.br\\\/#\\\/schema\\\/person\\\/ae4ec7087559b8692fb33b6fffd2273b\"},\"headline\":\"Bullying: marcas de viol\u00eancia na escola\",\"datePublished\":\"2010-07-06T08:59:27+00:00\",\"mainEntityOfPage\":{\"@id\":\"https:\\\/\\\/inclusivenews.com.br\\\/?p=16383\"},\"wordCount\":831,\"commentCount\":2,\"publisher\":{\"@id\":\"https:\\\/\\\/inclusivenews.com.br\\\/#organization\"},\"image\":{\"@id\":\"https:\\\/\\\/inclusivenews.com.br\\\/?p=16383#primaryimage\"},\"thumbnailUrl\":\"http:\\\/\\\/inclusivenews.com.br\\\/wp-content\\\/uploads\\\/2010\\\/04\\\/bullies-300x199.jpg\",\"keywords\":[\"Bullying\"],\"articleSection\":[\"Colunas especiais\",\"EDUCA\u00c7\u00c3O\",\"OPINI\u00c3O\"],\"inLanguage\":\"pt-PT\",\"potentialAction\":[{\"@type\":\"CommentAction\",\"name\":\"Comment\",\"target\":[\"https:\\\/\\\/inclusivenews.com.br\\\/?p=16383#respond\"]}]},{\"@type\":\"WebPage\",\"@id\":\"https:\\\/\\\/inclusivenews.com.br\\\/?p=16383\",\"url\":\"https:\\\/\\\/inclusivenews.com.br\\\/?p=16383\",\"name\":\"Bullying: marcas de viol\u00eancia na escola -\",\"isPartOf\":{\"@id\":\"https:\\\/\\\/inclusivenews.com.br\\\/#website\"},\"primaryImageOfPage\":{\"@id\":\"https:\\\/\\\/inclusivenews.com.br\\\/?p=16383#primaryimage\"},\"image\":{\"@id\":\"https:\\\/\\\/inclusivenews.com.br\\\/?p=16383#primaryimage\"},\"thumbnailUrl\":\"http:\\\/\\\/inclusivenews.com.br\\\/wp-content\\\/uploads\\\/2010\\\/04\\\/bullies-300x199.jpg\",\"datePublished\":\"2010-07-06T08:59:27+00:00\",\"breadcrumb\":{\"@id\":\"https:\\\/\\\/inclusivenews.com.br\\\/?p=16383#breadcrumb\"},\"inLanguage\":\"pt-PT\",\"potentialAction\":[{\"@type\":\"ReadAction\",\"target\":[\"https:\\\/\\\/inclusivenews.com.br\\\/?p=16383\"]}]},{\"@type\":\"ImageObject\",\"inLanguage\":\"pt-PT\",\"@id\":\"https:\\\/\\\/inclusivenews.com.br\\\/?p=16383#primaryimage\",\"url\":\"\",\"contentUrl\":\"\"},{\"@type\":\"BreadcrumbList\",\"@id\":\"https:\\\/\\\/inclusivenews.com.br\\\/?p=16383#breadcrumb\",\"itemListElement\":[{\"@type\":\"ListItem\",\"position\":1,\"name\":\"In\u00edcio\",\"item\":\"https:\\\/\\\/inclusivenews.com.br\\\/\"},{\"@type\":\"ListItem\",\"position\":2,\"name\":\"Bullying: marcas de viol\u00eancia na escola\"}]},{\"@type\":\"WebSite\",\"@id\":\"https:\\\/\\\/inclusivenews.com.br\\\/#website\",\"url\":\"https:\\\/\\\/inclusivenews.com.br\\\/\",\"name\":\"Inclusive News\",\"description\":\"Inclusive News\",\"publisher\":{\"@id\":\"https:\\\/\\\/inclusivenews.com.br\\\/#organization\"},\"potentialAction\":[{\"@type\":\"SearchAction\",\"target\":{\"@type\":\"EntryPoint\",\"urlTemplate\":\"https:\\\/\\\/inclusivenews.com.br\\\/?s={search_term_string}\"},\"query-input\":{\"@type\":\"PropertyValueSpecification\",\"valueRequired\":true,\"valueName\":\"search_term_string\"}}],\"inLanguage\":\"pt-PT\"},{\"@type\":\"Organization\",\"@id\":\"https:\\\/\\\/inclusivenews.com.br\\\/#organization\",\"name\":\"Inclusive - inclus\u00e3o e cidadania\",\"url\":\"https:\\\/\\\/inclusivenews.com.br\\\/\",\"logo\":{\"@type\":\"ImageObject\",\"inLanguage\":\"pt-PT\",\"@id\":\"https:\\\/\\\/inclusivenews.com.br\\\/#\\\/schema\\\/logo\\\/image\\\/\",\"url\":\"https:\\\/\\\/inclusivenews.com.br\\\/wp-content\\\/uploads\\\/2024\\\/03\\\/@grandesite.png\",\"contentUrl\":\"https:\\\/\\\/inclusivenews.com.br\\\/wp-content\\\/uploads\\\/2024\\\/03\\\/@grandesite.png\",\"width\":1080,\"height\":1080,\"caption\":\"Inclusive - inclus\u00e3o e cidadania\"},\"image\":{\"@id\":\"https:\\\/\\\/inclusivenews.com.br\\\/#\\\/schema\\\/logo\\\/image\\\/\"},\"sameAs\":[\"https:\\\/\\\/www.facebook.com\\\/agenciainclusive\\\/\",\"https:\\\/\\\/www.instagram.com\\\/newsinclusive\\\/\"]},{\"@type\":\"Person\",\"@id\":\"https:\\\/\\\/inclusivenews.com.br\\\/#\\\/schema\\\/person\\\/ae4ec7087559b8692fb33b6fffd2273b\",\"name\":\"inclusivenews2024\",\"image\":{\"@type\":\"ImageObject\",\"inLanguage\":\"pt-PT\",\"@id\":\"https:\\\/\\\/secure.gravatar.com\\\/avatar\\\/c5a7ef84c66fa914f55bc4f7ce26cfa275a3b9a1c5568b907bd184fb4dde7b40?s=96&d=mm&r=g\",\"url\":\"https:\\\/\\\/secure.gravatar.com\\\/avatar\\\/c5a7ef84c66fa914f55bc4f7ce26cfa275a3b9a1c5568b907bd184fb4dde7b40?s=96&d=mm&r=g\",\"contentUrl\":\"https:\\\/\\\/secure.gravatar.com\\\/avatar\\\/c5a7ef84c66fa914f55bc4f7ce26cfa275a3b9a1c5568b907bd184fb4dde7b40?s=96&d=mm&r=g\",\"caption\":\"inclusivenews2024\"},\"sameAs\":[\"https:\\\/\\\/inclusivenews.com.br\"],\"url\":\"https:\\\/\\\/inclusivenews.com.br\\\/?author=1\"}]}<\/script>\n<!-- \/ Yoast SEO plugin. -->","yoast_head_json":{"title":"Bullying: marcas de viol\u00eancia na escola -","robots":{"index":"index","follow":"follow","max-snippet":"max-snippet:-1","max-image-preview":"max-image-preview:large","max-video-preview":"max-video-preview:-1"},"canonical":"https:\/\/inclusivenews.com.br\/?p=16383","og_locale":"pt_PT","og_type":"article","og_title":"Bullying: marcas de viol\u00eancia na escola -","og_description":"Esse \u00e9 um fen\u00f4meno que n\u00e3o pode ser ignorado pelas escolas nem pela fam\u00edlia. Nossas pesquisas revelam, de maneira, inequ\u00edvoca, uma rela\u00e7\u00e3o significativa entre o \u201cclima familiar\u201d e agress\u00e3o e vitimiza\u00e7\u00e3o sofrida na escola. Artigo \u00e9 de L\u00eddia Weber.","og_url":"https:\/\/inclusivenews.com.br\/?p=16383","article_publisher":"https:\/\/www.facebook.com\/agenciainclusive\/","article_published_time":"2010-07-06T08:59:27+00:00","og_image":[{"url":"http:\/\/inclusivenews.com.br\/wp-content\/uploads\/2010\/04\/bullies-300x199.jpg","type":"","width":"","height":""}],"author":"inclusivenews2024","twitter_card":"summary_large_image","twitter_misc":{"Escrito por":"inclusivenews2024","Tempo estimado de leitura":"4 minutos"},"schema":{"@context":"https:\/\/schema.org","@graph":[{"@type":"Article","@id":"https:\/\/inclusivenews.com.br\/?p=16383#article","isPartOf":{"@id":"https:\/\/inclusivenews.com.br\/?p=16383"},"author":{"name":"inclusivenews2024","@id":"https:\/\/inclusivenews.com.br\/#\/schema\/person\/ae4ec7087559b8692fb33b6fffd2273b"},"headline":"Bullying: marcas de viol\u00eancia na escola","datePublished":"2010-07-06T08:59:27+00:00","mainEntityOfPage":{"@id":"https:\/\/inclusivenews.com.br\/?p=16383"},"wordCount":831,"commentCount":2,"publisher":{"@id":"https:\/\/inclusivenews.com.br\/#organization"},"image":{"@id":"https:\/\/inclusivenews.com.br\/?p=16383#primaryimage"},"thumbnailUrl":"http:\/\/inclusivenews.com.br\/wp-content\/uploads\/2010\/04\/bullies-300x199.jpg","keywords":["Bullying"],"articleSection":["Colunas especiais","EDUCA\u00c7\u00c3O","OPINI\u00c3O"],"inLanguage":"pt-PT","potentialAction":[{"@type":"CommentAction","name":"Comment","target":["https:\/\/inclusivenews.com.br\/?p=16383#respond"]}]},{"@type":"WebPage","@id":"https:\/\/inclusivenews.com.br\/?p=16383","url":"https:\/\/inclusivenews.com.br\/?p=16383","name":"Bullying: marcas de viol\u00eancia na escola -","isPartOf":{"@id":"https:\/\/inclusivenews.com.br\/#website"},"primaryImageOfPage":{"@id":"https:\/\/inclusivenews.com.br\/?p=16383#primaryimage"},"image":{"@id":"https:\/\/inclusivenews.com.br\/?p=16383#primaryimage"},"thumbnailUrl":"http:\/\/inclusivenews.com.br\/wp-content\/uploads\/2010\/04\/bullies-300x199.jpg","datePublished":"2010-07-06T08:59:27+00:00","breadcrumb":{"@id":"https:\/\/inclusivenews.com.br\/?p=16383#breadcrumb"},"inLanguage":"pt-PT","potentialAction":[{"@type":"ReadAction","target":["https:\/\/inclusivenews.com.br\/?p=16383"]}]},{"@type":"ImageObject","inLanguage":"pt-PT","@id":"https:\/\/inclusivenews.com.br\/?p=16383#primaryimage","url":"","contentUrl":""},{"@type":"BreadcrumbList","@id":"https:\/\/inclusivenews.com.br\/?p=16383#breadcrumb","itemListElement":[{"@type":"ListItem","position":1,"name":"In\u00edcio","item":"https:\/\/inclusivenews.com.br\/"},{"@type":"ListItem","position":2,"name":"Bullying: marcas de viol\u00eancia na escola"}]},{"@type":"WebSite","@id":"https:\/\/inclusivenews.com.br\/#website","url":"https:\/\/inclusivenews.com.br\/","name":"Inclusive News","description":"Inclusive News","publisher":{"@id":"https:\/\/inclusivenews.com.br\/#organization"},"potentialAction":[{"@type":"SearchAction","target":{"@type":"EntryPoint","urlTemplate":"https:\/\/inclusivenews.com.br\/?s={search_term_string}"},"query-input":{"@type":"PropertyValueSpecification","valueRequired":true,"valueName":"search_term_string"}}],"inLanguage":"pt-PT"},{"@type":"Organization","@id":"https:\/\/inclusivenews.com.br\/#organization","name":"Inclusive - inclus\u00e3o e cidadania","url":"https:\/\/inclusivenews.com.br\/","logo":{"@type":"ImageObject","inLanguage":"pt-PT","@id":"https:\/\/inclusivenews.com.br\/#\/schema\/logo\/image\/","url":"https:\/\/inclusivenews.com.br\/wp-content\/uploads\/2024\/03\/@grandesite.png","contentUrl":"https:\/\/inclusivenews.com.br\/wp-content\/uploads\/2024\/03\/@grandesite.png","width":1080,"height":1080,"caption":"Inclusive - inclus\u00e3o e cidadania"},"image":{"@id":"https:\/\/inclusivenews.com.br\/#\/schema\/logo\/image\/"},"sameAs":["https:\/\/www.facebook.com\/agenciainclusive\/","https:\/\/www.instagram.com\/newsinclusive\/"]},{"@type":"Person","@id":"https:\/\/inclusivenews.com.br\/#\/schema\/person\/ae4ec7087559b8692fb33b6fffd2273b","name":"inclusivenews2024","image":{"@type":"ImageObject","inLanguage":"pt-PT","@id":"https:\/\/secure.gravatar.com\/avatar\/c5a7ef84c66fa914f55bc4f7ce26cfa275a3b9a1c5568b907bd184fb4dde7b40?s=96&d=mm&r=g","url":"https:\/\/secure.gravatar.com\/avatar\/c5a7ef84c66fa914f55bc4f7ce26cfa275a3b9a1c5568b907bd184fb4dde7b40?s=96&d=mm&r=g","contentUrl":"https:\/\/secure.gravatar.com\/avatar\/c5a7ef84c66fa914f55bc4f7ce26cfa275a3b9a1c5568b907bd184fb4dde7b40?s=96&d=mm&r=g","caption":"inclusivenews2024"},"sameAs":["https:\/\/inclusivenews.com.br"],"url":"https:\/\/inclusivenews.com.br\/?author=1"}]}},"_links":{"self":[{"href":"https:\/\/inclusivenews.com.br\/index.php?rest_route=\/wp\/v2\/posts\/16383","targetHints":{"allow":["GET"]}}],"collection":[{"href":"https:\/\/inclusivenews.com.br\/index.php?rest_route=\/wp\/v2\/posts"}],"about":[{"href":"https:\/\/inclusivenews.com.br\/index.php?rest_route=\/wp\/v2\/types\/post"}],"author":[{"embeddable":true,"href":"https:\/\/inclusivenews.com.br\/index.php?rest_route=\/wp\/v2\/users\/1"}],"replies":[{"embeddable":true,"href":"https:\/\/inclusivenews.com.br\/index.php?rest_route=%2Fwp%2Fv2%2Fcomments&post=16383"}],"version-history":[{"count":0,"href":"https:\/\/inclusivenews.com.br\/index.php?rest_route=\/wp\/v2\/posts\/16383\/revisions"}],"wp:attachment":[{"href":"https:\/\/inclusivenews.com.br\/index.php?rest_route=%2Fwp%2Fv2%2Fmedia&parent=16383"}],"wp:term":[{"taxonomy":"category","embeddable":true,"href":"https:\/\/inclusivenews.com.br\/index.php?rest_route=%2Fwp%2Fv2%2Fcategories&post=16383"},{"taxonomy":"post_tag","embeddable":true,"href":"https:\/\/inclusivenews.com.br\/index.php?rest_route=%2Fwp%2Fv2%2Ftags&post=16383"}],"curies":[{"name":"wp","href":"https:\/\/api.w.org\/{rel}","templated":true}]}}