{"id":16392,"date":"2010-07-06T05:52:22","date_gmt":"2010-07-06T08:52:22","guid":{"rendered":"http:\/\/www.inclusive.org.br\/?p=16392"},"modified":"2010-07-06T05:52:22","modified_gmt":"2010-07-06T08:52:22","slug":"a-inclusao-escolar-ainda-usa-fraldas","status":"publish","type":"post","link":"https:\/\/inclusivenews.com.br\/?p=16392","title":{"rendered":"A inclus\u00e3o escolar ainda usa fraldas?"},"content":{"rendered":"<figure style=\"width: 200px\" class=\"wp-caption alignleft\"><img loading=\"lazy\" decoding=\"async\" title=\"foto de Dan Keplinger, pintando um quadro com sua cabe\u00e7a atrav\u00e9s de um pincel extendido, hoje artista consagrado, que teve sua vida documentada e premiada no filme KING GIMP, Oscar de melhor document\u00e1rio de 2000, realizado por Susan Hadary e Whiteford William. Dan foi o roteirista de seu document\u00e1rio e nos d\u00e1 uma li\u00e7\u00e3o de supera\u00e7\u00e3o e de criatividade, demonstrando a import\u00e2ncia da singulariza\u00e7\u00e3o do uso de novas tecnologias no processo de inclus\u00e3o escolar, revelando-se, humanamente, rico e plural na sua viv\u00eancia como um sujeito com paralisia cerebral.\" src=\"http:\/\/1.bp.blogspot.com\/_kxoja-GWURc\/TDET7MK9wiI\/AAAAAAAAAHg\/dyf76iRq-kQ\/s320\/dan+KING+KIMP.jpg\" alt=\"\" width=\"200\" height=\"175\" \/><figcaption class=\"wp-caption-text\"> <\/figcaption><\/figure>\n<p><strong>Por Jorge M\u00e1rcio Pereira Andrade<\/strong><\/p>\n<p>A partir da indaga\u00e7\u00e3o da Prof\u00aa Dr\u00aa Regina de O. Heidrich, uma amiga que trabalha com crian\u00e7as e jovens com paralisia cerebral, de como resolver uma quest\u00e3o, aparentemente simples: &#8220;&#8230;como e quem deve levar uma pessoa com paralisia cerebral, jovem com 14 anos, ao banheiro da escola, se ele tem a altura de 1,80, e a temperatura aqui \u00e9 de muito frio, \u00e9 Inverno, mas no ver\u00e3o chegamos aos 40\u00ba&#8230; ?&#8221;, e, diante dessas condi\u00e7\u00f5es e dificuldades &#8220;muitas escolas est\u00e3o levando os cadeirantes a usarem fraldas novamente&#8221;&#8230;, al\u00e9m disserem, aos pais, que: &#8220;s\u00f3 na escola especial \u00e9 que se leva um aluno(a) ao banheiro&#8221;, refor\u00e7ando ainda mais uma pol\u00eamica sobre o atendimento educacional especializado.<\/p>\n<p>Esta quest\u00e3o envolve a complexidade do processo de inclus\u00e3o escolar de pessoas com defici\u00eancia. Esse processo, que tamb\u00e9m ainda engatinha, experimenta seus passos e trope\u00e7os. Talvez, pela sua pr\u00f3pria heterogeneidade, assim como de cada forma, tipo, gravidade ou complica\u00e7\u00f5es dos modos de ser e estar em situa\u00e7\u00e3o de defici\u00eancia, em muitas situa\u00e7\u00f5es ainda, a educa\u00e7\u00e3o inclusiva \u00e9 levada ao uso de suas pr\u00f3prias fraldas novamente. O tema \u00e9 instigante, al\u00e9m de vir ao encontro de algumas reflex\u00f5es que venho fazendo sobre o uso de tecnologias assistivas ambientais, a partir de minha pr\u00f3pria viv\u00eancia pessoal da redu\u00e7\u00e3o de mobilidade e as barreiras que ando, com meus passos, dolorosamente claudicantes, constantando\/enfrentando.<\/p>\n<p>(&#8230;)<\/p>\n<p><strong><a href=\"http:\/\/infoativodefnet.blogspot.com\/2010\/07\/inclusao-escolar-ainda-usa-fraldas.html\">Para ler o restante do texto, visite o o InfoAtivo.DefNet neste link.<\/a><\/strong><\/p>\n","protected":false},"excerpt":{"rendered":"<p>O tema \u00e9 instigante, al\u00e9m de vir ao encontro de algumas reflex\u00f5es que venho fazendo sobre o uso de tecnologias assistivas ambientais, a partir de minha pr\u00f3pria viv\u00eancia pessoal da redu\u00e7\u00e3o de mobilidade e as barreiras que ando, com meus passos, dolorosamente claudicantes, constantando\/enfrentando. Por Jorge M\u00e1rcio Pereira Andrade, do InfoAtivo.DefNet<\/p>\n","protected":false},"author":1,"featured_media":0,"comment_status":"open","ping_status":"open","sticky":false,"template":"","format":"standard","meta":{"site-container-style":"default","site-container-layout":"default","site-sidebar-layout":"default","disable-article-header":"default","disable-site-header":"default","disable-site-footer":"default","disable-content-area-spacing":"default","footnotes":""},"categories":[6,48,8],"tags":[],"class_list":["post-16392","post","type-post","status-publish","format-standard","hentry","category-educacao","category-inclusao","category-textos-e-artigos"],"yoast_head":"<!-- This site is optimized with the Yoast SEO plugin v27.4 - https:\/\/yoast.com\/product\/yoast-seo-wordpress\/ -->\n<title>A inclus\u00e3o escolar ainda usa fraldas? -<\/title>\n<meta name=\"robots\" content=\"index, follow, max-snippet:-1, max-image-preview:large, max-video-preview:-1\" \/>\n<link rel=\"canonical\" href=\"https:\/\/inclusivenews.com.br\/?p=16392\" \/>\n<meta property=\"og:locale\" content=\"pt_PT\" \/>\n<meta property=\"og:type\" content=\"article\" \/>\n<meta property=\"og:title\" content=\"A inclus\u00e3o escolar ainda usa fraldas? -\" \/>\n<meta property=\"og:description\" content=\"O tema \u00e9 instigante, al\u00e9m de vir ao encontro de algumas reflex\u00f5es que venho fazendo sobre o uso de tecnologias assistivas ambientais, a partir de minha pr\u00f3pria viv\u00eancia pessoal da redu\u00e7\u00e3o de mobilidade e as barreiras que ando, com meus passos, dolorosamente claudicantes, constantando\/enfrentando. Por Jorge M\u00e1rcio Pereira Andrade, do InfoAtivo.DefNet\" \/>\n<meta property=\"og:url\" content=\"https:\/\/inclusivenews.com.br\/?p=16392\" \/>\n<meta property=\"article:publisher\" content=\"https:\/\/www.facebook.com\/agenciainclusive\/\" \/>\n<meta property=\"article:published_time\" content=\"2010-07-06T08:52:22+00:00\" \/>\n<meta property=\"og:image\" content=\"http:\/\/1.bp.blogspot.com\/_kxoja-GWURc\/TDET7MK9wiI\/AAAAAAAAAHg\/dyf76iRq-kQ\/s320\/dan+KING+KIMP.jpg\" \/>\n<meta name=\"author\" content=\"inclusivenews2024\" \/>\n<meta name=\"twitter:card\" content=\"summary_large_image\" \/>\n<meta name=\"twitter:label1\" content=\"Escrito por\" \/>\n\t<meta name=\"twitter:data1\" content=\"inclusivenews2024\" \/>\n\t<meta name=\"twitter:label2\" content=\"Tempo estimado de leitura\" \/>\n\t<meta name=\"twitter:data2\" content=\"1 minuto\" \/>\n<script type=\"application\/ld+json\" class=\"yoast-schema-graph\">{\"@context\":\"https:\\\/\\\/schema.org\",\"@graph\":[{\"@type\":\"Article\",\"@id\":\"https:\\\/\\\/inclusivenews.com.br\\\/?p=16392#article\",\"isPartOf\":{\"@id\":\"https:\\\/\\\/inclusivenews.com.br\\\/?p=16392\"},\"author\":{\"name\":\"inclusivenews2024\",\"@id\":\"https:\\\/\\\/inclusivenews.com.br\\\/#\\\/schema\\\/person\\\/ae4ec7087559b8692fb33b6fffd2273b\"},\"headline\":\"A inclus\u00e3o escolar ainda usa fraldas?\",\"datePublished\":\"2010-07-06T08:52:22+00:00\",\"mainEntityOfPage\":{\"@id\":\"https:\\\/\\\/inclusivenews.com.br\\\/?p=16392\"},\"wordCount\":275,\"commentCount\":0,\"publisher\":{\"@id\":\"https:\\\/\\\/inclusivenews.com.br\\\/#organization\"},\"image\":{\"@id\":\"https:\\\/\\\/inclusivenews.com.br\\\/?p=16392#primaryimage\"},\"thumbnailUrl\":\"http:\\\/\\\/1.bp.blogspot.com\\\/_kxoja-GWURc\\\/TDET7MK9wiI\\\/AAAAAAAAAHg\\\/dyf76iRq-kQ\\\/s320\\\/dan+KING+KIMP.jpg\",\"articleSection\":[\"EDUCA\u00c7\u00c3O\",\"INCLUS\u00c3O SOCIAL\",\"OPINI\u00c3O\"],\"inLanguage\":\"pt-PT\",\"potentialAction\":[{\"@type\":\"CommentAction\",\"name\":\"Comment\",\"target\":[\"https:\\\/\\\/inclusivenews.com.br\\\/?p=16392#respond\"]}]},{\"@type\":\"WebPage\",\"@id\":\"https:\\\/\\\/inclusivenews.com.br\\\/?p=16392\",\"url\":\"https:\\\/\\\/inclusivenews.com.br\\\/?p=16392\",\"name\":\"A inclus\u00e3o escolar ainda usa fraldas? -\",\"isPartOf\":{\"@id\":\"https:\\\/\\\/inclusivenews.com.br\\\/#website\"},\"primaryImageOfPage\":{\"@id\":\"https:\\\/\\\/inclusivenews.com.br\\\/?p=16392#primaryimage\"},\"image\":{\"@id\":\"https:\\\/\\\/inclusivenews.com.br\\\/?p=16392#primaryimage\"},\"thumbnailUrl\":\"http:\\\/\\\/1.bp.blogspot.com\\\/_kxoja-GWURc\\\/TDET7MK9wiI\\\/AAAAAAAAAHg\\\/dyf76iRq-kQ\\\/s320\\\/dan+KING+KIMP.jpg\",\"datePublished\":\"2010-07-06T08:52:22+00:00\",\"breadcrumb\":{\"@id\":\"https:\\\/\\\/inclusivenews.com.br\\\/?p=16392#breadcrumb\"},\"inLanguage\":\"pt-PT\",\"potentialAction\":[{\"@type\":\"ReadAction\",\"target\":[\"https:\\\/\\\/inclusivenews.com.br\\\/?p=16392\"]}]},{\"@type\":\"ImageObject\",\"inLanguage\":\"pt-PT\",\"@id\":\"https:\\\/\\\/inclusivenews.com.br\\\/?p=16392#primaryimage\",\"url\":\"http:\\\/\\\/1.bp.blogspot.com\\\/_kxoja-GWURc\\\/TDET7MK9wiI\\\/AAAAAAAAAHg\\\/dyf76iRq-kQ\\\/s320\\\/dan+KING+KIMP.jpg\",\"contentUrl\":\"http:\\\/\\\/1.bp.blogspot.com\\\/_kxoja-GWURc\\\/TDET7MK9wiI\\\/AAAAAAAAAHg\\\/dyf76iRq-kQ\\\/s320\\\/dan+KING+KIMP.jpg\"},{\"@type\":\"BreadcrumbList\",\"@id\":\"https:\\\/\\\/inclusivenews.com.br\\\/?p=16392#breadcrumb\",\"itemListElement\":[{\"@type\":\"ListItem\",\"position\":1,\"name\":\"In\u00edcio\",\"item\":\"https:\\\/\\\/inclusivenews.com.br\\\/\"},{\"@type\":\"ListItem\",\"position\":2,\"name\":\"A inclus\u00e3o escolar ainda usa fraldas?\"}]},{\"@type\":\"WebSite\",\"@id\":\"https:\\\/\\\/inclusivenews.com.br\\\/#website\",\"url\":\"https:\\\/\\\/inclusivenews.com.br\\\/\",\"name\":\"Inclusive News\",\"description\":\"Inclusive News\",\"publisher\":{\"@id\":\"https:\\\/\\\/inclusivenews.com.br\\\/#organization\"},\"potentialAction\":[{\"@type\":\"SearchAction\",\"target\":{\"@type\":\"EntryPoint\",\"urlTemplate\":\"https:\\\/\\\/inclusivenews.com.br\\\/?s={search_term_string}\"},\"query-input\":{\"@type\":\"PropertyValueSpecification\",\"valueRequired\":true,\"valueName\":\"search_term_string\"}}],\"inLanguage\":\"pt-PT\"},{\"@type\":\"Organization\",\"@id\":\"https:\\\/\\\/inclusivenews.com.br\\\/#organization\",\"name\":\"Inclusive - inclus\u00e3o e cidadania\",\"url\":\"https:\\\/\\\/inclusivenews.com.br\\\/\",\"logo\":{\"@type\":\"ImageObject\",\"inLanguage\":\"pt-PT\",\"@id\":\"https:\\\/\\\/inclusivenews.com.br\\\/#\\\/schema\\\/logo\\\/image\\\/\",\"url\":\"https:\\\/\\\/inclusivenews.com.br\\\/wp-content\\\/uploads\\\/2024\\\/03\\\/@grandesite.png\",\"contentUrl\":\"https:\\\/\\\/inclusivenews.com.br\\\/wp-content\\\/uploads\\\/2024\\\/03\\\/@grandesite.png\",\"width\":1080,\"height\":1080,\"caption\":\"Inclusive - inclus\u00e3o e cidadania\"},\"image\":{\"@id\":\"https:\\\/\\\/inclusivenews.com.br\\\/#\\\/schema\\\/logo\\\/image\\\/\"},\"sameAs\":[\"https:\\\/\\\/www.facebook.com\\\/agenciainclusive\\\/\",\"https:\\\/\\\/www.instagram.com\\\/newsinclusive\\\/\"]},{\"@type\":\"Person\",\"@id\":\"https:\\\/\\\/inclusivenews.com.br\\\/#\\\/schema\\\/person\\\/ae4ec7087559b8692fb33b6fffd2273b\",\"name\":\"inclusivenews2024\",\"image\":{\"@type\":\"ImageObject\",\"inLanguage\":\"pt-PT\",\"@id\":\"https:\\\/\\\/secure.gravatar.com\\\/avatar\\\/c5a7ef84c66fa914f55bc4f7ce26cfa275a3b9a1c5568b907bd184fb4dde7b40?s=96&d=mm&r=g\",\"url\":\"https:\\\/\\\/secure.gravatar.com\\\/avatar\\\/c5a7ef84c66fa914f55bc4f7ce26cfa275a3b9a1c5568b907bd184fb4dde7b40?s=96&d=mm&r=g\",\"contentUrl\":\"https:\\\/\\\/secure.gravatar.com\\\/avatar\\\/c5a7ef84c66fa914f55bc4f7ce26cfa275a3b9a1c5568b907bd184fb4dde7b40?s=96&d=mm&r=g\",\"caption\":\"inclusivenews2024\"},\"sameAs\":[\"https:\\\/\\\/inclusivenews.com.br\"],\"url\":\"https:\\\/\\\/inclusivenews.com.br\\\/?author=1\"}]}<\/script>\n<!-- \/ Yoast SEO plugin. -->","yoast_head_json":{"title":"A inclus\u00e3o escolar ainda usa fraldas? -","robots":{"index":"index","follow":"follow","max-snippet":"max-snippet:-1","max-image-preview":"max-image-preview:large","max-video-preview":"max-video-preview:-1"},"canonical":"https:\/\/inclusivenews.com.br\/?p=16392","og_locale":"pt_PT","og_type":"article","og_title":"A inclus\u00e3o escolar ainda usa fraldas? -","og_description":"O tema \u00e9 instigante, al\u00e9m de vir ao encontro de algumas reflex\u00f5es que venho fazendo sobre o uso de tecnologias assistivas ambientais, a partir de minha pr\u00f3pria viv\u00eancia pessoal da redu\u00e7\u00e3o de mobilidade e as barreiras que ando, com meus passos, dolorosamente claudicantes, constantando\/enfrentando. Por Jorge M\u00e1rcio Pereira Andrade, do InfoAtivo.DefNet","og_url":"https:\/\/inclusivenews.com.br\/?p=16392","article_publisher":"https:\/\/www.facebook.com\/agenciainclusive\/","article_published_time":"2010-07-06T08:52:22+00:00","og_image":[{"url":"http:\/\/1.bp.blogspot.com\/_kxoja-GWURc\/TDET7MK9wiI\/AAAAAAAAAHg\/dyf76iRq-kQ\/s320\/dan+KING+KIMP.jpg","type":"","width":"","height":""}],"author":"inclusivenews2024","twitter_card":"summary_large_image","twitter_misc":{"Escrito por":"inclusivenews2024","Tempo estimado de leitura":"1 minuto"},"schema":{"@context":"https:\/\/schema.org","@graph":[{"@type":"Article","@id":"https:\/\/inclusivenews.com.br\/?p=16392#article","isPartOf":{"@id":"https:\/\/inclusivenews.com.br\/?p=16392"},"author":{"name":"inclusivenews2024","@id":"https:\/\/inclusivenews.com.br\/#\/schema\/person\/ae4ec7087559b8692fb33b6fffd2273b"},"headline":"A inclus\u00e3o escolar ainda usa fraldas?","datePublished":"2010-07-06T08:52:22+00:00","mainEntityOfPage":{"@id":"https:\/\/inclusivenews.com.br\/?p=16392"},"wordCount":275,"commentCount":0,"publisher":{"@id":"https:\/\/inclusivenews.com.br\/#organization"},"image":{"@id":"https:\/\/inclusivenews.com.br\/?p=16392#primaryimage"},"thumbnailUrl":"http:\/\/1.bp.blogspot.com\/_kxoja-GWURc\/TDET7MK9wiI\/AAAAAAAAAHg\/dyf76iRq-kQ\/s320\/dan+KING+KIMP.jpg","articleSection":["EDUCA\u00c7\u00c3O","INCLUS\u00c3O SOCIAL","OPINI\u00c3O"],"inLanguage":"pt-PT","potentialAction":[{"@type":"CommentAction","name":"Comment","target":["https:\/\/inclusivenews.com.br\/?p=16392#respond"]}]},{"@type":"WebPage","@id":"https:\/\/inclusivenews.com.br\/?p=16392","url":"https:\/\/inclusivenews.com.br\/?p=16392","name":"A inclus\u00e3o escolar ainda usa fraldas? -","isPartOf":{"@id":"https:\/\/inclusivenews.com.br\/#website"},"primaryImageOfPage":{"@id":"https:\/\/inclusivenews.com.br\/?p=16392#primaryimage"},"image":{"@id":"https:\/\/inclusivenews.com.br\/?p=16392#primaryimage"},"thumbnailUrl":"http:\/\/1.bp.blogspot.com\/_kxoja-GWURc\/TDET7MK9wiI\/AAAAAAAAAHg\/dyf76iRq-kQ\/s320\/dan+KING+KIMP.jpg","datePublished":"2010-07-06T08:52:22+00:00","breadcrumb":{"@id":"https:\/\/inclusivenews.com.br\/?p=16392#breadcrumb"},"inLanguage":"pt-PT","potentialAction":[{"@type":"ReadAction","target":["https:\/\/inclusivenews.com.br\/?p=16392"]}]},{"@type":"ImageObject","inLanguage":"pt-PT","@id":"https:\/\/inclusivenews.com.br\/?p=16392#primaryimage","url":"http:\/\/1.bp.blogspot.com\/_kxoja-GWURc\/TDET7MK9wiI\/AAAAAAAAAHg\/dyf76iRq-kQ\/s320\/dan+KING+KIMP.jpg","contentUrl":"http:\/\/1.bp.blogspot.com\/_kxoja-GWURc\/TDET7MK9wiI\/AAAAAAAAAHg\/dyf76iRq-kQ\/s320\/dan+KING+KIMP.jpg"},{"@type":"BreadcrumbList","@id":"https:\/\/inclusivenews.com.br\/?p=16392#breadcrumb","itemListElement":[{"@type":"ListItem","position":1,"name":"In\u00edcio","item":"https:\/\/inclusivenews.com.br\/"},{"@type":"ListItem","position":2,"name":"A inclus\u00e3o escolar ainda usa fraldas?"}]},{"@type":"WebSite","@id":"https:\/\/inclusivenews.com.br\/#website","url":"https:\/\/inclusivenews.com.br\/","name":"Inclusive News","description":"Inclusive News","publisher":{"@id":"https:\/\/inclusivenews.com.br\/#organization"},"potentialAction":[{"@type":"SearchAction","target":{"@type":"EntryPoint","urlTemplate":"https:\/\/inclusivenews.com.br\/?s={search_term_string}"},"query-input":{"@type":"PropertyValueSpecification","valueRequired":true,"valueName":"search_term_string"}}],"inLanguage":"pt-PT"},{"@type":"Organization","@id":"https:\/\/inclusivenews.com.br\/#organization","name":"Inclusive - inclus\u00e3o e cidadania","url":"https:\/\/inclusivenews.com.br\/","logo":{"@type":"ImageObject","inLanguage":"pt-PT","@id":"https:\/\/inclusivenews.com.br\/#\/schema\/logo\/image\/","url":"https:\/\/inclusivenews.com.br\/wp-content\/uploads\/2024\/03\/@grandesite.png","contentUrl":"https:\/\/inclusivenews.com.br\/wp-content\/uploads\/2024\/03\/@grandesite.png","width":1080,"height":1080,"caption":"Inclusive - inclus\u00e3o e cidadania"},"image":{"@id":"https:\/\/inclusivenews.com.br\/#\/schema\/logo\/image\/"},"sameAs":["https:\/\/www.facebook.com\/agenciainclusive\/","https:\/\/www.instagram.com\/newsinclusive\/"]},{"@type":"Person","@id":"https:\/\/inclusivenews.com.br\/#\/schema\/person\/ae4ec7087559b8692fb33b6fffd2273b","name":"inclusivenews2024","image":{"@type":"ImageObject","inLanguage":"pt-PT","@id":"https:\/\/secure.gravatar.com\/avatar\/c5a7ef84c66fa914f55bc4f7ce26cfa275a3b9a1c5568b907bd184fb4dde7b40?s=96&d=mm&r=g","url":"https:\/\/secure.gravatar.com\/avatar\/c5a7ef84c66fa914f55bc4f7ce26cfa275a3b9a1c5568b907bd184fb4dde7b40?s=96&d=mm&r=g","contentUrl":"https:\/\/secure.gravatar.com\/avatar\/c5a7ef84c66fa914f55bc4f7ce26cfa275a3b9a1c5568b907bd184fb4dde7b40?s=96&d=mm&r=g","caption":"inclusivenews2024"},"sameAs":["https:\/\/inclusivenews.com.br"],"url":"https:\/\/inclusivenews.com.br\/?author=1"}]}},"_links":{"self":[{"href":"https:\/\/inclusivenews.com.br\/index.php?rest_route=\/wp\/v2\/posts\/16392","targetHints":{"allow":["GET"]}}],"collection":[{"href":"https:\/\/inclusivenews.com.br\/index.php?rest_route=\/wp\/v2\/posts"}],"about":[{"href":"https:\/\/inclusivenews.com.br\/index.php?rest_route=\/wp\/v2\/types\/post"}],"author":[{"embeddable":true,"href":"https:\/\/inclusivenews.com.br\/index.php?rest_route=\/wp\/v2\/users\/1"}],"replies":[{"embeddable":true,"href":"https:\/\/inclusivenews.com.br\/index.php?rest_route=%2Fwp%2Fv2%2Fcomments&post=16392"}],"version-history":[{"count":0,"href":"https:\/\/inclusivenews.com.br\/index.php?rest_route=\/wp\/v2\/posts\/16392\/revisions"}],"wp:attachment":[{"href":"https:\/\/inclusivenews.com.br\/index.php?rest_route=%2Fwp%2Fv2%2Fmedia&parent=16392"}],"wp:term":[{"taxonomy":"category","embeddable":true,"href":"https:\/\/inclusivenews.com.br\/index.php?rest_route=%2Fwp%2Fv2%2Fcategories&post=16392"},{"taxonomy":"post_tag","embeddable":true,"href":"https:\/\/inclusivenews.com.br\/index.php?rest_route=%2Fwp%2Fv2%2Ftags&post=16392"}],"curies":[{"name":"wp","href":"https:\/\/api.w.org\/{rel}","templated":true}]}}