{"id":16490,"date":"2010-07-16T05:53:53","date_gmt":"2010-07-16T08:53:53","guid":{"rendered":"http:\/\/www.inclusive.org.br\/?p=16490"},"modified":"2010-07-16T05:53:53","modified_gmt":"2010-07-16T08:53:53","slug":"estudo-avalia-experiencias-de-discriminacao","status":"publish","type":"post","link":"https:\/\/inclusivenews.com.br\/?p=16490","title":{"rendered":"Estudo avalia experi\u00eancias de discrimina\u00e7\u00e3o"},"content":{"rendered":"<figure id=\"attachment_16408\" aria-describedby=\"caption-attachment-16408\" style=\"width: 210px\" class=\"wp-caption alignleft\"><a href=\"http:\/\/www.inclusivenews.com.br\/wp-content\/uploads\/2010\/07\/exclusao.jpg\"><img loading=\"lazy\" decoding=\"async\" class=\"size-medium wp-image-16408\" title=\"Inclusive - exclus\u00e3o, preconceito. Patinho amarelo fica na ponta das patinhas tentando subir em mureta onde est\u00e3o 6 patinhos pretos.\" src=\"http:\/\/inclusivenews.com.br\/wp-content\/uploads\/2010\/07\/exclusao-300x255.jpg\" alt=\"Inclusive - exclus\u00e3o, preconceito. Patinho amarelo fica na ponta das patinhas tentando subir em mureta onde est\u00e3o 6 patinhos pretos.\" width=\"210\" height=\"179\" \/><\/a><figcaption id=\"caption-attachment-16408\" class=\"wp-caption-text\"> <\/figcaption><\/figure>\n<p style=\"margin: 0cm 0cm 0.0001pt; text-align: justify; line-height: 150%;\">Estudo realizado no curso de doutorado do Programa de P\u00f3s-Gradua\u00e7\u00e3o em Epidemiologia da Faculdade de Medicina da UFPel, de autoria de Jo\u00e3o Luiz Bastos (UFPel), orientado pelos professores Alu\u00edsio Barros (UFPel) e Eduardo Faerstein (UERJ), aponta que jovens universit\u00e1rios do Rio de Janeiro passam por diversas e diferentes experi\u00eancias de discrimina\u00e7\u00e3o ao longo de suas vidas. <span id=\"more-7326\"> <\/span>A pesquisa, que tem com o objetivo de auxiliar a constru\u00e7\u00e3o de um question\u00e1rio para avaliar experi\u00eancias de discrimina\u00e7\u00e3o, mostrou que estes jovens reconhecem-se como v\u00edtimas de discrimina\u00e7\u00e3o em situa\u00e7\u00f5es muito corriqueiras de seus cotidianos.<\/p>\n<p style=\"margin: 0cm 0cm 0.0001pt; text-align: justify; line-height: 150%;\">\n<p style=\"margin: 0cm 0cm 0.0001pt; text-align: justify; line-height: 150%;\">Segundo os participantes do estudo, tais experi\u00eancias discriminat\u00f3rias ocorreriam na intera\u00e7\u00e3o com os colegas da universidade, no ambiente familiar, especialmente no conv\u00edvio com os pais, na rela\u00e7\u00e3o com os professores, em festas e tamb\u00e9m nos contatos com a pol\u00edcia ou com profissionais de seguran\u00e7a. Outro aspecto que chamou aten\u00e7\u00e3o dos pesquisadores foram os relatos de que os jovens perceberam-se discriminados por mais de um motivo, simultaneamente. O caso de uma entrevistada que se sentia discriminada por ser pobre, negra, ter nascido em outro munic\u00edpio e morar em uma regi\u00e3o menos valorizada da cidade ilustra bem a complexidade envolvida nas experi\u00eancias de discrimina\u00e7\u00e3o.<\/p>\n<p style=\"margin: 0cm 0cm 0.0001pt; text-align: justify; line-height: 150%;\">\n<p style=\"margin: 0cm 0cm 0.0001pt; text-align: justify; line-height: 150%;\">Por\u00e9m, tal complexidade n\u00e3o se restringiu \u00e0s motiva\u00e7\u00f5es para as experi\u00eancias discriminat\u00f3rias. Uma maior intimidade entre as pessoas, o tom de voz ameno e carinhoso, a manifesta\u00e7\u00e3o de preconceitos sob a forma de piadas ou brincadeiras s\u00e3o fatores que podem diluir a carga discriminat\u00f3ria que determinado comportamento pode ter entre as pessoas. Tudo isto revela que a interpreta\u00e7\u00e3o de um comportamento como discriminat\u00f3rio \u00e9 dada por uma s\u00e9rie de condi\u00e7\u00f5es muito espec\u00edficas e passageiras das rela\u00e7\u00f5es que os indiv\u00edduos estabelecem entre si, sob a influ\u00eancia de experi\u00eancias passadas.<\/p>\n<p style=\"margin: 0cm 0cm 0.0001pt; text-align: justify; line-height: 150%;\">\n<p style=\"margin: 0cm 0cm 0.0001pt; text-align: justify; line-height: 150%;\">Igualmente interessante foi a constata\u00e7\u00e3o de que, segundo os jovens, a pobreza amplia situa\u00e7\u00f5es de preconceito e discrimina\u00e7\u00e3o e, principalmente, que as rela\u00e7\u00f5es de poder favorecem a manifesta\u00e7\u00e3o de discrimina\u00e7\u00e3o entre as pessoas. Por fim, os pesquisadores observaram tamb\u00e9m que os participantes do estudo n\u00e3o se reconheceram apenas como v\u00edtimas de discrimina\u00e7\u00e3o, mas tamb\u00e9m como agentes discriminadores.<\/p>\n<p style=\"margin: 0cm 0cm 0.0001pt; text-align: justify; line-height: 150%;\">\n<p style=\"margin: 0cm 0cm 0.0001pt; text-align: justify; line-height: 150%;\">Isto sugere que as rela\u00e7\u00f5es entre as pessoas se d\u00e3o de maneira muito din\u00e2mica, nas quais a troca de posi\u00e7\u00f5es e pap\u00e9is deve ser considerada como um elemento importante. A pesquisa \u00e9 parte da tese de doutorado de Jo\u00e3o Luiz Bastos. Seu trabalho conclui que, embora as experi\u00eancias de discrimina\u00e7\u00e3o sejam fen\u00f4menos complexos e dif\u00edceis de avaliar, est\u00e3o muito presentes no cotidiano das pessoas.<\/p>\n<p style=\"margin: 0cm 0cm 0.0001pt; text-align: justify; line-height: 150%;\">\n<p style=\"margin: 0cm 0cm 0.0001pt; text-align: justify; line-height: 150%;\">O estudo Desigualdades \u201craciais\u201d em sa\u00fade: medindo a experi\u00eancia de discrimina\u00e7\u00e3o auto-relatada no Brasil, ser\u00e1 defendido \u00e0s 14h do dia 15 de julho, na sala 331 do Centro de Pesquisas Epidemiol\u00f3gicas da UFPel. A banca ser\u00e1 composta pelos professores Ceres Gomes Victora (UFGRS), Bernardo Lessa Horta (UFPel) e Luiz Augusto Facchini (UFPel).<br \/>\n________________<br \/>\n<span><br \/>\n<strong>Fonte:<\/strong> <a href=\"http:\/\/ccs.ufpel.edu.br\/wp\/2010\/07\/09\/estudo-avalia-experiencias-de-discriminacao\/\">CCS\/UFPEL<\/a><br \/>\n<\/span><\/p>\n","protected":false},"excerpt":{"rendered":"<p>A pesquisa, que tem com o objetivo de auxiliar a constru\u00e7\u00e3o de um question\u00e1rio para avaliar experi\u00eancias de discrimina\u00e7\u00e3o, mostrou que estes jovens reconhecem-se como v\u00edtimas de discrimina\u00e7\u00e3o em situa\u00e7\u00f5es muito corriqueiras de seus cotidianos.<\/p>\n","protected":false},"author":1,"featured_media":0,"comment_status":"open","ping_status":"open","sticky":false,"template":"","format":"standard","meta":{"site-container-style":"default","site-container-layout":"default","site-sidebar-layout":"default","disable-article-header":"default","disable-site-header":"default","disable-site-footer":"default","disable-content-area-spacing":"default","footnotes":""},"categories":[39,4],"tags":[],"class_list":["post-16490","post","type-post","status-publish","format-standard","hentry","category-discriminacao","category-noticias"],"yoast_head":"<!-- This site is optimized with the Yoast SEO plugin v27.4 - https:\/\/yoast.com\/product\/yoast-seo-wordpress\/ -->\n<title>Estudo avalia experi\u00eancias de discrimina\u00e7\u00e3o -<\/title>\n<meta name=\"robots\" content=\"index, follow, max-snippet:-1, max-image-preview:large, max-video-preview:-1\" \/>\n<link rel=\"canonical\" href=\"https:\/\/inclusivenews.com.br\/?p=16490\" \/>\n<meta property=\"og:locale\" content=\"pt_PT\" \/>\n<meta property=\"og:type\" content=\"article\" \/>\n<meta property=\"og:title\" content=\"Estudo avalia experi\u00eancias de discrimina\u00e7\u00e3o -\" \/>\n<meta property=\"og:description\" content=\"A pesquisa, que tem com o objetivo de auxiliar a constru\u00e7\u00e3o de um question\u00e1rio para avaliar experi\u00eancias de discrimina\u00e7\u00e3o, mostrou que estes jovens reconhecem-se como v\u00edtimas de discrimina\u00e7\u00e3o em situa\u00e7\u00f5es muito corriqueiras de seus cotidianos.\" \/>\n<meta property=\"og:url\" content=\"https:\/\/inclusivenews.com.br\/?p=16490\" \/>\n<meta property=\"article:publisher\" content=\"https:\/\/www.facebook.com\/agenciainclusive\/\" \/>\n<meta property=\"article:published_time\" content=\"2010-07-16T08:53:53+00:00\" \/>\n<meta property=\"og:image\" content=\"http:\/\/inclusivenews.com.br\/wp-content\/uploads\/2010\/07\/exclusao-300x255.jpg\" \/>\n<meta name=\"author\" content=\"inclusivenews2024\" \/>\n<meta name=\"twitter:card\" content=\"summary_large_image\" \/>\n<meta name=\"twitter:label1\" content=\"Escrito por\" \/>\n\t<meta name=\"twitter:data1\" content=\"inclusivenews2024\" \/>\n\t<meta name=\"twitter:label2\" content=\"Tempo estimado de leitura\" \/>\n\t<meta name=\"twitter:data2\" content=\"3 minutos\" \/>\n<script type=\"application\/ld+json\" class=\"yoast-schema-graph\">{\"@context\":\"https:\\\/\\\/schema.org\",\"@graph\":[{\"@type\":\"Article\",\"@id\":\"https:\\\/\\\/inclusivenews.com.br\\\/?p=16490#article\",\"isPartOf\":{\"@id\":\"https:\\\/\\\/inclusivenews.com.br\\\/?p=16490\"},\"author\":{\"name\":\"inclusivenews2024\",\"@id\":\"https:\\\/\\\/inclusivenews.com.br\\\/#\\\/schema\\\/person\\\/ae4ec7087559b8692fb33b6fffd2273b\"},\"headline\":\"Estudo avalia experi\u00eancias de discrimina\u00e7\u00e3o\",\"datePublished\":\"2010-07-16T08:53:53+00:00\",\"mainEntityOfPage\":{\"@id\":\"https:\\\/\\\/inclusivenews.com.br\\\/?p=16490\"},\"wordCount\":538,\"commentCount\":0,\"publisher\":{\"@id\":\"https:\\\/\\\/inclusivenews.com.br\\\/#organization\"},\"image\":{\"@id\":\"https:\\\/\\\/inclusivenews.com.br\\\/?p=16490#primaryimage\"},\"thumbnailUrl\":\"http:\\\/\\\/inclusivenews.com.br\\\/wp-content\\\/uploads\\\/2010\\\/07\\\/exclusao-300x255.jpg\",\"articleSection\":[\"Discrimina\u00e7\u00e3o\",\"NOT\u00cdCIAS\"],\"inLanguage\":\"pt-PT\",\"potentialAction\":[{\"@type\":\"CommentAction\",\"name\":\"Comment\",\"target\":[\"https:\\\/\\\/inclusivenews.com.br\\\/?p=16490#respond\"]}]},{\"@type\":\"WebPage\",\"@id\":\"https:\\\/\\\/inclusivenews.com.br\\\/?p=16490\",\"url\":\"https:\\\/\\\/inclusivenews.com.br\\\/?p=16490\",\"name\":\"Estudo avalia experi\u00eancias de discrimina\u00e7\u00e3o -\",\"isPartOf\":{\"@id\":\"https:\\\/\\\/inclusivenews.com.br\\\/#website\"},\"primaryImageOfPage\":{\"@id\":\"https:\\\/\\\/inclusivenews.com.br\\\/?p=16490#primaryimage\"},\"image\":{\"@id\":\"https:\\\/\\\/inclusivenews.com.br\\\/?p=16490#primaryimage\"},\"thumbnailUrl\":\"http:\\\/\\\/inclusivenews.com.br\\\/wp-content\\\/uploads\\\/2010\\\/07\\\/exclusao-300x255.jpg\",\"datePublished\":\"2010-07-16T08:53:53+00:00\",\"breadcrumb\":{\"@id\":\"https:\\\/\\\/inclusivenews.com.br\\\/?p=16490#breadcrumb\"},\"inLanguage\":\"pt-PT\",\"potentialAction\":[{\"@type\":\"ReadAction\",\"target\":[\"https:\\\/\\\/inclusivenews.com.br\\\/?p=16490\"]}]},{\"@type\":\"ImageObject\",\"inLanguage\":\"pt-PT\",\"@id\":\"https:\\\/\\\/inclusivenews.com.br\\\/?p=16490#primaryimage\",\"url\":\"\",\"contentUrl\":\"\"},{\"@type\":\"BreadcrumbList\",\"@id\":\"https:\\\/\\\/inclusivenews.com.br\\\/?p=16490#breadcrumb\",\"itemListElement\":[{\"@type\":\"ListItem\",\"position\":1,\"name\":\"In\u00edcio\",\"item\":\"https:\\\/\\\/inclusivenews.com.br\\\/\"},{\"@type\":\"ListItem\",\"position\":2,\"name\":\"Estudo avalia experi\u00eancias de discrimina\u00e7\u00e3o\"}]},{\"@type\":\"WebSite\",\"@id\":\"https:\\\/\\\/inclusivenews.com.br\\\/#website\",\"url\":\"https:\\\/\\\/inclusivenews.com.br\\\/\",\"name\":\"Inclusive News\",\"description\":\"Inclusive News\",\"publisher\":{\"@id\":\"https:\\\/\\\/inclusivenews.com.br\\\/#organization\"},\"potentialAction\":[{\"@type\":\"SearchAction\",\"target\":{\"@type\":\"EntryPoint\",\"urlTemplate\":\"https:\\\/\\\/inclusivenews.com.br\\\/?s={search_term_string}\"},\"query-input\":{\"@type\":\"PropertyValueSpecification\",\"valueRequired\":true,\"valueName\":\"search_term_string\"}}],\"inLanguage\":\"pt-PT\"},{\"@type\":\"Organization\",\"@id\":\"https:\\\/\\\/inclusivenews.com.br\\\/#organization\",\"name\":\"Inclusive - inclus\u00e3o e cidadania\",\"url\":\"https:\\\/\\\/inclusivenews.com.br\\\/\",\"logo\":{\"@type\":\"ImageObject\",\"inLanguage\":\"pt-PT\",\"@id\":\"https:\\\/\\\/inclusivenews.com.br\\\/#\\\/schema\\\/logo\\\/image\\\/\",\"url\":\"https:\\\/\\\/inclusivenews.com.br\\\/wp-content\\\/uploads\\\/2024\\\/03\\\/@grandesite.png\",\"contentUrl\":\"https:\\\/\\\/inclusivenews.com.br\\\/wp-content\\\/uploads\\\/2024\\\/03\\\/@grandesite.png\",\"width\":1080,\"height\":1080,\"caption\":\"Inclusive - inclus\u00e3o e cidadania\"},\"image\":{\"@id\":\"https:\\\/\\\/inclusivenews.com.br\\\/#\\\/schema\\\/logo\\\/image\\\/\"},\"sameAs\":[\"https:\\\/\\\/www.facebook.com\\\/agenciainclusive\\\/\",\"https:\\\/\\\/www.instagram.com\\\/newsinclusive\\\/\"]},{\"@type\":\"Person\",\"@id\":\"https:\\\/\\\/inclusivenews.com.br\\\/#\\\/schema\\\/person\\\/ae4ec7087559b8692fb33b6fffd2273b\",\"name\":\"inclusivenews2024\",\"image\":{\"@type\":\"ImageObject\",\"inLanguage\":\"pt-PT\",\"@id\":\"https:\\\/\\\/secure.gravatar.com\\\/avatar\\\/c5a7ef84c66fa914f55bc4f7ce26cfa275a3b9a1c5568b907bd184fb4dde7b40?s=96&d=mm&r=g\",\"url\":\"https:\\\/\\\/secure.gravatar.com\\\/avatar\\\/c5a7ef84c66fa914f55bc4f7ce26cfa275a3b9a1c5568b907bd184fb4dde7b40?s=96&d=mm&r=g\",\"contentUrl\":\"https:\\\/\\\/secure.gravatar.com\\\/avatar\\\/c5a7ef84c66fa914f55bc4f7ce26cfa275a3b9a1c5568b907bd184fb4dde7b40?s=96&d=mm&r=g\",\"caption\":\"inclusivenews2024\"},\"sameAs\":[\"https:\\\/\\\/inclusivenews.com.br\"],\"url\":\"https:\\\/\\\/inclusivenews.com.br\\\/?author=1\"}]}<\/script>\n<!-- \/ Yoast SEO plugin. -->","yoast_head_json":{"title":"Estudo avalia experi\u00eancias de discrimina\u00e7\u00e3o -","robots":{"index":"index","follow":"follow","max-snippet":"max-snippet:-1","max-image-preview":"max-image-preview:large","max-video-preview":"max-video-preview:-1"},"canonical":"https:\/\/inclusivenews.com.br\/?p=16490","og_locale":"pt_PT","og_type":"article","og_title":"Estudo avalia experi\u00eancias de discrimina\u00e7\u00e3o -","og_description":"A pesquisa, que tem com o objetivo de auxiliar a constru\u00e7\u00e3o de um question\u00e1rio para avaliar experi\u00eancias de discrimina\u00e7\u00e3o, mostrou que estes jovens reconhecem-se como v\u00edtimas de discrimina\u00e7\u00e3o em situa\u00e7\u00f5es muito corriqueiras de seus cotidianos.","og_url":"https:\/\/inclusivenews.com.br\/?p=16490","article_publisher":"https:\/\/www.facebook.com\/agenciainclusive\/","article_published_time":"2010-07-16T08:53:53+00:00","og_image":[{"url":"http:\/\/inclusivenews.com.br\/wp-content\/uploads\/2010\/07\/exclusao-300x255.jpg","type":"","width":"","height":""}],"author":"inclusivenews2024","twitter_card":"summary_large_image","twitter_misc":{"Escrito por":"inclusivenews2024","Tempo estimado de leitura":"3 minutos"},"schema":{"@context":"https:\/\/schema.org","@graph":[{"@type":"Article","@id":"https:\/\/inclusivenews.com.br\/?p=16490#article","isPartOf":{"@id":"https:\/\/inclusivenews.com.br\/?p=16490"},"author":{"name":"inclusivenews2024","@id":"https:\/\/inclusivenews.com.br\/#\/schema\/person\/ae4ec7087559b8692fb33b6fffd2273b"},"headline":"Estudo avalia experi\u00eancias de discrimina\u00e7\u00e3o","datePublished":"2010-07-16T08:53:53+00:00","mainEntityOfPage":{"@id":"https:\/\/inclusivenews.com.br\/?p=16490"},"wordCount":538,"commentCount":0,"publisher":{"@id":"https:\/\/inclusivenews.com.br\/#organization"},"image":{"@id":"https:\/\/inclusivenews.com.br\/?p=16490#primaryimage"},"thumbnailUrl":"http:\/\/inclusivenews.com.br\/wp-content\/uploads\/2010\/07\/exclusao-300x255.jpg","articleSection":["Discrimina\u00e7\u00e3o","NOT\u00cdCIAS"],"inLanguage":"pt-PT","potentialAction":[{"@type":"CommentAction","name":"Comment","target":["https:\/\/inclusivenews.com.br\/?p=16490#respond"]}]},{"@type":"WebPage","@id":"https:\/\/inclusivenews.com.br\/?p=16490","url":"https:\/\/inclusivenews.com.br\/?p=16490","name":"Estudo avalia experi\u00eancias de discrimina\u00e7\u00e3o -","isPartOf":{"@id":"https:\/\/inclusivenews.com.br\/#website"},"primaryImageOfPage":{"@id":"https:\/\/inclusivenews.com.br\/?p=16490#primaryimage"},"image":{"@id":"https:\/\/inclusivenews.com.br\/?p=16490#primaryimage"},"thumbnailUrl":"http:\/\/inclusivenews.com.br\/wp-content\/uploads\/2010\/07\/exclusao-300x255.jpg","datePublished":"2010-07-16T08:53:53+00:00","breadcrumb":{"@id":"https:\/\/inclusivenews.com.br\/?p=16490#breadcrumb"},"inLanguage":"pt-PT","potentialAction":[{"@type":"ReadAction","target":["https:\/\/inclusivenews.com.br\/?p=16490"]}]},{"@type":"ImageObject","inLanguage":"pt-PT","@id":"https:\/\/inclusivenews.com.br\/?p=16490#primaryimage","url":"","contentUrl":""},{"@type":"BreadcrumbList","@id":"https:\/\/inclusivenews.com.br\/?p=16490#breadcrumb","itemListElement":[{"@type":"ListItem","position":1,"name":"In\u00edcio","item":"https:\/\/inclusivenews.com.br\/"},{"@type":"ListItem","position":2,"name":"Estudo avalia experi\u00eancias de discrimina\u00e7\u00e3o"}]},{"@type":"WebSite","@id":"https:\/\/inclusivenews.com.br\/#website","url":"https:\/\/inclusivenews.com.br\/","name":"Inclusive News","description":"Inclusive News","publisher":{"@id":"https:\/\/inclusivenews.com.br\/#organization"},"potentialAction":[{"@type":"SearchAction","target":{"@type":"EntryPoint","urlTemplate":"https:\/\/inclusivenews.com.br\/?s={search_term_string}"},"query-input":{"@type":"PropertyValueSpecification","valueRequired":true,"valueName":"search_term_string"}}],"inLanguage":"pt-PT"},{"@type":"Organization","@id":"https:\/\/inclusivenews.com.br\/#organization","name":"Inclusive - inclus\u00e3o e cidadania","url":"https:\/\/inclusivenews.com.br\/","logo":{"@type":"ImageObject","inLanguage":"pt-PT","@id":"https:\/\/inclusivenews.com.br\/#\/schema\/logo\/image\/","url":"https:\/\/inclusivenews.com.br\/wp-content\/uploads\/2024\/03\/@grandesite.png","contentUrl":"https:\/\/inclusivenews.com.br\/wp-content\/uploads\/2024\/03\/@grandesite.png","width":1080,"height":1080,"caption":"Inclusive - inclus\u00e3o e cidadania"},"image":{"@id":"https:\/\/inclusivenews.com.br\/#\/schema\/logo\/image\/"},"sameAs":["https:\/\/www.facebook.com\/agenciainclusive\/","https:\/\/www.instagram.com\/newsinclusive\/"]},{"@type":"Person","@id":"https:\/\/inclusivenews.com.br\/#\/schema\/person\/ae4ec7087559b8692fb33b6fffd2273b","name":"inclusivenews2024","image":{"@type":"ImageObject","inLanguage":"pt-PT","@id":"https:\/\/secure.gravatar.com\/avatar\/c5a7ef84c66fa914f55bc4f7ce26cfa275a3b9a1c5568b907bd184fb4dde7b40?s=96&d=mm&r=g","url":"https:\/\/secure.gravatar.com\/avatar\/c5a7ef84c66fa914f55bc4f7ce26cfa275a3b9a1c5568b907bd184fb4dde7b40?s=96&d=mm&r=g","contentUrl":"https:\/\/secure.gravatar.com\/avatar\/c5a7ef84c66fa914f55bc4f7ce26cfa275a3b9a1c5568b907bd184fb4dde7b40?s=96&d=mm&r=g","caption":"inclusivenews2024"},"sameAs":["https:\/\/inclusivenews.com.br"],"url":"https:\/\/inclusivenews.com.br\/?author=1"}]}},"_links":{"self":[{"href":"https:\/\/inclusivenews.com.br\/index.php?rest_route=\/wp\/v2\/posts\/16490","targetHints":{"allow":["GET"]}}],"collection":[{"href":"https:\/\/inclusivenews.com.br\/index.php?rest_route=\/wp\/v2\/posts"}],"about":[{"href":"https:\/\/inclusivenews.com.br\/index.php?rest_route=\/wp\/v2\/types\/post"}],"author":[{"embeddable":true,"href":"https:\/\/inclusivenews.com.br\/index.php?rest_route=\/wp\/v2\/users\/1"}],"replies":[{"embeddable":true,"href":"https:\/\/inclusivenews.com.br\/index.php?rest_route=%2Fwp%2Fv2%2Fcomments&post=16490"}],"version-history":[{"count":0,"href":"https:\/\/inclusivenews.com.br\/index.php?rest_route=\/wp\/v2\/posts\/16490\/revisions"}],"wp:attachment":[{"href":"https:\/\/inclusivenews.com.br\/index.php?rest_route=%2Fwp%2Fv2%2Fmedia&parent=16490"}],"wp:term":[{"taxonomy":"category","embeddable":true,"href":"https:\/\/inclusivenews.com.br\/index.php?rest_route=%2Fwp%2Fv2%2Fcategories&post=16490"},{"taxonomy":"post_tag","embeddable":true,"href":"https:\/\/inclusivenews.com.br\/index.php?rest_route=%2Fwp%2Fv2%2Ftags&post=16490"}],"curies":[{"name":"wp","href":"https:\/\/api.w.org\/{rel}","templated":true}]}}