{"id":16494,"date":"2010-07-15T08:48:41","date_gmt":"2010-07-15T11:48:41","guid":{"rendered":"http:\/\/www.inclusive.org.br\/?p=16494"},"modified":"2010-07-15T08:48:41","modified_gmt":"2010-07-15T11:48:41","slug":"o-trabalho-domestico-e-a-discriminacao-social","status":"publish","type":"post","link":"https:\/\/inclusivenews.com.br\/?p=16494","title":{"rendered":"O trabalho dom\u00e9stico e a discrimina\u00e7\u00e3o social"},"content":{"rendered":"<figure style=\"width: 212px\" class=\"wp-caption alignleft\"><img loading=\"lazy\" decoding=\"async\" class=\" \" title=\"Pintura de Vermeer onde mulher realiza trabalho dom\u00e9stico\" src=\"http:\/\/farm1.static.flickr.com\/48\/119306236_d38c06c082.jpg\" alt=\"\" width=\"212\" height=\"240\" \/><figcaption class=\"wp-caption-text\"> <\/figcaption><\/figure>\n<p>O trabalho dom\u00e9stico remunerado \u00e9 um ponto de conflu\u00eancia de v\u00e1rios aspectos de discrimina\u00e7\u00e3o social. No Brasil, sozinho, emprega cerca de 20% da popula\u00e7\u00e3o feminina economicamente ativa. Desse percentual, mais de 60% s\u00e3o negras, ou seja, g\u00eanero e ra\u00e7a se encontram, formando o perfil da \u00fanica categoria de trabalhadoras com direitos pela metade. Tal condi\u00e7\u00e3o est\u00e1 expressa no par\u00e1grafo \u00fanico, do artigo 7\u00ba da nossa Constitui\u00e7\u00e3o Federal que exclui categoricamente as trabalhadora dom\u00e9stica. Durante o m\u00eas de junho, o trabalho dom\u00e9stico remunerado foi pauta de diversas discuss\u00f5es, inclusive no \u00e2mbito internacional. Na sua 99\u00aa Confer\u00eancia Internacional, realizada de 2 a 18 de junho, a Organiza\u00e7\u00e3o Internacional do Trabalho (OIT) contou com uma comiss\u00e3o espec\u00edfica para o debate acerca do trabalho decente para trabalhadoras dom\u00e9sticas. O governo brasileiro esteve presente na comiss\u00e3o tripartite, composta por governos, empregadoras e trabalhadoras, juntamente com a <strong>Federa\u00e7\u00e3o Nacional das Trabalhadoras Dom\u00e9sticas <\/strong>(FENATRAD). O balan\u00e7o foi de que a quest\u00e3o deve ser tratada como problema de Estado pelo pa\u00eds.<\/p>\n<p>O trabalho dom\u00e9stico foi tamb\u00e9m o tema da primeira Mesa Redonda do grupo de trabalho sobre Trabalho e Seguridade Social institu\u00eddo pela Secretaria Especial de Pol\u00edticas para as Mulheres (SPM), que aconteceu nos dias 29 e 30 de junho. O grupo tem por objetivo discutir, elaborar e encaminhar propostas de amplia\u00e7\u00e3o dos direitos de prote\u00e7\u00e3o previdenci\u00e1ria e de seguridade social das mulheres e \u00e9 formado pelas integrantes do F\u00f3rum Itinerante das Mulheres em Defesa da Seguridade Social (FIPSS), articula\u00e7\u00e3o de movimentos de mulheres de todo o Brasil, do campo e da cidade, organizada para denunciar as desigualdades vivenciadas no mundo do trabalho e defender a prote\u00e7\u00e3o social ao trabalho das mulheres. Compuseram a Mesa Rog\u00e9rio Lopes Costa Reis, auditor fiscal do trabalho do Minist\u00e9rio do Trabalho e Emprego, e Judith Karine, consultora interagencial da OIT e Secretaria de Pol\u00edticas de Promo\u00e7\u00e3o da Igualdade Racial (SEPPIR). Ambos apontaram a situa\u00e7\u00e3o de discrimina\u00e7\u00e3o pelo que passa a categoria no pa\u00eds, seja no tocante \u00e0 legisla\u00e7\u00e3o ou no \u00e2mbito social.<\/p>\n<p>No legislativo, apesar da onda conservadora de suprimir direitos, foi apresentado pela deputada \u00c2ngela Portela (PT\/RR), na \u00faltima semana do m\u00eas, o projeto de Lei n\u00ba 7570\/10 que regulamenta o pagamento do sal\u00e1rio-fam\u00edlia e fixa a jornada de trabalho da\/o empregada\/o dom\u00e9stica\/o em oito horas di\u00e1rias e quarenta e quatro semanais. Direitos j\u00e1 garantidos para as demais categorias.<\/p>\n<p>No sentido de melhor caracterizar e ampliar o conhecimento sobre o trabalho dom\u00e9stico no Brasil, CFEMEA, OIT, o Fundo de Desenvolvimento das Na\u00e7\u00f5es Unidas para a Mulher (UNIFEM), e o Instituto de Pesquisa Econ\u00f4mica Aplicada (IPEA) realizar\u00e3o uma pesquisa de campo com as trabalhadoras dom\u00e9sticas do Distrito Federal e de Salvador. Ser\u00e1 uma pesquisa de natureza qualitativa com o intuito de captar os elementos n\u00e3o vis\u00edveis nas bases de dados j\u00e1 existentes sobre o tema, abordando n\u00e3o s\u00f3 as condi\u00e7\u00f5es de trabalho e as pr\u00e1ticas discriminat\u00f3rias, mas tamb\u00e9m aspectos de concilia\u00e7\u00e3o entre trabalho, fam\u00edlia e vida pessoal, trajet\u00f3ria de vida e perspectivas para o futuro.<br \/>\n______________<\/p>\n<p><strong>Fonte:<\/strong> <a href=\"http:\/\/www.feminismo.org.br\/portal\/index.php?option=com_content&amp;view=article&amp;id=1668:-o-trabalho-domestico-e-a-discriminacao-social&amp;catid=84:trabalho-e-renda&amp;Itemid=103\">CFEMEA<\/a><\/p>\n","protected":false},"excerpt":{"rendered":"<p>O trabalho dom\u00e9stico remunerado \u00e9 um ponto de conflu\u00eancia de v\u00e1rios aspectos de discrimina\u00e7\u00e3o social. No Brasil, sozinho, emprega cerca de 20% da popula\u00e7\u00e3o feminina economicamente ativa. Desse percentual, mais de 60% s\u00e3o negras, ou seja, g\u00eanero e ra\u00e7a se encontram, formando o perfil da \u00fanica categoria de trabalhadoras com direitos pela metade.<\/p>\n","protected":false},"author":1,"featured_media":0,"comment_status":"open","ping_status":"open","sticky":false,"template":"","format":"standard","meta":{"site-container-style":"default","site-container-layout":"default","site-sidebar-layout":"default","disable-article-header":"default","disable-site-header":"default","disable-site-footer":"default","disable-content-area-spacing":"default","footnotes":""},"categories":[39,4],"tags":[],"class_list":["post-16494","post","type-post","status-publish","format-standard","hentry","category-discriminacao","category-noticias"],"yoast_head":"<!-- This site is optimized with the Yoast SEO plugin v27.4 - https:\/\/yoast.com\/product\/yoast-seo-wordpress\/ -->\n<title>O trabalho dom\u00e9stico e a discrimina\u00e7\u00e3o social -<\/title>\n<meta name=\"robots\" content=\"index, follow, max-snippet:-1, max-image-preview:large, max-video-preview:-1\" \/>\n<link rel=\"canonical\" href=\"https:\/\/inclusivenews.com.br\/?p=16494\" \/>\n<meta property=\"og:locale\" content=\"pt_PT\" \/>\n<meta property=\"og:type\" content=\"article\" \/>\n<meta property=\"og:title\" content=\"O trabalho dom\u00e9stico e a discrimina\u00e7\u00e3o social -\" \/>\n<meta property=\"og:description\" content=\"O trabalho dom\u00e9stico remunerado \u00e9 um ponto de conflu\u00eancia de v\u00e1rios aspectos de discrimina\u00e7\u00e3o social. No Brasil, sozinho, emprega cerca de 20% da popula\u00e7\u00e3o feminina economicamente ativa. Desse percentual, mais de 60% s\u00e3o negras, ou seja, g\u00eanero e ra\u00e7a se encontram, formando o perfil da \u00fanica categoria de trabalhadoras com direitos pela metade.\" \/>\n<meta property=\"og:url\" content=\"https:\/\/inclusivenews.com.br\/?p=16494\" \/>\n<meta property=\"article:publisher\" content=\"https:\/\/www.facebook.com\/agenciainclusive\/\" \/>\n<meta property=\"article:published_time\" content=\"2010-07-15T11:48:41+00:00\" \/>\n<meta property=\"og:image\" content=\"http:\/\/farm1.static.flickr.com\/48\/119306236_d38c06c082.jpg\" \/>\n<meta name=\"author\" content=\"inclusivenews2024\" \/>\n<meta name=\"twitter:card\" content=\"summary_large_image\" \/>\n<meta name=\"twitter:label1\" content=\"Escrito por\" \/>\n\t<meta name=\"twitter:data1\" content=\"inclusivenews2024\" \/>\n\t<meta name=\"twitter:label2\" content=\"Tempo estimado de leitura\" \/>\n\t<meta name=\"twitter:data2\" content=\"3 minutos\" \/>\n<script type=\"application\/ld+json\" class=\"yoast-schema-graph\">{\"@context\":\"https:\\\/\\\/schema.org\",\"@graph\":[{\"@type\":\"Article\",\"@id\":\"https:\\\/\\\/inclusivenews.com.br\\\/?p=16494#article\",\"isPartOf\":{\"@id\":\"https:\\\/\\\/inclusivenews.com.br\\\/?p=16494\"},\"author\":{\"name\":\"inclusivenews2024\",\"@id\":\"https:\\\/\\\/inclusivenews.com.br\\\/#\\\/schema\\\/person\\\/ae4ec7087559b8692fb33b6fffd2273b\"},\"headline\":\"O trabalho dom\u00e9stico e a discrimina\u00e7\u00e3o social\",\"datePublished\":\"2010-07-15T11:48:41+00:00\",\"mainEntityOfPage\":{\"@id\":\"https:\\\/\\\/inclusivenews.com.br\\\/?p=16494\"},\"wordCount\":567,\"commentCount\":0,\"publisher\":{\"@id\":\"https:\\\/\\\/inclusivenews.com.br\\\/#organization\"},\"image\":{\"@id\":\"https:\\\/\\\/inclusivenews.com.br\\\/?p=16494#primaryimage\"},\"thumbnailUrl\":\"http:\\\/\\\/farm1.static.flickr.com\\\/48\\\/119306236_d38c06c082.jpg\",\"articleSection\":[\"Discrimina\u00e7\u00e3o\",\"NOT\u00cdCIAS\"],\"inLanguage\":\"pt-PT\",\"potentialAction\":[{\"@type\":\"CommentAction\",\"name\":\"Comment\",\"target\":[\"https:\\\/\\\/inclusivenews.com.br\\\/?p=16494#respond\"]}]},{\"@type\":\"WebPage\",\"@id\":\"https:\\\/\\\/inclusivenews.com.br\\\/?p=16494\",\"url\":\"https:\\\/\\\/inclusivenews.com.br\\\/?p=16494\",\"name\":\"O trabalho dom\u00e9stico e a discrimina\u00e7\u00e3o social -\",\"isPartOf\":{\"@id\":\"https:\\\/\\\/inclusivenews.com.br\\\/#website\"},\"primaryImageOfPage\":{\"@id\":\"https:\\\/\\\/inclusivenews.com.br\\\/?p=16494#primaryimage\"},\"image\":{\"@id\":\"https:\\\/\\\/inclusivenews.com.br\\\/?p=16494#primaryimage\"},\"thumbnailUrl\":\"http:\\\/\\\/farm1.static.flickr.com\\\/48\\\/119306236_d38c06c082.jpg\",\"datePublished\":\"2010-07-15T11:48:41+00:00\",\"breadcrumb\":{\"@id\":\"https:\\\/\\\/inclusivenews.com.br\\\/?p=16494#breadcrumb\"},\"inLanguage\":\"pt-PT\",\"potentialAction\":[{\"@type\":\"ReadAction\",\"target\":[\"https:\\\/\\\/inclusivenews.com.br\\\/?p=16494\"]}]},{\"@type\":\"ImageObject\",\"inLanguage\":\"pt-PT\",\"@id\":\"https:\\\/\\\/inclusivenews.com.br\\\/?p=16494#primaryimage\",\"url\":\"http:\\\/\\\/farm1.static.flickr.com\\\/48\\\/119306236_d38c06c082.jpg\",\"contentUrl\":\"http:\\\/\\\/farm1.static.flickr.com\\\/48\\\/119306236_d38c06c082.jpg\"},{\"@type\":\"BreadcrumbList\",\"@id\":\"https:\\\/\\\/inclusivenews.com.br\\\/?p=16494#breadcrumb\",\"itemListElement\":[{\"@type\":\"ListItem\",\"position\":1,\"name\":\"In\u00edcio\",\"item\":\"https:\\\/\\\/inclusivenews.com.br\\\/\"},{\"@type\":\"ListItem\",\"position\":2,\"name\":\"O trabalho dom\u00e9stico e a discrimina\u00e7\u00e3o social\"}]},{\"@type\":\"WebSite\",\"@id\":\"https:\\\/\\\/inclusivenews.com.br\\\/#website\",\"url\":\"https:\\\/\\\/inclusivenews.com.br\\\/\",\"name\":\"Inclusive News\",\"description\":\"Inclusive News\",\"publisher\":{\"@id\":\"https:\\\/\\\/inclusivenews.com.br\\\/#organization\"},\"potentialAction\":[{\"@type\":\"SearchAction\",\"target\":{\"@type\":\"EntryPoint\",\"urlTemplate\":\"https:\\\/\\\/inclusivenews.com.br\\\/?s={search_term_string}\"},\"query-input\":{\"@type\":\"PropertyValueSpecification\",\"valueRequired\":true,\"valueName\":\"search_term_string\"}}],\"inLanguage\":\"pt-PT\"},{\"@type\":\"Organization\",\"@id\":\"https:\\\/\\\/inclusivenews.com.br\\\/#organization\",\"name\":\"Inclusive - inclus\u00e3o e cidadania\",\"url\":\"https:\\\/\\\/inclusivenews.com.br\\\/\",\"logo\":{\"@type\":\"ImageObject\",\"inLanguage\":\"pt-PT\",\"@id\":\"https:\\\/\\\/inclusivenews.com.br\\\/#\\\/schema\\\/logo\\\/image\\\/\",\"url\":\"https:\\\/\\\/inclusivenews.com.br\\\/wp-content\\\/uploads\\\/2024\\\/03\\\/@grandesite.png\",\"contentUrl\":\"https:\\\/\\\/inclusivenews.com.br\\\/wp-content\\\/uploads\\\/2024\\\/03\\\/@grandesite.png\",\"width\":1080,\"height\":1080,\"caption\":\"Inclusive - inclus\u00e3o e cidadania\"},\"image\":{\"@id\":\"https:\\\/\\\/inclusivenews.com.br\\\/#\\\/schema\\\/logo\\\/image\\\/\"},\"sameAs\":[\"https:\\\/\\\/www.facebook.com\\\/agenciainclusive\\\/\",\"https:\\\/\\\/www.instagram.com\\\/newsinclusive\\\/\"]},{\"@type\":\"Person\",\"@id\":\"https:\\\/\\\/inclusivenews.com.br\\\/#\\\/schema\\\/person\\\/ae4ec7087559b8692fb33b6fffd2273b\",\"name\":\"inclusivenews2024\",\"image\":{\"@type\":\"ImageObject\",\"inLanguage\":\"pt-PT\",\"@id\":\"https:\\\/\\\/secure.gravatar.com\\\/avatar\\\/c5a7ef84c66fa914f55bc4f7ce26cfa275a3b9a1c5568b907bd184fb4dde7b40?s=96&d=mm&r=g\",\"url\":\"https:\\\/\\\/secure.gravatar.com\\\/avatar\\\/c5a7ef84c66fa914f55bc4f7ce26cfa275a3b9a1c5568b907bd184fb4dde7b40?s=96&d=mm&r=g\",\"contentUrl\":\"https:\\\/\\\/secure.gravatar.com\\\/avatar\\\/c5a7ef84c66fa914f55bc4f7ce26cfa275a3b9a1c5568b907bd184fb4dde7b40?s=96&d=mm&r=g\",\"caption\":\"inclusivenews2024\"},\"sameAs\":[\"https:\\\/\\\/inclusivenews.com.br\"],\"url\":\"https:\\\/\\\/inclusivenews.com.br\\\/?author=1\"}]}<\/script>\n<!-- \/ Yoast SEO plugin. -->","yoast_head_json":{"title":"O trabalho dom\u00e9stico e a discrimina\u00e7\u00e3o social -","robots":{"index":"index","follow":"follow","max-snippet":"max-snippet:-1","max-image-preview":"max-image-preview:large","max-video-preview":"max-video-preview:-1"},"canonical":"https:\/\/inclusivenews.com.br\/?p=16494","og_locale":"pt_PT","og_type":"article","og_title":"O trabalho dom\u00e9stico e a discrimina\u00e7\u00e3o social -","og_description":"O trabalho dom\u00e9stico remunerado \u00e9 um ponto de conflu\u00eancia de v\u00e1rios aspectos de discrimina\u00e7\u00e3o social. No Brasil, sozinho, emprega cerca de 20% da popula\u00e7\u00e3o feminina economicamente ativa. Desse percentual, mais de 60% s\u00e3o negras, ou seja, g\u00eanero e ra\u00e7a se encontram, formando o perfil da \u00fanica categoria de trabalhadoras com direitos pela metade.","og_url":"https:\/\/inclusivenews.com.br\/?p=16494","article_publisher":"https:\/\/www.facebook.com\/agenciainclusive\/","article_published_time":"2010-07-15T11:48:41+00:00","og_image":[{"url":"http:\/\/farm1.static.flickr.com\/48\/119306236_d38c06c082.jpg","type":"","width":"","height":""}],"author":"inclusivenews2024","twitter_card":"summary_large_image","twitter_misc":{"Escrito por":"inclusivenews2024","Tempo estimado de leitura":"3 minutos"},"schema":{"@context":"https:\/\/schema.org","@graph":[{"@type":"Article","@id":"https:\/\/inclusivenews.com.br\/?p=16494#article","isPartOf":{"@id":"https:\/\/inclusivenews.com.br\/?p=16494"},"author":{"name":"inclusivenews2024","@id":"https:\/\/inclusivenews.com.br\/#\/schema\/person\/ae4ec7087559b8692fb33b6fffd2273b"},"headline":"O trabalho dom\u00e9stico e a discrimina\u00e7\u00e3o social","datePublished":"2010-07-15T11:48:41+00:00","mainEntityOfPage":{"@id":"https:\/\/inclusivenews.com.br\/?p=16494"},"wordCount":567,"commentCount":0,"publisher":{"@id":"https:\/\/inclusivenews.com.br\/#organization"},"image":{"@id":"https:\/\/inclusivenews.com.br\/?p=16494#primaryimage"},"thumbnailUrl":"http:\/\/farm1.static.flickr.com\/48\/119306236_d38c06c082.jpg","articleSection":["Discrimina\u00e7\u00e3o","NOT\u00cdCIAS"],"inLanguage":"pt-PT","potentialAction":[{"@type":"CommentAction","name":"Comment","target":["https:\/\/inclusivenews.com.br\/?p=16494#respond"]}]},{"@type":"WebPage","@id":"https:\/\/inclusivenews.com.br\/?p=16494","url":"https:\/\/inclusivenews.com.br\/?p=16494","name":"O trabalho dom\u00e9stico e a discrimina\u00e7\u00e3o social -","isPartOf":{"@id":"https:\/\/inclusivenews.com.br\/#website"},"primaryImageOfPage":{"@id":"https:\/\/inclusivenews.com.br\/?p=16494#primaryimage"},"image":{"@id":"https:\/\/inclusivenews.com.br\/?p=16494#primaryimage"},"thumbnailUrl":"http:\/\/farm1.static.flickr.com\/48\/119306236_d38c06c082.jpg","datePublished":"2010-07-15T11:48:41+00:00","breadcrumb":{"@id":"https:\/\/inclusivenews.com.br\/?p=16494#breadcrumb"},"inLanguage":"pt-PT","potentialAction":[{"@type":"ReadAction","target":["https:\/\/inclusivenews.com.br\/?p=16494"]}]},{"@type":"ImageObject","inLanguage":"pt-PT","@id":"https:\/\/inclusivenews.com.br\/?p=16494#primaryimage","url":"http:\/\/farm1.static.flickr.com\/48\/119306236_d38c06c082.jpg","contentUrl":"http:\/\/farm1.static.flickr.com\/48\/119306236_d38c06c082.jpg"},{"@type":"BreadcrumbList","@id":"https:\/\/inclusivenews.com.br\/?p=16494#breadcrumb","itemListElement":[{"@type":"ListItem","position":1,"name":"In\u00edcio","item":"https:\/\/inclusivenews.com.br\/"},{"@type":"ListItem","position":2,"name":"O trabalho dom\u00e9stico e a discrimina\u00e7\u00e3o social"}]},{"@type":"WebSite","@id":"https:\/\/inclusivenews.com.br\/#website","url":"https:\/\/inclusivenews.com.br\/","name":"Inclusive News","description":"Inclusive News","publisher":{"@id":"https:\/\/inclusivenews.com.br\/#organization"},"potentialAction":[{"@type":"SearchAction","target":{"@type":"EntryPoint","urlTemplate":"https:\/\/inclusivenews.com.br\/?s={search_term_string}"},"query-input":{"@type":"PropertyValueSpecification","valueRequired":true,"valueName":"search_term_string"}}],"inLanguage":"pt-PT"},{"@type":"Organization","@id":"https:\/\/inclusivenews.com.br\/#organization","name":"Inclusive - inclus\u00e3o e cidadania","url":"https:\/\/inclusivenews.com.br\/","logo":{"@type":"ImageObject","inLanguage":"pt-PT","@id":"https:\/\/inclusivenews.com.br\/#\/schema\/logo\/image\/","url":"https:\/\/inclusivenews.com.br\/wp-content\/uploads\/2024\/03\/@grandesite.png","contentUrl":"https:\/\/inclusivenews.com.br\/wp-content\/uploads\/2024\/03\/@grandesite.png","width":1080,"height":1080,"caption":"Inclusive - inclus\u00e3o e cidadania"},"image":{"@id":"https:\/\/inclusivenews.com.br\/#\/schema\/logo\/image\/"},"sameAs":["https:\/\/www.facebook.com\/agenciainclusive\/","https:\/\/www.instagram.com\/newsinclusive\/"]},{"@type":"Person","@id":"https:\/\/inclusivenews.com.br\/#\/schema\/person\/ae4ec7087559b8692fb33b6fffd2273b","name":"inclusivenews2024","image":{"@type":"ImageObject","inLanguage":"pt-PT","@id":"https:\/\/secure.gravatar.com\/avatar\/c5a7ef84c66fa914f55bc4f7ce26cfa275a3b9a1c5568b907bd184fb4dde7b40?s=96&d=mm&r=g","url":"https:\/\/secure.gravatar.com\/avatar\/c5a7ef84c66fa914f55bc4f7ce26cfa275a3b9a1c5568b907bd184fb4dde7b40?s=96&d=mm&r=g","contentUrl":"https:\/\/secure.gravatar.com\/avatar\/c5a7ef84c66fa914f55bc4f7ce26cfa275a3b9a1c5568b907bd184fb4dde7b40?s=96&d=mm&r=g","caption":"inclusivenews2024"},"sameAs":["https:\/\/inclusivenews.com.br"],"url":"https:\/\/inclusivenews.com.br\/?author=1"}]}},"_links":{"self":[{"href":"https:\/\/inclusivenews.com.br\/index.php?rest_route=\/wp\/v2\/posts\/16494","targetHints":{"allow":["GET"]}}],"collection":[{"href":"https:\/\/inclusivenews.com.br\/index.php?rest_route=\/wp\/v2\/posts"}],"about":[{"href":"https:\/\/inclusivenews.com.br\/index.php?rest_route=\/wp\/v2\/types\/post"}],"author":[{"embeddable":true,"href":"https:\/\/inclusivenews.com.br\/index.php?rest_route=\/wp\/v2\/users\/1"}],"replies":[{"embeddable":true,"href":"https:\/\/inclusivenews.com.br\/index.php?rest_route=%2Fwp%2Fv2%2Fcomments&post=16494"}],"version-history":[{"count":0,"href":"https:\/\/inclusivenews.com.br\/index.php?rest_route=\/wp\/v2\/posts\/16494\/revisions"}],"wp:attachment":[{"href":"https:\/\/inclusivenews.com.br\/index.php?rest_route=%2Fwp%2Fv2%2Fmedia&parent=16494"}],"wp:term":[{"taxonomy":"category","embeddable":true,"href":"https:\/\/inclusivenews.com.br\/index.php?rest_route=%2Fwp%2Fv2%2Fcategories&post=16494"},{"taxonomy":"post_tag","embeddable":true,"href":"https:\/\/inclusivenews.com.br\/index.php?rest_route=%2Fwp%2Fv2%2Ftags&post=16494"}],"curies":[{"name":"wp","href":"https:\/\/api.w.org\/{rel}","templated":true}]}}