{"id":16500,"date":"2010-07-15T05:53:06","date_gmt":"2010-07-15T08:53:06","guid":{"rendered":"http:\/\/www.inclusive.org.br\/?p=16500"},"modified":"2010-07-15T05:53:06","modified_gmt":"2010-07-15T08:53:06","slug":"com-surdo-ninguem-tem-paciencia","status":"publish","type":"post","link":"https:\/\/inclusivenews.com.br\/?p=16500","title":{"rendered":"&quot;Com surdo ningu\u00e9m tem paci\u00eancia&quot;"},"content":{"rendered":"<figure id=\"attachment_13693\" aria-describedby=\"caption-attachment-13693\" style=\"width: 150px\" class=\"wp-caption alignleft\"><a href=\"http:\/\/www.inclusivenews.com.br\/wp-content\/uploads\/2010\/02\/audiodescricao.jpg\"><img loading=\"lazy\" decoding=\"async\" class=\"size-thumbnail wp-image-13693\" title=\"S\u00edmbolo internacional da surdez\" src=\"http:\/\/inclusivenews.com.br\/wp-content\/uploads\/2010\/02\/audiodescricao-150x150.jpg\" alt=\"\" width=\"150\" height=\"150\" \/><\/a><figcaption id=\"caption-attachment-13693\" class=\"wp-caption-text\">Desenho de ondas sonoras entrando em uma orelha<\/figcaption><\/figure>\n<p>O que significa Eletrofisiologia da Audi\u00e7\u00e3o e Emiss\u00f5es Otoac\u00fasticas? O autor do livro, o otorrino Luiz Carlos Alves de Souza, \u00e9 quem explica. A Eletrofisiologia da Audi\u00e7\u00e3o \u00e9 o exame que oferece est\u00edmulo ao paciente atrav\u00e9s de eletrodos. Eles (eletrodos) captam os potenciais el\u00e9tricos, a atividade bioel\u00e9trica do nervo auditivo e da c\u00f3cleia (o canal interno do ouvido) e apresentam os resultados.<\/p>\n<p>J\u00e1 a Emiss\u00e3o Otoac\u00fastica \u00e9 o conhecido teste da &#8220;orelhinha&#8221;: o som que entra no ouvido reverbera na c\u00f3clea, emite uma atividade ac\u00fastica mec\u00e2nica captada pelo computador atrav\u00e9s de um software. \u00c9 o teste que detecta surdez infantil. Se houver problema, a crian\u00e7a \u00e9 encaminhada para um programa especial de reabilita\u00e7\u00e3o auditiva. A chance de recupera\u00e7\u00e3o \u00e9 de quase cem por cento, quem n\u00e3o responde ao uso de aparelho, \u00e9 submetido a implante coclear, uma esp\u00e9cie de ouvido bi\u00f4nico.<\/p>\n<p>De uma a tr\u00eas crian\u00e7as em cada mil nascem surdas, que segundo Alves Souza constitui-se no defeito cong\u00eanito mais prevalente no homem. \u00c9 provocada por a\u00e7\u00e3o gen\u00e9tica, hereditariedade ou virose no pr\u00e9-natal. &#8220;Deve ser diagnosticada at\u00e9 os tr\u00eas meses de vida. Depois disso, fica complicado, perde-se o contato com essa crian\u00e7a&#8221;.<\/p>\n<p>&#8220;Surdez causa rejei\u00e7\u00e3o&#8221;<br \/>\n&#8220;Ningu\u00e9m tem problema em usar um \u00f3culos mas quando se fala em usar um aparelho as pessoas ficam envergonhadas. Existe um preconceito muito grande. \u00c9 que h\u00e1 200 anos, uma crian\u00e7a surda e n\u00e3o diagnosticada, era colocada em manic\u00f4mio. A surdez causa rejei\u00e7\u00e3o. J\u00e1 a cegueira evoca sentimentos mais nobres, aprende-se a ser sol\u00edcito com os cegos. Com surdo ningu\u00e9m tem paci\u00eancia&#8221;, diz Alves de Souza.<br \/>\n______________<\/p>\n<p><strong>Fonte:<\/strong> <a href=\"http:\/\/www.jornalacidade.com.br\/editorias\/cidades\/2010\/07\/10\/otorrino-luiz-carlos-alves-de-souza-afirma-que-surdez-causa-rejeicao.html\">A Cidade<\/a><\/p>\n","protected":false},"excerpt":{"rendered":"<p>O que significa Eletrofisiologia da Audi\u00e7\u00e3o e Emiss\u00f5es Otoac\u00fasticas? O autor do livro, o otorrino Luiz Carlos Alves de Souza, \u00e9 quem explica. A Eletrofisiologia da Audi\u00e7\u00e3o \u00e9 o exame que oferece est\u00edmulo ao paciente atrav\u00e9s de eletrodos. Eles (eletrodos) captam os potenciais el\u00e9tricos, a atividade bioel\u00e9trica do nervo auditivo e da c\u00f3cleia (o canal [&hellip;]<\/p>\n","protected":false},"author":1,"featured_media":0,"comment_status":"open","ping_status":"open","sticky":false,"template":"","format":"standard","meta":{"site-container-style":"default","site-container-layout":"default","site-sidebar-layout":"default","disable-article-header":"default","disable-site-header":"default","disable-site-footer":"default","disable-content-area-spacing":"default","footnotes":""},"categories":[50,51,4,10],"tags":[],"class_list":["post-16500","post","type-post","status-publish","format-standard","hentry","category-lancamentos","category-livros","category-noticias","category-publicacoes"],"yoast_head":"<!-- This site is optimized with the Yoast SEO plugin v27.4 - https:\/\/yoast.com\/product\/yoast-seo-wordpress\/ -->\n<title>&quot;Com surdo ningu\u00e9m tem paci\u00eancia&quot; -<\/title>\n<meta name=\"robots\" content=\"index, follow, max-snippet:-1, max-image-preview:large, max-video-preview:-1\" \/>\n<link rel=\"canonical\" href=\"https:\/\/inclusivenews.com.br\/?p=16500\" \/>\n<meta property=\"og:locale\" content=\"pt_PT\" \/>\n<meta property=\"og:type\" content=\"article\" \/>\n<meta property=\"og:title\" content=\"&quot;Com surdo ningu\u00e9m tem paci\u00eancia&quot; -\" \/>\n<meta property=\"og:description\" content=\"O que significa Eletrofisiologia da Audi\u00e7\u00e3o e Emiss\u00f5es Otoac\u00fasticas? O autor do livro, o otorrino Luiz Carlos Alves de Souza, \u00e9 quem explica. A Eletrofisiologia da Audi\u00e7\u00e3o \u00e9 o exame que oferece est\u00edmulo ao paciente atrav\u00e9s de eletrodos. Eles (eletrodos) captam os potenciais el\u00e9tricos, a atividade bioel\u00e9trica do nervo auditivo e da c\u00f3cleia (o canal [&hellip;]\" \/>\n<meta property=\"og:url\" content=\"https:\/\/inclusivenews.com.br\/?p=16500\" \/>\n<meta property=\"article:publisher\" content=\"https:\/\/www.facebook.com\/agenciainclusive\/\" \/>\n<meta property=\"article:published_time\" content=\"2010-07-15T08:53:06+00:00\" \/>\n<meta property=\"og:image\" content=\"http:\/\/inclusivenews.com.br\/wp-content\/uploads\/2010\/02\/audiodescricao-150x150.jpg\" \/>\n<meta name=\"author\" content=\"inclusivenews2024\" \/>\n<meta name=\"twitter:card\" content=\"summary_large_image\" \/>\n<meta name=\"twitter:label1\" content=\"Escrito por\" \/>\n\t<meta name=\"twitter:data1\" content=\"inclusivenews2024\" \/>\n\t<meta name=\"twitter:label2\" content=\"Tempo estimado de leitura\" \/>\n\t<meta name=\"twitter:data2\" content=\"2 minutos\" \/>\n<script type=\"application\/ld+json\" class=\"yoast-schema-graph\">{\"@context\":\"https:\\\/\\\/schema.org\",\"@graph\":[{\"@type\":\"Article\",\"@id\":\"https:\\\/\\\/inclusivenews.com.br\\\/?p=16500#article\",\"isPartOf\":{\"@id\":\"https:\\\/\\\/inclusivenews.com.br\\\/?p=16500\"},\"author\":{\"name\":\"inclusivenews2024\",\"@id\":\"https:\\\/\\\/inclusivenews.com.br\\\/#\\\/schema\\\/person\\\/ae4ec7087559b8692fb33b6fffd2273b\"},\"headline\":\"&quot;Com surdo ningu\u00e9m tem paci\u00eancia&quot;\",\"datePublished\":\"2010-07-15T08:53:06+00:00\",\"mainEntityOfPage\":{\"@id\":\"https:\\\/\\\/inclusivenews.com.br\\\/?p=16500\"},\"wordCount\":317,\"commentCount\":0,\"publisher\":{\"@id\":\"https:\\\/\\\/inclusivenews.com.br\\\/#organization\"},\"image\":{\"@id\":\"https:\\\/\\\/inclusivenews.com.br\\\/?p=16500#primaryimage\"},\"thumbnailUrl\":\"http:\\\/\\\/inclusivenews.com.br\\\/wp-content\\\/uploads\\\/2010\\\/02\\\/audiodescricao-150x150.jpg\",\"articleSection\":[\"Lan\u00e7amentos\",\"Livros\",\"NOT\u00cdCIAS\",\"PUBLICA\u00c7\u00d5ES\"],\"inLanguage\":\"pt-PT\",\"potentialAction\":[{\"@type\":\"CommentAction\",\"name\":\"Comment\",\"target\":[\"https:\\\/\\\/inclusivenews.com.br\\\/?p=16500#respond\"]}]},{\"@type\":\"WebPage\",\"@id\":\"https:\\\/\\\/inclusivenews.com.br\\\/?p=16500\",\"url\":\"https:\\\/\\\/inclusivenews.com.br\\\/?p=16500\",\"name\":\"&quot;Com surdo ningu\u00e9m tem paci\u00eancia&quot; -\",\"isPartOf\":{\"@id\":\"https:\\\/\\\/inclusivenews.com.br\\\/#website\"},\"primaryImageOfPage\":{\"@id\":\"https:\\\/\\\/inclusivenews.com.br\\\/?p=16500#primaryimage\"},\"image\":{\"@id\":\"https:\\\/\\\/inclusivenews.com.br\\\/?p=16500#primaryimage\"},\"thumbnailUrl\":\"http:\\\/\\\/inclusivenews.com.br\\\/wp-content\\\/uploads\\\/2010\\\/02\\\/audiodescricao-150x150.jpg\",\"datePublished\":\"2010-07-15T08:53:06+00:00\",\"breadcrumb\":{\"@id\":\"https:\\\/\\\/inclusivenews.com.br\\\/?p=16500#breadcrumb\"},\"inLanguage\":\"pt-PT\",\"potentialAction\":[{\"@type\":\"ReadAction\",\"target\":[\"https:\\\/\\\/inclusivenews.com.br\\\/?p=16500\"]}]},{\"@type\":\"ImageObject\",\"inLanguage\":\"pt-PT\",\"@id\":\"https:\\\/\\\/inclusivenews.com.br\\\/?p=16500#primaryimage\",\"url\":\"\",\"contentUrl\":\"\"},{\"@type\":\"BreadcrumbList\",\"@id\":\"https:\\\/\\\/inclusivenews.com.br\\\/?p=16500#breadcrumb\",\"itemListElement\":[{\"@type\":\"ListItem\",\"position\":1,\"name\":\"In\u00edcio\",\"item\":\"https:\\\/\\\/inclusivenews.com.br\\\/\"},{\"@type\":\"ListItem\",\"position\":2,\"name\":\"&quot;Com surdo ningu\u00e9m tem paci\u00eancia&quot;\"}]},{\"@type\":\"WebSite\",\"@id\":\"https:\\\/\\\/inclusivenews.com.br\\\/#website\",\"url\":\"https:\\\/\\\/inclusivenews.com.br\\\/\",\"name\":\"Inclusive News\",\"description\":\"Inclusive News\",\"publisher\":{\"@id\":\"https:\\\/\\\/inclusivenews.com.br\\\/#organization\"},\"potentialAction\":[{\"@type\":\"SearchAction\",\"target\":{\"@type\":\"EntryPoint\",\"urlTemplate\":\"https:\\\/\\\/inclusivenews.com.br\\\/?s={search_term_string}\"},\"query-input\":{\"@type\":\"PropertyValueSpecification\",\"valueRequired\":true,\"valueName\":\"search_term_string\"}}],\"inLanguage\":\"pt-PT\"},{\"@type\":\"Organization\",\"@id\":\"https:\\\/\\\/inclusivenews.com.br\\\/#organization\",\"name\":\"Inclusive - inclus\u00e3o e cidadania\",\"url\":\"https:\\\/\\\/inclusivenews.com.br\\\/\",\"logo\":{\"@type\":\"ImageObject\",\"inLanguage\":\"pt-PT\",\"@id\":\"https:\\\/\\\/inclusivenews.com.br\\\/#\\\/schema\\\/logo\\\/image\\\/\",\"url\":\"https:\\\/\\\/inclusivenews.com.br\\\/wp-content\\\/uploads\\\/2024\\\/03\\\/@grandesite.png\",\"contentUrl\":\"https:\\\/\\\/inclusivenews.com.br\\\/wp-content\\\/uploads\\\/2024\\\/03\\\/@grandesite.png\",\"width\":1080,\"height\":1080,\"caption\":\"Inclusive - inclus\u00e3o e cidadania\"},\"image\":{\"@id\":\"https:\\\/\\\/inclusivenews.com.br\\\/#\\\/schema\\\/logo\\\/image\\\/\"},\"sameAs\":[\"https:\\\/\\\/www.facebook.com\\\/agenciainclusive\\\/\",\"https:\\\/\\\/www.instagram.com\\\/newsinclusive\\\/\"]},{\"@type\":\"Person\",\"@id\":\"https:\\\/\\\/inclusivenews.com.br\\\/#\\\/schema\\\/person\\\/ae4ec7087559b8692fb33b6fffd2273b\",\"name\":\"inclusivenews2024\",\"image\":{\"@type\":\"ImageObject\",\"inLanguage\":\"pt-PT\",\"@id\":\"https:\\\/\\\/secure.gravatar.com\\\/avatar\\\/c5a7ef84c66fa914f55bc4f7ce26cfa275a3b9a1c5568b907bd184fb4dde7b40?s=96&d=mm&r=g\",\"url\":\"https:\\\/\\\/secure.gravatar.com\\\/avatar\\\/c5a7ef84c66fa914f55bc4f7ce26cfa275a3b9a1c5568b907bd184fb4dde7b40?s=96&d=mm&r=g\",\"contentUrl\":\"https:\\\/\\\/secure.gravatar.com\\\/avatar\\\/c5a7ef84c66fa914f55bc4f7ce26cfa275a3b9a1c5568b907bd184fb4dde7b40?s=96&d=mm&r=g\",\"caption\":\"inclusivenews2024\"},\"sameAs\":[\"https:\\\/\\\/inclusivenews.com.br\"],\"url\":\"https:\\\/\\\/inclusivenews.com.br\\\/?author=1\"}]}<\/script>\n<!-- \/ Yoast SEO plugin. -->","yoast_head_json":{"title":"&quot;Com surdo ningu\u00e9m tem paci\u00eancia&quot; -","robots":{"index":"index","follow":"follow","max-snippet":"max-snippet:-1","max-image-preview":"max-image-preview:large","max-video-preview":"max-video-preview:-1"},"canonical":"https:\/\/inclusivenews.com.br\/?p=16500","og_locale":"pt_PT","og_type":"article","og_title":"&quot;Com surdo ningu\u00e9m tem paci\u00eancia&quot; -","og_description":"O que significa Eletrofisiologia da Audi\u00e7\u00e3o e Emiss\u00f5es Otoac\u00fasticas? O autor do livro, o otorrino Luiz Carlos Alves de Souza, \u00e9 quem explica. A Eletrofisiologia da Audi\u00e7\u00e3o \u00e9 o exame que oferece est\u00edmulo ao paciente atrav\u00e9s de eletrodos. Eles (eletrodos) captam os potenciais el\u00e9tricos, a atividade bioel\u00e9trica do nervo auditivo e da c\u00f3cleia (o canal [&hellip;]","og_url":"https:\/\/inclusivenews.com.br\/?p=16500","article_publisher":"https:\/\/www.facebook.com\/agenciainclusive\/","article_published_time":"2010-07-15T08:53:06+00:00","og_image":[{"url":"http:\/\/inclusivenews.com.br\/wp-content\/uploads\/2010\/02\/audiodescricao-150x150.jpg","type":"","width":"","height":""}],"author":"inclusivenews2024","twitter_card":"summary_large_image","twitter_misc":{"Escrito por":"inclusivenews2024","Tempo estimado de leitura":"2 minutos"},"schema":{"@context":"https:\/\/schema.org","@graph":[{"@type":"Article","@id":"https:\/\/inclusivenews.com.br\/?p=16500#article","isPartOf":{"@id":"https:\/\/inclusivenews.com.br\/?p=16500"},"author":{"name":"inclusivenews2024","@id":"https:\/\/inclusivenews.com.br\/#\/schema\/person\/ae4ec7087559b8692fb33b6fffd2273b"},"headline":"&quot;Com surdo ningu\u00e9m tem paci\u00eancia&quot;","datePublished":"2010-07-15T08:53:06+00:00","mainEntityOfPage":{"@id":"https:\/\/inclusivenews.com.br\/?p=16500"},"wordCount":317,"commentCount":0,"publisher":{"@id":"https:\/\/inclusivenews.com.br\/#organization"},"image":{"@id":"https:\/\/inclusivenews.com.br\/?p=16500#primaryimage"},"thumbnailUrl":"http:\/\/inclusivenews.com.br\/wp-content\/uploads\/2010\/02\/audiodescricao-150x150.jpg","articleSection":["Lan\u00e7amentos","Livros","NOT\u00cdCIAS","PUBLICA\u00c7\u00d5ES"],"inLanguage":"pt-PT","potentialAction":[{"@type":"CommentAction","name":"Comment","target":["https:\/\/inclusivenews.com.br\/?p=16500#respond"]}]},{"@type":"WebPage","@id":"https:\/\/inclusivenews.com.br\/?p=16500","url":"https:\/\/inclusivenews.com.br\/?p=16500","name":"&quot;Com surdo ningu\u00e9m tem paci\u00eancia&quot; -","isPartOf":{"@id":"https:\/\/inclusivenews.com.br\/#website"},"primaryImageOfPage":{"@id":"https:\/\/inclusivenews.com.br\/?p=16500#primaryimage"},"image":{"@id":"https:\/\/inclusivenews.com.br\/?p=16500#primaryimage"},"thumbnailUrl":"http:\/\/inclusivenews.com.br\/wp-content\/uploads\/2010\/02\/audiodescricao-150x150.jpg","datePublished":"2010-07-15T08:53:06+00:00","breadcrumb":{"@id":"https:\/\/inclusivenews.com.br\/?p=16500#breadcrumb"},"inLanguage":"pt-PT","potentialAction":[{"@type":"ReadAction","target":["https:\/\/inclusivenews.com.br\/?p=16500"]}]},{"@type":"ImageObject","inLanguage":"pt-PT","@id":"https:\/\/inclusivenews.com.br\/?p=16500#primaryimage","url":"","contentUrl":""},{"@type":"BreadcrumbList","@id":"https:\/\/inclusivenews.com.br\/?p=16500#breadcrumb","itemListElement":[{"@type":"ListItem","position":1,"name":"In\u00edcio","item":"https:\/\/inclusivenews.com.br\/"},{"@type":"ListItem","position":2,"name":"&quot;Com surdo ningu\u00e9m tem paci\u00eancia&quot;"}]},{"@type":"WebSite","@id":"https:\/\/inclusivenews.com.br\/#website","url":"https:\/\/inclusivenews.com.br\/","name":"Inclusive News","description":"Inclusive News","publisher":{"@id":"https:\/\/inclusivenews.com.br\/#organization"},"potentialAction":[{"@type":"SearchAction","target":{"@type":"EntryPoint","urlTemplate":"https:\/\/inclusivenews.com.br\/?s={search_term_string}"},"query-input":{"@type":"PropertyValueSpecification","valueRequired":true,"valueName":"search_term_string"}}],"inLanguage":"pt-PT"},{"@type":"Organization","@id":"https:\/\/inclusivenews.com.br\/#organization","name":"Inclusive - inclus\u00e3o e cidadania","url":"https:\/\/inclusivenews.com.br\/","logo":{"@type":"ImageObject","inLanguage":"pt-PT","@id":"https:\/\/inclusivenews.com.br\/#\/schema\/logo\/image\/","url":"https:\/\/inclusivenews.com.br\/wp-content\/uploads\/2024\/03\/@grandesite.png","contentUrl":"https:\/\/inclusivenews.com.br\/wp-content\/uploads\/2024\/03\/@grandesite.png","width":1080,"height":1080,"caption":"Inclusive - inclus\u00e3o e cidadania"},"image":{"@id":"https:\/\/inclusivenews.com.br\/#\/schema\/logo\/image\/"},"sameAs":["https:\/\/www.facebook.com\/agenciainclusive\/","https:\/\/www.instagram.com\/newsinclusive\/"]},{"@type":"Person","@id":"https:\/\/inclusivenews.com.br\/#\/schema\/person\/ae4ec7087559b8692fb33b6fffd2273b","name":"inclusivenews2024","image":{"@type":"ImageObject","inLanguage":"pt-PT","@id":"https:\/\/secure.gravatar.com\/avatar\/c5a7ef84c66fa914f55bc4f7ce26cfa275a3b9a1c5568b907bd184fb4dde7b40?s=96&d=mm&r=g","url":"https:\/\/secure.gravatar.com\/avatar\/c5a7ef84c66fa914f55bc4f7ce26cfa275a3b9a1c5568b907bd184fb4dde7b40?s=96&d=mm&r=g","contentUrl":"https:\/\/secure.gravatar.com\/avatar\/c5a7ef84c66fa914f55bc4f7ce26cfa275a3b9a1c5568b907bd184fb4dde7b40?s=96&d=mm&r=g","caption":"inclusivenews2024"},"sameAs":["https:\/\/inclusivenews.com.br"],"url":"https:\/\/inclusivenews.com.br\/?author=1"}]}},"_links":{"self":[{"href":"https:\/\/inclusivenews.com.br\/index.php?rest_route=\/wp\/v2\/posts\/16500","targetHints":{"allow":["GET"]}}],"collection":[{"href":"https:\/\/inclusivenews.com.br\/index.php?rest_route=\/wp\/v2\/posts"}],"about":[{"href":"https:\/\/inclusivenews.com.br\/index.php?rest_route=\/wp\/v2\/types\/post"}],"author":[{"embeddable":true,"href":"https:\/\/inclusivenews.com.br\/index.php?rest_route=\/wp\/v2\/users\/1"}],"replies":[{"embeddable":true,"href":"https:\/\/inclusivenews.com.br\/index.php?rest_route=%2Fwp%2Fv2%2Fcomments&post=16500"}],"version-history":[{"count":0,"href":"https:\/\/inclusivenews.com.br\/index.php?rest_route=\/wp\/v2\/posts\/16500\/revisions"}],"wp:attachment":[{"href":"https:\/\/inclusivenews.com.br\/index.php?rest_route=%2Fwp%2Fv2%2Fmedia&parent=16500"}],"wp:term":[{"taxonomy":"category","embeddable":true,"href":"https:\/\/inclusivenews.com.br\/index.php?rest_route=%2Fwp%2Fv2%2Fcategories&post=16500"},{"taxonomy":"post_tag","embeddable":true,"href":"https:\/\/inclusivenews.com.br\/index.php?rest_route=%2Fwp%2Fv2%2Ftags&post=16500"}],"curies":[{"name":"wp","href":"https:\/\/api.w.org\/{rel}","templated":true}]}}