{"id":16502,"date":"2010-07-14T05:57:49","date_gmt":"2010-07-14T08:57:49","guid":{"rendered":"http:\/\/www.inclusive.org.br\/?p=16502"},"modified":"2010-07-14T05:57:49","modified_gmt":"2010-07-14T08:57:49","slug":"educacao-inclusiva-trabalho-de-escolas-municipais-e-reconhecido-nacionalmente","status":"publish","type":"post","link":"https:\/\/inclusivenews.com.br\/?p=16502","title":{"rendered":"Educa\u00e7\u00e3o inclusiva: trabalho de escolas municipais \u00e9 reconhecido nacionalmente"},"content":{"rendered":"<figure id=\"attachment_12740\" aria-describedby=\"caption-attachment-12740\" style=\"width: 213px\" class=\"wp-caption alignleft\"><a href=\"http:\/\/www.inclusivenews.com.br\/wp-content\/uploads\/2009\/11\/PREMIO-EXPERIENCIAS-EDUCACIONAIS-INCLUSIVAS.JPG\"><img loading=\"lazy\" decoding=\"async\" class=\"size-full wp-image-12740\" title=\"PREMIO EXPERIENCIAS EDUCACIONAIS INCLUSIVAS\" src=\"http:\/\/inclusivenews.com.br\/wp-content\/uploads\/2009\/11\/PREMIO-EXPERIENCIAS-EDUCACIONAIS-INCLUSIVAS.JPG\" alt=\"\" width=\"213\" height=\"131\" \/><\/a><figcaption id=\"caption-attachment-12740\" class=\"wp-caption-text\"> <\/figcaption><\/figure>\n<p>Duas escolas da Rede Municipal de Ensino de Ponta Grossa se destacaram nacionalmente com trabalho de inclus\u00e3o de alunos com necessidades educacionais especiais. As Escolas Municipais \u201cProfessora Agenoridas Stadler\u201d, no Cara-Car\u00e1, e \u201cProfessor Aristeu Costa Pinto\u201d, na Ronda, foram contempladas pelo pr\u00eamio Experi\u00eancias Educacionais Inclusivas: a escola aprendendo com as diferen\u00e7as, concedido pelo Minist\u00e9rio da Educa\u00e7\u00e3o. As escolas foram recompensadas com Salas de Recursos Multifuncionais.<\/p>\n<p>O reconhecimento nacional \u00e9 um atestado da excel\u00eancia do servi\u00e7o prestado pela Secretaria Municipal de Educa\u00e7\u00e3o na educa\u00e7\u00e3o inclusiva. O \u00eaxito no processo de ensino\/aprendizagem, principalmente no caso dos alunos com necessidades especiais, tem no professor seu principal agente, avalia a secret\u00e1ria Z\u00e9lia Marochi. De acordo com ela, toda essa a\u00e7\u00e3o docente \u00e9 respaldada pela forma\u00e7\u00e3o cont\u00ednua dos professores, para que haja o acompanhamento \u00e0s mudan\u00e7as e esta a\u00e7\u00e3o \u00e9 sempre intencional e tem como objetivo o aprendizado do aluno. \u201cA educa\u00e7\u00e3o inclusiva \u00e9 um ato civilizat\u00f3rio, por isso \u00e9 necess\u00e1rio extrapolar os muros da escola. A sociedade precisa pensar a educa\u00e7\u00e3o especial, pois conviver com o diferente faz parte da democracia\u201d, diz.<\/p>\n<p>A escola Agenoridas Stadler se destacou com o caso de uma aluna com o diagn\u00f3stico de transtorno global do desenvolvimento, hoje com 9 anos. A Secretaria Municipal de Educa\u00e7\u00e3o chegou at\u00e9 a menina a partir de relatos da vizinhan\u00e7a e conseguiu encaminhar a crian\u00e7as para um Centro Municipal de Educa\u00e7\u00e3o Infantil (CMEI). Quando come\u00e7ou a ser educada, a menina n\u00e3o falava, n\u00e3o andava, era reclusa, e estava debilitada f\u00edsica e mentalmente. \u201cEsse foi o caso mais complexo e dif\u00edcil que cuidei em 38 anos de trabalho com a educa\u00e7\u00e3o\u201d, define Z\u00e9lia. \u201cHoje ela \u00e9 outra crian\u00e7a\u201d, completa a secret\u00e1ria. Na escola, a menina permanece na mesma sala que as demais crian\u00e7as e a Secretaria Municipal de Educa\u00e7\u00e3o disponibilizou um professor a mais para cuidar da educa\u00e7\u00e3o dela. A crian\u00e7a fica 40h semanais na escola, sendo 20h no contra-turno, com atividades especialmente preparadas para ela.<br \/>\n___________________________________<\/p>\n<p><strong>Fonte:<\/strong> <a href=\"http:\/\/www.pontagrossa.pr.gov.br\/node\/9104\">Prefeitura Municipal de Ponta Grossa<\/a><\/p>\n","protected":false},"excerpt":{"rendered":"<p>Duas escolas da Rede Municipal de Ensino de Ponta Grossa se destacaram nacionalmente com trabalho de inclus\u00e3o de alunos com necessidades educacionais especiais. As Escolas Municipais \u201cProfessora Agenoridas Stadler\u201d, no Cara-Car\u00e1, e \u201cProfessor Aristeu Costa Pinto\u201d, na Ronda, foram contempladas pelo pr\u00eamio Experi\u00eancias Educacionais Inclusivas: a escola aprendendo com as diferen\u00e7as.<\/p>\n","protected":false},"author":1,"featured_media":0,"comment_status":"open","ping_status":"open","sticky":false,"template":"","format":"standard","meta":{"site-container-style":"default","site-container-layout":"default","site-sidebar-layout":"default","disable-article-header":"default","disable-site-header":"default","disable-site-footer":"default","disable-content-area-spacing":"default","footnotes":""},"categories":[6,48,4],"tags":[],"class_list":["post-16502","post","type-post","status-publish","format-standard","hentry","category-educacao","category-inclusao","category-noticias"],"yoast_head":"<!-- This site is optimized with the Yoast SEO plugin v27.4 - https:\/\/yoast.com\/product\/yoast-seo-wordpress\/ -->\n<title>Educa\u00e7\u00e3o inclusiva: trabalho de escolas municipais \u00e9 reconhecido nacionalmente -<\/title>\n<meta name=\"robots\" content=\"index, follow, max-snippet:-1, max-image-preview:large, max-video-preview:-1\" \/>\n<link rel=\"canonical\" href=\"https:\/\/inclusivenews.com.br\/?p=16502\" \/>\n<meta property=\"og:locale\" content=\"pt_PT\" \/>\n<meta property=\"og:type\" content=\"article\" \/>\n<meta property=\"og:title\" content=\"Educa\u00e7\u00e3o inclusiva: trabalho de escolas municipais \u00e9 reconhecido nacionalmente -\" \/>\n<meta property=\"og:description\" content=\"Duas escolas da Rede Municipal de Ensino de Ponta Grossa se destacaram nacionalmente com trabalho de inclus\u00e3o de alunos com necessidades educacionais especiais. As Escolas Municipais \u201cProfessora Agenoridas Stadler\u201d, no Cara-Car\u00e1, e \u201cProfessor Aristeu Costa Pinto\u201d, na Ronda, foram contempladas pelo pr\u00eamio Experi\u00eancias Educacionais Inclusivas: a escola aprendendo com as diferen\u00e7as.\" \/>\n<meta property=\"og:url\" content=\"https:\/\/inclusivenews.com.br\/?p=16502\" \/>\n<meta property=\"article:publisher\" content=\"https:\/\/www.facebook.com\/agenciainclusive\/\" \/>\n<meta property=\"article:published_time\" content=\"2010-07-14T08:57:49+00:00\" \/>\n<meta property=\"og:image\" content=\"http:\/\/inclusivenews.com.br\/wp-content\/uploads\/2009\/11\/PREMIO-EXPERIENCIAS-EDUCACIONAIS-INCLUSIVAS.JPG\" \/>\n<meta name=\"author\" content=\"inclusivenews2024\" \/>\n<meta name=\"twitter:card\" content=\"summary_large_image\" \/>\n<meta name=\"twitter:label1\" content=\"Escrito por\" \/>\n\t<meta name=\"twitter:data1\" content=\"inclusivenews2024\" \/>\n\t<meta name=\"twitter:label2\" content=\"Tempo estimado de leitura\" \/>\n\t<meta name=\"twitter:data2\" content=\"2 minutos\" \/>\n<script type=\"application\/ld+json\" class=\"yoast-schema-graph\">{\"@context\":\"https:\\\/\\\/schema.org\",\"@graph\":[{\"@type\":\"Article\",\"@id\":\"https:\\\/\\\/inclusivenews.com.br\\\/?p=16502#article\",\"isPartOf\":{\"@id\":\"https:\\\/\\\/inclusivenews.com.br\\\/?p=16502\"},\"author\":{\"name\":\"inclusivenews2024\",\"@id\":\"https:\\\/\\\/inclusivenews.com.br\\\/#\\\/schema\\\/person\\\/ae4ec7087559b8692fb33b6fffd2273b\"},\"headline\":\"Educa\u00e7\u00e3o inclusiva: trabalho de escolas municipais \u00e9 reconhecido nacionalmente\",\"datePublished\":\"2010-07-14T08:57:49+00:00\",\"mainEntityOfPage\":{\"@id\":\"https:\\\/\\\/inclusivenews.com.br\\\/?p=16502\"},\"wordCount\":377,\"commentCount\":0,\"publisher\":{\"@id\":\"https:\\\/\\\/inclusivenews.com.br\\\/#organization\"},\"image\":{\"@id\":\"https:\\\/\\\/inclusivenews.com.br\\\/?p=16502#primaryimage\"},\"thumbnailUrl\":\"http:\\\/\\\/inclusivenews.com.br\\\/wp-content\\\/uploads\\\/2009\\\/11\\\/PREMIO-EXPERIENCIAS-EDUCACIONAIS-INCLUSIVAS.JPG\",\"articleSection\":[\"EDUCA\u00c7\u00c3O\",\"INCLUS\u00c3O SOCIAL\",\"NOT\u00cdCIAS\"],\"inLanguage\":\"pt-PT\",\"potentialAction\":[{\"@type\":\"CommentAction\",\"name\":\"Comment\",\"target\":[\"https:\\\/\\\/inclusivenews.com.br\\\/?p=16502#respond\"]}]},{\"@type\":\"WebPage\",\"@id\":\"https:\\\/\\\/inclusivenews.com.br\\\/?p=16502\",\"url\":\"https:\\\/\\\/inclusivenews.com.br\\\/?p=16502\",\"name\":\"Educa\u00e7\u00e3o inclusiva: trabalho de escolas municipais \u00e9 reconhecido nacionalmente -\",\"isPartOf\":{\"@id\":\"https:\\\/\\\/inclusivenews.com.br\\\/#website\"},\"primaryImageOfPage\":{\"@id\":\"https:\\\/\\\/inclusivenews.com.br\\\/?p=16502#primaryimage\"},\"image\":{\"@id\":\"https:\\\/\\\/inclusivenews.com.br\\\/?p=16502#primaryimage\"},\"thumbnailUrl\":\"http:\\\/\\\/inclusivenews.com.br\\\/wp-content\\\/uploads\\\/2009\\\/11\\\/PREMIO-EXPERIENCIAS-EDUCACIONAIS-INCLUSIVAS.JPG\",\"datePublished\":\"2010-07-14T08:57:49+00:00\",\"breadcrumb\":{\"@id\":\"https:\\\/\\\/inclusivenews.com.br\\\/?p=16502#breadcrumb\"},\"inLanguage\":\"pt-PT\",\"potentialAction\":[{\"@type\":\"ReadAction\",\"target\":[\"https:\\\/\\\/inclusivenews.com.br\\\/?p=16502\"]}]},{\"@type\":\"ImageObject\",\"inLanguage\":\"pt-PT\",\"@id\":\"https:\\\/\\\/inclusivenews.com.br\\\/?p=16502#primaryimage\",\"url\":\"https:\\\/\\\/inclusivenews.com.br\\\/wp-content\\\/uploads\\\/2009\\\/11\\\/PREMIO-EXPERIENCIAS-EDUCACIONAIS-INCLUSIVAS.jpg\",\"contentUrl\":\"https:\\\/\\\/inclusivenews.com.br\\\/wp-content\\\/uploads\\\/2009\\\/11\\\/PREMIO-EXPERIENCIAS-EDUCACIONAIS-INCLUSIVAS.jpg\",\"width\":266,\"height\":164,\"caption\":\"Na imagem, a logotipo do concurso: Pr\u00eamio Experi\u00eancias Educacionais Inclusivas \u2013 a Escola Aprendendo com as Diferen\u00e7as\u201d.\"},{\"@type\":\"BreadcrumbList\",\"@id\":\"https:\\\/\\\/inclusivenews.com.br\\\/?p=16502#breadcrumb\",\"itemListElement\":[{\"@type\":\"ListItem\",\"position\":1,\"name\":\"In\u00edcio\",\"item\":\"https:\\\/\\\/inclusivenews.com.br\\\/\"},{\"@type\":\"ListItem\",\"position\":2,\"name\":\"Educa\u00e7\u00e3o inclusiva: trabalho de escolas municipais \u00e9 reconhecido nacionalmente\"}]},{\"@type\":\"WebSite\",\"@id\":\"https:\\\/\\\/inclusivenews.com.br\\\/#website\",\"url\":\"https:\\\/\\\/inclusivenews.com.br\\\/\",\"name\":\"Inclusive News\",\"description\":\"Inclusive News\",\"publisher\":{\"@id\":\"https:\\\/\\\/inclusivenews.com.br\\\/#organization\"},\"potentialAction\":[{\"@type\":\"SearchAction\",\"target\":{\"@type\":\"EntryPoint\",\"urlTemplate\":\"https:\\\/\\\/inclusivenews.com.br\\\/?s={search_term_string}\"},\"query-input\":{\"@type\":\"PropertyValueSpecification\",\"valueRequired\":true,\"valueName\":\"search_term_string\"}}],\"inLanguage\":\"pt-PT\"},{\"@type\":\"Organization\",\"@id\":\"https:\\\/\\\/inclusivenews.com.br\\\/#organization\",\"name\":\"Inclusive - inclus\u00e3o e cidadania\",\"url\":\"https:\\\/\\\/inclusivenews.com.br\\\/\",\"logo\":{\"@type\":\"ImageObject\",\"inLanguage\":\"pt-PT\",\"@id\":\"https:\\\/\\\/inclusivenews.com.br\\\/#\\\/schema\\\/logo\\\/image\\\/\",\"url\":\"https:\\\/\\\/inclusivenews.com.br\\\/wp-content\\\/uploads\\\/2024\\\/03\\\/@grandesite.png\",\"contentUrl\":\"https:\\\/\\\/inclusivenews.com.br\\\/wp-content\\\/uploads\\\/2024\\\/03\\\/@grandesite.png\",\"width\":1080,\"height\":1080,\"caption\":\"Inclusive - inclus\u00e3o e cidadania\"},\"image\":{\"@id\":\"https:\\\/\\\/inclusivenews.com.br\\\/#\\\/schema\\\/logo\\\/image\\\/\"},\"sameAs\":[\"https:\\\/\\\/www.facebook.com\\\/agenciainclusive\\\/\",\"https:\\\/\\\/www.instagram.com\\\/newsinclusive\\\/\"]},{\"@type\":\"Person\",\"@id\":\"https:\\\/\\\/inclusivenews.com.br\\\/#\\\/schema\\\/person\\\/ae4ec7087559b8692fb33b6fffd2273b\",\"name\":\"inclusivenews2024\",\"image\":{\"@type\":\"ImageObject\",\"inLanguage\":\"pt-PT\",\"@id\":\"https:\\\/\\\/secure.gravatar.com\\\/avatar\\\/c5a7ef84c66fa914f55bc4f7ce26cfa275a3b9a1c5568b907bd184fb4dde7b40?s=96&d=mm&r=g\",\"url\":\"https:\\\/\\\/secure.gravatar.com\\\/avatar\\\/c5a7ef84c66fa914f55bc4f7ce26cfa275a3b9a1c5568b907bd184fb4dde7b40?s=96&d=mm&r=g\",\"contentUrl\":\"https:\\\/\\\/secure.gravatar.com\\\/avatar\\\/c5a7ef84c66fa914f55bc4f7ce26cfa275a3b9a1c5568b907bd184fb4dde7b40?s=96&d=mm&r=g\",\"caption\":\"inclusivenews2024\"},\"sameAs\":[\"https:\\\/\\\/inclusivenews.com.br\"],\"url\":\"https:\\\/\\\/inclusivenews.com.br\\\/?author=1\"}]}<\/script>\n<!-- \/ Yoast SEO plugin. -->","yoast_head_json":{"title":"Educa\u00e7\u00e3o inclusiva: trabalho de escolas municipais \u00e9 reconhecido nacionalmente -","robots":{"index":"index","follow":"follow","max-snippet":"max-snippet:-1","max-image-preview":"max-image-preview:large","max-video-preview":"max-video-preview:-1"},"canonical":"https:\/\/inclusivenews.com.br\/?p=16502","og_locale":"pt_PT","og_type":"article","og_title":"Educa\u00e7\u00e3o inclusiva: trabalho de escolas municipais \u00e9 reconhecido nacionalmente -","og_description":"Duas escolas da Rede Municipal de Ensino de Ponta Grossa se destacaram nacionalmente com trabalho de inclus\u00e3o de alunos com necessidades educacionais especiais. As Escolas Municipais \u201cProfessora Agenoridas Stadler\u201d, no Cara-Car\u00e1, e \u201cProfessor Aristeu Costa Pinto\u201d, na Ronda, foram contempladas pelo pr\u00eamio Experi\u00eancias Educacionais Inclusivas: a escola aprendendo com as diferen\u00e7as.","og_url":"https:\/\/inclusivenews.com.br\/?p=16502","article_publisher":"https:\/\/www.facebook.com\/agenciainclusive\/","article_published_time":"2010-07-14T08:57:49+00:00","og_image":[{"url":"http:\/\/inclusivenews.com.br\/wp-content\/uploads\/2009\/11\/PREMIO-EXPERIENCIAS-EDUCACIONAIS-INCLUSIVAS.JPG","type":"","width":"","height":""}],"author":"inclusivenews2024","twitter_card":"summary_large_image","twitter_misc":{"Escrito por":"inclusivenews2024","Tempo estimado de leitura":"2 minutos"},"schema":{"@context":"https:\/\/schema.org","@graph":[{"@type":"Article","@id":"https:\/\/inclusivenews.com.br\/?p=16502#article","isPartOf":{"@id":"https:\/\/inclusivenews.com.br\/?p=16502"},"author":{"name":"inclusivenews2024","@id":"https:\/\/inclusivenews.com.br\/#\/schema\/person\/ae4ec7087559b8692fb33b6fffd2273b"},"headline":"Educa\u00e7\u00e3o inclusiva: trabalho de escolas municipais \u00e9 reconhecido nacionalmente","datePublished":"2010-07-14T08:57:49+00:00","mainEntityOfPage":{"@id":"https:\/\/inclusivenews.com.br\/?p=16502"},"wordCount":377,"commentCount":0,"publisher":{"@id":"https:\/\/inclusivenews.com.br\/#organization"},"image":{"@id":"https:\/\/inclusivenews.com.br\/?p=16502#primaryimage"},"thumbnailUrl":"http:\/\/inclusivenews.com.br\/wp-content\/uploads\/2009\/11\/PREMIO-EXPERIENCIAS-EDUCACIONAIS-INCLUSIVAS.JPG","articleSection":["EDUCA\u00c7\u00c3O","INCLUS\u00c3O SOCIAL","NOT\u00cdCIAS"],"inLanguage":"pt-PT","potentialAction":[{"@type":"CommentAction","name":"Comment","target":["https:\/\/inclusivenews.com.br\/?p=16502#respond"]}]},{"@type":"WebPage","@id":"https:\/\/inclusivenews.com.br\/?p=16502","url":"https:\/\/inclusivenews.com.br\/?p=16502","name":"Educa\u00e7\u00e3o inclusiva: trabalho de escolas municipais \u00e9 reconhecido nacionalmente -","isPartOf":{"@id":"https:\/\/inclusivenews.com.br\/#website"},"primaryImageOfPage":{"@id":"https:\/\/inclusivenews.com.br\/?p=16502#primaryimage"},"image":{"@id":"https:\/\/inclusivenews.com.br\/?p=16502#primaryimage"},"thumbnailUrl":"http:\/\/inclusivenews.com.br\/wp-content\/uploads\/2009\/11\/PREMIO-EXPERIENCIAS-EDUCACIONAIS-INCLUSIVAS.JPG","datePublished":"2010-07-14T08:57:49+00:00","breadcrumb":{"@id":"https:\/\/inclusivenews.com.br\/?p=16502#breadcrumb"},"inLanguage":"pt-PT","potentialAction":[{"@type":"ReadAction","target":["https:\/\/inclusivenews.com.br\/?p=16502"]}]},{"@type":"ImageObject","inLanguage":"pt-PT","@id":"https:\/\/inclusivenews.com.br\/?p=16502#primaryimage","url":"https:\/\/inclusivenews.com.br\/wp-content\/uploads\/2009\/11\/PREMIO-EXPERIENCIAS-EDUCACIONAIS-INCLUSIVAS.jpg","contentUrl":"https:\/\/inclusivenews.com.br\/wp-content\/uploads\/2009\/11\/PREMIO-EXPERIENCIAS-EDUCACIONAIS-INCLUSIVAS.jpg","width":266,"height":164,"caption":"Na imagem, a logotipo do concurso: Pr\u00eamio Experi\u00eancias Educacionais Inclusivas \u2013 a Escola Aprendendo com as Diferen\u00e7as\u201d."},{"@type":"BreadcrumbList","@id":"https:\/\/inclusivenews.com.br\/?p=16502#breadcrumb","itemListElement":[{"@type":"ListItem","position":1,"name":"In\u00edcio","item":"https:\/\/inclusivenews.com.br\/"},{"@type":"ListItem","position":2,"name":"Educa\u00e7\u00e3o inclusiva: trabalho de escolas municipais \u00e9 reconhecido nacionalmente"}]},{"@type":"WebSite","@id":"https:\/\/inclusivenews.com.br\/#website","url":"https:\/\/inclusivenews.com.br\/","name":"Inclusive News","description":"Inclusive News","publisher":{"@id":"https:\/\/inclusivenews.com.br\/#organization"},"potentialAction":[{"@type":"SearchAction","target":{"@type":"EntryPoint","urlTemplate":"https:\/\/inclusivenews.com.br\/?s={search_term_string}"},"query-input":{"@type":"PropertyValueSpecification","valueRequired":true,"valueName":"search_term_string"}}],"inLanguage":"pt-PT"},{"@type":"Organization","@id":"https:\/\/inclusivenews.com.br\/#organization","name":"Inclusive - inclus\u00e3o e cidadania","url":"https:\/\/inclusivenews.com.br\/","logo":{"@type":"ImageObject","inLanguage":"pt-PT","@id":"https:\/\/inclusivenews.com.br\/#\/schema\/logo\/image\/","url":"https:\/\/inclusivenews.com.br\/wp-content\/uploads\/2024\/03\/@grandesite.png","contentUrl":"https:\/\/inclusivenews.com.br\/wp-content\/uploads\/2024\/03\/@grandesite.png","width":1080,"height":1080,"caption":"Inclusive - inclus\u00e3o e cidadania"},"image":{"@id":"https:\/\/inclusivenews.com.br\/#\/schema\/logo\/image\/"},"sameAs":["https:\/\/www.facebook.com\/agenciainclusive\/","https:\/\/www.instagram.com\/newsinclusive\/"]},{"@type":"Person","@id":"https:\/\/inclusivenews.com.br\/#\/schema\/person\/ae4ec7087559b8692fb33b6fffd2273b","name":"inclusivenews2024","image":{"@type":"ImageObject","inLanguage":"pt-PT","@id":"https:\/\/secure.gravatar.com\/avatar\/c5a7ef84c66fa914f55bc4f7ce26cfa275a3b9a1c5568b907bd184fb4dde7b40?s=96&d=mm&r=g","url":"https:\/\/secure.gravatar.com\/avatar\/c5a7ef84c66fa914f55bc4f7ce26cfa275a3b9a1c5568b907bd184fb4dde7b40?s=96&d=mm&r=g","contentUrl":"https:\/\/secure.gravatar.com\/avatar\/c5a7ef84c66fa914f55bc4f7ce26cfa275a3b9a1c5568b907bd184fb4dde7b40?s=96&d=mm&r=g","caption":"inclusivenews2024"},"sameAs":["https:\/\/inclusivenews.com.br"],"url":"https:\/\/inclusivenews.com.br\/?author=1"}]}},"_links":{"self":[{"href":"https:\/\/inclusivenews.com.br\/index.php?rest_route=\/wp\/v2\/posts\/16502","targetHints":{"allow":["GET"]}}],"collection":[{"href":"https:\/\/inclusivenews.com.br\/index.php?rest_route=\/wp\/v2\/posts"}],"about":[{"href":"https:\/\/inclusivenews.com.br\/index.php?rest_route=\/wp\/v2\/types\/post"}],"author":[{"embeddable":true,"href":"https:\/\/inclusivenews.com.br\/index.php?rest_route=\/wp\/v2\/users\/1"}],"replies":[{"embeddable":true,"href":"https:\/\/inclusivenews.com.br\/index.php?rest_route=%2Fwp%2Fv2%2Fcomments&post=16502"}],"version-history":[{"count":0,"href":"https:\/\/inclusivenews.com.br\/index.php?rest_route=\/wp\/v2\/posts\/16502\/revisions"}],"wp:attachment":[{"href":"https:\/\/inclusivenews.com.br\/index.php?rest_route=%2Fwp%2Fv2%2Fmedia&parent=16502"}],"wp:term":[{"taxonomy":"category","embeddable":true,"href":"https:\/\/inclusivenews.com.br\/index.php?rest_route=%2Fwp%2Fv2%2Fcategories&post=16502"},{"taxonomy":"post_tag","embeddable":true,"href":"https:\/\/inclusivenews.com.br\/index.php?rest_route=%2Fwp%2Fv2%2Ftags&post=16502"}],"curies":[{"name":"wp","href":"https:\/\/api.w.org\/{rel}","templated":true}]}}