{"id":16504,"date":"2010-07-15T05:58:08","date_gmt":"2010-07-15T08:58:08","guid":{"rendered":"http:\/\/www.inclusive.org.br\/?p=16504"},"modified":"2010-07-15T05:58:08","modified_gmt":"2010-07-15T08:58:08","slug":"seminario-de-educacao-inclusiva-debate-adolescencia","status":"publish","type":"post","link":"https:\/\/inclusivenews.com.br\/?p=16504","title":{"rendered":"Semin\u00e1rio de Educa\u00e7\u00e3o Inclusiva debate adolesc\u00eancia"},"content":{"rendered":"<figure id=\"attachment_13106\" aria-describedby=\"caption-attachment-13106\" style=\"width: 210px\" class=\"wp-caption alignleft\"><a href=\"http:\/\/www.inclusivenews.com.br\/wp-content\/uploads\/2009\/12\/1171701005_diversidade.jpg\"><img loading=\"lazy\" decoding=\"async\" class=\"size-medium wp-image-13106\" title=\"Inclusive - diversidade.\" src=\"http:\/\/inclusivenews.com.br\/wp-content\/uploads\/2009\/12\/1171701005_diversidade-300x218.jpg\" alt=\"\" width=\"210\" height=\"153\" \/><\/a><figcaption id=\"caption-attachment-13106\" class=\"wp-caption-text\"> <\/figcaption><\/figure>\n<p>Cerca de 400 professores da rede municipal de ensino de Indaial participaram na \u00faltima quinta-feira (8), no Audit\u00f3rio Galileu Galileu, da primeira etapa do Semin\u00e1rio de Educa\u00e7\u00e3o Inclusiva. Promovido pelo Centro Universit\u00e1rio Leonardo da Vinci (UNIASSELVI), o evento teve como palestrante o Prof. Dr. Carlos Alberto Medrano. Novas atividades est\u00e3o programadas para os dias 17 de agosto e 16 de setembro. As palestras contemplam a\u00e7\u00f5es da Secretaria Municipal de Educa\u00e7\u00e3o de Indaial, com o intuito de melhor preparar os professores para as rotinas di\u00e1rias de doc\u00eancia inclusiva.<\/p>\n<p>Carlos Alberto Medrano \u2013 que proferiu palestra na manh\u00e3 e tarde desta quinta-feira \u2013 falou sobre \u201cAdolesc\u00eancia e Puberdade\u201d. O palestrante debateu sobre as mudan\u00e7as som\u00e1ticas, tarefas na adolesc\u00eancia, altera\u00e7\u00f5es neurol\u00f3gicas (repercuss\u00e3o emocional), a rela\u00e7\u00e3o escola\/ensino\/educador e o limite da agressividade. Medrano \u00e9 graduado em Pscicologia, com\u00a0 mestrado em Sa\u00fade P\u00fablica e Enfermagem e doutorado em Enfermagem. \u00c9 professor titular do Instituto Catarinense de P\u00f3s-Gradua\u00e7\u00e3o (ICPG).<\/p>\n<p>A coordenadora pedag\u00f3gica da Secretaria de Educa\u00e7\u00e3o, Prof.\u00aa Liliane Lange Kloch, salientou que o treinamento vem ao encontro da necessidade de preparar os professores para atuar na inclus\u00e3o escolar. \u201cProva disso s\u00e3o as 75 crian\u00e7as com necessidades especiais que participam do ensino regular na rede municipal de ensino\u201d. Professores da APAE tamb\u00e9m participaram do treinamento.<\/p>\n<p>No dia 17 de agosto a palestra ser\u00e1 ministrada pela Prof\u00aa. Dr. Julianne Fischer, com o tema \u201cPol\u00edtica Nacional de Educa\u00e7\u00e3o Especial na Perspectiva Inclusiva\u201d. J\u00e1 a Prof\u00aa. MSc. Carolina dos Santos Maiola falar\u00e1 sobre \u201cInterfer\u00eancias na Aprendizagem\u201d, no dia 16 de setembro. As atividades acontecem das 8h \u00e0s 11h30min e das 13h30min \u00e0s 17h.<br \/>\n______________<\/p>\n<p><strong>Fonte:<\/strong> <a href=\"http:\/\/www.nead.com.br\/hp-2.0\/home\/noticia_ler.php?c=29527\">Uniasselvi<\/a><\/p>\n","protected":false},"excerpt":{"rendered":"<p>Cerca de 400 professores da rede municipal de ensino de Indaial participaram na \u00faltima quinta-feira (8), no Audit\u00f3rio Galileu Galileu, da primeira etapa do Semin\u00e1rio de Educa\u00e7\u00e3o Inclusiva. Promovido pelo Centro Universit\u00e1rio Leonardo da Vinci (UNIASSELVI), o evento teve como palestrante o Prof. Dr. Carlos Alberto Medrano. Novas atividades est\u00e3o programadas para os dias 17 [&hellip;]<\/p>\n","protected":false},"author":1,"featured_media":0,"comment_status":"open","ping_status":"open","sticky":false,"template":"","format":"standard","meta":{"site-container-style":"default","site-container-layout":"default","site-sidebar-layout":"default","disable-article-header":"default","disable-site-header":"default","disable-site-footer":"default","disable-content-area-spacing":"default","footnotes":""},"categories":[6,48,4],"tags":[],"class_list":["post-16504","post","type-post","status-publish","format-standard","hentry","category-educacao","category-inclusao","category-noticias"],"yoast_head":"<!-- This site is optimized with the Yoast SEO plugin v27.4 - https:\/\/yoast.com\/product\/yoast-seo-wordpress\/ -->\n<title>Semin\u00e1rio de Educa\u00e7\u00e3o Inclusiva debate adolesc\u00eancia -<\/title>\n<meta name=\"robots\" content=\"index, follow, max-snippet:-1, max-image-preview:large, max-video-preview:-1\" \/>\n<link rel=\"canonical\" href=\"https:\/\/inclusivenews.com.br\/?p=16504\" \/>\n<meta property=\"og:locale\" content=\"pt_PT\" \/>\n<meta property=\"og:type\" content=\"article\" \/>\n<meta property=\"og:title\" content=\"Semin\u00e1rio de Educa\u00e7\u00e3o Inclusiva debate adolesc\u00eancia -\" \/>\n<meta property=\"og:description\" content=\"Cerca de 400 professores da rede municipal de ensino de Indaial participaram na \u00faltima quinta-feira (8), no Audit\u00f3rio Galileu Galileu, da primeira etapa do Semin\u00e1rio de Educa\u00e7\u00e3o Inclusiva. Promovido pelo Centro Universit\u00e1rio Leonardo da Vinci (UNIASSELVI), o evento teve como palestrante o Prof. Dr. Carlos Alberto Medrano. Novas atividades est\u00e3o programadas para os dias 17 [&hellip;]\" \/>\n<meta property=\"og:url\" content=\"https:\/\/inclusivenews.com.br\/?p=16504\" \/>\n<meta property=\"article:publisher\" content=\"https:\/\/www.facebook.com\/agenciainclusive\/\" \/>\n<meta property=\"article:published_time\" content=\"2010-07-15T08:58:08+00:00\" \/>\n<meta property=\"og:image\" content=\"http:\/\/inclusivenews.com.br\/wp-content\/uploads\/2009\/12\/1171701005_diversidade-300x218.jpg\" \/>\n<meta name=\"author\" content=\"inclusivenews2024\" \/>\n<meta name=\"twitter:card\" content=\"summary_large_image\" \/>\n<meta name=\"twitter:label1\" content=\"Escrito por\" \/>\n\t<meta name=\"twitter:data1\" content=\"inclusivenews2024\" \/>\n\t<meta name=\"twitter:label2\" content=\"Tempo estimado de leitura\" \/>\n\t<meta name=\"twitter:data2\" content=\"1 minuto\" \/>\n<script type=\"application\/ld+json\" class=\"yoast-schema-graph\">{\"@context\":\"https:\\\/\\\/schema.org\",\"@graph\":[{\"@type\":\"Article\",\"@id\":\"https:\\\/\\\/inclusivenews.com.br\\\/?p=16504#article\",\"isPartOf\":{\"@id\":\"https:\\\/\\\/inclusivenews.com.br\\\/?p=16504\"},\"author\":{\"name\":\"inclusivenews2024\",\"@id\":\"https:\\\/\\\/inclusivenews.com.br\\\/#\\\/schema\\\/person\\\/ae4ec7087559b8692fb33b6fffd2273b\"},\"headline\":\"Semin\u00e1rio de Educa\u00e7\u00e3o Inclusiva debate adolesc\u00eancia\",\"datePublished\":\"2010-07-15T08:58:08+00:00\",\"mainEntityOfPage\":{\"@id\":\"https:\\\/\\\/inclusivenews.com.br\\\/?p=16504\"},\"wordCount\":305,\"commentCount\":0,\"publisher\":{\"@id\":\"https:\\\/\\\/inclusivenews.com.br\\\/#organization\"},\"image\":{\"@id\":\"https:\\\/\\\/inclusivenews.com.br\\\/?p=16504#primaryimage\"},\"thumbnailUrl\":\"http:\\\/\\\/inclusivenews.com.br\\\/wp-content\\\/uploads\\\/2009\\\/12\\\/1171701005_diversidade-300x218.jpg\",\"articleSection\":[\"EDUCA\u00c7\u00c3O\",\"INCLUS\u00c3O SOCIAL\",\"NOT\u00cdCIAS\"],\"inLanguage\":\"pt-PT\",\"potentialAction\":[{\"@type\":\"CommentAction\",\"name\":\"Comment\",\"target\":[\"https:\\\/\\\/inclusivenews.com.br\\\/?p=16504#respond\"]}]},{\"@type\":\"WebPage\",\"@id\":\"https:\\\/\\\/inclusivenews.com.br\\\/?p=16504\",\"url\":\"https:\\\/\\\/inclusivenews.com.br\\\/?p=16504\",\"name\":\"Semin\u00e1rio de Educa\u00e7\u00e3o Inclusiva debate adolesc\u00eancia -\",\"isPartOf\":{\"@id\":\"https:\\\/\\\/inclusivenews.com.br\\\/#website\"},\"primaryImageOfPage\":{\"@id\":\"https:\\\/\\\/inclusivenews.com.br\\\/?p=16504#primaryimage\"},\"image\":{\"@id\":\"https:\\\/\\\/inclusivenews.com.br\\\/?p=16504#primaryimage\"},\"thumbnailUrl\":\"http:\\\/\\\/inclusivenews.com.br\\\/wp-content\\\/uploads\\\/2009\\\/12\\\/1171701005_diversidade-300x218.jpg\",\"datePublished\":\"2010-07-15T08:58:08+00:00\",\"breadcrumb\":{\"@id\":\"https:\\\/\\\/inclusivenews.com.br\\\/?p=16504#breadcrumb\"},\"inLanguage\":\"pt-PT\",\"potentialAction\":[{\"@type\":\"ReadAction\",\"target\":[\"https:\\\/\\\/inclusivenews.com.br\\\/?p=16504\"]}]},{\"@type\":\"ImageObject\",\"inLanguage\":\"pt-PT\",\"@id\":\"https:\\\/\\\/inclusivenews.com.br\\\/?p=16504#primaryimage\",\"url\":\"\",\"contentUrl\":\"\"},{\"@type\":\"BreadcrumbList\",\"@id\":\"https:\\\/\\\/inclusivenews.com.br\\\/?p=16504#breadcrumb\",\"itemListElement\":[{\"@type\":\"ListItem\",\"position\":1,\"name\":\"In\u00edcio\",\"item\":\"https:\\\/\\\/inclusivenews.com.br\\\/\"},{\"@type\":\"ListItem\",\"position\":2,\"name\":\"Semin\u00e1rio de Educa\u00e7\u00e3o Inclusiva debate adolesc\u00eancia\"}]},{\"@type\":\"WebSite\",\"@id\":\"https:\\\/\\\/inclusivenews.com.br\\\/#website\",\"url\":\"https:\\\/\\\/inclusivenews.com.br\\\/\",\"name\":\"Inclusive News\",\"description\":\"Inclusive News\",\"publisher\":{\"@id\":\"https:\\\/\\\/inclusivenews.com.br\\\/#organization\"},\"potentialAction\":[{\"@type\":\"SearchAction\",\"target\":{\"@type\":\"EntryPoint\",\"urlTemplate\":\"https:\\\/\\\/inclusivenews.com.br\\\/?s={search_term_string}\"},\"query-input\":{\"@type\":\"PropertyValueSpecification\",\"valueRequired\":true,\"valueName\":\"search_term_string\"}}],\"inLanguage\":\"pt-PT\"},{\"@type\":\"Organization\",\"@id\":\"https:\\\/\\\/inclusivenews.com.br\\\/#organization\",\"name\":\"Inclusive - inclus\u00e3o e cidadania\",\"url\":\"https:\\\/\\\/inclusivenews.com.br\\\/\",\"logo\":{\"@type\":\"ImageObject\",\"inLanguage\":\"pt-PT\",\"@id\":\"https:\\\/\\\/inclusivenews.com.br\\\/#\\\/schema\\\/logo\\\/image\\\/\",\"url\":\"https:\\\/\\\/inclusivenews.com.br\\\/wp-content\\\/uploads\\\/2024\\\/03\\\/@grandesite.png\",\"contentUrl\":\"https:\\\/\\\/inclusivenews.com.br\\\/wp-content\\\/uploads\\\/2024\\\/03\\\/@grandesite.png\",\"width\":1080,\"height\":1080,\"caption\":\"Inclusive - inclus\u00e3o e cidadania\"},\"image\":{\"@id\":\"https:\\\/\\\/inclusivenews.com.br\\\/#\\\/schema\\\/logo\\\/image\\\/\"},\"sameAs\":[\"https:\\\/\\\/www.facebook.com\\\/agenciainclusive\\\/\",\"https:\\\/\\\/www.instagram.com\\\/newsinclusive\\\/\"]},{\"@type\":\"Person\",\"@id\":\"https:\\\/\\\/inclusivenews.com.br\\\/#\\\/schema\\\/person\\\/ae4ec7087559b8692fb33b6fffd2273b\",\"name\":\"inclusivenews2024\",\"image\":{\"@type\":\"ImageObject\",\"inLanguage\":\"pt-PT\",\"@id\":\"https:\\\/\\\/secure.gravatar.com\\\/avatar\\\/c5a7ef84c66fa914f55bc4f7ce26cfa275a3b9a1c5568b907bd184fb4dde7b40?s=96&d=mm&r=g\",\"url\":\"https:\\\/\\\/secure.gravatar.com\\\/avatar\\\/c5a7ef84c66fa914f55bc4f7ce26cfa275a3b9a1c5568b907bd184fb4dde7b40?s=96&d=mm&r=g\",\"contentUrl\":\"https:\\\/\\\/secure.gravatar.com\\\/avatar\\\/c5a7ef84c66fa914f55bc4f7ce26cfa275a3b9a1c5568b907bd184fb4dde7b40?s=96&d=mm&r=g\",\"caption\":\"inclusivenews2024\"},\"sameAs\":[\"https:\\\/\\\/inclusivenews.com.br\"],\"url\":\"https:\\\/\\\/inclusivenews.com.br\\\/?author=1\"}]}<\/script>\n<!-- \/ Yoast SEO plugin. -->","yoast_head_json":{"title":"Semin\u00e1rio de Educa\u00e7\u00e3o Inclusiva debate adolesc\u00eancia -","robots":{"index":"index","follow":"follow","max-snippet":"max-snippet:-1","max-image-preview":"max-image-preview:large","max-video-preview":"max-video-preview:-1"},"canonical":"https:\/\/inclusivenews.com.br\/?p=16504","og_locale":"pt_PT","og_type":"article","og_title":"Semin\u00e1rio de Educa\u00e7\u00e3o Inclusiva debate adolesc\u00eancia -","og_description":"Cerca de 400 professores da rede municipal de ensino de Indaial participaram na \u00faltima quinta-feira (8), no Audit\u00f3rio Galileu Galileu, da primeira etapa do Semin\u00e1rio de Educa\u00e7\u00e3o Inclusiva. Promovido pelo Centro Universit\u00e1rio Leonardo da Vinci (UNIASSELVI), o evento teve como palestrante o Prof. Dr. Carlos Alberto Medrano. Novas atividades est\u00e3o programadas para os dias 17 [&hellip;]","og_url":"https:\/\/inclusivenews.com.br\/?p=16504","article_publisher":"https:\/\/www.facebook.com\/agenciainclusive\/","article_published_time":"2010-07-15T08:58:08+00:00","og_image":[{"url":"http:\/\/inclusivenews.com.br\/wp-content\/uploads\/2009\/12\/1171701005_diversidade-300x218.jpg","type":"","width":"","height":""}],"author":"inclusivenews2024","twitter_card":"summary_large_image","twitter_misc":{"Escrito por":"inclusivenews2024","Tempo estimado de leitura":"1 minuto"},"schema":{"@context":"https:\/\/schema.org","@graph":[{"@type":"Article","@id":"https:\/\/inclusivenews.com.br\/?p=16504#article","isPartOf":{"@id":"https:\/\/inclusivenews.com.br\/?p=16504"},"author":{"name":"inclusivenews2024","@id":"https:\/\/inclusivenews.com.br\/#\/schema\/person\/ae4ec7087559b8692fb33b6fffd2273b"},"headline":"Semin\u00e1rio de Educa\u00e7\u00e3o Inclusiva debate adolesc\u00eancia","datePublished":"2010-07-15T08:58:08+00:00","mainEntityOfPage":{"@id":"https:\/\/inclusivenews.com.br\/?p=16504"},"wordCount":305,"commentCount":0,"publisher":{"@id":"https:\/\/inclusivenews.com.br\/#organization"},"image":{"@id":"https:\/\/inclusivenews.com.br\/?p=16504#primaryimage"},"thumbnailUrl":"http:\/\/inclusivenews.com.br\/wp-content\/uploads\/2009\/12\/1171701005_diversidade-300x218.jpg","articleSection":["EDUCA\u00c7\u00c3O","INCLUS\u00c3O SOCIAL","NOT\u00cdCIAS"],"inLanguage":"pt-PT","potentialAction":[{"@type":"CommentAction","name":"Comment","target":["https:\/\/inclusivenews.com.br\/?p=16504#respond"]}]},{"@type":"WebPage","@id":"https:\/\/inclusivenews.com.br\/?p=16504","url":"https:\/\/inclusivenews.com.br\/?p=16504","name":"Semin\u00e1rio de Educa\u00e7\u00e3o Inclusiva debate adolesc\u00eancia -","isPartOf":{"@id":"https:\/\/inclusivenews.com.br\/#website"},"primaryImageOfPage":{"@id":"https:\/\/inclusivenews.com.br\/?p=16504#primaryimage"},"image":{"@id":"https:\/\/inclusivenews.com.br\/?p=16504#primaryimage"},"thumbnailUrl":"http:\/\/inclusivenews.com.br\/wp-content\/uploads\/2009\/12\/1171701005_diversidade-300x218.jpg","datePublished":"2010-07-15T08:58:08+00:00","breadcrumb":{"@id":"https:\/\/inclusivenews.com.br\/?p=16504#breadcrumb"},"inLanguage":"pt-PT","potentialAction":[{"@type":"ReadAction","target":["https:\/\/inclusivenews.com.br\/?p=16504"]}]},{"@type":"ImageObject","inLanguage":"pt-PT","@id":"https:\/\/inclusivenews.com.br\/?p=16504#primaryimage","url":"","contentUrl":""},{"@type":"BreadcrumbList","@id":"https:\/\/inclusivenews.com.br\/?p=16504#breadcrumb","itemListElement":[{"@type":"ListItem","position":1,"name":"In\u00edcio","item":"https:\/\/inclusivenews.com.br\/"},{"@type":"ListItem","position":2,"name":"Semin\u00e1rio de Educa\u00e7\u00e3o Inclusiva debate adolesc\u00eancia"}]},{"@type":"WebSite","@id":"https:\/\/inclusivenews.com.br\/#website","url":"https:\/\/inclusivenews.com.br\/","name":"Inclusive News","description":"Inclusive News","publisher":{"@id":"https:\/\/inclusivenews.com.br\/#organization"},"potentialAction":[{"@type":"SearchAction","target":{"@type":"EntryPoint","urlTemplate":"https:\/\/inclusivenews.com.br\/?s={search_term_string}"},"query-input":{"@type":"PropertyValueSpecification","valueRequired":true,"valueName":"search_term_string"}}],"inLanguage":"pt-PT"},{"@type":"Organization","@id":"https:\/\/inclusivenews.com.br\/#organization","name":"Inclusive - inclus\u00e3o e cidadania","url":"https:\/\/inclusivenews.com.br\/","logo":{"@type":"ImageObject","inLanguage":"pt-PT","@id":"https:\/\/inclusivenews.com.br\/#\/schema\/logo\/image\/","url":"https:\/\/inclusivenews.com.br\/wp-content\/uploads\/2024\/03\/@grandesite.png","contentUrl":"https:\/\/inclusivenews.com.br\/wp-content\/uploads\/2024\/03\/@grandesite.png","width":1080,"height":1080,"caption":"Inclusive - inclus\u00e3o e cidadania"},"image":{"@id":"https:\/\/inclusivenews.com.br\/#\/schema\/logo\/image\/"},"sameAs":["https:\/\/www.facebook.com\/agenciainclusive\/","https:\/\/www.instagram.com\/newsinclusive\/"]},{"@type":"Person","@id":"https:\/\/inclusivenews.com.br\/#\/schema\/person\/ae4ec7087559b8692fb33b6fffd2273b","name":"inclusivenews2024","image":{"@type":"ImageObject","inLanguage":"pt-PT","@id":"https:\/\/secure.gravatar.com\/avatar\/c5a7ef84c66fa914f55bc4f7ce26cfa275a3b9a1c5568b907bd184fb4dde7b40?s=96&d=mm&r=g","url":"https:\/\/secure.gravatar.com\/avatar\/c5a7ef84c66fa914f55bc4f7ce26cfa275a3b9a1c5568b907bd184fb4dde7b40?s=96&d=mm&r=g","contentUrl":"https:\/\/secure.gravatar.com\/avatar\/c5a7ef84c66fa914f55bc4f7ce26cfa275a3b9a1c5568b907bd184fb4dde7b40?s=96&d=mm&r=g","caption":"inclusivenews2024"},"sameAs":["https:\/\/inclusivenews.com.br"],"url":"https:\/\/inclusivenews.com.br\/?author=1"}]}},"_links":{"self":[{"href":"https:\/\/inclusivenews.com.br\/index.php?rest_route=\/wp\/v2\/posts\/16504","targetHints":{"allow":["GET"]}}],"collection":[{"href":"https:\/\/inclusivenews.com.br\/index.php?rest_route=\/wp\/v2\/posts"}],"about":[{"href":"https:\/\/inclusivenews.com.br\/index.php?rest_route=\/wp\/v2\/types\/post"}],"author":[{"embeddable":true,"href":"https:\/\/inclusivenews.com.br\/index.php?rest_route=\/wp\/v2\/users\/1"}],"replies":[{"embeddable":true,"href":"https:\/\/inclusivenews.com.br\/index.php?rest_route=%2Fwp%2Fv2%2Fcomments&post=16504"}],"version-history":[{"count":0,"href":"https:\/\/inclusivenews.com.br\/index.php?rest_route=\/wp\/v2\/posts\/16504\/revisions"}],"wp:attachment":[{"href":"https:\/\/inclusivenews.com.br\/index.php?rest_route=%2Fwp%2Fv2%2Fmedia&parent=16504"}],"wp:term":[{"taxonomy":"category","embeddable":true,"href":"https:\/\/inclusivenews.com.br\/index.php?rest_route=%2Fwp%2Fv2%2Fcategories&post=16504"},{"taxonomy":"post_tag","embeddable":true,"href":"https:\/\/inclusivenews.com.br\/index.php?rest_route=%2Fwp%2Fv2%2Ftags&post=16504"}],"curies":[{"name":"wp","href":"https:\/\/api.w.org\/{rel}","templated":true}]}}