{"id":16514,"date":"2010-07-16T05:59:03","date_gmt":"2010-07-16T08:59:03","guid":{"rendered":"http:\/\/www.inclusive.org.br\/?p=16514"},"modified":"2010-07-16T05:59:03","modified_gmt":"2010-07-16T08:59:03","slug":"diversidade-somos-diferentes-unicos-e-especiais","status":"publish","type":"post","link":"https:\/\/inclusivenews.com.br\/?p=16514","title":{"rendered":"Diversidade: somos diferentes, \u00fanicos e especiais"},"content":{"rendered":"<figure style=\"width: 157px\" class=\"wp-caption alignleft\"><a class=\"moz-txt-link-freetext\" href=\"http:\/\/www.artepaubrasil.com.br\/images\/livros\/9788538005438.jpg\"><img loading=\"lazy\" decoding=\"async\" title=\"Capa do livro, onde se v\u00ea o t\u00edtulo e ilustra\u00e7\u00f5e de partes do corpo humano\" src=\"http:\/\/www.artepaubrasil.com.br\/images\/livros\/9788538005438.jpg\" alt=\"\" width=\"157\" height=\"240\" \/><\/a><figcaption class=\"wp-caption-text\"> <\/figcaption><\/figure>\n<p><strong>Diversidade: somos diferentes, \u00fanicos e especiais<\/strong><\/p>\n<p><span class=\"texto_laranja\"><strong>Sinopse<\/strong><\/span><\/p>\n<p>Diversidade \u00e9 um livro para crian\u00e7as que confiam em sua intelig\u00eancia, em sua inesgot\u00e1vel capacidade de surpreender-se e em sua habilidade de observar e transformar o que as rodeia. Foi pensado para compartilhar e discutir, para investigar e para divertir; trata-se de um livro aberto \u00e0 possibilidade de seguir perguntando e que nos convida a iniciar ou continuar a viagem em dire\u00e7\u00e3o ao respeito das diferen\u00e7as. Ao longo dessa viagem, abordaremos a diversidade f\u00edsica, a diversidade do movimento, a diversidade do interior, a diversidade da percep\u00e7\u00e3o, a diversidade familiar, a diversidade social e a diversidade cultural.<\/p>\n<p><span class=\"texto_laranja\"><strong><\/p>\n<p><\/strong><\/span><\/p>\n<p><span class=\"prod-titulo-normal texto_azulescuro\">Editora:<\/span> Ciranda Cultural<br \/>\n<span class=\"prod-titulo-normal texto_azulescuro\">ISBN:<\/span> 853800543X<br \/>\n<span class=\"prod-titulo-normal texto_azulescuro\">ISBN-13:<\/span> 9788538005438<br \/>\n<span class=\"prod-titulo-normal texto_azulescuro\">Edi\u00e7\u00e3o:<\/span> 1 \u00ba &#8211; 2010 &#8211; 112 p\u00e1g.<\/p>\n<p><a href=\"http:\/\/compare.buscape.com.br\/prod_unico?idu=1853800543\">Compare o melhor pre\u00e7o deste livro no Buscap\u00e9.<\/a><\/p>\n","protected":false},"excerpt":{"rendered":"<p>Diversidade \u00e9 um livro para crian\u00e7as que confiam em sua intelig\u00eancia, em sua inesgot\u00e1vel capacidade de surpreender-se e em sua habilidade de observar e transformar o que as rodeia. Lan\u00e7amento da Ciranda Cultural.<\/p>\n","protected":false},"author":1,"featured_media":0,"comment_status":"open","ping_status":"open","sticky":false,"template":"","format":"standard","meta":{"site-container-style":"default","site-container-layout":"default","site-sidebar-layout":"default","disable-article-header":"default","disable-site-header":"default","disable-site-footer":"default","disable-content-area-spacing":"default","footnotes":""},"categories":[40,48,50,51,10],"tags":[],"class_list":["post-16514","post","type-post","status-publish","format-standard","hentry","category-diversidade","category-inclusao","category-lancamentos","category-livros","category-publicacoes"],"yoast_head":"<!-- This site is optimized with the Yoast SEO plugin v27.4 - https:\/\/yoast.com\/product\/yoast-seo-wordpress\/ -->\n<title>Diversidade: somos diferentes, \u00fanicos e especiais -<\/title>\n<meta name=\"robots\" content=\"index, follow, max-snippet:-1, max-image-preview:large, max-video-preview:-1\" \/>\n<link rel=\"canonical\" href=\"https:\/\/inclusivenews.com.br\/?p=16514\" \/>\n<meta property=\"og:locale\" content=\"pt_PT\" \/>\n<meta property=\"og:type\" content=\"article\" \/>\n<meta property=\"og:title\" content=\"Diversidade: somos diferentes, \u00fanicos e especiais -\" \/>\n<meta property=\"og:description\" content=\"Diversidade \u00e9 um livro para crian\u00e7as que confiam em sua intelig\u00eancia, em sua inesgot\u00e1vel capacidade de surpreender-se e em sua habilidade de observar e transformar o que as rodeia. Lan\u00e7amento da Ciranda Cultural.\" \/>\n<meta property=\"og:url\" content=\"https:\/\/inclusivenews.com.br\/?p=16514\" \/>\n<meta property=\"article:publisher\" content=\"https:\/\/www.facebook.com\/agenciainclusive\/\" \/>\n<meta property=\"article:published_time\" content=\"2010-07-16T08:59:03+00:00\" \/>\n<meta property=\"og:image\" content=\"http:\/\/www.artepaubrasil.com.br\/images\/livros\/9788538005438.jpg\" \/>\n<meta name=\"author\" content=\"inclusivenews2024\" \/>\n<meta name=\"twitter:card\" content=\"summary_large_image\" \/>\n<meta name=\"twitter:label1\" content=\"Escrito por\" \/>\n\t<meta name=\"twitter:data1\" content=\"inclusivenews2024\" \/>\n\t<meta name=\"twitter:label2\" content=\"Tempo estimado de leitura\" \/>\n\t<meta name=\"twitter:data2\" content=\"1 minuto\" \/>\n<script type=\"application\/ld+json\" class=\"yoast-schema-graph\">{\"@context\":\"https:\\\/\\\/schema.org\",\"@graph\":[{\"@type\":\"Article\",\"@id\":\"https:\\\/\\\/inclusivenews.com.br\\\/?p=16514#article\",\"isPartOf\":{\"@id\":\"https:\\\/\\\/inclusivenews.com.br\\\/?p=16514\"},\"author\":{\"name\":\"inclusivenews2024\",\"@id\":\"https:\\\/\\\/inclusivenews.com.br\\\/#\\\/schema\\\/person\\\/ae4ec7087559b8692fb33b6fffd2273b\"},\"headline\":\"Diversidade: somos diferentes, \u00fanicos e especiais\",\"datePublished\":\"2010-07-16T08:59:03+00:00\",\"mainEntityOfPage\":{\"@id\":\"https:\\\/\\\/inclusivenews.com.br\\\/?p=16514\"},\"wordCount\":142,\"commentCount\":0,\"publisher\":{\"@id\":\"https:\\\/\\\/inclusivenews.com.br\\\/#organization\"},\"image\":{\"@id\":\"https:\\\/\\\/inclusivenews.com.br\\\/?p=16514#primaryimage\"},\"thumbnailUrl\":\"http:\\\/\\\/www.artepaubrasil.com.br\\\/images\\\/livros\\\/9788538005438.jpg\",\"articleSection\":[\"Diversidade\",\"INCLUS\u00c3O SOCIAL\",\"Lan\u00e7amentos\",\"Livros\",\"PUBLICA\u00c7\u00d5ES\"],\"inLanguage\":\"pt-PT\",\"potentialAction\":[{\"@type\":\"CommentAction\",\"name\":\"Comment\",\"target\":[\"https:\\\/\\\/inclusivenews.com.br\\\/?p=16514#respond\"]}]},{\"@type\":\"WebPage\",\"@id\":\"https:\\\/\\\/inclusivenews.com.br\\\/?p=16514\",\"url\":\"https:\\\/\\\/inclusivenews.com.br\\\/?p=16514\",\"name\":\"Diversidade: somos diferentes, \u00fanicos e especiais -\",\"isPartOf\":{\"@id\":\"https:\\\/\\\/inclusivenews.com.br\\\/#website\"},\"primaryImageOfPage\":{\"@id\":\"https:\\\/\\\/inclusivenews.com.br\\\/?p=16514#primaryimage\"},\"image\":{\"@id\":\"https:\\\/\\\/inclusivenews.com.br\\\/?p=16514#primaryimage\"},\"thumbnailUrl\":\"http:\\\/\\\/www.artepaubrasil.com.br\\\/images\\\/livros\\\/9788538005438.jpg\",\"datePublished\":\"2010-07-16T08:59:03+00:00\",\"breadcrumb\":{\"@id\":\"https:\\\/\\\/inclusivenews.com.br\\\/?p=16514#breadcrumb\"},\"inLanguage\":\"pt-PT\",\"potentialAction\":[{\"@type\":\"ReadAction\",\"target\":[\"https:\\\/\\\/inclusivenews.com.br\\\/?p=16514\"]}]},{\"@type\":\"ImageObject\",\"inLanguage\":\"pt-PT\",\"@id\":\"https:\\\/\\\/inclusivenews.com.br\\\/?p=16514#primaryimage\",\"url\":\"http:\\\/\\\/www.artepaubrasil.com.br\\\/images\\\/livros\\\/9788538005438.jpg\",\"contentUrl\":\"http:\\\/\\\/www.artepaubrasil.com.br\\\/images\\\/livros\\\/9788538005438.jpg\"},{\"@type\":\"BreadcrumbList\",\"@id\":\"https:\\\/\\\/inclusivenews.com.br\\\/?p=16514#breadcrumb\",\"itemListElement\":[{\"@type\":\"ListItem\",\"position\":1,\"name\":\"In\u00edcio\",\"item\":\"https:\\\/\\\/inclusivenews.com.br\\\/\"},{\"@type\":\"ListItem\",\"position\":2,\"name\":\"Diversidade: somos diferentes, \u00fanicos e especiais\"}]},{\"@type\":\"WebSite\",\"@id\":\"https:\\\/\\\/inclusivenews.com.br\\\/#website\",\"url\":\"https:\\\/\\\/inclusivenews.com.br\\\/\",\"name\":\"Inclusive News\",\"description\":\"Inclusive News\",\"publisher\":{\"@id\":\"https:\\\/\\\/inclusivenews.com.br\\\/#organization\"},\"potentialAction\":[{\"@type\":\"SearchAction\",\"target\":{\"@type\":\"EntryPoint\",\"urlTemplate\":\"https:\\\/\\\/inclusivenews.com.br\\\/?s={search_term_string}\"},\"query-input\":{\"@type\":\"PropertyValueSpecification\",\"valueRequired\":true,\"valueName\":\"search_term_string\"}}],\"inLanguage\":\"pt-PT\"},{\"@type\":\"Organization\",\"@id\":\"https:\\\/\\\/inclusivenews.com.br\\\/#organization\",\"name\":\"Inclusive - inclus\u00e3o e cidadania\",\"url\":\"https:\\\/\\\/inclusivenews.com.br\\\/\",\"logo\":{\"@type\":\"ImageObject\",\"inLanguage\":\"pt-PT\",\"@id\":\"https:\\\/\\\/inclusivenews.com.br\\\/#\\\/schema\\\/logo\\\/image\\\/\",\"url\":\"https:\\\/\\\/inclusivenews.com.br\\\/wp-content\\\/uploads\\\/2024\\\/03\\\/@grandesite.png\",\"contentUrl\":\"https:\\\/\\\/inclusivenews.com.br\\\/wp-content\\\/uploads\\\/2024\\\/03\\\/@grandesite.png\",\"width\":1080,\"height\":1080,\"caption\":\"Inclusive - inclus\u00e3o e cidadania\"},\"image\":{\"@id\":\"https:\\\/\\\/inclusivenews.com.br\\\/#\\\/schema\\\/logo\\\/image\\\/\"},\"sameAs\":[\"https:\\\/\\\/www.facebook.com\\\/agenciainclusive\\\/\",\"https:\\\/\\\/www.instagram.com\\\/newsinclusive\\\/\"]},{\"@type\":\"Person\",\"@id\":\"https:\\\/\\\/inclusivenews.com.br\\\/#\\\/schema\\\/person\\\/ae4ec7087559b8692fb33b6fffd2273b\",\"name\":\"inclusivenews2024\",\"image\":{\"@type\":\"ImageObject\",\"inLanguage\":\"pt-PT\",\"@id\":\"https:\\\/\\\/secure.gravatar.com\\\/avatar\\\/c5a7ef84c66fa914f55bc4f7ce26cfa275a3b9a1c5568b907bd184fb4dde7b40?s=96&d=mm&r=g\",\"url\":\"https:\\\/\\\/secure.gravatar.com\\\/avatar\\\/c5a7ef84c66fa914f55bc4f7ce26cfa275a3b9a1c5568b907bd184fb4dde7b40?s=96&d=mm&r=g\",\"contentUrl\":\"https:\\\/\\\/secure.gravatar.com\\\/avatar\\\/c5a7ef84c66fa914f55bc4f7ce26cfa275a3b9a1c5568b907bd184fb4dde7b40?s=96&d=mm&r=g\",\"caption\":\"inclusivenews2024\"},\"sameAs\":[\"https:\\\/\\\/inclusivenews.com.br\"],\"url\":\"https:\\\/\\\/inclusivenews.com.br\\\/?author=1\"}]}<\/script>\n<!-- \/ Yoast SEO plugin. -->","yoast_head_json":{"title":"Diversidade: somos diferentes, \u00fanicos e especiais -","robots":{"index":"index","follow":"follow","max-snippet":"max-snippet:-1","max-image-preview":"max-image-preview:large","max-video-preview":"max-video-preview:-1"},"canonical":"https:\/\/inclusivenews.com.br\/?p=16514","og_locale":"pt_PT","og_type":"article","og_title":"Diversidade: somos diferentes, \u00fanicos e especiais -","og_description":"Diversidade \u00e9 um livro para crian\u00e7as que confiam em sua intelig\u00eancia, em sua inesgot\u00e1vel capacidade de surpreender-se e em sua habilidade de observar e transformar o que as rodeia. Lan\u00e7amento da Ciranda Cultural.","og_url":"https:\/\/inclusivenews.com.br\/?p=16514","article_publisher":"https:\/\/www.facebook.com\/agenciainclusive\/","article_published_time":"2010-07-16T08:59:03+00:00","og_image":[{"url":"http:\/\/www.artepaubrasil.com.br\/images\/livros\/9788538005438.jpg","type":"","width":"","height":""}],"author":"inclusivenews2024","twitter_card":"summary_large_image","twitter_misc":{"Escrito por":"inclusivenews2024","Tempo estimado de leitura":"1 minuto"},"schema":{"@context":"https:\/\/schema.org","@graph":[{"@type":"Article","@id":"https:\/\/inclusivenews.com.br\/?p=16514#article","isPartOf":{"@id":"https:\/\/inclusivenews.com.br\/?p=16514"},"author":{"name":"inclusivenews2024","@id":"https:\/\/inclusivenews.com.br\/#\/schema\/person\/ae4ec7087559b8692fb33b6fffd2273b"},"headline":"Diversidade: somos diferentes, \u00fanicos e especiais","datePublished":"2010-07-16T08:59:03+00:00","mainEntityOfPage":{"@id":"https:\/\/inclusivenews.com.br\/?p=16514"},"wordCount":142,"commentCount":0,"publisher":{"@id":"https:\/\/inclusivenews.com.br\/#organization"},"image":{"@id":"https:\/\/inclusivenews.com.br\/?p=16514#primaryimage"},"thumbnailUrl":"http:\/\/www.artepaubrasil.com.br\/images\/livros\/9788538005438.jpg","articleSection":["Diversidade","INCLUS\u00c3O SOCIAL","Lan\u00e7amentos","Livros","PUBLICA\u00c7\u00d5ES"],"inLanguage":"pt-PT","potentialAction":[{"@type":"CommentAction","name":"Comment","target":["https:\/\/inclusivenews.com.br\/?p=16514#respond"]}]},{"@type":"WebPage","@id":"https:\/\/inclusivenews.com.br\/?p=16514","url":"https:\/\/inclusivenews.com.br\/?p=16514","name":"Diversidade: somos diferentes, \u00fanicos e especiais -","isPartOf":{"@id":"https:\/\/inclusivenews.com.br\/#website"},"primaryImageOfPage":{"@id":"https:\/\/inclusivenews.com.br\/?p=16514#primaryimage"},"image":{"@id":"https:\/\/inclusivenews.com.br\/?p=16514#primaryimage"},"thumbnailUrl":"http:\/\/www.artepaubrasil.com.br\/images\/livros\/9788538005438.jpg","datePublished":"2010-07-16T08:59:03+00:00","breadcrumb":{"@id":"https:\/\/inclusivenews.com.br\/?p=16514#breadcrumb"},"inLanguage":"pt-PT","potentialAction":[{"@type":"ReadAction","target":["https:\/\/inclusivenews.com.br\/?p=16514"]}]},{"@type":"ImageObject","inLanguage":"pt-PT","@id":"https:\/\/inclusivenews.com.br\/?p=16514#primaryimage","url":"http:\/\/www.artepaubrasil.com.br\/images\/livros\/9788538005438.jpg","contentUrl":"http:\/\/www.artepaubrasil.com.br\/images\/livros\/9788538005438.jpg"},{"@type":"BreadcrumbList","@id":"https:\/\/inclusivenews.com.br\/?p=16514#breadcrumb","itemListElement":[{"@type":"ListItem","position":1,"name":"In\u00edcio","item":"https:\/\/inclusivenews.com.br\/"},{"@type":"ListItem","position":2,"name":"Diversidade: somos diferentes, \u00fanicos e especiais"}]},{"@type":"WebSite","@id":"https:\/\/inclusivenews.com.br\/#website","url":"https:\/\/inclusivenews.com.br\/","name":"Inclusive News","description":"Inclusive News","publisher":{"@id":"https:\/\/inclusivenews.com.br\/#organization"},"potentialAction":[{"@type":"SearchAction","target":{"@type":"EntryPoint","urlTemplate":"https:\/\/inclusivenews.com.br\/?s={search_term_string}"},"query-input":{"@type":"PropertyValueSpecification","valueRequired":true,"valueName":"search_term_string"}}],"inLanguage":"pt-PT"},{"@type":"Organization","@id":"https:\/\/inclusivenews.com.br\/#organization","name":"Inclusive - inclus\u00e3o e cidadania","url":"https:\/\/inclusivenews.com.br\/","logo":{"@type":"ImageObject","inLanguage":"pt-PT","@id":"https:\/\/inclusivenews.com.br\/#\/schema\/logo\/image\/","url":"https:\/\/inclusivenews.com.br\/wp-content\/uploads\/2024\/03\/@grandesite.png","contentUrl":"https:\/\/inclusivenews.com.br\/wp-content\/uploads\/2024\/03\/@grandesite.png","width":1080,"height":1080,"caption":"Inclusive - inclus\u00e3o e cidadania"},"image":{"@id":"https:\/\/inclusivenews.com.br\/#\/schema\/logo\/image\/"},"sameAs":["https:\/\/www.facebook.com\/agenciainclusive\/","https:\/\/www.instagram.com\/newsinclusive\/"]},{"@type":"Person","@id":"https:\/\/inclusivenews.com.br\/#\/schema\/person\/ae4ec7087559b8692fb33b6fffd2273b","name":"inclusivenews2024","image":{"@type":"ImageObject","inLanguage":"pt-PT","@id":"https:\/\/secure.gravatar.com\/avatar\/c5a7ef84c66fa914f55bc4f7ce26cfa275a3b9a1c5568b907bd184fb4dde7b40?s=96&d=mm&r=g","url":"https:\/\/secure.gravatar.com\/avatar\/c5a7ef84c66fa914f55bc4f7ce26cfa275a3b9a1c5568b907bd184fb4dde7b40?s=96&d=mm&r=g","contentUrl":"https:\/\/secure.gravatar.com\/avatar\/c5a7ef84c66fa914f55bc4f7ce26cfa275a3b9a1c5568b907bd184fb4dde7b40?s=96&d=mm&r=g","caption":"inclusivenews2024"},"sameAs":["https:\/\/inclusivenews.com.br"],"url":"https:\/\/inclusivenews.com.br\/?author=1"}]}},"_links":{"self":[{"href":"https:\/\/inclusivenews.com.br\/index.php?rest_route=\/wp\/v2\/posts\/16514","targetHints":{"allow":["GET"]}}],"collection":[{"href":"https:\/\/inclusivenews.com.br\/index.php?rest_route=\/wp\/v2\/posts"}],"about":[{"href":"https:\/\/inclusivenews.com.br\/index.php?rest_route=\/wp\/v2\/types\/post"}],"author":[{"embeddable":true,"href":"https:\/\/inclusivenews.com.br\/index.php?rest_route=\/wp\/v2\/users\/1"}],"replies":[{"embeddable":true,"href":"https:\/\/inclusivenews.com.br\/index.php?rest_route=%2Fwp%2Fv2%2Fcomments&post=16514"}],"version-history":[{"count":0,"href":"https:\/\/inclusivenews.com.br\/index.php?rest_route=\/wp\/v2\/posts\/16514\/revisions"}],"wp:attachment":[{"href":"https:\/\/inclusivenews.com.br\/index.php?rest_route=%2Fwp%2Fv2%2Fmedia&parent=16514"}],"wp:term":[{"taxonomy":"category","embeddable":true,"href":"https:\/\/inclusivenews.com.br\/index.php?rest_route=%2Fwp%2Fv2%2Fcategories&post=16514"},{"taxonomy":"post_tag","embeddable":true,"href":"https:\/\/inclusivenews.com.br\/index.php?rest_route=%2Fwp%2Fv2%2Ftags&post=16514"}],"curies":[{"name":"wp","href":"https:\/\/api.w.org\/{rel}","templated":true}]}}