{"id":16518,"date":"2010-07-19T05:50:43","date_gmt":"2010-07-19T08:50:43","guid":{"rendered":"http:\/\/www.inclusive.org.br\/?p=16518"},"modified":"2010-07-19T05:50:43","modified_gmt":"2010-07-19T08:50:43","slug":"dinamicas-de-cidadania-abordagens-etnograficas-sobre-a-diversidade","status":"publish","type":"post","link":"https:\/\/inclusivenews.com.br\/?p=16518","title":{"rendered":"Din\u00e2micas de cidadania: abordagens etnogr\u00e1ficas sobre a diversidade"},"content":{"rendered":"<figure style=\"width: 114px\" class=\"wp-caption alignleft\"><img loading=\"lazy\" decoding=\"async\" title=\"Capa da publica\u00e7\u00e3o, onde l\u00ea-se o t\u00edtulo e v\u00ea-se pintura abstrata\" src=\"http:\/\/www.livraria.ufrgs.br\/Imagens\/Livros\/m_8538600862.jpg\" alt=\"\" width=\"114\" height=\"160\" \/><figcaption class=\"wp-caption-text\"> <\/figcaption><\/figure>\n<p>O fazer etnogr\u00e1fico, marca principal da disciplina antropol\u00f3gica, n\u00e3o \u00e9 tratado neste livro como um estilo liter\u00e1rio ou um m\u00e9todo descolado das implica\u00e7\u00f5es \u00e9ticas e pol\u00edticas a ele relacionadas. Tal pr\u00e1tica \u00e9 valorizada por seu potencial cr\u00edtico de an\u00e1lise, principalmente quando discorre sobre a forma como as pessoas vivenciam as pol\u00edticas a elas direcionadas e seus efeitos. A etnografia do &#8220;encontro&#8221; entre diferentes subjetividades e sensibilidades permite, assim, dar visibilidade \u00e0 diversidade cultural e \u00e0s reivindica\u00e7\u00f5es espec\u00edficas dos grupos, bem como aos modos com que os mesmos grupos percebem o pr\u00f3prio antrop\u00f3logo.<\/p>\n<p><span id=\"lblProdutoDescricao\">ISBN: 9788538600862<br \/>\nEdi\u00e7\u00e3o: 2010<br \/>\nNro de P\u00e1ginas: 300<a href=\"http:\/\/www.livraria.ufrgs.br\/ConsCompra.aspx?codproduto=15078\">Para adquirir, visite a Livraria da UFRGS.<\/a><\/p>\n<p><\/span><\/p>\n","protected":false},"excerpt":{"rendered":"<p>O fazer etnogr\u00e1fico, marca principal da disciplina antropol\u00f3gica, n\u00e3o \u00e9 tratado neste livro como um estilo liter\u00e1rio ou um m\u00e9todo descolado das implica\u00e7\u00f5es \u00e9ticas e pol\u00edticas a ele relacionadas. Tal pr\u00e1tica \u00e9 valorizada por seu potencial cr\u00edtico de an\u00e1lise, principalmente quando discorre sobre a forma como as pessoas vivenciam as pol\u00edticas a elas direcionadas e seus efeitos.<\/p>\n","protected":false},"author":1,"featured_media":0,"comment_status":"open","ping_status":"open","sticky":false,"template":"","format":"standard","meta":{"site-container-style":"default","site-container-layout":"default","site-sidebar-layout":"default","disable-article-header":"default","disable-site-header":"default","disable-site-footer":"default","disable-content-area-spacing":"default","footnotes":""},"categories":[40,51,10],"tags":[],"class_list":["post-16518","post","type-post","status-publish","format-standard","hentry","category-diversidade","category-livros","category-publicacoes"],"yoast_head":"<!-- This site is optimized with the Yoast SEO plugin v27.4 - https:\/\/yoast.com\/product\/yoast-seo-wordpress\/ -->\n<title>Din\u00e2micas de cidadania: abordagens etnogr\u00e1ficas sobre a diversidade -<\/title>\n<meta name=\"robots\" content=\"index, follow, max-snippet:-1, max-image-preview:large, max-video-preview:-1\" \/>\n<link rel=\"canonical\" href=\"https:\/\/inclusivenews.com.br\/?p=16518\" \/>\n<meta property=\"og:locale\" content=\"pt_PT\" \/>\n<meta property=\"og:type\" content=\"article\" \/>\n<meta property=\"og:title\" content=\"Din\u00e2micas de cidadania: abordagens etnogr\u00e1ficas sobre a diversidade -\" \/>\n<meta property=\"og:description\" content=\"O fazer etnogr\u00e1fico, marca principal da disciplina antropol\u00f3gica, n\u00e3o \u00e9 tratado neste livro como um estilo liter\u00e1rio ou um m\u00e9todo descolado das implica\u00e7\u00f5es \u00e9ticas e pol\u00edticas a ele relacionadas. Tal pr\u00e1tica \u00e9 valorizada por seu potencial cr\u00edtico de an\u00e1lise, principalmente quando discorre sobre a forma como as pessoas vivenciam as pol\u00edticas a elas direcionadas e seus efeitos.\" \/>\n<meta property=\"og:url\" content=\"https:\/\/inclusivenews.com.br\/?p=16518\" \/>\n<meta property=\"article:publisher\" content=\"https:\/\/www.facebook.com\/agenciainclusive\/\" \/>\n<meta property=\"article:published_time\" content=\"2010-07-19T08:50:43+00:00\" \/>\n<meta property=\"og:image\" content=\"http:\/\/www.livraria.ufrgs.br\/Imagens\/Livros\/m_8538600862.jpg\" \/>\n<meta name=\"author\" content=\"inclusivenews2024\" \/>\n<meta name=\"twitter:card\" content=\"summary_large_image\" \/>\n<meta name=\"twitter:label1\" content=\"Escrito por\" \/>\n\t<meta name=\"twitter:data1\" content=\"inclusivenews2024\" \/>\n\t<meta name=\"twitter:label2\" content=\"Tempo estimado de leitura\" \/>\n\t<meta name=\"twitter:data2\" content=\"1 minuto\" \/>\n<script type=\"application\/ld+json\" class=\"yoast-schema-graph\">{\"@context\":\"https:\\\/\\\/schema.org\",\"@graph\":[{\"@type\":\"Article\",\"@id\":\"https:\\\/\\\/inclusivenews.com.br\\\/?p=16518#article\",\"isPartOf\":{\"@id\":\"https:\\\/\\\/inclusivenews.com.br\\\/?p=16518\"},\"author\":{\"name\":\"inclusivenews2024\",\"@id\":\"https:\\\/\\\/inclusivenews.com.br\\\/#\\\/schema\\\/person\\\/ae4ec7087559b8692fb33b6fffd2273b\"},\"headline\":\"Din\u00e2micas de cidadania: abordagens etnogr\u00e1ficas sobre a diversidade\",\"datePublished\":\"2010-07-19T08:50:43+00:00\",\"mainEntityOfPage\":{\"@id\":\"https:\\\/\\\/inclusivenews.com.br\\\/?p=16518\"},\"wordCount\":135,\"commentCount\":0,\"publisher\":{\"@id\":\"https:\\\/\\\/inclusivenews.com.br\\\/#organization\"},\"image\":{\"@id\":\"https:\\\/\\\/inclusivenews.com.br\\\/?p=16518#primaryimage\"},\"thumbnailUrl\":\"http:\\\/\\\/www.livraria.ufrgs.br\\\/Imagens\\\/Livros\\\/m_8538600862.jpg\",\"articleSection\":[\"Diversidade\",\"Livros\",\"PUBLICA\u00c7\u00d5ES\"],\"inLanguage\":\"pt-PT\",\"potentialAction\":[{\"@type\":\"CommentAction\",\"name\":\"Comment\",\"target\":[\"https:\\\/\\\/inclusivenews.com.br\\\/?p=16518#respond\"]}]},{\"@type\":\"WebPage\",\"@id\":\"https:\\\/\\\/inclusivenews.com.br\\\/?p=16518\",\"url\":\"https:\\\/\\\/inclusivenews.com.br\\\/?p=16518\",\"name\":\"Din\u00e2micas de cidadania: abordagens etnogr\u00e1ficas sobre a diversidade -\",\"isPartOf\":{\"@id\":\"https:\\\/\\\/inclusivenews.com.br\\\/#website\"},\"primaryImageOfPage\":{\"@id\":\"https:\\\/\\\/inclusivenews.com.br\\\/?p=16518#primaryimage\"},\"image\":{\"@id\":\"https:\\\/\\\/inclusivenews.com.br\\\/?p=16518#primaryimage\"},\"thumbnailUrl\":\"http:\\\/\\\/www.livraria.ufrgs.br\\\/Imagens\\\/Livros\\\/m_8538600862.jpg\",\"datePublished\":\"2010-07-19T08:50:43+00:00\",\"breadcrumb\":{\"@id\":\"https:\\\/\\\/inclusivenews.com.br\\\/?p=16518#breadcrumb\"},\"inLanguage\":\"pt-PT\",\"potentialAction\":[{\"@type\":\"ReadAction\",\"target\":[\"https:\\\/\\\/inclusivenews.com.br\\\/?p=16518\"]}]},{\"@type\":\"ImageObject\",\"inLanguage\":\"pt-PT\",\"@id\":\"https:\\\/\\\/inclusivenews.com.br\\\/?p=16518#primaryimage\",\"url\":\"http:\\\/\\\/www.livraria.ufrgs.br\\\/Imagens\\\/Livros\\\/m_8538600862.jpg\",\"contentUrl\":\"http:\\\/\\\/www.livraria.ufrgs.br\\\/Imagens\\\/Livros\\\/m_8538600862.jpg\"},{\"@type\":\"BreadcrumbList\",\"@id\":\"https:\\\/\\\/inclusivenews.com.br\\\/?p=16518#breadcrumb\",\"itemListElement\":[{\"@type\":\"ListItem\",\"position\":1,\"name\":\"In\u00edcio\",\"item\":\"https:\\\/\\\/inclusivenews.com.br\\\/\"},{\"@type\":\"ListItem\",\"position\":2,\"name\":\"Din\u00e2micas de cidadania: abordagens etnogr\u00e1ficas sobre a diversidade\"}]},{\"@type\":\"WebSite\",\"@id\":\"https:\\\/\\\/inclusivenews.com.br\\\/#website\",\"url\":\"https:\\\/\\\/inclusivenews.com.br\\\/\",\"name\":\"Inclusive News\",\"description\":\"Inclusive News\",\"publisher\":{\"@id\":\"https:\\\/\\\/inclusivenews.com.br\\\/#organization\"},\"potentialAction\":[{\"@type\":\"SearchAction\",\"target\":{\"@type\":\"EntryPoint\",\"urlTemplate\":\"https:\\\/\\\/inclusivenews.com.br\\\/?s={search_term_string}\"},\"query-input\":{\"@type\":\"PropertyValueSpecification\",\"valueRequired\":true,\"valueName\":\"search_term_string\"}}],\"inLanguage\":\"pt-PT\"},{\"@type\":\"Organization\",\"@id\":\"https:\\\/\\\/inclusivenews.com.br\\\/#organization\",\"name\":\"Inclusive - inclus\u00e3o e cidadania\",\"url\":\"https:\\\/\\\/inclusivenews.com.br\\\/\",\"logo\":{\"@type\":\"ImageObject\",\"inLanguage\":\"pt-PT\",\"@id\":\"https:\\\/\\\/inclusivenews.com.br\\\/#\\\/schema\\\/logo\\\/image\\\/\",\"url\":\"https:\\\/\\\/inclusivenews.com.br\\\/wp-content\\\/uploads\\\/2024\\\/03\\\/@grandesite.png\",\"contentUrl\":\"https:\\\/\\\/inclusivenews.com.br\\\/wp-content\\\/uploads\\\/2024\\\/03\\\/@grandesite.png\",\"width\":1080,\"height\":1080,\"caption\":\"Inclusive - inclus\u00e3o e cidadania\"},\"image\":{\"@id\":\"https:\\\/\\\/inclusivenews.com.br\\\/#\\\/schema\\\/logo\\\/image\\\/\"},\"sameAs\":[\"https:\\\/\\\/www.facebook.com\\\/agenciainclusive\\\/\",\"https:\\\/\\\/www.instagram.com\\\/newsinclusive\\\/\"]},{\"@type\":\"Person\",\"@id\":\"https:\\\/\\\/inclusivenews.com.br\\\/#\\\/schema\\\/person\\\/ae4ec7087559b8692fb33b6fffd2273b\",\"name\":\"inclusivenews2024\",\"image\":{\"@type\":\"ImageObject\",\"inLanguage\":\"pt-PT\",\"@id\":\"https:\\\/\\\/secure.gravatar.com\\\/avatar\\\/c5a7ef84c66fa914f55bc4f7ce26cfa275a3b9a1c5568b907bd184fb4dde7b40?s=96&d=mm&r=g\",\"url\":\"https:\\\/\\\/secure.gravatar.com\\\/avatar\\\/c5a7ef84c66fa914f55bc4f7ce26cfa275a3b9a1c5568b907bd184fb4dde7b40?s=96&d=mm&r=g\",\"contentUrl\":\"https:\\\/\\\/secure.gravatar.com\\\/avatar\\\/c5a7ef84c66fa914f55bc4f7ce26cfa275a3b9a1c5568b907bd184fb4dde7b40?s=96&d=mm&r=g\",\"caption\":\"inclusivenews2024\"},\"sameAs\":[\"https:\\\/\\\/inclusivenews.com.br\"],\"url\":\"https:\\\/\\\/inclusivenews.com.br\\\/?author=1\"}]}<\/script>\n<!-- \/ Yoast SEO plugin. -->","yoast_head_json":{"title":"Din\u00e2micas de cidadania: abordagens etnogr\u00e1ficas sobre a diversidade -","robots":{"index":"index","follow":"follow","max-snippet":"max-snippet:-1","max-image-preview":"max-image-preview:large","max-video-preview":"max-video-preview:-1"},"canonical":"https:\/\/inclusivenews.com.br\/?p=16518","og_locale":"pt_PT","og_type":"article","og_title":"Din\u00e2micas de cidadania: abordagens etnogr\u00e1ficas sobre a diversidade -","og_description":"O fazer etnogr\u00e1fico, marca principal da disciplina antropol\u00f3gica, n\u00e3o \u00e9 tratado neste livro como um estilo liter\u00e1rio ou um m\u00e9todo descolado das implica\u00e7\u00f5es \u00e9ticas e pol\u00edticas a ele relacionadas. Tal pr\u00e1tica \u00e9 valorizada por seu potencial cr\u00edtico de an\u00e1lise, principalmente quando discorre sobre a forma como as pessoas vivenciam as pol\u00edticas a elas direcionadas e seus efeitos.","og_url":"https:\/\/inclusivenews.com.br\/?p=16518","article_publisher":"https:\/\/www.facebook.com\/agenciainclusive\/","article_published_time":"2010-07-19T08:50:43+00:00","og_image":[{"url":"http:\/\/www.livraria.ufrgs.br\/Imagens\/Livros\/m_8538600862.jpg","type":"","width":"","height":""}],"author":"inclusivenews2024","twitter_card":"summary_large_image","twitter_misc":{"Escrito por":"inclusivenews2024","Tempo estimado de leitura":"1 minuto"},"schema":{"@context":"https:\/\/schema.org","@graph":[{"@type":"Article","@id":"https:\/\/inclusivenews.com.br\/?p=16518#article","isPartOf":{"@id":"https:\/\/inclusivenews.com.br\/?p=16518"},"author":{"name":"inclusivenews2024","@id":"https:\/\/inclusivenews.com.br\/#\/schema\/person\/ae4ec7087559b8692fb33b6fffd2273b"},"headline":"Din\u00e2micas de cidadania: abordagens etnogr\u00e1ficas sobre a diversidade","datePublished":"2010-07-19T08:50:43+00:00","mainEntityOfPage":{"@id":"https:\/\/inclusivenews.com.br\/?p=16518"},"wordCount":135,"commentCount":0,"publisher":{"@id":"https:\/\/inclusivenews.com.br\/#organization"},"image":{"@id":"https:\/\/inclusivenews.com.br\/?p=16518#primaryimage"},"thumbnailUrl":"http:\/\/www.livraria.ufrgs.br\/Imagens\/Livros\/m_8538600862.jpg","articleSection":["Diversidade","Livros","PUBLICA\u00c7\u00d5ES"],"inLanguage":"pt-PT","potentialAction":[{"@type":"CommentAction","name":"Comment","target":["https:\/\/inclusivenews.com.br\/?p=16518#respond"]}]},{"@type":"WebPage","@id":"https:\/\/inclusivenews.com.br\/?p=16518","url":"https:\/\/inclusivenews.com.br\/?p=16518","name":"Din\u00e2micas de cidadania: abordagens etnogr\u00e1ficas sobre a diversidade -","isPartOf":{"@id":"https:\/\/inclusivenews.com.br\/#website"},"primaryImageOfPage":{"@id":"https:\/\/inclusivenews.com.br\/?p=16518#primaryimage"},"image":{"@id":"https:\/\/inclusivenews.com.br\/?p=16518#primaryimage"},"thumbnailUrl":"http:\/\/www.livraria.ufrgs.br\/Imagens\/Livros\/m_8538600862.jpg","datePublished":"2010-07-19T08:50:43+00:00","breadcrumb":{"@id":"https:\/\/inclusivenews.com.br\/?p=16518#breadcrumb"},"inLanguage":"pt-PT","potentialAction":[{"@type":"ReadAction","target":["https:\/\/inclusivenews.com.br\/?p=16518"]}]},{"@type":"ImageObject","inLanguage":"pt-PT","@id":"https:\/\/inclusivenews.com.br\/?p=16518#primaryimage","url":"http:\/\/www.livraria.ufrgs.br\/Imagens\/Livros\/m_8538600862.jpg","contentUrl":"http:\/\/www.livraria.ufrgs.br\/Imagens\/Livros\/m_8538600862.jpg"},{"@type":"BreadcrumbList","@id":"https:\/\/inclusivenews.com.br\/?p=16518#breadcrumb","itemListElement":[{"@type":"ListItem","position":1,"name":"In\u00edcio","item":"https:\/\/inclusivenews.com.br\/"},{"@type":"ListItem","position":2,"name":"Din\u00e2micas de cidadania: abordagens etnogr\u00e1ficas sobre a diversidade"}]},{"@type":"WebSite","@id":"https:\/\/inclusivenews.com.br\/#website","url":"https:\/\/inclusivenews.com.br\/","name":"Inclusive News","description":"Inclusive News","publisher":{"@id":"https:\/\/inclusivenews.com.br\/#organization"},"potentialAction":[{"@type":"SearchAction","target":{"@type":"EntryPoint","urlTemplate":"https:\/\/inclusivenews.com.br\/?s={search_term_string}"},"query-input":{"@type":"PropertyValueSpecification","valueRequired":true,"valueName":"search_term_string"}}],"inLanguage":"pt-PT"},{"@type":"Organization","@id":"https:\/\/inclusivenews.com.br\/#organization","name":"Inclusive - inclus\u00e3o e cidadania","url":"https:\/\/inclusivenews.com.br\/","logo":{"@type":"ImageObject","inLanguage":"pt-PT","@id":"https:\/\/inclusivenews.com.br\/#\/schema\/logo\/image\/","url":"https:\/\/inclusivenews.com.br\/wp-content\/uploads\/2024\/03\/@grandesite.png","contentUrl":"https:\/\/inclusivenews.com.br\/wp-content\/uploads\/2024\/03\/@grandesite.png","width":1080,"height":1080,"caption":"Inclusive - inclus\u00e3o e cidadania"},"image":{"@id":"https:\/\/inclusivenews.com.br\/#\/schema\/logo\/image\/"},"sameAs":["https:\/\/www.facebook.com\/agenciainclusive\/","https:\/\/www.instagram.com\/newsinclusive\/"]},{"@type":"Person","@id":"https:\/\/inclusivenews.com.br\/#\/schema\/person\/ae4ec7087559b8692fb33b6fffd2273b","name":"inclusivenews2024","image":{"@type":"ImageObject","inLanguage":"pt-PT","@id":"https:\/\/secure.gravatar.com\/avatar\/c5a7ef84c66fa914f55bc4f7ce26cfa275a3b9a1c5568b907bd184fb4dde7b40?s=96&d=mm&r=g","url":"https:\/\/secure.gravatar.com\/avatar\/c5a7ef84c66fa914f55bc4f7ce26cfa275a3b9a1c5568b907bd184fb4dde7b40?s=96&d=mm&r=g","contentUrl":"https:\/\/secure.gravatar.com\/avatar\/c5a7ef84c66fa914f55bc4f7ce26cfa275a3b9a1c5568b907bd184fb4dde7b40?s=96&d=mm&r=g","caption":"inclusivenews2024"},"sameAs":["https:\/\/inclusivenews.com.br"],"url":"https:\/\/inclusivenews.com.br\/?author=1"}]}},"_links":{"self":[{"href":"https:\/\/inclusivenews.com.br\/index.php?rest_route=\/wp\/v2\/posts\/16518","targetHints":{"allow":["GET"]}}],"collection":[{"href":"https:\/\/inclusivenews.com.br\/index.php?rest_route=\/wp\/v2\/posts"}],"about":[{"href":"https:\/\/inclusivenews.com.br\/index.php?rest_route=\/wp\/v2\/types\/post"}],"author":[{"embeddable":true,"href":"https:\/\/inclusivenews.com.br\/index.php?rest_route=\/wp\/v2\/users\/1"}],"replies":[{"embeddable":true,"href":"https:\/\/inclusivenews.com.br\/index.php?rest_route=%2Fwp%2Fv2%2Fcomments&post=16518"}],"version-history":[{"count":0,"href":"https:\/\/inclusivenews.com.br\/index.php?rest_route=\/wp\/v2\/posts\/16518\/revisions"}],"wp:attachment":[{"href":"https:\/\/inclusivenews.com.br\/index.php?rest_route=%2Fwp%2Fv2%2Fmedia&parent=16518"}],"wp:term":[{"taxonomy":"category","embeddable":true,"href":"https:\/\/inclusivenews.com.br\/index.php?rest_route=%2Fwp%2Fv2%2Fcategories&post=16518"},{"taxonomy":"post_tag","embeddable":true,"href":"https:\/\/inclusivenews.com.br\/index.php?rest_route=%2Fwp%2Fv2%2Ftags&post=16518"}],"curies":[{"name":"wp","href":"https:\/\/api.w.org\/{rel}","templated":true}]}}