{"id":16520,"date":"2010-07-13T05:54:39","date_gmt":"2010-07-13T08:54:39","guid":{"rendered":"http:\/\/www.inclusive.org.br\/?p=16520"},"modified":"2010-07-13T05:54:39","modified_gmt":"2010-07-13T08:54:39","slug":"comunidades-virtuais-pregam-odio-aos-nordestinos","status":"publish","type":"post","link":"https:\/\/inclusivenews.com.br\/?p=16520","title":{"rendered":"Comunidades virtuais pregam \u00f3dio aos nordestinos"},"content":{"rendered":"<p><img loading=\"lazy\" decoding=\"async\" class=\"alignleft\" title=\"Ilustra\u00e7\u00e3o de pessoa e da bandeira do Brasil dividida em blocos\" src=\"http:\/\/4.bp.blogspot.com\/_07c7oRWkB08\/Sj67gutlPfI\/AAAAAAAACU0\/h7d1lw3a8IM\/s400\/separatismo+ilustra\u00e7\u00e3o.jpg\" alt=\"\" width=\"156\" height=\"210\" \/>O Brasil inteiro vem ajudando as v\u00edtimas das enchentes que devastaram mais de 90 cidades em Pernambuco e Alagoas no m\u00eas passado e que tiraram os sonhos de boa parte da popula\u00e7\u00e3o que perdeu tudo com a for\u00e7a das \u00e1guas. A corrente de solidariedade \u00e9 t\u00e3o grande ao ponto de as defesas civis n\u00e3o terem locais para guardar o volume de comida e roupa que chegam at\u00e9 de fora do pa\u00eds. Em meio a toda essa mobiliza\u00e7\u00e3o, tamb\u00e9m h\u00e1 espa\u00e7o para demonstra\u00e7\u00f5es de preconceito, racismo e persegui\u00e7\u00e3o aos nordestinos. Isso, no territ\u00f3rio livre da internet, por meio do Orkut. Coment\u00e1rios do tipo &#8220;nordestinos devem morrer nessa lama&#8221; ou &#8220;deviam ter se afogado nas \u00e1guas sujas&#8221; chocam agora a popula\u00e7\u00e3o em intensidade semelhante \u00e0 trag\u00e9dia.<\/p>\n<p>O governo de Pernambuco chegou a garantir ontem, por meio da Procuradoria Geral, que n\u00e3o ficar\u00e1 de bra\u00e7os cruzados frente \u00e0 demonstra\u00e7\u00e3o preconceituosa e que tomar\u00e1 provid\u00eancias judiciais necess\u00e1rias. O Minist\u00e9rio P\u00fablico estadual dever\u00e1 solicitar ainda hoje investiga\u00e7\u00e3o da Pol\u00edcia Federal para identificar os internautas. A Ordem dos Advogados do Brasil em Pernambuco tamb\u00e9m se pronunciou ontem e garantiu que estar\u00e1 cobrando do MPPE posicionamento contra os membros da comunidade denominada Odeio nordestino.<\/p>\n<p>O procurador geral do estado, Tadeu Alencar, disse que vai se reunir com representantes do governo para \u201cavaliar os caminhos que ser\u00e3o tomados\u201d. O promotor do Minist\u00e9rio P\u00fablico de Pernambuco Jos\u00e9 Lopes Filho, especialista em crimes cibern\u00e9ticos, garantiu que h\u00e1 caminhos jur\u00eddicos a serem seguidos. \u201cIdentificamos na comunidade o crime de racismo, incita\u00e7\u00e3o \u00e0 viol\u00eancia, incita\u00e7\u00e3o ao crime e vamos levar o caso \u00e0 Pol\u00edcia Federal. H\u00e1 ainda a possibilidade de o estado de Pernambuco entrar com uma a\u00e7\u00e3o contra o Google que permitiu e permite que estas p\u00e1ginas estejam no ar\u201d, explicou.<\/p>\n<p>O presidente da OAB-PE, Henrique Mariano, afirmou que a entidade vai acompanhar as investiga\u00e7\u00f5es e as den\u00fancias contra os membros da comunidade Odeio nordestino por parte do Minist\u00e9rio P\u00fablico de Pernambuco (MPPE) e tamb\u00e9m da Pol\u00edcia Federal. Segundo ele, a OAB-PE j\u00e1 tinha, inclusive, preparado uma den\u00fancia para ser encaminhada quando foi informada que o MPPE j\u00e1 estava tomando todas as provid\u00eancias.<\/p>\n<p><strong>Agress\u00e3o<\/strong><\/p>\n<p>Demonstrando \u201cpreocupa\u00e7\u00f5es\u201d com uma poss\u00edvel aumento da migra\u00e7\u00e3o para o Sudeste em virtude das enchentes, os usu\u00e1rios de diversas comunidades chegam a se referir aos nordestinos como \u201cmerdestinos\u201d e animais. Em uma das comunidades &#8211; Lugar de nordestino \u00e9 no Nordeste &#8211; um dos gestores, identificado como Jo\u00e3o Ribeiro Neto, escreveu:&#8221;No fundo, no fundo, tenho d\u00f3 de nordestino, explico: Numa metade do ano morrem na seca e na outra metade morrem na enchente&#8230;rs, Obrigado, meu Deus, por n\u00e3o ser nordestino!&#8221;, comemora.<\/p>\n<p>As frases postadas causam estarrecimento n\u00e3o s\u00f3 pelo preconceito com a regi\u00e3o, mas igualmente pela falta de sensibilidade e respeito aos mais de 50 mortos e mais de 100 mil desabrigados e desalojados nos dois estados. As comunidades abrigam declara\u00e7\u00f5es do tipo: &#8220;Pessoal com essas enchentes no Nordeste acho que os cabe\u00e7udos v\u00e3o vir em massa pra SP, t\u00f4 muito preocupada com isso. Vai ter mais lixo do que j\u00e1 tem aqui&#8221;, declarou a usu\u00e1ria Julia Shellman, membro da comunidade Eu odeio nordestino. No in\u00edcio da noite de ontem, a usu\u00e1ria e outros internautas que compartilhavam opini\u00f5es com ela haviam retirado os coment\u00e1rios do ar. No entanto, a Justi\u00e7a j\u00e1 identificou o novo perfil e, de acordo com o promotor estadual Jos\u00e9 Lopes Filho, a investiga\u00e7\u00e3o n\u00e3o ser\u00e1 alterada.<\/p>\n<p>&#8220;J\u00e1 temos o novo nome da usu\u00e1ria e n\u00e3o vamos tolerar esse tipo de comportamento racista e discriminat\u00f3rio. Rastreamos o seu novo perfil e amanh\u00e3 [hoje] mesmo vou formalizar o pedido de investiga\u00e7\u00e3o \u00e0 Pol\u00edcia Federal e ao Minist\u00e9rio P\u00fablico Federal, por isso que ainda n\u00e3o retiramos a p\u00e1gina do ar. N\u00e3o queremos assustar esses criminosos e vamos atuar fortemente para puni-los&#8221;, justificou.<br \/>\n__________<\/p>\n<p><strong>Fonte:<\/strong> <a href=\"http:\/\/www.uai.com.br\/htmls\/app\/noticia173\/2010\/07\/08\/noticia_nacional,i=167891\/COMUNIDADES+VIRTUAIS+PREGAM+ODIO+AOS+NORDESTINOS.shtml\">UAI<\/a><\/p>\n","protected":false},"excerpt":{"rendered":"<p>O governo de Pernambuco chegou a garantir ontem, por meio da Procuradoria Geral, que n\u00e3o ficar\u00e1 de bra\u00e7os cruzados frente \u00e0 demonstra\u00e7\u00e3o preconceituosa e que tomar\u00e1 provid\u00eancias judiciais necess\u00e1rias. Do UAI.<\/p>\n","protected":false},"author":1,"featured_media":0,"comment_status":"open","ping_status":"open","sticky":false,"template":"","format":"standard","meta":{"site-container-style":"default","site-container-layout":"default","site-sidebar-layout":"default","disable-article-header":"default","disable-site-header":"default","disable-site-footer":"default","disable-content-area-spacing":"default","footnotes":""},"categories":[39,4,41],"tags":[],"class_list":["post-16520","post","type-post","status-publish","format-standard","hentry","category-discriminacao","category-noticias","category-preconceito"],"yoast_head":"<!-- This site is optimized with the Yoast SEO plugin v27.5 - https:\/\/yoast.com\/product\/yoast-seo-wordpress\/ -->\n<title>Comunidades virtuais pregam \u00f3dio aos nordestinos -<\/title>\n<meta name=\"robots\" content=\"index, follow, max-snippet:-1, max-image-preview:large, max-video-preview:-1\" \/>\n<link rel=\"canonical\" href=\"https:\/\/inclusivenews.com.br\/?p=16520\" \/>\n<meta property=\"og:locale\" content=\"pt_PT\" \/>\n<meta property=\"og:type\" content=\"article\" \/>\n<meta property=\"og:title\" content=\"Comunidades virtuais pregam \u00f3dio aos nordestinos -\" \/>\n<meta property=\"og:description\" content=\"O governo de Pernambuco chegou a garantir ontem, por meio da Procuradoria Geral, que n\u00e3o ficar\u00e1 de bra\u00e7os cruzados frente \u00e0 demonstra\u00e7\u00e3o preconceituosa e que tomar\u00e1 provid\u00eancias judiciais necess\u00e1rias. Do UAI.\" \/>\n<meta property=\"og:url\" content=\"https:\/\/inclusivenews.com.br\/?p=16520\" \/>\n<meta property=\"article:publisher\" content=\"https:\/\/www.facebook.com\/agenciainclusive\/\" \/>\n<meta property=\"article:published_time\" content=\"2010-07-13T08:54:39+00:00\" \/>\n<meta name=\"author\" content=\"inclusivenews2024\" \/>\n<meta name=\"twitter:card\" content=\"summary_large_image\" \/>\n<meta name=\"twitter:label1\" content=\"Escrito por\" \/>\n\t<meta name=\"twitter:data1\" content=\"inclusivenews2024\" \/>\n\t<meta name=\"twitter:label2\" content=\"Tempo estimado de leitura\" \/>\n\t<meta name=\"twitter:data2\" content=\"3 minutos\" \/>\n<script type=\"application\/ld+json\" class=\"yoast-schema-graph\">{\"@context\":\"https:\\\/\\\/schema.org\",\"@graph\":[{\"@type\":\"Article\",\"@id\":\"https:\\\/\\\/inclusivenews.com.br\\\/?p=16520#article\",\"isPartOf\":{\"@id\":\"https:\\\/\\\/inclusivenews.com.br\\\/?p=16520\"},\"author\":{\"name\":\"inclusivenews2024\",\"@id\":\"https:\\\/\\\/inclusivenews.com.br\\\/#\\\/schema\\\/person\\\/ae4ec7087559b8692fb33b6fffd2273b\"},\"headline\":\"Comunidades virtuais pregam \u00f3dio aos nordestinos\",\"datePublished\":\"2010-07-13T08:54:39+00:00\",\"mainEntityOfPage\":{\"@id\":\"https:\\\/\\\/inclusivenews.com.br\\\/?p=16520\"},\"wordCount\":701,\"commentCount\":1,\"publisher\":{\"@id\":\"https:\\\/\\\/inclusivenews.com.br\\\/#organization\"},\"articleSection\":[\"Discrimina\u00e7\u00e3o\",\"NOT\u00cdCIAS\",\"Preconceito\"],\"inLanguage\":\"pt-PT\",\"potentialAction\":[{\"@type\":\"CommentAction\",\"name\":\"Comment\",\"target\":[\"https:\\\/\\\/inclusivenews.com.br\\\/?p=16520#respond\"]}]},{\"@type\":\"WebPage\",\"@id\":\"https:\\\/\\\/inclusivenews.com.br\\\/?p=16520\",\"url\":\"https:\\\/\\\/inclusivenews.com.br\\\/?p=16520\",\"name\":\"Comunidades virtuais pregam \u00f3dio aos nordestinos -\",\"isPartOf\":{\"@id\":\"https:\\\/\\\/inclusivenews.com.br\\\/#website\"},\"datePublished\":\"2010-07-13T08:54:39+00:00\",\"breadcrumb\":{\"@id\":\"https:\\\/\\\/inclusivenews.com.br\\\/?p=16520#breadcrumb\"},\"inLanguage\":\"pt-PT\",\"potentialAction\":[{\"@type\":\"ReadAction\",\"target\":[\"https:\\\/\\\/inclusivenews.com.br\\\/?p=16520\"]}]},{\"@type\":\"BreadcrumbList\",\"@id\":\"https:\\\/\\\/inclusivenews.com.br\\\/?p=16520#breadcrumb\",\"itemListElement\":[{\"@type\":\"ListItem\",\"position\":1,\"name\":\"In\u00edcio\",\"item\":\"https:\\\/\\\/inclusivenews.com.br\\\/\"},{\"@type\":\"ListItem\",\"position\":2,\"name\":\"Comunidades virtuais pregam \u00f3dio aos nordestinos\"}]},{\"@type\":\"WebSite\",\"@id\":\"https:\\\/\\\/inclusivenews.com.br\\\/#website\",\"url\":\"https:\\\/\\\/inclusivenews.com.br\\\/\",\"name\":\"Inclusive News\",\"description\":\"Inclusive News\",\"publisher\":{\"@id\":\"https:\\\/\\\/inclusivenews.com.br\\\/#organization\"},\"potentialAction\":[{\"@type\":\"SearchAction\",\"target\":{\"@type\":\"EntryPoint\",\"urlTemplate\":\"https:\\\/\\\/inclusivenews.com.br\\\/?s={search_term_string}\"},\"query-input\":{\"@type\":\"PropertyValueSpecification\",\"valueRequired\":true,\"valueName\":\"search_term_string\"}}],\"inLanguage\":\"pt-PT\"},{\"@type\":\"Organization\",\"@id\":\"https:\\\/\\\/inclusivenews.com.br\\\/#organization\",\"name\":\"Inclusive - inclus\u00e3o e cidadania\",\"url\":\"https:\\\/\\\/inclusivenews.com.br\\\/\",\"logo\":{\"@type\":\"ImageObject\",\"inLanguage\":\"pt-PT\",\"@id\":\"https:\\\/\\\/inclusivenews.com.br\\\/#\\\/schema\\\/logo\\\/image\\\/\",\"url\":\"https:\\\/\\\/inclusivenews.com.br\\\/wp-content\\\/uploads\\\/2024\\\/03\\\/@grandesite.png\",\"contentUrl\":\"https:\\\/\\\/inclusivenews.com.br\\\/wp-content\\\/uploads\\\/2024\\\/03\\\/@grandesite.png\",\"width\":1080,\"height\":1080,\"caption\":\"Inclusive - inclus\u00e3o e cidadania\"},\"image\":{\"@id\":\"https:\\\/\\\/inclusivenews.com.br\\\/#\\\/schema\\\/logo\\\/image\\\/\"},\"sameAs\":[\"https:\\\/\\\/www.facebook.com\\\/agenciainclusive\\\/\",\"https:\\\/\\\/www.instagram.com\\\/newsinclusive\\\/\"]},{\"@type\":\"Person\",\"@id\":\"https:\\\/\\\/inclusivenews.com.br\\\/#\\\/schema\\\/person\\\/ae4ec7087559b8692fb33b6fffd2273b\",\"name\":\"inclusivenews2024\",\"image\":{\"@type\":\"ImageObject\",\"inLanguage\":\"pt-PT\",\"@id\":\"https:\\\/\\\/secure.gravatar.com\\\/avatar\\\/c5a7ef84c66fa914f55bc4f7ce26cfa275a3b9a1c5568b907bd184fb4dde7b40?s=96&d=mm&r=g\",\"url\":\"https:\\\/\\\/secure.gravatar.com\\\/avatar\\\/c5a7ef84c66fa914f55bc4f7ce26cfa275a3b9a1c5568b907bd184fb4dde7b40?s=96&d=mm&r=g\",\"contentUrl\":\"https:\\\/\\\/secure.gravatar.com\\\/avatar\\\/c5a7ef84c66fa914f55bc4f7ce26cfa275a3b9a1c5568b907bd184fb4dde7b40?s=96&d=mm&r=g\",\"caption\":\"inclusivenews2024\"},\"sameAs\":[\"https:\\\/\\\/inclusivenews.com.br\"],\"url\":\"https:\\\/\\\/inclusivenews.com.br\\\/?author=1\"}]}<\/script>\n<!-- \/ Yoast SEO plugin. -->","yoast_head_json":{"title":"Comunidades virtuais pregam \u00f3dio aos nordestinos -","robots":{"index":"index","follow":"follow","max-snippet":"max-snippet:-1","max-image-preview":"max-image-preview:large","max-video-preview":"max-video-preview:-1"},"canonical":"https:\/\/inclusivenews.com.br\/?p=16520","og_locale":"pt_PT","og_type":"article","og_title":"Comunidades virtuais pregam \u00f3dio aos nordestinos -","og_description":"O governo de Pernambuco chegou a garantir ontem, por meio da Procuradoria Geral, que n\u00e3o ficar\u00e1 de bra\u00e7os cruzados frente \u00e0 demonstra\u00e7\u00e3o preconceituosa e que tomar\u00e1 provid\u00eancias judiciais necess\u00e1rias. Do UAI.","og_url":"https:\/\/inclusivenews.com.br\/?p=16520","article_publisher":"https:\/\/www.facebook.com\/agenciainclusive\/","article_published_time":"2010-07-13T08:54:39+00:00","author":"inclusivenews2024","twitter_card":"summary_large_image","twitter_misc":{"Escrito por":"inclusivenews2024","Tempo estimado de leitura":"3 minutos"},"schema":{"@context":"https:\/\/schema.org","@graph":[{"@type":"Article","@id":"https:\/\/inclusivenews.com.br\/?p=16520#article","isPartOf":{"@id":"https:\/\/inclusivenews.com.br\/?p=16520"},"author":{"name":"inclusivenews2024","@id":"https:\/\/inclusivenews.com.br\/#\/schema\/person\/ae4ec7087559b8692fb33b6fffd2273b"},"headline":"Comunidades virtuais pregam \u00f3dio aos nordestinos","datePublished":"2010-07-13T08:54:39+00:00","mainEntityOfPage":{"@id":"https:\/\/inclusivenews.com.br\/?p=16520"},"wordCount":701,"commentCount":1,"publisher":{"@id":"https:\/\/inclusivenews.com.br\/#organization"},"articleSection":["Discrimina\u00e7\u00e3o","NOT\u00cdCIAS","Preconceito"],"inLanguage":"pt-PT","potentialAction":[{"@type":"CommentAction","name":"Comment","target":["https:\/\/inclusivenews.com.br\/?p=16520#respond"]}]},{"@type":"WebPage","@id":"https:\/\/inclusivenews.com.br\/?p=16520","url":"https:\/\/inclusivenews.com.br\/?p=16520","name":"Comunidades virtuais pregam \u00f3dio aos nordestinos -","isPartOf":{"@id":"https:\/\/inclusivenews.com.br\/#website"},"datePublished":"2010-07-13T08:54:39+00:00","breadcrumb":{"@id":"https:\/\/inclusivenews.com.br\/?p=16520#breadcrumb"},"inLanguage":"pt-PT","potentialAction":[{"@type":"ReadAction","target":["https:\/\/inclusivenews.com.br\/?p=16520"]}]},{"@type":"BreadcrumbList","@id":"https:\/\/inclusivenews.com.br\/?p=16520#breadcrumb","itemListElement":[{"@type":"ListItem","position":1,"name":"In\u00edcio","item":"https:\/\/inclusivenews.com.br\/"},{"@type":"ListItem","position":2,"name":"Comunidades virtuais pregam \u00f3dio aos nordestinos"}]},{"@type":"WebSite","@id":"https:\/\/inclusivenews.com.br\/#website","url":"https:\/\/inclusivenews.com.br\/","name":"Inclusive News","description":"Inclusive News","publisher":{"@id":"https:\/\/inclusivenews.com.br\/#organization"},"potentialAction":[{"@type":"SearchAction","target":{"@type":"EntryPoint","urlTemplate":"https:\/\/inclusivenews.com.br\/?s={search_term_string}"},"query-input":{"@type":"PropertyValueSpecification","valueRequired":true,"valueName":"search_term_string"}}],"inLanguage":"pt-PT"},{"@type":"Organization","@id":"https:\/\/inclusivenews.com.br\/#organization","name":"Inclusive - inclus\u00e3o e cidadania","url":"https:\/\/inclusivenews.com.br\/","logo":{"@type":"ImageObject","inLanguage":"pt-PT","@id":"https:\/\/inclusivenews.com.br\/#\/schema\/logo\/image\/","url":"https:\/\/inclusivenews.com.br\/wp-content\/uploads\/2024\/03\/@grandesite.png","contentUrl":"https:\/\/inclusivenews.com.br\/wp-content\/uploads\/2024\/03\/@grandesite.png","width":1080,"height":1080,"caption":"Inclusive - inclus\u00e3o e cidadania"},"image":{"@id":"https:\/\/inclusivenews.com.br\/#\/schema\/logo\/image\/"},"sameAs":["https:\/\/www.facebook.com\/agenciainclusive\/","https:\/\/www.instagram.com\/newsinclusive\/"]},{"@type":"Person","@id":"https:\/\/inclusivenews.com.br\/#\/schema\/person\/ae4ec7087559b8692fb33b6fffd2273b","name":"inclusivenews2024","image":{"@type":"ImageObject","inLanguage":"pt-PT","@id":"https:\/\/secure.gravatar.com\/avatar\/c5a7ef84c66fa914f55bc4f7ce26cfa275a3b9a1c5568b907bd184fb4dde7b40?s=96&d=mm&r=g","url":"https:\/\/secure.gravatar.com\/avatar\/c5a7ef84c66fa914f55bc4f7ce26cfa275a3b9a1c5568b907bd184fb4dde7b40?s=96&d=mm&r=g","contentUrl":"https:\/\/secure.gravatar.com\/avatar\/c5a7ef84c66fa914f55bc4f7ce26cfa275a3b9a1c5568b907bd184fb4dde7b40?s=96&d=mm&r=g","caption":"inclusivenews2024"},"sameAs":["https:\/\/inclusivenews.com.br"],"url":"https:\/\/inclusivenews.com.br\/?author=1"}]}},"_links":{"self":[{"href":"https:\/\/inclusivenews.com.br\/index.php?rest_route=\/wp\/v2\/posts\/16520","targetHints":{"allow":["GET"]}}],"collection":[{"href":"https:\/\/inclusivenews.com.br\/index.php?rest_route=\/wp\/v2\/posts"}],"about":[{"href":"https:\/\/inclusivenews.com.br\/index.php?rest_route=\/wp\/v2\/types\/post"}],"author":[{"embeddable":true,"href":"https:\/\/inclusivenews.com.br\/index.php?rest_route=\/wp\/v2\/users\/1"}],"replies":[{"embeddable":true,"href":"https:\/\/inclusivenews.com.br\/index.php?rest_route=%2Fwp%2Fv2%2Fcomments&post=16520"}],"version-history":[{"count":0,"href":"https:\/\/inclusivenews.com.br\/index.php?rest_route=\/wp\/v2\/posts\/16520\/revisions"}],"wp:attachment":[{"href":"https:\/\/inclusivenews.com.br\/index.php?rest_route=%2Fwp%2Fv2%2Fmedia&parent=16520"}],"wp:term":[{"taxonomy":"category","embeddable":true,"href":"https:\/\/inclusivenews.com.br\/index.php?rest_route=%2Fwp%2Fv2%2Fcategories&post=16520"},{"taxonomy":"post_tag","embeddable":true,"href":"https:\/\/inclusivenews.com.br\/index.php?rest_route=%2Fwp%2Fv2%2Ftags&post=16520"}],"curies":[{"name":"wp","href":"https:\/\/api.w.org\/{rel}","templated":true}]}}