{"id":16522,"date":"2010-07-13T06:00:51","date_gmt":"2010-07-13T09:00:51","guid":{"rendered":"http:\/\/www.inclusive.org.br\/?p=16522"},"modified":"2010-07-13T06:00:51","modified_gmt":"2010-07-13T09:00:51","slug":"seminario-comemora-20-anos-do-eca","status":"publish","type":"post","link":"https:\/\/inclusivenews.com.br\/?p=16522","title":{"rendered":"Semin\u00e1rio comemora 20 anos do ECA"},"content":{"rendered":"<figure style=\"width: 190px\" class=\"wp-caption alignleft\"><a class=\"moz-txt-link-freetext\" href=\"http:\/\/www.criancanoparlamento.org.br\/sites\/default\/files\/imagecache\/miniatura\/rita-estatuto.jpg\"><img loading=\"lazy\" decoding=\"async\" title=\"Ilustra\u00e7\u00e3o de duas crian\u00e7as que seguram um cartaz onde l\u00ea-se Estatuto da Crian\u00e7a e do Adolescente\" src=\"http:\/\/www.criancanoparlamento.org.br\/sites\/default\/files\/imagecache\/miniatura\/rita-estatuto.jpg\" alt=\"\" width=\"190\" height=\"129\" \/><\/a><figcaption class=\"wp-caption-text\"> <\/figcaption><\/figure>\n<p>No pr\u00f3ximo dia 13 de julho o Estatuto da Crian\u00e7a e do Adolescente (ECA) completa 20 anos. Essa jovem lei representa um divisor de \u00e1guas na hist\u00f3ria da inf\u00e2ncia e da adolesc\u00eancia brasileiras, ao reconhec\u00ea-los como sujeitos de direitos. Os avan\u00e7os que o ECA trouxe para a sociedade s\u00e3o ineg\u00e1veis, no entanto, segundo especialistas, muitos direitos ainda oscilam entre a teoria e a vida real.<\/p>\n<p>Por esse motivo, os principais \u00f3rg\u00e3os governamentais e n\u00e3o-governamentais que defendem os direitos de crian\u00e7as e adolescentes resolveram comemorar a data com um grande um balan\u00e7o dos avan\u00e7os da lei e dos desafios que ainda precisam ser alcan\u00e7ados pelo ECA. Entre os dias 13 e 14 de julho, ser\u00e1 realizado pelas Comiss\u00f5es dos Direitos Humanos e Minorias (CDHM) e de Legisla\u00e7\u00e3o Participativa (CLP) da C\u00e2mara dos Deputados o semin\u00e1rio \u201cOs 20 Anos do ECA e as Pol\u00edticas P\u00fablicas: Conquistas e Desafios\u201d.<\/p>\n<p>Mais do que o balan\u00e7o de uma trajet\u00f3ria, o evento tem como objetivo apontar estrat\u00e9gias eficazes para a efetividade da legisla\u00e7\u00e3o brasileira e dos acordos internacionais no que diz respeito \u00e0 prote\u00e7\u00e3o de meninos e meninas que ainda n\u00e3o vivenciam, com plenitude, seus direitos. Esse foi um dos motivos que levaram os respons\u00e1veis pelo Semin\u00e1rio a convidar os candidatos \u00e0 presid\u00eancia da rep\u00fablica para apresentarem suas propostas na \u00e1rea da inf\u00e2ncia.<\/p>\n<p>O debate tamb\u00e9m contar\u00e1 com a presen\u00e7a de importantes atores sociais do Sistema de Garantia de Direitos (SGD), como a Subsecretaria Nacional de Promo\u00e7\u00e3o dos Direitos da Crian\u00e7a e do Adolescente (SNDPCA); o Conselho Nacional dos Direitos da Crian\u00e7a e do Adolescente (Conanda); os minist\u00e9rios da Educa\u00e7\u00e3o, Sa\u00fade e Desenvolvimento Social e Combate \u00e0 Fome; al\u00e9m de organiza\u00e7\u00f5es da sociedade civil, parlamentares e adolescentes.<br \/>\nIntersetorialidade da rede de prote\u00e7\u00e3o da crian\u00e7a, mobiliza\u00e7\u00e3o social, fortalecimento dos conselhos (tutelares e de direitos), educa\u00e7\u00e3o, sa\u00fade, consumo de drogas, trabalho infantil, explora\u00e7\u00e3o sexual e outras formas de viol\u00eancia contra a crian\u00e7a e o\/a adolescente ser\u00e3o temas do encontro.<\/p>\n<p>As comiss\u00f5es est\u00e3o realizando o evento em parceria com o Instituto de Estudos Socioecon\u00f4micos (INESC),\u00a0 Conselho Nacional dos Direitos da Crian\u00e7a e do Adolescentes (CONANDA), Secretaria dos Direitos Humanos (SDH), Fundo das Na\u00e7\u00f5es Unidas para a Inf\u00e2ncia (Unicef), Minist\u00e9rio da Sa\u00fade, Minist\u00e9rio da Educa\u00e7\u00e3o, Minist\u00e9rio do Desenvolvimento Social e Combate \u00e0 Fome e Disque 100<br \/>\nAcesso o boletim \u201cCrian\u00e7a e Adolescente: prioridade no Parlamento- Especial 20 anos do ECA\u201d<br \/>\nAgenda:<br \/>\nO que: Semin\u00e1rio \u201cOs 20 Anos do ECA e as Pol\u00edticas P\u00fablicas: Conquistas e Desafios\u201d<br \/>\nQuando: 13 e 14 de julho<br \/>\nOnde: no Audit\u00f3rio Nereu Ramos, anexo II da C\u00e2mara dos Deputados. Bras\u00edlia \u2013 DF<br \/>\nInscri\u00e7\u00f5es: As<a href=\"http:\/\/www2.camara.gov.br\/participe\/eventos\/seminario-os-20-anos-do-eca-e-as-politicas-publicas-conquistas-e-desafios\/eventoinscricaoview\"> inscri\u00e7\u00f5es<\/a> poder\u00e3o ser feitas atrav\u00e9s do site da C\u00e2mara dos Deputados. Os participantes ter\u00e3o direito a certificado.<\/p>\n<p><a href=\"http:\/\/www2.camara.gov.br\/participe\/eventos\/seminario-os-20-anos-do-eca-e-as-politicas-publicas-conquistas-e-desafios\/program\">Veja a programa\u00e7\u00e3o completa do evento<\/a><br \/>\n_______________________<\/p>\n<p><strong>Fonte:<\/strong> <a href=\"http:\/\/www.criancanoparlamento.org.br\/noticias\/semin%C3%A1rio-comemora-20-anos-do-eca\">Crian\u00e7a no Parlamento<\/a><\/p>\n","protected":false},"excerpt":{"rendered":"<p>No pr\u00f3ximo dia 13 de julho o Estatuto da Crian\u00e7a e do Adolescente (ECA) completa 20 anos. Essa jovem lei representa um divisor de \u00e1guas na hist\u00f3ria da inf\u00e2ncia e da adolesc\u00eancia brasileiras, ao reconhec\u00ea-los como sujeitos de direitos. Os avan\u00e7os que o ECA trouxe para a sociedade s\u00e3o ineg\u00e1veis, no entanto, segundo especialistas, muitos direitos ainda oscilam entre a teoria e a vida real. <\/p>\n","protected":false},"author":1,"featured_media":0,"comment_status":"open","ping_status":"open","sticky":false,"template":"","format":"standard","meta":{"site-container-style":"default","site-container-layout":"default","site-sidebar-layout":"default","disable-article-header":"default","disable-site-header":"default","disable-site-footer":"default","disable-content-area-spacing":"default","footnotes":""},"categories":[12,4],"tags":[60],"class_list":["post-16522","post","type-post","status-publish","format-standard","hentry","category-cursos-e-eventos","category-noticias","tag-infancia"],"yoast_head":"<!-- This site is optimized with the Yoast SEO plugin v27.5 - https:\/\/yoast.com\/product\/yoast-seo-wordpress\/ -->\n<title>Semin\u00e1rio comemora 20 anos do ECA -<\/title>\n<meta name=\"robots\" content=\"index, follow, max-snippet:-1, max-image-preview:large, max-video-preview:-1\" \/>\n<link rel=\"canonical\" href=\"https:\/\/inclusivenews.com.br\/?p=16522\" \/>\n<meta property=\"og:locale\" content=\"pt_PT\" \/>\n<meta property=\"og:type\" content=\"article\" \/>\n<meta property=\"og:title\" content=\"Semin\u00e1rio comemora 20 anos do ECA -\" \/>\n<meta property=\"og:description\" content=\"No pr\u00f3ximo dia 13 de julho o Estatuto da Crian\u00e7a e do Adolescente (ECA) completa 20 anos. Essa jovem lei representa um divisor de \u00e1guas na hist\u00f3ria da inf\u00e2ncia e da adolesc\u00eancia brasileiras, ao reconhec\u00ea-los como sujeitos de direitos. Os avan\u00e7os que o ECA trouxe para a sociedade s\u00e3o ineg\u00e1veis, no entanto, segundo especialistas, muitos direitos ainda oscilam entre a teoria e a vida real.\" \/>\n<meta property=\"og:url\" content=\"https:\/\/inclusivenews.com.br\/?p=16522\" \/>\n<meta property=\"article:publisher\" content=\"https:\/\/www.facebook.com\/agenciainclusive\/\" \/>\n<meta property=\"article:published_time\" content=\"2010-07-13T09:00:51+00:00\" \/>\n<meta property=\"og:image\" content=\"http:\/\/www.criancanoparlamento.org.br\/sites\/default\/files\/imagecache\/miniatura\/rita-estatuto.jpg\" \/>\n<meta name=\"author\" content=\"inclusivenews2024\" \/>\n<meta name=\"twitter:card\" content=\"summary_large_image\" \/>\n<meta name=\"twitter:label1\" content=\"Escrito por\" \/>\n\t<meta name=\"twitter:data1\" content=\"inclusivenews2024\" \/>\n\t<meta name=\"twitter:label2\" content=\"Tempo estimado de leitura\" \/>\n\t<meta name=\"twitter:data2\" content=\"3 minutos\" \/>\n<script type=\"application\/ld+json\" class=\"yoast-schema-graph\">{\"@context\":\"https:\\\/\\\/schema.org\",\"@graph\":[{\"@type\":\"Article\",\"@id\":\"https:\\\/\\\/inclusivenews.com.br\\\/?p=16522#article\",\"isPartOf\":{\"@id\":\"https:\\\/\\\/inclusivenews.com.br\\\/?p=16522\"},\"author\":{\"name\":\"inclusivenews2024\",\"@id\":\"https:\\\/\\\/inclusivenews.com.br\\\/#\\\/schema\\\/person\\\/ae4ec7087559b8692fb33b6fffd2273b\"},\"headline\":\"Semin\u00e1rio comemora 20 anos do ECA\",\"datePublished\":\"2010-07-13T09:00:51+00:00\",\"mainEntityOfPage\":{\"@id\":\"https:\\\/\\\/inclusivenews.com.br\\\/?p=16522\"},\"wordCount\":531,\"commentCount\":0,\"publisher\":{\"@id\":\"https:\\\/\\\/inclusivenews.com.br\\\/#organization\"},\"image\":{\"@id\":\"https:\\\/\\\/inclusivenews.com.br\\\/?p=16522#primaryimage\"},\"thumbnailUrl\":\"http:\\\/\\\/www.criancanoparlamento.org.br\\\/sites\\\/default\\\/files\\\/imagecache\\\/miniatura\\\/rita-estatuto.jpg\",\"keywords\":[\"Inf\u00e2ncia\"],\"articleSection\":[\"Cursos e eventos\",\"NOT\u00cdCIAS\"],\"inLanguage\":\"pt-PT\",\"potentialAction\":[{\"@type\":\"CommentAction\",\"name\":\"Comment\",\"target\":[\"https:\\\/\\\/inclusivenews.com.br\\\/?p=16522#respond\"]}]},{\"@type\":\"WebPage\",\"@id\":\"https:\\\/\\\/inclusivenews.com.br\\\/?p=16522\",\"url\":\"https:\\\/\\\/inclusivenews.com.br\\\/?p=16522\",\"name\":\"Semin\u00e1rio comemora 20 anos do ECA -\",\"isPartOf\":{\"@id\":\"https:\\\/\\\/inclusivenews.com.br\\\/#website\"},\"primaryImageOfPage\":{\"@id\":\"https:\\\/\\\/inclusivenews.com.br\\\/?p=16522#primaryimage\"},\"image\":{\"@id\":\"https:\\\/\\\/inclusivenews.com.br\\\/?p=16522#primaryimage\"},\"thumbnailUrl\":\"http:\\\/\\\/www.criancanoparlamento.org.br\\\/sites\\\/default\\\/files\\\/imagecache\\\/miniatura\\\/rita-estatuto.jpg\",\"datePublished\":\"2010-07-13T09:00:51+00:00\",\"breadcrumb\":{\"@id\":\"https:\\\/\\\/inclusivenews.com.br\\\/?p=16522#breadcrumb\"},\"inLanguage\":\"pt-PT\",\"potentialAction\":[{\"@type\":\"ReadAction\",\"target\":[\"https:\\\/\\\/inclusivenews.com.br\\\/?p=16522\"]}]},{\"@type\":\"ImageObject\",\"inLanguage\":\"pt-PT\",\"@id\":\"https:\\\/\\\/inclusivenews.com.br\\\/?p=16522#primaryimage\",\"url\":\"http:\\\/\\\/www.criancanoparlamento.org.br\\\/sites\\\/default\\\/files\\\/imagecache\\\/miniatura\\\/rita-estatuto.jpg\",\"contentUrl\":\"http:\\\/\\\/www.criancanoparlamento.org.br\\\/sites\\\/default\\\/files\\\/imagecache\\\/miniatura\\\/rita-estatuto.jpg\"},{\"@type\":\"BreadcrumbList\",\"@id\":\"https:\\\/\\\/inclusivenews.com.br\\\/?p=16522#breadcrumb\",\"itemListElement\":[{\"@type\":\"ListItem\",\"position\":1,\"name\":\"In\u00edcio\",\"item\":\"https:\\\/\\\/inclusivenews.com.br\\\/\"},{\"@type\":\"ListItem\",\"position\":2,\"name\":\"Semin\u00e1rio comemora 20 anos do ECA\"}]},{\"@type\":\"WebSite\",\"@id\":\"https:\\\/\\\/inclusivenews.com.br\\\/#website\",\"url\":\"https:\\\/\\\/inclusivenews.com.br\\\/\",\"name\":\"Inclusive News\",\"description\":\"Inclusive News\",\"publisher\":{\"@id\":\"https:\\\/\\\/inclusivenews.com.br\\\/#organization\"},\"potentialAction\":[{\"@type\":\"SearchAction\",\"target\":{\"@type\":\"EntryPoint\",\"urlTemplate\":\"https:\\\/\\\/inclusivenews.com.br\\\/?s={search_term_string}\"},\"query-input\":{\"@type\":\"PropertyValueSpecification\",\"valueRequired\":true,\"valueName\":\"search_term_string\"}}],\"inLanguage\":\"pt-PT\"},{\"@type\":\"Organization\",\"@id\":\"https:\\\/\\\/inclusivenews.com.br\\\/#organization\",\"name\":\"Inclusive - inclus\u00e3o e cidadania\",\"url\":\"https:\\\/\\\/inclusivenews.com.br\\\/\",\"logo\":{\"@type\":\"ImageObject\",\"inLanguage\":\"pt-PT\",\"@id\":\"https:\\\/\\\/inclusivenews.com.br\\\/#\\\/schema\\\/logo\\\/image\\\/\",\"url\":\"https:\\\/\\\/inclusivenews.com.br\\\/wp-content\\\/uploads\\\/2024\\\/03\\\/@grandesite.png\",\"contentUrl\":\"https:\\\/\\\/inclusivenews.com.br\\\/wp-content\\\/uploads\\\/2024\\\/03\\\/@grandesite.png\",\"width\":1080,\"height\":1080,\"caption\":\"Inclusive - inclus\u00e3o e cidadania\"},\"image\":{\"@id\":\"https:\\\/\\\/inclusivenews.com.br\\\/#\\\/schema\\\/logo\\\/image\\\/\"},\"sameAs\":[\"https:\\\/\\\/www.facebook.com\\\/agenciainclusive\\\/\",\"https:\\\/\\\/www.instagram.com\\\/newsinclusive\\\/\"]},{\"@type\":\"Person\",\"@id\":\"https:\\\/\\\/inclusivenews.com.br\\\/#\\\/schema\\\/person\\\/ae4ec7087559b8692fb33b6fffd2273b\",\"name\":\"inclusivenews2024\",\"image\":{\"@type\":\"ImageObject\",\"inLanguage\":\"pt-PT\",\"@id\":\"https:\\\/\\\/secure.gravatar.com\\\/avatar\\\/c5a7ef84c66fa914f55bc4f7ce26cfa275a3b9a1c5568b907bd184fb4dde7b40?s=96&d=mm&r=g\",\"url\":\"https:\\\/\\\/secure.gravatar.com\\\/avatar\\\/c5a7ef84c66fa914f55bc4f7ce26cfa275a3b9a1c5568b907bd184fb4dde7b40?s=96&d=mm&r=g\",\"contentUrl\":\"https:\\\/\\\/secure.gravatar.com\\\/avatar\\\/c5a7ef84c66fa914f55bc4f7ce26cfa275a3b9a1c5568b907bd184fb4dde7b40?s=96&d=mm&r=g\",\"caption\":\"inclusivenews2024\"},\"sameAs\":[\"https:\\\/\\\/inclusivenews.com.br\"],\"url\":\"https:\\\/\\\/inclusivenews.com.br\\\/?author=1\"}]}<\/script>\n<!-- \/ Yoast SEO plugin. -->","yoast_head_json":{"title":"Semin\u00e1rio comemora 20 anos do ECA -","robots":{"index":"index","follow":"follow","max-snippet":"max-snippet:-1","max-image-preview":"max-image-preview:large","max-video-preview":"max-video-preview:-1"},"canonical":"https:\/\/inclusivenews.com.br\/?p=16522","og_locale":"pt_PT","og_type":"article","og_title":"Semin\u00e1rio comemora 20 anos do ECA -","og_description":"No pr\u00f3ximo dia 13 de julho o Estatuto da Crian\u00e7a e do Adolescente (ECA) completa 20 anos. Essa jovem lei representa um divisor de \u00e1guas na hist\u00f3ria da inf\u00e2ncia e da adolesc\u00eancia brasileiras, ao reconhec\u00ea-los como sujeitos de direitos. Os avan\u00e7os que o ECA trouxe para a sociedade s\u00e3o ineg\u00e1veis, no entanto, segundo especialistas, muitos direitos ainda oscilam entre a teoria e a vida real.","og_url":"https:\/\/inclusivenews.com.br\/?p=16522","article_publisher":"https:\/\/www.facebook.com\/agenciainclusive\/","article_published_time":"2010-07-13T09:00:51+00:00","og_image":[{"url":"http:\/\/www.criancanoparlamento.org.br\/sites\/default\/files\/imagecache\/miniatura\/rita-estatuto.jpg","type":"","width":"","height":""}],"author":"inclusivenews2024","twitter_card":"summary_large_image","twitter_misc":{"Escrito por":"inclusivenews2024","Tempo estimado de leitura":"3 minutos"},"schema":{"@context":"https:\/\/schema.org","@graph":[{"@type":"Article","@id":"https:\/\/inclusivenews.com.br\/?p=16522#article","isPartOf":{"@id":"https:\/\/inclusivenews.com.br\/?p=16522"},"author":{"name":"inclusivenews2024","@id":"https:\/\/inclusivenews.com.br\/#\/schema\/person\/ae4ec7087559b8692fb33b6fffd2273b"},"headline":"Semin\u00e1rio comemora 20 anos do ECA","datePublished":"2010-07-13T09:00:51+00:00","mainEntityOfPage":{"@id":"https:\/\/inclusivenews.com.br\/?p=16522"},"wordCount":531,"commentCount":0,"publisher":{"@id":"https:\/\/inclusivenews.com.br\/#organization"},"image":{"@id":"https:\/\/inclusivenews.com.br\/?p=16522#primaryimage"},"thumbnailUrl":"http:\/\/www.criancanoparlamento.org.br\/sites\/default\/files\/imagecache\/miniatura\/rita-estatuto.jpg","keywords":["Inf\u00e2ncia"],"articleSection":["Cursos e eventos","NOT\u00cdCIAS"],"inLanguage":"pt-PT","potentialAction":[{"@type":"CommentAction","name":"Comment","target":["https:\/\/inclusivenews.com.br\/?p=16522#respond"]}]},{"@type":"WebPage","@id":"https:\/\/inclusivenews.com.br\/?p=16522","url":"https:\/\/inclusivenews.com.br\/?p=16522","name":"Semin\u00e1rio comemora 20 anos do ECA -","isPartOf":{"@id":"https:\/\/inclusivenews.com.br\/#website"},"primaryImageOfPage":{"@id":"https:\/\/inclusivenews.com.br\/?p=16522#primaryimage"},"image":{"@id":"https:\/\/inclusivenews.com.br\/?p=16522#primaryimage"},"thumbnailUrl":"http:\/\/www.criancanoparlamento.org.br\/sites\/default\/files\/imagecache\/miniatura\/rita-estatuto.jpg","datePublished":"2010-07-13T09:00:51+00:00","breadcrumb":{"@id":"https:\/\/inclusivenews.com.br\/?p=16522#breadcrumb"},"inLanguage":"pt-PT","potentialAction":[{"@type":"ReadAction","target":["https:\/\/inclusivenews.com.br\/?p=16522"]}]},{"@type":"ImageObject","inLanguage":"pt-PT","@id":"https:\/\/inclusivenews.com.br\/?p=16522#primaryimage","url":"http:\/\/www.criancanoparlamento.org.br\/sites\/default\/files\/imagecache\/miniatura\/rita-estatuto.jpg","contentUrl":"http:\/\/www.criancanoparlamento.org.br\/sites\/default\/files\/imagecache\/miniatura\/rita-estatuto.jpg"},{"@type":"BreadcrumbList","@id":"https:\/\/inclusivenews.com.br\/?p=16522#breadcrumb","itemListElement":[{"@type":"ListItem","position":1,"name":"In\u00edcio","item":"https:\/\/inclusivenews.com.br\/"},{"@type":"ListItem","position":2,"name":"Semin\u00e1rio comemora 20 anos do ECA"}]},{"@type":"WebSite","@id":"https:\/\/inclusivenews.com.br\/#website","url":"https:\/\/inclusivenews.com.br\/","name":"Inclusive News","description":"Inclusive News","publisher":{"@id":"https:\/\/inclusivenews.com.br\/#organization"},"potentialAction":[{"@type":"SearchAction","target":{"@type":"EntryPoint","urlTemplate":"https:\/\/inclusivenews.com.br\/?s={search_term_string}"},"query-input":{"@type":"PropertyValueSpecification","valueRequired":true,"valueName":"search_term_string"}}],"inLanguage":"pt-PT"},{"@type":"Organization","@id":"https:\/\/inclusivenews.com.br\/#organization","name":"Inclusive - inclus\u00e3o e cidadania","url":"https:\/\/inclusivenews.com.br\/","logo":{"@type":"ImageObject","inLanguage":"pt-PT","@id":"https:\/\/inclusivenews.com.br\/#\/schema\/logo\/image\/","url":"https:\/\/inclusivenews.com.br\/wp-content\/uploads\/2024\/03\/@grandesite.png","contentUrl":"https:\/\/inclusivenews.com.br\/wp-content\/uploads\/2024\/03\/@grandesite.png","width":1080,"height":1080,"caption":"Inclusive - inclus\u00e3o e cidadania"},"image":{"@id":"https:\/\/inclusivenews.com.br\/#\/schema\/logo\/image\/"},"sameAs":["https:\/\/www.facebook.com\/agenciainclusive\/","https:\/\/www.instagram.com\/newsinclusive\/"]},{"@type":"Person","@id":"https:\/\/inclusivenews.com.br\/#\/schema\/person\/ae4ec7087559b8692fb33b6fffd2273b","name":"inclusivenews2024","image":{"@type":"ImageObject","inLanguage":"pt-PT","@id":"https:\/\/secure.gravatar.com\/avatar\/c5a7ef84c66fa914f55bc4f7ce26cfa275a3b9a1c5568b907bd184fb4dde7b40?s=96&d=mm&r=g","url":"https:\/\/secure.gravatar.com\/avatar\/c5a7ef84c66fa914f55bc4f7ce26cfa275a3b9a1c5568b907bd184fb4dde7b40?s=96&d=mm&r=g","contentUrl":"https:\/\/secure.gravatar.com\/avatar\/c5a7ef84c66fa914f55bc4f7ce26cfa275a3b9a1c5568b907bd184fb4dde7b40?s=96&d=mm&r=g","caption":"inclusivenews2024"},"sameAs":["https:\/\/inclusivenews.com.br"],"url":"https:\/\/inclusivenews.com.br\/?author=1"}]}},"_links":{"self":[{"href":"https:\/\/inclusivenews.com.br\/index.php?rest_route=\/wp\/v2\/posts\/16522","targetHints":{"allow":["GET"]}}],"collection":[{"href":"https:\/\/inclusivenews.com.br\/index.php?rest_route=\/wp\/v2\/posts"}],"about":[{"href":"https:\/\/inclusivenews.com.br\/index.php?rest_route=\/wp\/v2\/types\/post"}],"author":[{"embeddable":true,"href":"https:\/\/inclusivenews.com.br\/index.php?rest_route=\/wp\/v2\/users\/1"}],"replies":[{"embeddable":true,"href":"https:\/\/inclusivenews.com.br\/index.php?rest_route=%2Fwp%2Fv2%2Fcomments&post=16522"}],"version-history":[{"count":0,"href":"https:\/\/inclusivenews.com.br\/index.php?rest_route=\/wp\/v2\/posts\/16522\/revisions"}],"wp:attachment":[{"href":"https:\/\/inclusivenews.com.br\/index.php?rest_route=%2Fwp%2Fv2%2Fmedia&parent=16522"}],"wp:term":[{"taxonomy":"category","embeddable":true,"href":"https:\/\/inclusivenews.com.br\/index.php?rest_route=%2Fwp%2Fv2%2Fcategories&post=16522"},{"taxonomy":"post_tag","embeddable":true,"href":"https:\/\/inclusivenews.com.br\/index.php?rest_route=%2Fwp%2Fv2%2Ftags&post=16522"}],"curies":[{"name":"wp","href":"https:\/\/api.w.org\/{rel}","templated":true}]}}