{"id":16524,"date":"2010-07-15T05:55:14","date_gmt":"2010-07-15T08:55:14","guid":{"rendered":"http:\/\/www.inclusive.org.br\/?p=16524"},"modified":"2010-07-15T05:55:14","modified_gmt":"2010-07-15T08:55:14","slug":"identificacao-de-padroes-de-utilizacao-da-web-mediada-por-tecnologias-assistivas","status":"publish","type":"post","link":"https:\/\/inclusivenews.com.br\/?p=16524","title":{"rendered":"Identifica\u00e7\u00e3o de padr\u00f5es de utiliza\u00e7\u00e3o da web mediada por tecnologias assistivas"},"content":{"rendered":"<figure id=\"attachment_12736\" aria-describedby=\"caption-attachment-12736\" style=\"width: 150px\" class=\"wp-caption alignnone\"><a href=\"http:\/\/www.inclusivenews.com.br\/wp-content\/uploads\/2009\/11\/corujinha2.jpg\"><img loading=\"lazy\" decoding=\"async\" class=\"size-full wp-image-12736 \" title=\"Inclusive - corujinha - produ\u00e7\u00e3o acad\u00eamica.\" src=\"http:\/\/inclusivenews.com.br\/wp-content\/uploads\/2009\/11\/corujinha2.jpg\" alt=\"\" width=\"150\" height=\"150\" \/><\/a><figcaption id=\"caption-attachment-12736\" class=\"wp-caption-text\"> <\/figcaption><\/figure>\n<p>Identifica\u00e7\u00e3o de padr\u00f5es de utiliza\u00e7\u00e3o da web mediada por tecnologias assistivas, por Vagner Figueredo de Santana. Universidade Estadual de Campinas.<\/p>\n<p><a href=\"http:\/\/libdigi.unicamp.br\/document\/?code=000445010\">Link para download.<\/a><\/p>\n<p><strong>RESUMO\/ABSTRACT<\/strong><\/p>\n<p>A Web conta com dezenas de milh\u00f5es de websites, mas poucos deles est\u00e3o em conformidade com requisitos simples de acessibilidade, como utilizar tamanhos relativos ou descrever elementos gr\u00e1ficos, o que pode indicar problemas de design de Interface de Usu\u00e1rio (IU). Para se identificar este tipo de problema utiliza-se avalia\u00e7\u00e3o do c\u00f3digo de websites. No entanto, outros problemas surgem apenas durante a intera\u00e7\u00e3o do usu\u00e1rio com a IU. Sem considerar dados resultantes do uso, problemas de usabilidade e\/ou barreiras de acessibilidade podem permanecer desconhecidos. Portanto, identificar como usu\u00e1rios interagem com IUs e uma forma de detectar problemas de design e descobrir maneiras de utiliza\u00e7\u00e3o diferentes das previstas durante o projeto de IU. Entre as maneiras de capturar a intera\u00e7\u00e3o do usu\u00e1rio com IUs est\u00e3o a utiliza\u00e7\u00e3o de v\u00eddeos, captura dos movimentos dos olhos do usu\u00e1rio, etc. Na Web, alguns m\u00e9todos s\u00e3o menos indicados que outros devido \u00e0 necessidade de utiliza\u00e7\u00e3o de componentes espec\u00edficos de hardware e\/ou software, o que pode reduzir a participa\u00e7\u00e3o do publico alvo e reduzir a representatividade de uma avalia\u00e7\u00e3o. Para se conhecer como usu\u00e1rios utilizam a IU na Web, e poss\u00edvel utilizar logs capturados no lado do servidor e no lado do cliente. Este ultimo e o que possibilita a obten\u00e7\u00e3o de mais detalhes e, consequentemente, reconstru\u00e7\u00e3o das a\u00e7\u00f5es do usu\u00e1rio em maior granularidade do que apenas identificar quais paginas o usu\u00e1rio visitou. Assim, pequenas diferen\u00e7as durante a intera\u00e7\u00e3o podem ser identificadas e, consequentemente, auxiliar especialistas na identifica\u00e7\u00e3o de padr\u00f5es de utiliza\u00e7\u00e3o e poss\u00edveis problemas de design. Dado o volume de dados resultante da captura de eventos no lado do cliente, a utiliza\u00e7\u00e3o de ferramentas autom\u00e1ticas se faz necess\u00e1ria, seja para captura ou para extra\u00e7\u00e3o de informa\u00e7\u00f5es dos logs. Este trabalho apresenta requisitos para ferramentas de avalia\u00e7\u00e3o de websites baseadas em logs de eventos. Ainda, com base nestes requisitos, define um modelo de captura ass\u00edncrona de eventos para auxiliar desenvolvedores de ferramentas de avalia\u00e7\u00e3o de websites. Assim, requisitos e modelo de captura constituem um ponto de partida para desenvolvedores que desejam capturar logs de eventos disparados no dispositivo utilizado pelo cliente, apoiando a captura de dados de utiliza\u00e7\u00e3o real. Outra contribui\u00e7\u00e3o apresentada \u00e9 a especifica\u00e7\u00e3o de um modelo para identificar padr\u00f5es de utiliza\u00e7\u00e3o da Web mediada por tecnologias assistivas. A implementa\u00e7\u00e3o deste modelo demonstra a viabilidade de se capturar dados durante a utiliza\u00e7\u00e3o real, envolvendo usu\u00e1rios de tecnologias assistivas, em seus ambientes cotidianos de utiliza\u00e7\u00e3o da Web. Um grafo de utiliza\u00e7\u00e3o resulta desse modelo. Ele \u00e9 composto por fluxos de uso e caminhos mais comuns de uma pagina avaliada, assim como representa\u00e7\u00f5es visuais de diferen\u00e7as significativas nesses fluxos. O modelo tamb\u00e9m prop\u00f5e uma t\u00e9cnica de como indicar poss\u00edveis problemas de design nas paginas Web avaliadas, auxiliando na tarefa de avaliar websites, tendo como foco principal a identifica\u00e7\u00e3o de padr\u00f5es de utiliza\u00e7\u00e3o de usu\u00e1rios de tecnologias assistivas.<\/p>\n","protected":false},"excerpt":{"rendered":"<p>A implementa\u00e7\u00e3o deste modelo demonstra a viabilidade de se capturar dados durante a utiliza\u00e7\u00e3o real, envolvendo usu\u00e1rios de tecnologias assistivas, em seus ambientes cotidianos de utiliza\u00e7\u00e3o da Web. (Produ\u00e7\u00e3o acad\u00eamica)<\/p>\n","protected":false},"author":1,"featured_media":0,"comment_status":"open","ping_status":"open","sticky":false,"template":"","format":"standard","meta":{"site-container-style":"default","site-container-layout":"default","site-sidebar-layout":"default","disable-article-header":"default","disable-site-header":"default","disable-site-footer":"default","disable-content-area-spacing":"default","footnotes":""},"categories":[24],"tags":[],"class_list":["post-16524","post","type-post","status-publish","format-standard","hentry","category-producao-academica"],"yoast_head":"<!-- This site is optimized with the Yoast SEO plugin v27.4 - https:\/\/yoast.com\/product\/yoast-seo-wordpress\/ -->\n<title>Identifica\u00e7\u00e3o de padr\u00f5es de utiliza\u00e7\u00e3o da web mediada por tecnologias assistivas -<\/title>\n<meta name=\"robots\" content=\"index, follow, max-snippet:-1, max-image-preview:large, max-video-preview:-1\" \/>\n<link rel=\"canonical\" href=\"https:\/\/inclusivenews.com.br\/?p=16524\" \/>\n<meta property=\"og:locale\" content=\"pt_PT\" \/>\n<meta property=\"og:type\" content=\"article\" \/>\n<meta property=\"og:title\" content=\"Identifica\u00e7\u00e3o de padr\u00f5es de utiliza\u00e7\u00e3o da web mediada por tecnologias assistivas -\" \/>\n<meta property=\"og:description\" content=\"A implementa\u00e7\u00e3o deste modelo demonstra a viabilidade de se capturar dados durante a utiliza\u00e7\u00e3o real, envolvendo usu\u00e1rios de tecnologias assistivas, em seus ambientes cotidianos de utiliza\u00e7\u00e3o da Web. (Produ\u00e7\u00e3o acad\u00eamica)\" \/>\n<meta property=\"og:url\" content=\"https:\/\/inclusivenews.com.br\/?p=16524\" \/>\n<meta property=\"article:publisher\" content=\"https:\/\/www.facebook.com\/agenciainclusive\/\" \/>\n<meta property=\"article:published_time\" content=\"2010-07-15T08:55:14+00:00\" \/>\n<meta property=\"og:image\" content=\"http:\/\/inclusivenews.com.br\/wp-content\/uploads\/2009\/11\/corujinha2.jpg\" \/>\n<meta name=\"author\" content=\"inclusivenews2024\" \/>\n<meta name=\"twitter:card\" content=\"summary_large_image\" \/>\n<meta name=\"twitter:label1\" content=\"Escrito por\" \/>\n\t<meta name=\"twitter:data1\" content=\"inclusivenews2024\" \/>\n\t<meta name=\"twitter:label2\" content=\"Tempo estimado de leitura\" \/>\n\t<meta name=\"twitter:data2\" content=\"3 minutos\" \/>\n<script type=\"application\/ld+json\" class=\"yoast-schema-graph\">{\"@context\":\"https:\\\/\\\/schema.org\",\"@graph\":[{\"@type\":\"Article\",\"@id\":\"https:\\\/\\\/inclusivenews.com.br\\\/?p=16524#article\",\"isPartOf\":{\"@id\":\"https:\\\/\\\/inclusivenews.com.br\\\/?p=16524\"},\"author\":{\"name\":\"inclusivenews2024\",\"@id\":\"https:\\\/\\\/inclusivenews.com.br\\\/#\\\/schema\\\/person\\\/ae4ec7087559b8692fb33b6fffd2273b\"},\"headline\":\"Identifica\u00e7\u00e3o de padr\u00f5es de utiliza\u00e7\u00e3o da web mediada por tecnologias assistivas\",\"datePublished\":\"2010-07-15T08:55:14+00:00\",\"mainEntityOfPage\":{\"@id\":\"https:\\\/\\\/inclusivenews.com.br\\\/?p=16524\"},\"wordCount\":581,\"commentCount\":0,\"publisher\":{\"@id\":\"https:\\\/\\\/inclusivenews.com.br\\\/#organization\"},\"image\":{\"@id\":\"https:\\\/\\\/inclusivenews.com.br\\\/?p=16524#primaryimage\"},\"thumbnailUrl\":\"http:\\\/\\\/inclusivenews.com.br\\\/wp-content\\\/uploads\\\/2009\\\/11\\\/corujinha2.jpg\",\"articleSection\":[\"Produ\u00e7\u00e3o acad\u00eamica\"],\"inLanguage\":\"pt-PT\",\"potentialAction\":[{\"@type\":\"CommentAction\",\"name\":\"Comment\",\"target\":[\"https:\\\/\\\/inclusivenews.com.br\\\/?p=16524#respond\"]}]},{\"@type\":\"WebPage\",\"@id\":\"https:\\\/\\\/inclusivenews.com.br\\\/?p=16524\",\"url\":\"https:\\\/\\\/inclusivenews.com.br\\\/?p=16524\",\"name\":\"Identifica\u00e7\u00e3o de padr\u00f5es de utiliza\u00e7\u00e3o da web mediada por tecnologias assistivas -\",\"isPartOf\":{\"@id\":\"https:\\\/\\\/inclusivenews.com.br\\\/#website\"},\"primaryImageOfPage\":{\"@id\":\"https:\\\/\\\/inclusivenews.com.br\\\/?p=16524#primaryimage\"},\"image\":{\"@id\":\"https:\\\/\\\/inclusivenews.com.br\\\/?p=16524#primaryimage\"},\"thumbnailUrl\":\"http:\\\/\\\/inclusivenews.com.br\\\/wp-content\\\/uploads\\\/2009\\\/11\\\/corujinha2.jpg\",\"datePublished\":\"2010-07-15T08:55:14+00:00\",\"breadcrumb\":{\"@id\":\"https:\\\/\\\/inclusivenews.com.br\\\/?p=16524#breadcrumb\"},\"inLanguage\":\"pt-PT\",\"potentialAction\":[{\"@type\":\"ReadAction\",\"target\":[\"https:\\\/\\\/inclusivenews.com.br\\\/?p=16524\"]}]},{\"@type\":\"ImageObject\",\"inLanguage\":\"pt-PT\",\"@id\":\"https:\\\/\\\/inclusivenews.com.br\\\/?p=16524#primaryimage\",\"url\":\"https:\\\/\\\/inclusivenews.com.br\\\/wp-content\\\/uploads\\\/2009\\\/11\\\/corujinha2.jpg\",\"contentUrl\":\"https:\\\/\\\/inclusivenews.com.br\\\/wp-content\\\/uploads\\\/2009\\\/11\\\/corujinha2.jpg\",\"width\":150,\"height\":150},{\"@type\":\"BreadcrumbList\",\"@id\":\"https:\\\/\\\/inclusivenews.com.br\\\/?p=16524#breadcrumb\",\"itemListElement\":[{\"@type\":\"ListItem\",\"position\":1,\"name\":\"In\u00edcio\",\"item\":\"https:\\\/\\\/inclusivenews.com.br\\\/\"},{\"@type\":\"ListItem\",\"position\":2,\"name\":\"Identifica\u00e7\u00e3o de padr\u00f5es de utiliza\u00e7\u00e3o da web mediada por tecnologias assistivas\"}]},{\"@type\":\"WebSite\",\"@id\":\"https:\\\/\\\/inclusivenews.com.br\\\/#website\",\"url\":\"https:\\\/\\\/inclusivenews.com.br\\\/\",\"name\":\"Inclusive News\",\"description\":\"Inclusive News\",\"publisher\":{\"@id\":\"https:\\\/\\\/inclusivenews.com.br\\\/#organization\"},\"potentialAction\":[{\"@type\":\"SearchAction\",\"target\":{\"@type\":\"EntryPoint\",\"urlTemplate\":\"https:\\\/\\\/inclusivenews.com.br\\\/?s={search_term_string}\"},\"query-input\":{\"@type\":\"PropertyValueSpecification\",\"valueRequired\":true,\"valueName\":\"search_term_string\"}}],\"inLanguage\":\"pt-PT\"},{\"@type\":\"Organization\",\"@id\":\"https:\\\/\\\/inclusivenews.com.br\\\/#organization\",\"name\":\"Inclusive - inclus\u00e3o e cidadania\",\"url\":\"https:\\\/\\\/inclusivenews.com.br\\\/\",\"logo\":{\"@type\":\"ImageObject\",\"inLanguage\":\"pt-PT\",\"@id\":\"https:\\\/\\\/inclusivenews.com.br\\\/#\\\/schema\\\/logo\\\/image\\\/\",\"url\":\"https:\\\/\\\/inclusivenews.com.br\\\/wp-content\\\/uploads\\\/2024\\\/03\\\/@grandesite.png\",\"contentUrl\":\"https:\\\/\\\/inclusivenews.com.br\\\/wp-content\\\/uploads\\\/2024\\\/03\\\/@grandesite.png\",\"width\":1080,\"height\":1080,\"caption\":\"Inclusive - inclus\u00e3o e cidadania\"},\"image\":{\"@id\":\"https:\\\/\\\/inclusivenews.com.br\\\/#\\\/schema\\\/logo\\\/image\\\/\"},\"sameAs\":[\"https:\\\/\\\/www.facebook.com\\\/agenciainclusive\\\/\",\"https:\\\/\\\/www.instagram.com\\\/newsinclusive\\\/\"]},{\"@type\":\"Person\",\"@id\":\"https:\\\/\\\/inclusivenews.com.br\\\/#\\\/schema\\\/person\\\/ae4ec7087559b8692fb33b6fffd2273b\",\"name\":\"inclusivenews2024\",\"image\":{\"@type\":\"ImageObject\",\"inLanguage\":\"pt-PT\",\"@id\":\"https:\\\/\\\/secure.gravatar.com\\\/avatar\\\/c5a7ef84c66fa914f55bc4f7ce26cfa275a3b9a1c5568b907bd184fb4dde7b40?s=96&d=mm&r=g\",\"url\":\"https:\\\/\\\/secure.gravatar.com\\\/avatar\\\/c5a7ef84c66fa914f55bc4f7ce26cfa275a3b9a1c5568b907bd184fb4dde7b40?s=96&d=mm&r=g\",\"contentUrl\":\"https:\\\/\\\/secure.gravatar.com\\\/avatar\\\/c5a7ef84c66fa914f55bc4f7ce26cfa275a3b9a1c5568b907bd184fb4dde7b40?s=96&d=mm&r=g\",\"caption\":\"inclusivenews2024\"},\"sameAs\":[\"https:\\\/\\\/inclusivenews.com.br\"],\"url\":\"https:\\\/\\\/inclusivenews.com.br\\\/?author=1\"}]}<\/script>\n<!-- \/ Yoast SEO plugin. -->","yoast_head_json":{"title":"Identifica\u00e7\u00e3o de padr\u00f5es de utiliza\u00e7\u00e3o da web mediada por tecnologias assistivas -","robots":{"index":"index","follow":"follow","max-snippet":"max-snippet:-1","max-image-preview":"max-image-preview:large","max-video-preview":"max-video-preview:-1"},"canonical":"https:\/\/inclusivenews.com.br\/?p=16524","og_locale":"pt_PT","og_type":"article","og_title":"Identifica\u00e7\u00e3o de padr\u00f5es de utiliza\u00e7\u00e3o da web mediada por tecnologias assistivas -","og_description":"A implementa\u00e7\u00e3o deste modelo demonstra a viabilidade de se capturar dados durante a utiliza\u00e7\u00e3o real, envolvendo usu\u00e1rios de tecnologias assistivas, em seus ambientes cotidianos de utiliza\u00e7\u00e3o da Web. (Produ\u00e7\u00e3o acad\u00eamica)","og_url":"https:\/\/inclusivenews.com.br\/?p=16524","article_publisher":"https:\/\/www.facebook.com\/agenciainclusive\/","article_published_time":"2010-07-15T08:55:14+00:00","og_image":[{"url":"http:\/\/inclusivenews.com.br\/wp-content\/uploads\/2009\/11\/corujinha2.jpg","type":"","width":"","height":""}],"author":"inclusivenews2024","twitter_card":"summary_large_image","twitter_misc":{"Escrito por":"inclusivenews2024","Tempo estimado de leitura":"3 minutos"},"schema":{"@context":"https:\/\/schema.org","@graph":[{"@type":"Article","@id":"https:\/\/inclusivenews.com.br\/?p=16524#article","isPartOf":{"@id":"https:\/\/inclusivenews.com.br\/?p=16524"},"author":{"name":"inclusivenews2024","@id":"https:\/\/inclusivenews.com.br\/#\/schema\/person\/ae4ec7087559b8692fb33b6fffd2273b"},"headline":"Identifica\u00e7\u00e3o de padr\u00f5es de utiliza\u00e7\u00e3o da web mediada por tecnologias assistivas","datePublished":"2010-07-15T08:55:14+00:00","mainEntityOfPage":{"@id":"https:\/\/inclusivenews.com.br\/?p=16524"},"wordCount":581,"commentCount":0,"publisher":{"@id":"https:\/\/inclusivenews.com.br\/#organization"},"image":{"@id":"https:\/\/inclusivenews.com.br\/?p=16524#primaryimage"},"thumbnailUrl":"http:\/\/inclusivenews.com.br\/wp-content\/uploads\/2009\/11\/corujinha2.jpg","articleSection":["Produ\u00e7\u00e3o acad\u00eamica"],"inLanguage":"pt-PT","potentialAction":[{"@type":"CommentAction","name":"Comment","target":["https:\/\/inclusivenews.com.br\/?p=16524#respond"]}]},{"@type":"WebPage","@id":"https:\/\/inclusivenews.com.br\/?p=16524","url":"https:\/\/inclusivenews.com.br\/?p=16524","name":"Identifica\u00e7\u00e3o de padr\u00f5es de utiliza\u00e7\u00e3o da web mediada por tecnologias assistivas -","isPartOf":{"@id":"https:\/\/inclusivenews.com.br\/#website"},"primaryImageOfPage":{"@id":"https:\/\/inclusivenews.com.br\/?p=16524#primaryimage"},"image":{"@id":"https:\/\/inclusivenews.com.br\/?p=16524#primaryimage"},"thumbnailUrl":"http:\/\/inclusivenews.com.br\/wp-content\/uploads\/2009\/11\/corujinha2.jpg","datePublished":"2010-07-15T08:55:14+00:00","breadcrumb":{"@id":"https:\/\/inclusivenews.com.br\/?p=16524#breadcrumb"},"inLanguage":"pt-PT","potentialAction":[{"@type":"ReadAction","target":["https:\/\/inclusivenews.com.br\/?p=16524"]}]},{"@type":"ImageObject","inLanguage":"pt-PT","@id":"https:\/\/inclusivenews.com.br\/?p=16524#primaryimage","url":"https:\/\/inclusivenews.com.br\/wp-content\/uploads\/2009\/11\/corujinha2.jpg","contentUrl":"https:\/\/inclusivenews.com.br\/wp-content\/uploads\/2009\/11\/corujinha2.jpg","width":150,"height":150},{"@type":"BreadcrumbList","@id":"https:\/\/inclusivenews.com.br\/?p=16524#breadcrumb","itemListElement":[{"@type":"ListItem","position":1,"name":"In\u00edcio","item":"https:\/\/inclusivenews.com.br\/"},{"@type":"ListItem","position":2,"name":"Identifica\u00e7\u00e3o de padr\u00f5es de utiliza\u00e7\u00e3o da web mediada por tecnologias assistivas"}]},{"@type":"WebSite","@id":"https:\/\/inclusivenews.com.br\/#website","url":"https:\/\/inclusivenews.com.br\/","name":"Inclusive News","description":"Inclusive News","publisher":{"@id":"https:\/\/inclusivenews.com.br\/#organization"},"potentialAction":[{"@type":"SearchAction","target":{"@type":"EntryPoint","urlTemplate":"https:\/\/inclusivenews.com.br\/?s={search_term_string}"},"query-input":{"@type":"PropertyValueSpecification","valueRequired":true,"valueName":"search_term_string"}}],"inLanguage":"pt-PT"},{"@type":"Organization","@id":"https:\/\/inclusivenews.com.br\/#organization","name":"Inclusive - inclus\u00e3o e cidadania","url":"https:\/\/inclusivenews.com.br\/","logo":{"@type":"ImageObject","inLanguage":"pt-PT","@id":"https:\/\/inclusivenews.com.br\/#\/schema\/logo\/image\/","url":"https:\/\/inclusivenews.com.br\/wp-content\/uploads\/2024\/03\/@grandesite.png","contentUrl":"https:\/\/inclusivenews.com.br\/wp-content\/uploads\/2024\/03\/@grandesite.png","width":1080,"height":1080,"caption":"Inclusive - inclus\u00e3o e cidadania"},"image":{"@id":"https:\/\/inclusivenews.com.br\/#\/schema\/logo\/image\/"},"sameAs":["https:\/\/www.facebook.com\/agenciainclusive\/","https:\/\/www.instagram.com\/newsinclusive\/"]},{"@type":"Person","@id":"https:\/\/inclusivenews.com.br\/#\/schema\/person\/ae4ec7087559b8692fb33b6fffd2273b","name":"inclusivenews2024","image":{"@type":"ImageObject","inLanguage":"pt-PT","@id":"https:\/\/secure.gravatar.com\/avatar\/c5a7ef84c66fa914f55bc4f7ce26cfa275a3b9a1c5568b907bd184fb4dde7b40?s=96&d=mm&r=g","url":"https:\/\/secure.gravatar.com\/avatar\/c5a7ef84c66fa914f55bc4f7ce26cfa275a3b9a1c5568b907bd184fb4dde7b40?s=96&d=mm&r=g","contentUrl":"https:\/\/secure.gravatar.com\/avatar\/c5a7ef84c66fa914f55bc4f7ce26cfa275a3b9a1c5568b907bd184fb4dde7b40?s=96&d=mm&r=g","caption":"inclusivenews2024"},"sameAs":["https:\/\/inclusivenews.com.br"],"url":"https:\/\/inclusivenews.com.br\/?author=1"}]}},"_links":{"self":[{"href":"https:\/\/inclusivenews.com.br\/index.php?rest_route=\/wp\/v2\/posts\/16524","targetHints":{"allow":["GET"]}}],"collection":[{"href":"https:\/\/inclusivenews.com.br\/index.php?rest_route=\/wp\/v2\/posts"}],"about":[{"href":"https:\/\/inclusivenews.com.br\/index.php?rest_route=\/wp\/v2\/types\/post"}],"author":[{"embeddable":true,"href":"https:\/\/inclusivenews.com.br\/index.php?rest_route=\/wp\/v2\/users\/1"}],"replies":[{"embeddable":true,"href":"https:\/\/inclusivenews.com.br\/index.php?rest_route=%2Fwp%2Fv2%2Fcomments&post=16524"}],"version-history":[{"count":0,"href":"https:\/\/inclusivenews.com.br\/index.php?rest_route=\/wp\/v2\/posts\/16524\/revisions"}],"wp:attachment":[{"href":"https:\/\/inclusivenews.com.br\/index.php?rest_route=%2Fwp%2Fv2%2Fmedia&parent=16524"}],"wp:term":[{"taxonomy":"category","embeddable":true,"href":"https:\/\/inclusivenews.com.br\/index.php?rest_route=%2Fwp%2Fv2%2Fcategories&post=16524"},{"taxonomy":"post_tag","embeddable":true,"href":"https:\/\/inclusivenews.com.br\/index.php?rest_route=%2Fwp%2Fv2%2Ftags&post=16524"}],"curies":[{"name":"wp","href":"https:\/\/api.w.org\/{rel}","templated":true}]}}