{"id":16526,"date":"2010-07-13T05:55:59","date_gmt":"2010-07-13T08:55:59","guid":{"rendered":"http:\/\/www.inclusive.org.br\/?p=16526"},"modified":"2010-07-13T05:55:59","modified_gmt":"2010-07-13T08:55:59","slug":"alunos-com-deficiencia-terao-computadores-a-sua-disposicao","status":"publish","type":"post","link":"https:\/\/inclusivenews.com.br\/?p=16526","title":{"rendered":"Alunos com defici\u00eancia ter\u00e3o computadores \u00e0 sua disposi\u00e7\u00e3o"},"content":{"rendered":"<p><img loading=\"lazy\" decoding=\"async\" class=\"  alignleft\" title=\"Computadores para educar\" src=\"http:\/\/srec.azores.gov.pt\/dre\/sd\/115161010600\/contacto\/0708\/espacodaescola\/Tra_IAM\/IAM%207%BA%20jornal\/ComputadoresParaEducar%5B1%5D.jpg\" alt=\"\" width=\"245\" height=\"202\" \/><\/p>\n<p>Escolas p\u00fablicas da educa\u00e7\u00e3o b\u00e1sica que t\u00eam alunos com defici\u00eancia, transtornos globais do desenvolvimento e altas habilidades ou superdota\u00e7\u00e3o receber\u00e3o este ano 24.200 laptops. At\u00e9 junho, o Minist\u00e9rio da Educa\u00e7\u00e3o entregou 51% dos computadores que, nas escolas, integram as salas de recursos multifuncionais.<\/p>\n<p>De acordo com dados da Secretaria de Educa\u00e7\u00e3o Especial (Seesp) do MEC, al\u00e9m dos 24.200 computadores que estar\u00e3o dispon\u00edveis para os estudantes nas salas de recursos, o minist\u00e9rio distribuiu 3.023 laptops para uso de alunos cegos que est\u00e3o em uma dessas etapas da educa\u00e7\u00e3o: nos anos finais do ensino fundamental, na educa\u00e7\u00e3o profissional e na educa\u00e7\u00e3o de jovens e adultos; para escolas com alunos surdos que frequentam o segundo ano do ensino fundamental, e para os n\u00facleos de atividades em altas habilidades ou superdota\u00e7\u00e3o.<\/p>\n<p>Os 3.023 laptops contemplam 23% dos alunos de classes comuns do ensino regular p\u00fablico. O computador port\u00e1til deve ser usado pelos estudantes na sala de aula e nas demais atividades escolares. Assegurar o acesso \u00e0 informa\u00e7\u00e3o \u00e9 o objetivo desta iniciativa. Segundo a Seesp, a a\u00e7\u00e3o integra o projeto Livro Acess\u00edvel, que faz parte dos programas de distribui\u00e7\u00e3o de livros do Fundo Nacional de Desenvolvimento da Educa\u00e7\u00e3o (FNDE).<\/p>\n<p>Salas de recursos \u2013 Em 2010, o Minist\u00e9rio da Educa\u00e7\u00e3o tamb\u00e9m conclui a implanta\u00e7\u00e3o de salas de recursos multifuncionais em 24.301 escolas p\u00fablicas de ensino regular. Esse conjunto de escolas que ser\u00e3o atendidas representa 41% dos estabelecimentos de educa\u00e7\u00e3o p\u00fablica b\u00e1sica com matr\u00edcula de estudantes que s\u00e3o alvo da educa\u00e7\u00e3o especial.<\/p>\n<p>H\u00e1 dois tipos de salas de recursos: o tipo um tem uma estrutura b\u00e1sica capaz de atender a qualquer defici\u00eancia; e a sala tipo dois \u00e9 mais voltada para os alunos cegos. A sala dois, por exemplo, tem impressora Braille, globo terrestre com continentes e pa\u00edses em Braille e calculadora sonora.<\/p>\n<p>Com a implanta\u00e7\u00e3o das salas, o MEC atende dois objetivos: promover a acessibilidade na escola e apoiar os sistemas de ensino municipais e estaduais, na oferta de atendimento educacional especializado complementar ou suplementar \u00e0 escolariza\u00e7\u00e3o dos alunos.<\/p>\n<p>Segundo a Seesp, parte dos equipamentos que integram as salas de recursos j\u00e1 foi entregue: 53% dos jogos pedag\u00f3gicos e programa de acessibilidade; 30% do mobili\u00e1rio; 40% dos equipamentos de inform\u00e1tica; e 20% dos recursos espec\u00edficos para alunos com defici\u00eancia visual.<br \/>\n__________<\/p>\n<p><strong>Fonte:<\/strong> <a href=\"http:\/\/portal.mec.gov.br\/index.php?option=com_content&amp;view=article&amp;id=15646\">MEC<\/a><\/p>\n","protected":false},"excerpt":{"rendered":"<p>Escolas p\u00fablicas da educa\u00e7\u00e3o b\u00e1sica que t\u00eam alunos com defici\u00eancia, transtornos globais do desenvolvimento e altas habilidades ou superdota\u00e7\u00e3o receber\u00e3o este ano 24.200 laptops. At\u00e9 junho, o Minist\u00e9rio da Educa\u00e7\u00e3o entregou 51% dos computadores que, nas escolas, integram as salas de recursos multifuncionais.<\/p>\n","protected":false},"author":1,"featured_media":0,"comment_status":"open","ping_status":"open","sticky":false,"template":"","format":"standard","meta":{"site-container-style":"default","site-container-layout":"default","site-sidebar-layout":"default","disable-article-header":"default","disable-site-header":"default","disable-site-footer":"default","disable-content-area-spacing":"default","footnotes":""},"categories":[38,6,48,4],"tags":[],"class_list":["post-16526","post","type-post","status-publish","format-standard","hentry","category-deficiencia","category-educacao","category-inclusao","category-noticias"],"yoast_head":"<!-- This site is optimized with the Yoast SEO plugin v27.5 - https:\/\/yoast.com\/product\/yoast-seo-wordpress\/ -->\n<title>Alunos com defici\u00eancia ter\u00e3o computadores \u00e0 sua disposi\u00e7\u00e3o -<\/title>\n<meta name=\"robots\" content=\"index, follow, max-snippet:-1, max-image-preview:large, max-video-preview:-1\" \/>\n<link rel=\"canonical\" href=\"https:\/\/inclusivenews.com.br\/?p=16526\" \/>\n<meta property=\"og:locale\" content=\"pt_PT\" \/>\n<meta property=\"og:type\" content=\"article\" \/>\n<meta property=\"og:title\" content=\"Alunos com defici\u00eancia ter\u00e3o computadores \u00e0 sua disposi\u00e7\u00e3o -\" \/>\n<meta property=\"og:description\" content=\"Escolas p\u00fablicas da educa\u00e7\u00e3o b\u00e1sica que t\u00eam alunos com defici\u00eancia, transtornos globais do desenvolvimento e altas habilidades ou superdota\u00e7\u00e3o receber\u00e3o este ano 24.200 laptops. At\u00e9 junho, o Minist\u00e9rio da Educa\u00e7\u00e3o entregou 51% dos computadores que, nas escolas, integram as salas de recursos multifuncionais.\" \/>\n<meta property=\"og:url\" content=\"https:\/\/inclusivenews.com.br\/?p=16526\" \/>\n<meta property=\"article:publisher\" content=\"https:\/\/www.facebook.com\/agenciainclusive\/\" \/>\n<meta property=\"article:published_time\" content=\"2010-07-13T08:55:59+00:00\" \/>\n<meta property=\"og:image\" content=\"http:\/\/srec.azores.gov.pt\/dre\/sd\/115161010600\/contacto\/0708\/espacodaescola\/Tra_IAM\/IAM%207%BA%20jornal\/ComputadoresParaEducar%5B1%5D.jpg\" \/>\n<meta name=\"author\" content=\"inclusivenews2024\" \/>\n<meta name=\"twitter:card\" content=\"summary_large_image\" \/>\n<meta name=\"twitter:label1\" content=\"Escrito por\" \/>\n\t<meta name=\"twitter:data1\" content=\"inclusivenews2024\" \/>\n\t<meta name=\"twitter:label2\" content=\"Tempo estimado de leitura\" \/>\n\t<meta name=\"twitter:data2\" content=\"2 minutos\" \/>\n<script type=\"application\/ld+json\" class=\"yoast-schema-graph\">{\"@context\":\"https:\\\/\\\/schema.org\",\"@graph\":[{\"@type\":\"Article\",\"@id\":\"https:\\\/\\\/inclusivenews.com.br\\\/?p=16526#article\",\"isPartOf\":{\"@id\":\"https:\\\/\\\/inclusivenews.com.br\\\/?p=16526\"},\"author\":{\"name\":\"inclusivenews2024\",\"@id\":\"https:\\\/\\\/inclusivenews.com.br\\\/#\\\/schema\\\/person\\\/ae4ec7087559b8692fb33b6fffd2273b\"},\"headline\":\"Alunos com defici\u00eancia ter\u00e3o computadores \u00e0 sua disposi\u00e7\u00e3o\",\"datePublished\":\"2010-07-13T08:55:59+00:00\",\"mainEntityOfPage\":{\"@id\":\"https:\\\/\\\/inclusivenews.com.br\\\/?p=16526\"},\"wordCount\":418,\"commentCount\":0,\"publisher\":{\"@id\":\"https:\\\/\\\/inclusivenews.com.br\\\/#organization\"},\"image\":{\"@id\":\"https:\\\/\\\/inclusivenews.com.br\\\/?p=16526#primaryimage\"},\"thumbnailUrl\":\"http:\\\/\\\/srec.azores.gov.pt\\\/dre\\\/sd\\\/115161010600\\\/contacto\\\/0708\\\/espacodaescola\\\/Tra_IAM\\\/IAM%207%BA%20jornal\\\/ComputadoresParaEducar%5B1%5D.jpg\",\"articleSection\":[\"Defici\u00eancia\",\"EDUCA\u00c7\u00c3O\",\"INCLUS\u00c3O SOCIAL\",\"NOT\u00cdCIAS\"],\"inLanguage\":\"pt-PT\",\"potentialAction\":[{\"@type\":\"CommentAction\",\"name\":\"Comment\",\"target\":[\"https:\\\/\\\/inclusivenews.com.br\\\/?p=16526#respond\"]}]},{\"@type\":\"WebPage\",\"@id\":\"https:\\\/\\\/inclusivenews.com.br\\\/?p=16526\",\"url\":\"https:\\\/\\\/inclusivenews.com.br\\\/?p=16526\",\"name\":\"Alunos com defici\u00eancia ter\u00e3o computadores \u00e0 sua disposi\u00e7\u00e3o -\",\"isPartOf\":{\"@id\":\"https:\\\/\\\/inclusivenews.com.br\\\/#website\"},\"primaryImageOfPage\":{\"@id\":\"https:\\\/\\\/inclusivenews.com.br\\\/?p=16526#primaryimage\"},\"image\":{\"@id\":\"https:\\\/\\\/inclusivenews.com.br\\\/?p=16526#primaryimage\"},\"thumbnailUrl\":\"http:\\\/\\\/srec.azores.gov.pt\\\/dre\\\/sd\\\/115161010600\\\/contacto\\\/0708\\\/espacodaescola\\\/Tra_IAM\\\/IAM%207%BA%20jornal\\\/ComputadoresParaEducar%5B1%5D.jpg\",\"datePublished\":\"2010-07-13T08:55:59+00:00\",\"breadcrumb\":{\"@id\":\"https:\\\/\\\/inclusivenews.com.br\\\/?p=16526#breadcrumb\"},\"inLanguage\":\"pt-PT\",\"potentialAction\":[{\"@type\":\"ReadAction\",\"target\":[\"https:\\\/\\\/inclusivenews.com.br\\\/?p=16526\"]}]},{\"@type\":\"ImageObject\",\"inLanguage\":\"pt-PT\",\"@id\":\"https:\\\/\\\/inclusivenews.com.br\\\/?p=16526#primaryimage\",\"url\":\"http:\\\/\\\/srec.azores.gov.pt\\\/dre\\\/sd\\\/115161010600\\\/contacto\\\/0708\\\/espacodaescola\\\/Tra_IAM\\\/IAM%207%BA%20jornal\\\/ComputadoresParaEducar%5B1%5D.jpg\",\"contentUrl\":\"http:\\\/\\\/srec.azores.gov.pt\\\/dre\\\/sd\\\/115161010600\\\/contacto\\\/0708\\\/espacodaescola\\\/Tra_IAM\\\/IAM%207%BA%20jornal\\\/ComputadoresParaEducar%5B1%5D.jpg\"},{\"@type\":\"BreadcrumbList\",\"@id\":\"https:\\\/\\\/inclusivenews.com.br\\\/?p=16526#breadcrumb\",\"itemListElement\":[{\"@type\":\"ListItem\",\"position\":1,\"name\":\"In\u00edcio\",\"item\":\"https:\\\/\\\/inclusivenews.com.br\\\/\"},{\"@type\":\"ListItem\",\"position\":2,\"name\":\"Alunos com defici\u00eancia ter\u00e3o computadores \u00e0 sua disposi\u00e7\u00e3o\"}]},{\"@type\":\"WebSite\",\"@id\":\"https:\\\/\\\/inclusivenews.com.br\\\/#website\",\"url\":\"https:\\\/\\\/inclusivenews.com.br\\\/\",\"name\":\"Inclusive News\",\"description\":\"Inclusive News\",\"publisher\":{\"@id\":\"https:\\\/\\\/inclusivenews.com.br\\\/#organization\"},\"potentialAction\":[{\"@type\":\"SearchAction\",\"target\":{\"@type\":\"EntryPoint\",\"urlTemplate\":\"https:\\\/\\\/inclusivenews.com.br\\\/?s={search_term_string}\"},\"query-input\":{\"@type\":\"PropertyValueSpecification\",\"valueRequired\":true,\"valueName\":\"search_term_string\"}}],\"inLanguage\":\"pt-PT\"},{\"@type\":\"Organization\",\"@id\":\"https:\\\/\\\/inclusivenews.com.br\\\/#organization\",\"name\":\"Inclusive - inclus\u00e3o e cidadania\",\"url\":\"https:\\\/\\\/inclusivenews.com.br\\\/\",\"logo\":{\"@type\":\"ImageObject\",\"inLanguage\":\"pt-PT\",\"@id\":\"https:\\\/\\\/inclusivenews.com.br\\\/#\\\/schema\\\/logo\\\/image\\\/\",\"url\":\"https:\\\/\\\/inclusivenews.com.br\\\/wp-content\\\/uploads\\\/2024\\\/03\\\/@grandesite.png\",\"contentUrl\":\"https:\\\/\\\/inclusivenews.com.br\\\/wp-content\\\/uploads\\\/2024\\\/03\\\/@grandesite.png\",\"width\":1080,\"height\":1080,\"caption\":\"Inclusive - inclus\u00e3o e cidadania\"},\"image\":{\"@id\":\"https:\\\/\\\/inclusivenews.com.br\\\/#\\\/schema\\\/logo\\\/image\\\/\"},\"sameAs\":[\"https:\\\/\\\/www.facebook.com\\\/agenciainclusive\\\/\",\"https:\\\/\\\/www.instagram.com\\\/newsinclusive\\\/\"]},{\"@type\":\"Person\",\"@id\":\"https:\\\/\\\/inclusivenews.com.br\\\/#\\\/schema\\\/person\\\/ae4ec7087559b8692fb33b6fffd2273b\",\"name\":\"inclusivenews2024\",\"image\":{\"@type\":\"ImageObject\",\"inLanguage\":\"pt-PT\",\"@id\":\"https:\\\/\\\/secure.gravatar.com\\\/avatar\\\/c5a7ef84c66fa914f55bc4f7ce26cfa275a3b9a1c5568b907bd184fb4dde7b40?s=96&d=mm&r=g\",\"url\":\"https:\\\/\\\/secure.gravatar.com\\\/avatar\\\/c5a7ef84c66fa914f55bc4f7ce26cfa275a3b9a1c5568b907bd184fb4dde7b40?s=96&d=mm&r=g\",\"contentUrl\":\"https:\\\/\\\/secure.gravatar.com\\\/avatar\\\/c5a7ef84c66fa914f55bc4f7ce26cfa275a3b9a1c5568b907bd184fb4dde7b40?s=96&d=mm&r=g\",\"caption\":\"inclusivenews2024\"},\"sameAs\":[\"https:\\\/\\\/inclusivenews.com.br\"],\"url\":\"https:\\\/\\\/inclusivenews.com.br\\\/?author=1\"}]}<\/script>\n<!-- \/ Yoast SEO plugin. -->","yoast_head_json":{"title":"Alunos com defici\u00eancia ter\u00e3o computadores \u00e0 sua disposi\u00e7\u00e3o -","robots":{"index":"index","follow":"follow","max-snippet":"max-snippet:-1","max-image-preview":"max-image-preview:large","max-video-preview":"max-video-preview:-1"},"canonical":"https:\/\/inclusivenews.com.br\/?p=16526","og_locale":"pt_PT","og_type":"article","og_title":"Alunos com defici\u00eancia ter\u00e3o computadores \u00e0 sua disposi\u00e7\u00e3o -","og_description":"Escolas p\u00fablicas da educa\u00e7\u00e3o b\u00e1sica que t\u00eam alunos com defici\u00eancia, transtornos globais do desenvolvimento e altas habilidades ou superdota\u00e7\u00e3o receber\u00e3o este ano 24.200 laptops. At\u00e9 junho, o Minist\u00e9rio da Educa\u00e7\u00e3o entregou 51% dos computadores que, nas escolas, integram as salas de recursos multifuncionais.","og_url":"https:\/\/inclusivenews.com.br\/?p=16526","article_publisher":"https:\/\/www.facebook.com\/agenciainclusive\/","article_published_time":"2010-07-13T08:55:59+00:00","og_image":[{"url":"http:\/\/srec.azores.gov.pt\/dre\/sd\/115161010600\/contacto\/0708\/espacodaescola\/Tra_IAM\/IAM%207%BA%20jornal\/ComputadoresParaEducar%5B1%5D.jpg","type":"","width":"","height":""}],"author":"inclusivenews2024","twitter_card":"summary_large_image","twitter_misc":{"Escrito por":"inclusivenews2024","Tempo estimado de leitura":"2 minutos"},"schema":{"@context":"https:\/\/schema.org","@graph":[{"@type":"Article","@id":"https:\/\/inclusivenews.com.br\/?p=16526#article","isPartOf":{"@id":"https:\/\/inclusivenews.com.br\/?p=16526"},"author":{"name":"inclusivenews2024","@id":"https:\/\/inclusivenews.com.br\/#\/schema\/person\/ae4ec7087559b8692fb33b6fffd2273b"},"headline":"Alunos com defici\u00eancia ter\u00e3o computadores \u00e0 sua disposi\u00e7\u00e3o","datePublished":"2010-07-13T08:55:59+00:00","mainEntityOfPage":{"@id":"https:\/\/inclusivenews.com.br\/?p=16526"},"wordCount":418,"commentCount":0,"publisher":{"@id":"https:\/\/inclusivenews.com.br\/#organization"},"image":{"@id":"https:\/\/inclusivenews.com.br\/?p=16526#primaryimage"},"thumbnailUrl":"http:\/\/srec.azores.gov.pt\/dre\/sd\/115161010600\/contacto\/0708\/espacodaescola\/Tra_IAM\/IAM%207%BA%20jornal\/ComputadoresParaEducar%5B1%5D.jpg","articleSection":["Defici\u00eancia","EDUCA\u00c7\u00c3O","INCLUS\u00c3O SOCIAL","NOT\u00cdCIAS"],"inLanguage":"pt-PT","potentialAction":[{"@type":"CommentAction","name":"Comment","target":["https:\/\/inclusivenews.com.br\/?p=16526#respond"]}]},{"@type":"WebPage","@id":"https:\/\/inclusivenews.com.br\/?p=16526","url":"https:\/\/inclusivenews.com.br\/?p=16526","name":"Alunos com defici\u00eancia ter\u00e3o computadores \u00e0 sua disposi\u00e7\u00e3o -","isPartOf":{"@id":"https:\/\/inclusivenews.com.br\/#website"},"primaryImageOfPage":{"@id":"https:\/\/inclusivenews.com.br\/?p=16526#primaryimage"},"image":{"@id":"https:\/\/inclusivenews.com.br\/?p=16526#primaryimage"},"thumbnailUrl":"http:\/\/srec.azores.gov.pt\/dre\/sd\/115161010600\/contacto\/0708\/espacodaescola\/Tra_IAM\/IAM%207%BA%20jornal\/ComputadoresParaEducar%5B1%5D.jpg","datePublished":"2010-07-13T08:55:59+00:00","breadcrumb":{"@id":"https:\/\/inclusivenews.com.br\/?p=16526#breadcrumb"},"inLanguage":"pt-PT","potentialAction":[{"@type":"ReadAction","target":["https:\/\/inclusivenews.com.br\/?p=16526"]}]},{"@type":"ImageObject","inLanguage":"pt-PT","@id":"https:\/\/inclusivenews.com.br\/?p=16526#primaryimage","url":"http:\/\/srec.azores.gov.pt\/dre\/sd\/115161010600\/contacto\/0708\/espacodaescola\/Tra_IAM\/IAM%207%BA%20jornal\/ComputadoresParaEducar%5B1%5D.jpg","contentUrl":"http:\/\/srec.azores.gov.pt\/dre\/sd\/115161010600\/contacto\/0708\/espacodaescola\/Tra_IAM\/IAM%207%BA%20jornal\/ComputadoresParaEducar%5B1%5D.jpg"},{"@type":"BreadcrumbList","@id":"https:\/\/inclusivenews.com.br\/?p=16526#breadcrumb","itemListElement":[{"@type":"ListItem","position":1,"name":"In\u00edcio","item":"https:\/\/inclusivenews.com.br\/"},{"@type":"ListItem","position":2,"name":"Alunos com defici\u00eancia ter\u00e3o computadores \u00e0 sua disposi\u00e7\u00e3o"}]},{"@type":"WebSite","@id":"https:\/\/inclusivenews.com.br\/#website","url":"https:\/\/inclusivenews.com.br\/","name":"Inclusive News","description":"Inclusive News","publisher":{"@id":"https:\/\/inclusivenews.com.br\/#organization"},"potentialAction":[{"@type":"SearchAction","target":{"@type":"EntryPoint","urlTemplate":"https:\/\/inclusivenews.com.br\/?s={search_term_string}"},"query-input":{"@type":"PropertyValueSpecification","valueRequired":true,"valueName":"search_term_string"}}],"inLanguage":"pt-PT"},{"@type":"Organization","@id":"https:\/\/inclusivenews.com.br\/#organization","name":"Inclusive - inclus\u00e3o e cidadania","url":"https:\/\/inclusivenews.com.br\/","logo":{"@type":"ImageObject","inLanguage":"pt-PT","@id":"https:\/\/inclusivenews.com.br\/#\/schema\/logo\/image\/","url":"https:\/\/inclusivenews.com.br\/wp-content\/uploads\/2024\/03\/@grandesite.png","contentUrl":"https:\/\/inclusivenews.com.br\/wp-content\/uploads\/2024\/03\/@grandesite.png","width":1080,"height":1080,"caption":"Inclusive - inclus\u00e3o e cidadania"},"image":{"@id":"https:\/\/inclusivenews.com.br\/#\/schema\/logo\/image\/"},"sameAs":["https:\/\/www.facebook.com\/agenciainclusive\/","https:\/\/www.instagram.com\/newsinclusive\/"]},{"@type":"Person","@id":"https:\/\/inclusivenews.com.br\/#\/schema\/person\/ae4ec7087559b8692fb33b6fffd2273b","name":"inclusivenews2024","image":{"@type":"ImageObject","inLanguage":"pt-PT","@id":"https:\/\/secure.gravatar.com\/avatar\/c5a7ef84c66fa914f55bc4f7ce26cfa275a3b9a1c5568b907bd184fb4dde7b40?s=96&d=mm&r=g","url":"https:\/\/secure.gravatar.com\/avatar\/c5a7ef84c66fa914f55bc4f7ce26cfa275a3b9a1c5568b907bd184fb4dde7b40?s=96&d=mm&r=g","contentUrl":"https:\/\/secure.gravatar.com\/avatar\/c5a7ef84c66fa914f55bc4f7ce26cfa275a3b9a1c5568b907bd184fb4dde7b40?s=96&d=mm&r=g","caption":"inclusivenews2024"},"sameAs":["https:\/\/inclusivenews.com.br"],"url":"https:\/\/inclusivenews.com.br\/?author=1"}]}},"_links":{"self":[{"href":"https:\/\/inclusivenews.com.br\/index.php?rest_route=\/wp\/v2\/posts\/16526","targetHints":{"allow":["GET"]}}],"collection":[{"href":"https:\/\/inclusivenews.com.br\/index.php?rest_route=\/wp\/v2\/posts"}],"about":[{"href":"https:\/\/inclusivenews.com.br\/index.php?rest_route=\/wp\/v2\/types\/post"}],"author":[{"embeddable":true,"href":"https:\/\/inclusivenews.com.br\/index.php?rest_route=\/wp\/v2\/users\/1"}],"replies":[{"embeddable":true,"href":"https:\/\/inclusivenews.com.br\/index.php?rest_route=%2Fwp%2Fv2%2Fcomments&post=16526"}],"version-history":[{"count":0,"href":"https:\/\/inclusivenews.com.br\/index.php?rest_route=\/wp\/v2\/posts\/16526\/revisions"}],"wp:attachment":[{"href":"https:\/\/inclusivenews.com.br\/index.php?rest_route=%2Fwp%2Fv2%2Fmedia&parent=16526"}],"wp:term":[{"taxonomy":"category","embeddable":true,"href":"https:\/\/inclusivenews.com.br\/index.php?rest_route=%2Fwp%2Fv2%2Fcategories&post=16526"},{"taxonomy":"post_tag","embeddable":true,"href":"https:\/\/inclusivenews.com.br\/index.php?rest_route=%2Fwp%2Fv2%2Ftags&post=16526"}],"curies":[{"name":"wp","href":"https:\/\/api.w.org\/{rel}","templated":true}]}}