{"id":16536,"date":"2010-07-14T05:54:11","date_gmt":"2010-07-14T08:54:11","guid":{"rendered":"http:\/\/www.inclusive.org.br\/?p=16536"},"modified":"2010-07-14T05:54:11","modified_gmt":"2010-07-14T08:54:11","slug":"sete-estados-atingem-odm-contra-a-pobreza","status":"publish","type":"post","link":"https:\/\/inclusivenews.com.br\/?p=16536","title":{"rendered":"Sete estados atingem ODM contra a pobreza"},"content":{"rendered":"<figure style=\"width: 201px\" class=\"wp-caption alignleft\"><a class=\"moz-txt-link-freetext\" href=\"http:\/\/www.pnud.org.br\/public\/imgc3514.jpg\"><img loading=\"lazy\" decoding=\"async\" title=\"Imagem de casas inundadas.\" src=\"http:\/\/www.pnud.org.br\/public\/imgc3514.jpg\" alt=\"\" width=\"201\" height=\"133\" \/><\/a><figcaption class=\"wp-caption-text\"> <\/figcaption><\/figure>\n<p><span class=\"linhafina\"><em><a class=\"moz-txt-link-freetext\" href=\"http:\/\/www.pnud.org.br\/public\/imgc3514.jpg\"><\/a>Ciclo de semin\u00e1rios regionais de acompanhamento dos Objetivos de Desenvolvimento do Mil\u00eanio debate dados regionais de metas da ONU<br \/>\n<strong><br \/>\nDanielle Brant<\/strong><br \/>\n<strong>da PrimaPagina<\/strong><\/em><\/span><\/p>\n<p>Das 27 unidades federativas brasileiras, sete conseguiram reduzir pelo menos \u00e0 metade, entre 1991 e 2008, a propor\u00e7\u00e3o da popula\u00e7\u00e3o com renda familiar inferior a R$ 255 (meio sal\u00e1rio m\u00ednimo), meta estabelecida pelo primeiro dos oito <a class=\"textolinkbold\" onclick=\"s_objectID=&quot;http:\/\/www.pnud.org.br\/odm\/_1&quot;;return this.s_oc?this.s_oc(e):true\" href=\"http:\/\/www.pnud.org.br\/odm\/\" target=\"blank_\" rel=\"noopener\">Objetivos de Desenvolvimento do Mil\u00eanio (ODM)<\/a>, cujos cumprimentos s\u00e3o previstos at\u00e9 2015, revela o coordenador do <a class=\"textolinkbold\" onclick=\"s_objectID=&quot;http:\/\/www.orbis.org.br\/_1&quot;;return this.s_oc?this.s_oc(e):true\" href=\"http:\/\/www.orbis.org.br\/\" target=\"blank_\" rel=\"noopener\">Orbis (Observat\u00f3rio Regional Base de Indicadores de Sustentabilidade)<\/a>, Alby Rocha, que participou do 3\u00ba ciclo de Semin\u00e1rios Estaduais de Acompanhamento dos ODM, entre 23 de abril e 10 de junho.<\/p>\n<p>Dos sete estados, seis ficam no eixo Sul-Sudeste: Santa Catarina lidera os avan\u00e7os, com 67%, seguido de Paran\u00e1 (60%), Rio Grande do Sul (54%), Minas Gerais (53%), Esp\u00edrito Santo (51%) e Rio de Janeiro (50%). Goi\u00e1s \u00e9 o \u00fanico de outra regi\u00e3o a alcan\u00e7ar o objetivo 1, com progresso de 53%.<\/p>\n<p>&#8220;J\u00e1 S\u00e3o Paulo n\u00e3o avan\u00e7ou t\u00e3o rapidamente&#8221;, explica Rocha. A maior metr\u00f3pole do pa\u00eds teve resultados bem inferiores: reduziu a pobreza em 30%. O estado possui 5,7 milh\u00f5es de pobres, sendo que 1,63 milh\u00e3o de pessoas possuem renda familiar mensal menor que R$ 127,5.<\/p>\n<p>Se Santa Catarina foi o estado que apresentou melhor resultado, Roraima seguiu a dire\u00e7\u00e3o inversa, com queda de apenas 4% no indicador de pobreza no per\u00edodo analisado. Em compensa\u00e7\u00e3o, \u00e9 o que apresenta o menor n\u00famero de pobres no Brasil: 160 mil. Na regi\u00e3o Norte, o Tocantins ficou perto de alcan\u00e7ar a meta, com avan\u00e7o de 46% no objetivo 1.<\/p>\n<p>Com exce\u00e7\u00e3o do Distrito Federal (25%), as outras tr\u00eas unidades federativas do Centro-Oeste fizeram progresso consider\u00e1vel. Goi\u00e1s ultrapassou a meta, enquanto Mato Grosso (49%) e Mato Grosso do Sul (48%) quase chegaram l\u00e1. Por outro lado, o DF \u00e9 quem possui menos pessoas sob a linha de pobreza na regi\u00e3o, com 465 mil.<\/p>\n<p>J\u00e1 o Nordeste continua apresentando os menores avan\u00e7os do pa\u00eds. O estado que mais se aproximou da meta 1 foi o Rio Grande do Norte (39%), enquanto o que ficou menos perto foi Alagoas. Em todas as unidades federativas nordestinas, cerca de metade da popula\u00e7\u00e3o se encontra abaixo da linha de pobreza, indicam os dados das s\u00ednteses estaduais da regi\u00e3o, quando confrontados com estimativas populacionais do <a class=\"textolinkbold\" onclick=\"s_objectID=&quot;http:\/\/www.ibge.gov.br\/_1&quot;;return this.s_oc?this.s_oc(e):true\" href=\"http:\/\/www.ibge.gov.br\/\" target=\"blank_\" rel=\"noopener\">IBGE<\/a> de 2007.<\/p>\n<p><strong>Ciclo de semin\u00e1rios estaduais<\/strong><\/p>\n<p>O 3\u00ba ciclo de semin\u00e1rios estaduais terminou no dia 10 de junho com quatro reuni\u00f5es estaduais \u2013 em Curitiba, Natal, Vit\u00f3ria e Rio Branco. Cada unidade federativa abrigou uma edi\u00e7\u00e3o do evento, durante as quais foram apresentados os dados contidos na respectiva s\u00edntese estadual.<\/p>\n<p>Ao todo, sete mil pessoas participaram dos semin\u00e1rios. Para Maria Aparecida Zago Udenal, que faz a articula\u00e7\u00e3o do Movimento Nacional pela Cidadania e Solidariedade na Para\u00edba, o ciclo foi muito positivo. &#8220;Foi interessante para as pessoas poderem conhecer como est\u00e3o os seus estados. O c\u00edrculo de di\u00e1logos ajuda a engajar a sociedade no alcance dos Objetivos de Desenvolvimento do Mil\u00eanio&#8221;, afirma.<\/p>\n<p>Os semin\u00e1rios tamb\u00e9m discutiram como trabalhar os ODM na gest\u00e3o municipal e como a ind\u00fastria e o setor privado podem atuar mediante seus projetos de responsabilidade social. Ao fim do terceiro ciclo, ficou definido que Curitiba abrigar\u00e1 um projeto-piloto de workshop, em 17 de agosto, que ter\u00e1 apoio do <strong>PNUD<\/strong> e buscar\u00e1 mostrar \u00e0s ind\u00fastrias paranaenses como elas podem ajudar a alcan\u00e7ar os Objetivos de Desenvolvimento do Mil\u00eanio.<\/p>\n<p>J\u00e1 a coordenadora da unidade de planejamento do <strong>PNUD<\/strong>, Maria Celina Arraes, afirma que os semin\u00e1rios ajudam a enfrentar o desafio da municipaliza\u00e7\u00e3o dos ODMs, levando em considera\u00e7\u00e3o as diferen\u00e7as locais para o cumprimento das metas.<\/p>\n<p>Por sua vez, o assessor da Secretaria Geral da Presid\u00eancia Davi Schmidt acredita que os n\u00facleos estaduais de aux\u00edlio aos ODM, representados por movimentos como o N\u00f3s Podemos, saem fortalecidos com a iniciativa. Ele tamb\u00e9m elogiou a quantidade de informa\u00e7\u00e3o dispon\u00edvel para planejar a\u00e7\u00f5es que ajudem a atingir os objetivos fixados pela ONU at\u00e9 2015.<br \/>\n____________<\/p>\n<p><strong>Fonte:<\/strong> <a href=\"http:\/\/www.pnud.org.br\/pobreza_desigualdade\/reportagens\/index.php?id01=3514&amp;lay=pde\">PNUD<\/a><\/p>\n","protected":false},"excerpt":{"rendered":"<p>Ciclo de semin\u00e1rios regionais de acompanhamento dos Objetivos de Desenvolvimento do Mil\u00eanio debate dados regionais de metas da ONU.<\/p>\n","protected":false},"author":1,"featured_media":0,"comment_status":"open","ping_status":"open","sticky":false,"template":"","format":"standard","meta":{"site-container-style":"default","site-container-layout":"default","site-sidebar-layout":"default","disable-article-header":"default","disable-site-header":"default","disable-site-footer":"default","disable-content-area-spacing":"default","footnotes":""},"categories":[4],"tags":[],"class_list":["post-16536","post","type-post","status-publish","format-standard","hentry","category-noticias"],"yoast_head":"<!-- This site is optimized with the Yoast SEO plugin v27.4 - https:\/\/yoast.com\/product\/yoast-seo-wordpress\/ -->\n<title>Sete estados atingem ODM contra a pobreza -<\/title>\n<meta name=\"robots\" content=\"index, follow, max-snippet:-1, max-image-preview:large, max-video-preview:-1\" \/>\n<link rel=\"canonical\" href=\"https:\/\/inclusivenews.com.br\/?p=16536\" \/>\n<meta property=\"og:locale\" content=\"pt_PT\" \/>\n<meta property=\"og:type\" content=\"article\" \/>\n<meta property=\"og:title\" content=\"Sete estados atingem ODM contra a pobreza -\" \/>\n<meta property=\"og:description\" content=\"Ciclo de semin\u00e1rios regionais de acompanhamento dos Objetivos de Desenvolvimento do Mil\u00eanio debate dados regionais de metas da ONU.\" \/>\n<meta property=\"og:url\" content=\"https:\/\/inclusivenews.com.br\/?p=16536\" \/>\n<meta property=\"article:publisher\" content=\"https:\/\/www.facebook.com\/agenciainclusive\/\" \/>\n<meta property=\"article:published_time\" content=\"2010-07-14T08:54:11+00:00\" \/>\n<meta property=\"og:image\" content=\"http:\/\/www.pnud.org.br\/public\/imgc3514.jpg\" \/>\n<meta name=\"author\" content=\"inclusivenews2024\" \/>\n<meta name=\"twitter:card\" content=\"summary_large_image\" \/>\n<meta name=\"twitter:label1\" content=\"Escrito por\" \/>\n\t<meta name=\"twitter:data1\" content=\"inclusivenews2024\" \/>\n\t<meta name=\"twitter:label2\" content=\"Tempo estimado de leitura\" \/>\n\t<meta name=\"twitter:data2\" content=\"3 minutos\" \/>\n<script type=\"application\/ld+json\" class=\"yoast-schema-graph\">{\"@context\":\"https:\\\/\\\/schema.org\",\"@graph\":[{\"@type\":\"Article\",\"@id\":\"https:\\\/\\\/inclusivenews.com.br\\\/?p=16536#article\",\"isPartOf\":{\"@id\":\"https:\\\/\\\/inclusivenews.com.br\\\/?p=16536\"},\"author\":{\"name\":\"inclusivenews2024\",\"@id\":\"https:\\\/\\\/inclusivenews.com.br\\\/#\\\/schema\\\/person\\\/ae4ec7087559b8692fb33b6fffd2273b\"},\"headline\":\"Sete estados atingem ODM contra a pobreza\",\"datePublished\":\"2010-07-14T08:54:11+00:00\",\"mainEntityOfPage\":{\"@id\":\"https:\\\/\\\/inclusivenews.com.br\\\/?p=16536\"},\"wordCount\":698,\"commentCount\":0,\"publisher\":{\"@id\":\"https:\\\/\\\/inclusivenews.com.br\\\/#organization\"},\"image\":{\"@id\":\"https:\\\/\\\/inclusivenews.com.br\\\/?p=16536#primaryimage\"},\"thumbnailUrl\":\"http:\\\/\\\/www.pnud.org.br\\\/public\\\/imgc3514.jpg\",\"articleSection\":[\"NOT\u00cdCIAS\"],\"inLanguage\":\"pt-PT\",\"potentialAction\":[{\"@type\":\"CommentAction\",\"name\":\"Comment\",\"target\":[\"https:\\\/\\\/inclusivenews.com.br\\\/?p=16536#respond\"]}]},{\"@type\":\"WebPage\",\"@id\":\"https:\\\/\\\/inclusivenews.com.br\\\/?p=16536\",\"url\":\"https:\\\/\\\/inclusivenews.com.br\\\/?p=16536\",\"name\":\"Sete estados atingem ODM contra a pobreza -\",\"isPartOf\":{\"@id\":\"https:\\\/\\\/inclusivenews.com.br\\\/#website\"},\"primaryImageOfPage\":{\"@id\":\"https:\\\/\\\/inclusivenews.com.br\\\/?p=16536#primaryimage\"},\"image\":{\"@id\":\"https:\\\/\\\/inclusivenews.com.br\\\/?p=16536#primaryimage\"},\"thumbnailUrl\":\"http:\\\/\\\/www.pnud.org.br\\\/public\\\/imgc3514.jpg\",\"datePublished\":\"2010-07-14T08:54:11+00:00\",\"breadcrumb\":{\"@id\":\"https:\\\/\\\/inclusivenews.com.br\\\/?p=16536#breadcrumb\"},\"inLanguage\":\"pt-PT\",\"potentialAction\":[{\"@type\":\"ReadAction\",\"target\":[\"https:\\\/\\\/inclusivenews.com.br\\\/?p=16536\"]}]},{\"@type\":\"ImageObject\",\"inLanguage\":\"pt-PT\",\"@id\":\"https:\\\/\\\/inclusivenews.com.br\\\/?p=16536#primaryimage\",\"url\":\"http:\\\/\\\/www.pnud.org.br\\\/public\\\/imgc3514.jpg\",\"contentUrl\":\"http:\\\/\\\/www.pnud.org.br\\\/public\\\/imgc3514.jpg\"},{\"@type\":\"BreadcrumbList\",\"@id\":\"https:\\\/\\\/inclusivenews.com.br\\\/?p=16536#breadcrumb\",\"itemListElement\":[{\"@type\":\"ListItem\",\"position\":1,\"name\":\"In\u00edcio\",\"item\":\"https:\\\/\\\/inclusivenews.com.br\\\/\"},{\"@type\":\"ListItem\",\"position\":2,\"name\":\"Sete estados atingem ODM contra a pobreza\"}]},{\"@type\":\"WebSite\",\"@id\":\"https:\\\/\\\/inclusivenews.com.br\\\/#website\",\"url\":\"https:\\\/\\\/inclusivenews.com.br\\\/\",\"name\":\"Inclusive News\",\"description\":\"Inclusive News\",\"publisher\":{\"@id\":\"https:\\\/\\\/inclusivenews.com.br\\\/#organization\"},\"potentialAction\":[{\"@type\":\"SearchAction\",\"target\":{\"@type\":\"EntryPoint\",\"urlTemplate\":\"https:\\\/\\\/inclusivenews.com.br\\\/?s={search_term_string}\"},\"query-input\":{\"@type\":\"PropertyValueSpecification\",\"valueRequired\":true,\"valueName\":\"search_term_string\"}}],\"inLanguage\":\"pt-PT\"},{\"@type\":\"Organization\",\"@id\":\"https:\\\/\\\/inclusivenews.com.br\\\/#organization\",\"name\":\"Inclusive - inclus\u00e3o e cidadania\",\"url\":\"https:\\\/\\\/inclusivenews.com.br\\\/\",\"logo\":{\"@type\":\"ImageObject\",\"inLanguage\":\"pt-PT\",\"@id\":\"https:\\\/\\\/inclusivenews.com.br\\\/#\\\/schema\\\/logo\\\/image\\\/\",\"url\":\"https:\\\/\\\/inclusivenews.com.br\\\/wp-content\\\/uploads\\\/2024\\\/03\\\/@grandesite.png\",\"contentUrl\":\"https:\\\/\\\/inclusivenews.com.br\\\/wp-content\\\/uploads\\\/2024\\\/03\\\/@grandesite.png\",\"width\":1080,\"height\":1080,\"caption\":\"Inclusive - inclus\u00e3o e cidadania\"},\"image\":{\"@id\":\"https:\\\/\\\/inclusivenews.com.br\\\/#\\\/schema\\\/logo\\\/image\\\/\"},\"sameAs\":[\"https:\\\/\\\/www.facebook.com\\\/agenciainclusive\\\/\",\"https:\\\/\\\/www.instagram.com\\\/newsinclusive\\\/\"]},{\"@type\":\"Person\",\"@id\":\"https:\\\/\\\/inclusivenews.com.br\\\/#\\\/schema\\\/person\\\/ae4ec7087559b8692fb33b6fffd2273b\",\"name\":\"inclusivenews2024\",\"image\":{\"@type\":\"ImageObject\",\"inLanguage\":\"pt-PT\",\"@id\":\"https:\\\/\\\/secure.gravatar.com\\\/avatar\\\/c5a7ef84c66fa914f55bc4f7ce26cfa275a3b9a1c5568b907bd184fb4dde7b40?s=96&d=mm&r=g\",\"url\":\"https:\\\/\\\/secure.gravatar.com\\\/avatar\\\/c5a7ef84c66fa914f55bc4f7ce26cfa275a3b9a1c5568b907bd184fb4dde7b40?s=96&d=mm&r=g\",\"contentUrl\":\"https:\\\/\\\/secure.gravatar.com\\\/avatar\\\/c5a7ef84c66fa914f55bc4f7ce26cfa275a3b9a1c5568b907bd184fb4dde7b40?s=96&d=mm&r=g\",\"caption\":\"inclusivenews2024\"},\"sameAs\":[\"https:\\\/\\\/inclusivenews.com.br\"],\"url\":\"https:\\\/\\\/inclusivenews.com.br\\\/?author=1\"}]}<\/script>\n<!-- \/ Yoast SEO plugin. -->","yoast_head_json":{"title":"Sete estados atingem ODM contra a pobreza -","robots":{"index":"index","follow":"follow","max-snippet":"max-snippet:-1","max-image-preview":"max-image-preview:large","max-video-preview":"max-video-preview:-1"},"canonical":"https:\/\/inclusivenews.com.br\/?p=16536","og_locale":"pt_PT","og_type":"article","og_title":"Sete estados atingem ODM contra a pobreza -","og_description":"Ciclo de semin\u00e1rios regionais de acompanhamento dos Objetivos de Desenvolvimento do Mil\u00eanio debate dados regionais de metas da ONU.","og_url":"https:\/\/inclusivenews.com.br\/?p=16536","article_publisher":"https:\/\/www.facebook.com\/agenciainclusive\/","article_published_time":"2010-07-14T08:54:11+00:00","og_image":[{"url":"http:\/\/www.pnud.org.br\/public\/imgc3514.jpg","type":"","width":"","height":""}],"author":"inclusivenews2024","twitter_card":"summary_large_image","twitter_misc":{"Escrito por":"inclusivenews2024","Tempo estimado de leitura":"3 minutos"},"schema":{"@context":"https:\/\/schema.org","@graph":[{"@type":"Article","@id":"https:\/\/inclusivenews.com.br\/?p=16536#article","isPartOf":{"@id":"https:\/\/inclusivenews.com.br\/?p=16536"},"author":{"name":"inclusivenews2024","@id":"https:\/\/inclusivenews.com.br\/#\/schema\/person\/ae4ec7087559b8692fb33b6fffd2273b"},"headline":"Sete estados atingem ODM contra a pobreza","datePublished":"2010-07-14T08:54:11+00:00","mainEntityOfPage":{"@id":"https:\/\/inclusivenews.com.br\/?p=16536"},"wordCount":698,"commentCount":0,"publisher":{"@id":"https:\/\/inclusivenews.com.br\/#organization"},"image":{"@id":"https:\/\/inclusivenews.com.br\/?p=16536#primaryimage"},"thumbnailUrl":"http:\/\/www.pnud.org.br\/public\/imgc3514.jpg","articleSection":["NOT\u00cdCIAS"],"inLanguage":"pt-PT","potentialAction":[{"@type":"CommentAction","name":"Comment","target":["https:\/\/inclusivenews.com.br\/?p=16536#respond"]}]},{"@type":"WebPage","@id":"https:\/\/inclusivenews.com.br\/?p=16536","url":"https:\/\/inclusivenews.com.br\/?p=16536","name":"Sete estados atingem ODM contra a pobreza -","isPartOf":{"@id":"https:\/\/inclusivenews.com.br\/#website"},"primaryImageOfPage":{"@id":"https:\/\/inclusivenews.com.br\/?p=16536#primaryimage"},"image":{"@id":"https:\/\/inclusivenews.com.br\/?p=16536#primaryimage"},"thumbnailUrl":"http:\/\/www.pnud.org.br\/public\/imgc3514.jpg","datePublished":"2010-07-14T08:54:11+00:00","breadcrumb":{"@id":"https:\/\/inclusivenews.com.br\/?p=16536#breadcrumb"},"inLanguage":"pt-PT","potentialAction":[{"@type":"ReadAction","target":["https:\/\/inclusivenews.com.br\/?p=16536"]}]},{"@type":"ImageObject","inLanguage":"pt-PT","@id":"https:\/\/inclusivenews.com.br\/?p=16536#primaryimage","url":"http:\/\/www.pnud.org.br\/public\/imgc3514.jpg","contentUrl":"http:\/\/www.pnud.org.br\/public\/imgc3514.jpg"},{"@type":"BreadcrumbList","@id":"https:\/\/inclusivenews.com.br\/?p=16536#breadcrumb","itemListElement":[{"@type":"ListItem","position":1,"name":"In\u00edcio","item":"https:\/\/inclusivenews.com.br\/"},{"@type":"ListItem","position":2,"name":"Sete estados atingem ODM contra a pobreza"}]},{"@type":"WebSite","@id":"https:\/\/inclusivenews.com.br\/#website","url":"https:\/\/inclusivenews.com.br\/","name":"Inclusive News","description":"Inclusive News","publisher":{"@id":"https:\/\/inclusivenews.com.br\/#organization"},"potentialAction":[{"@type":"SearchAction","target":{"@type":"EntryPoint","urlTemplate":"https:\/\/inclusivenews.com.br\/?s={search_term_string}"},"query-input":{"@type":"PropertyValueSpecification","valueRequired":true,"valueName":"search_term_string"}}],"inLanguage":"pt-PT"},{"@type":"Organization","@id":"https:\/\/inclusivenews.com.br\/#organization","name":"Inclusive - inclus\u00e3o e cidadania","url":"https:\/\/inclusivenews.com.br\/","logo":{"@type":"ImageObject","inLanguage":"pt-PT","@id":"https:\/\/inclusivenews.com.br\/#\/schema\/logo\/image\/","url":"https:\/\/inclusivenews.com.br\/wp-content\/uploads\/2024\/03\/@grandesite.png","contentUrl":"https:\/\/inclusivenews.com.br\/wp-content\/uploads\/2024\/03\/@grandesite.png","width":1080,"height":1080,"caption":"Inclusive - inclus\u00e3o e cidadania"},"image":{"@id":"https:\/\/inclusivenews.com.br\/#\/schema\/logo\/image\/"},"sameAs":["https:\/\/www.facebook.com\/agenciainclusive\/","https:\/\/www.instagram.com\/newsinclusive\/"]},{"@type":"Person","@id":"https:\/\/inclusivenews.com.br\/#\/schema\/person\/ae4ec7087559b8692fb33b6fffd2273b","name":"inclusivenews2024","image":{"@type":"ImageObject","inLanguage":"pt-PT","@id":"https:\/\/secure.gravatar.com\/avatar\/c5a7ef84c66fa914f55bc4f7ce26cfa275a3b9a1c5568b907bd184fb4dde7b40?s=96&d=mm&r=g","url":"https:\/\/secure.gravatar.com\/avatar\/c5a7ef84c66fa914f55bc4f7ce26cfa275a3b9a1c5568b907bd184fb4dde7b40?s=96&d=mm&r=g","contentUrl":"https:\/\/secure.gravatar.com\/avatar\/c5a7ef84c66fa914f55bc4f7ce26cfa275a3b9a1c5568b907bd184fb4dde7b40?s=96&d=mm&r=g","caption":"inclusivenews2024"},"sameAs":["https:\/\/inclusivenews.com.br"],"url":"https:\/\/inclusivenews.com.br\/?author=1"}]}},"_links":{"self":[{"href":"https:\/\/inclusivenews.com.br\/index.php?rest_route=\/wp\/v2\/posts\/16536","targetHints":{"allow":["GET"]}}],"collection":[{"href":"https:\/\/inclusivenews.com.br\/index.php?rest_route=\/wp\/v2\/posts"}],"about":[{"href":"https:\/\/inclusivenews.com.br\/index.php?rest_route=\/wp\/v2\/types\/post"}],"author":[{"embeddable":true,"href":"https:\/\/inclusivenews.com.br\/index.php?rest_route=\/wp\/v2\/users\/1"}],"replies":[{"embeddable":true,"href":"https:\/\/inclusivenews.com.br\/index.php?rest_route=%2Fwp%2Fv2%2Fcomments&post=16536"}],"version-history":[{"count":0,"href":"https:\/\/inclusivenews.com.br\/index.php?rest_route=\/wp\/v2\/posts\/16536\/revisions"}],"wp:attachment":[{"href":"https:\/\/inclusivenews.com.br\/index.php?rest_route=%2Fwp%2Fv2%2Fmedia&parent=16536"}],"wp:term":[{"taxonomy":"category","embeddable":true,"href":"https:\/\/inclusivenews.com.br\/index.php?rest_route=%2Fwp%2Fv2%2Fcategories&post=16536"},{"taxonomy":"post_tag","embeddable":true,"href":"https:\/\/inclusivenews.com.br\/index.php?rest_route=%2Fwp%2Fv2%2Ftags&post=16536"}],"curies":[{"name":"wp","href":"https:\/\/api.w.org\/{rel}","templated":true}]}}