{"id":16538,"date":"2010-07-13T20:16:14","date_gmt":"2010-07-13T23:16:14","guid":{"rendered":"http:\/\/www.inclusive.org.br\/?p=16538"},"modified":"2010-07-13T20:16:14","modified_gmt":"2010-07-13T23:16:14","slug":"livro-das-juventudes-sul-americanas","status":"publish","type":"post","link":"https:\/\/inclusivenews.com.br\/?p=16538","title":{"rendered":"Livro das juventudes sul-americanas"},"content":{"rendered":"<figure id=\"attachment_16557\" aria-describedby=\"caption-attachment-16557\" style=\"width: 150px\" class=\"wp-caption alignleft\"><a href=\"http:\/\/www.inclusivenews.com.br\/wp-content\/uploads\/2010\/07\/capa_livro_ibase.jpg\"><img loading=\"lazy\" decoding=\"async\" class=\"size-full wp-image-16557\" title=\"Capa da publica\u00e7\u00e3o, onde v\u00ea-se o mapa da Am\u00e9rica Latina\" src=\"http:\/\/inclusivenews.com.br\/wp-content\/uploads\/2010\/07\/capa_livro_ibase.jpg\" alt=\"\" width=\"150\" height=\"195\" \/><\/a><figcaption id=\"caption-attachment-16557\" class=\"wp-caption-text\"> <\/figcaption><\/figure>\n<p>Qual o papel da juventude nas mudan\u00e7as em curso em nosso continente? Como podem contribuir para a renova\u00e7\u00e3o da pol\u00edtica e consolida\u00e7\u00e3o da democracia? Quais demandas, lutas pol\u00edticas, formas de organiza\u00e7\u00e3o e de solidariedade esses(as) jovens t\u00eam constru\u00eddo no in\u00edcio deste novo s\u00e9culo? Seria poss\u00edvel falar na exist\u00eancia de \u201cidentidade geracional\u201d ou, ao menos, de uma agenda comum para a\u00e7\u00e3o de jovens sul-americanos?<\/p>\n<p>Buscar respostas para essas quest\u00f5es foi o objetivo do Projeto Juventudes Sul-americanas: di\u00e1logos para a constru\u00e7\u00e3o da democracia regional. O projeto foi realizado no Brasil, pelo Ibase em parceria com o Instituto P\u00f3lis, com apoio do International Development Research Centre (IDRC), em conjunto com uma rede de entidades de outros cinco pa\u00edses envolvidos, a saber: Fundaci\u00f3n SES (Argentina), U-PIEB (Bol\u00edvia), CIDPA (Chile), Base-IS (Paraguai) e Cotidiano Mujer e Facultad de Ci\u00eancias Sociales da Universidad de la Rep\u00fablica (Uruguai). Essa rede foi ampliando suas interlocu\u00e7\u00f5es \u00e0 propor\u00e7\u00e3o que o projeto foi se desenvolvendo.<\/p>\n<p>Hoje, podemos dizer que foram cerca de 50 as organiza\u00e7\u00f5es que contribu\u00edram para viabiliz\u00e1-lo. Durante dois anos, foram realizadas pesquisas, interc\u00e2mbios entre pesquisadores(as), discuss\u00f5es no espa\u00e7o acad\u00eamico; grupos de di\u00e1logo entre jovens em cada pa\u00eds e de diferentes pa\u00edses; informa\u00e7\u00f5es da pesquisa foram divulgadas nos meios de comunica\u00e7\u00e3o, assim como, em cada pa\u00eds, foram utilizadas para qualificar a\u00e7\u00f5es de incid\u00eancia de grupos, redes e movimentos juvenis no espa\u00e7o p\u00fablico. Ao mesmo tempo, as informa\u00e7\u00f5es acumuladas legitimaram a interlocu\u00e7\u00e3o com os poderes p\u00fablicos nos distintos pa\u00edses e com gestores(as) p\u00fablicos(as) envolvidos(as) em espa\u00e7os de articula\u00e7\u00e3o regional. Em conjunto, a produ\u00e7\u00e3o de conhecimento e as a\u00e7\u00f5es desenvolvidas convergiram para um objetivo maior: impulsionar a participa\u00e7\u00e3o juvenil para lograr o aperfei\u00e7oamento e a efetividade de Pol\u00edticas P\u00fablicas de Juventude.<\/p>\n<p>No decorrer do processo, de acordo com as distintas fases da pesquisa, foram produzidos relat\u00f3rios nacionais e regional; cadernos de di\u00e1logos nacionais e regional; publica\u00e7\u00f5es acad\u00eamicas; cadernos para trabalho com jovens; dois livros coletivos e um consider\u00e1vel material iconogr\u00e1fico. V\u00eddeodocument\u00e1rios tamb\u00e9m foram produzidos por ocasi\u00e3o do encontro de jovens para o grupo de di\u00e1logo em cada pa\u00eds e no Rio de Janeiro, onde se reuniram com a participa\u00e7\u00e3o dos seis pa\u00edses.<\/p>\n<p>E qual o objetivo da presente publica\u00e7\u00e3o? A publica\u00e7\u00e3o, composta de partes independentes entre si, pode ser lida em sequ\u00eancias diferentes pretende trazer informa\u00e7\u00f5es \u00fateis e provocar reflex\u00f5es. Trata-se de um livro com m\u00faltiplos usos para v\u00e1rios tipos de leitores(as). \u00c9 um livro para iniciados(as). Pode despertar interesse de jovens ou pessoas adultas, pesquisadores(as) dedicados(as) ao tema e\/ou engajados(as) nas causas das juventudes sul-americanas (militantes-estudiosos(as) e\/ou estudiosos(as)-militantes); e de gestores(as) de Pol\u00edticas P\u00fablicas de Juventude, pois divulga informa\u00e7\u00f5es in\u00e9ditas das pesquisas comparativas anteriormente citadas. Mas \u00e9, tamb\u00e9m, um livro para iniciantes, pois re\u00fane informa\u00e7\u00f5es \u00fateis para quem come\u00e7a a se interessar pelo assunto.<\/p>\n<p>Acolher a diversidade de situa\u00e7\u00f5es e interpreta\u00e7\u00f5es \u00e9 uma das caracter\u00edsticas (e, a nosso ver, a maior vantagem) desta nossa experi\u00eancia de pesquisa em rede. Por outro lado, os conte\u00fados veiculados neste livro reafirmam a nossa aposta comum nas juventudes sul-americanas e no seu potencial renovador para a democracia da regi\u00e3o. Nada de novo se far\u00e1 sem eles e elas. O v\u00eddeodocument\u00e1rio Di\u00e1logos, que acompanha o livro, permite-nos ver imagens e ouvir algumas de suas vozes.<\/p>\n<p>Fa\u00e7a o <a href=\"http:\/\/www.ibase.br\/userimages\/livros%20das%20juventudes_FINAL1.pdf\">download<\/a>.<br \/>\n____________<\/p>\n<p><strong>Fonte:<\/strong> <a href=\"http:\/\/www.ibase.br\/modules.php?name=Conteudo&amp;pid=2890\">IBASE<\/a><\/p>\n","protected":false},"excerpt":{"rendered":"<p>Qual o papel da juventude nas mudan\u00e7as em curso em nosso continente? Como podem contribuir para a renova\u00e7\u00e3o da pol\u00edtica e consolida\u00e7\u00e3o da democracia? Quais demandas, lutas pol\u00edticas, formas de organiza\u00e7\u00e3o e de solidariedade esses(as) jovens t\u00eam constru\u00eddo no in\u00edcio deste novo s\u00e9culo? Seria poss\u00edvel falar na exist\u00eancia de \u201cidentidade geracional\u201d ou, ao menos, de uma agenda comum para a\u00e7\u00e3o de jovens sul-americanos? Informa\u00e7\u00e3o \u00e9 do IBASE.<\/p>\n","protected":false},"author":1,"featured_media":0,"comment_status":"open","ping_status":"open","sticky":false,"template":"","format":"standard","meta":{"site-container-style":"default","site-container-layout":"default","site-sidebar-layout":"default","disable-article-header":"default","disable-site-header":"default","disable-site-footer":"default","disable-content-area-spacing":"default","footnotes":""},"categories":[52,4,10,117],"tags":[],"class_list":["post-16538","post","type-post","status-publish","format-standard","hentry","category-downloadables","category-noticias","category-publicacoes","category-relatorios"],"yoast_head":"<!-- This site is optimized with the Yoast SEO plugin v27.4 - https:\/\/yoast.com\/product\/yoast-seo-wordpress\/ -->\n<title>Livro das juventudes sul-americanas -<\/title>\n<meta name=\"robots\" content=\"index, follow, max-snippet:-1, max-image-preview:large, max-video-preview:-1\" \/>\n<link rel=\"canonical\" href=\"https:\/\/inclusivenews.com.br\/?p=16538\" \/>\n<meta property=\"og:locale\" content=\"pt_PT\" \/>\n<meta property=\"og:type\" content=\"article\" \/>\n<meta property=\"og:title\" content=\"Livro das juventudes sul-americanas -\" \/>\n<meta property=\"og:description\" content=\"Qual o papel da juventude nas mudan\u00e7as em curso em nosso continente? Como podem contribuir para a renova\u00e7\u00e3o da pol\u00edtica e consolida\u00e7\u00e3o da democracia? Quais demandas, lutas pol\u00edticas, formas de organiza\u00e7\u00e3o e de solidariedade esses(as) jovens t\u00eam constru\u00eddo no in\u00edcio deste novo s\u00e9culo? Seria poss\u00edvel falar na exist\u00eancia de \u201cidentidade geracional\u201d ou, ao menos, de uma agenda comum para a\u00e7\u00e3o de jovens sul-americanos? Informa\u00e7\u00e3o \u00e9 do IBASE.\" \/>\n<meta property=\"og:url\" content=\"https:\/\/inclusivenews.com.br\/?p=16538\" \/>\n<meta property=\"article:publisher\" content=\"https:\/\/www.facebook.com\/agenciainclusive\/\" \/>\n<meta property=\"article:published_time\" content=\"2010-07-13T23:16:14+00:00\" \/>\n<meta property=\"og:image\" content=\"http:\/\/inclusivenews.com.br\/wp-content\/uploads\/2010\/07\/capa_livro_ibase.jpg\" \/>\n<meta name=\"author\" content=\"inclusivenews2024\" \/>\n<meta name=\"twitter:card\" content=\"summary_large_image\" \/>\n<meta name=\"twitter:label1\" content=\"Escrito por\" \/>\n\t<meta name=\"twitter:data1\" content=\"inclusivenews2024\" \/>\n\t<meta name=\"twitter:label2\" content=\"Tempo estimado de leitura\" \/>\n\t<meta name=\"twitter:data2\" content=\"3 minutos\" \/>\n<script type=\"application\/ld+json\" class=\"yoast-schema-graph\">{\"@context\":\"https:\\\/\\\/schema.org\",\"@graph\":[{\"@type\":\"Article\",\"@id\":\"https:\\\/\\\/inclusivenews.com.br\\\/?p=16538#article\",\"isPartOf\":{\"@id\":\"https:\\\/\\\/inclusivenews.com.br\\\/?p=16538\"},\"author\":{\"name\":\"inclusivenews2024\",\"@id\":\"https:\\\/\\\/inclusivenews.com.br\\\/#\\\/schema\\\/person\\\/ae4ec7087559b8692fb33b6fffd2273b\"},\"headline\":\"Livro das juventudes sul-americanas\",\"datePublished\":\"2010-07-13T23:16:14+00:00\",\"mainEntityOfPage\":{\"@id\":\"https:\\\/\\\/inclusivenews.com.br\\\/?p=16538\"},\"wordCount\":652,\"commentCount\":0,\"publisher\":{\"@id\":\"https:\\\/\\\/inclusivenews.com.br\\\/#organization\"},\"image\":{\"@id\":\"https:\\\/\\\/inclusivenews.com.br\\\/?p=16538#primaryimage\"},\"thumbnailUrl\":\"http:\\\/\\\/inclusivenews.com.br\\\/wp-content\\\/uploads\\\/2010\\\/07\\\/capa_livro_ibase.jpg\",\"articleSection\":[\"Downloadables\",\"NOT\u00cdCIAS\",\"PUBLICA\u00c7\u00d5ES\",\"Relat\u00f3rios\"],\"inLanguage\":\"pt-PT\",\"potentialAction\":[{\"@type\":\"CommentAction\",\"name\":\"Comment\",\"target\":[\"https:\\\/\\\/inclusivenews.com.br\\\/?p=16538#respond\"]}]},{\"@type\":\"WebPage\",\"@id\":\"https:\\\/\\\/inclusivenews.com.br\\\/?p=16538\",\"url\":\"https:\\\/\\\/inclusivenews.com.br\\\/?p=16538\",\"name\":\"Livro das juventudes sul-americanas -\",\"isPartOf\":{\"@id\":\"https:\\\/\\\/inclusivenews.com.br\\\/#website\"},\"primaryImageOfPage\":{\"@id\":\"https:\\\/\\\/inclusivenews.com.br\\\/?p=16538#primaryimage\"},\"image\":{\"@id\":\"https:\\\/\\\/inclusivenews.com.br\\\/?p=16538#primaryimage\"},\"thumbnailUrl\":\"http:\\\/\\\/inclusivenews.com.br\\\/wp-content\\\/uploads\\\/2010\\\/07\\\/capa_livro_ibase.jpg\",\"datePublished\":\"2010-07-13T23:16:14+00:00\",\"breadcrumb\":{\"@id\":\"https:\\\/\\\/inclusivenews.com.br\\\/?p=16538#breadcrumb\"},\"inLanguage\":\"pt-PT\",\"potentialAction\":[{\"@type\":\"ReadAction\",\"target\":[\"https:\\\/\\\/inclusivenews.com.br\\\/?p=16538\"]}]},{\"@type\":\"ImageObject\",\"inLanguage\":\"pt-PT\",\"@id\":\"https:\\\/\\\/inclusivenews.com.br\\\/?p=16538#primaryimage\",\"url\":\"\",\"contentUrl\":\"\"},{\"@type\":\"BreadcrumbList\",\"@id\":\"https:\\\/\\\/inclusivenews.com.br\\\/?p=16538#breadcrumb\",\"itemListElement\":[{\"@type\":\"ListItem\",\"position\":1,\"name\":\"In\u00edcio\",\"item\":\"https:\\\/\\\/inclusivenews.com.br\\\/\"},{\"@type\":\"ListItem\",\"position\":2,\"name\":\"Livro das juventudes sul-americanas\"}]},{\"@type\":\"WebSite\",\"@id\":\"https:\\\/\\\/inclusivenews.com.br\\\/#website\",\"url\":\"https:\\\/\\\/inclusivenews.com.br\\\/\",\"name\":\"Inclusive News\",\"description\":\"Inclusive News\",\"publisher\":{\"@id\":\"https:\\\/\\\/inclusivenews.com.br\\\/#organization\"},\"potentialAction\":[{\"@type\":\"SearchAction\",\"target\":{\"@type\":\"EntryPoint\",\"urlTemplate\":\"https:\\\/\\\/inclusivenews.com.br\\\/?s={search_term_string}\"},\"query-input\":{\"@type\":\"PropertyValueSpecification\",\"valueRequired\":true,\"valueName\":\"search_term_string\"}}],\"inLanguage\":\"pt-PT\"},{\"@type\":\"Organization\",\"@id\":\"https:\\\/\\\/inclusivenews.com.br\\\/#organization\",\"name\":\"Inclusive - inclus\u00e3o e cidadania\",\"url\":\"https:\\\/\\\/inclusivenews.com.br\\\/\",\"logo\":{\"@type\":\"ImageObject\",\"inLanguage\":\"pt-PT\",\"@id\":\"https:\\\/\\\/inclusivenews.com.br\\\/#\\\/schema\\\/logo\\\/image\\\/\",\"url\":\"https:\\\/\\\/inclusivenews.com.br\\\/wp-content\\\/uploads\\\/2024\\\/03\\\/@grandesite.png\",\"contentUrl\":\"https:\\\/\\\/inclusivenews.com.br\\\/wp-content\\\/uploads\\\/2024\\\/03\\\/@grandesite.png\",\"width\":1080,\"height\":1080,\"caption\":\"Inclusive - inclus\u00e3o e cidadania\"},\"image\":{\"@id\":\"https:\\\/\\\/inclusivenews.com.br\\\/#\\\/schema\\\/logo\\\/image\\\/\"},\"sameAs\":[\"https:\\\/\\\/www.facebook.com\\\/agenciainclusive\\\/\",\"https:\\\/\\\/www.instagram.com\\\/newsinclusive\\\/\"]},{\"@type\":\"Person\",\"@id\":\"https:\\\/\\\/inclusivenews.com.br\\\/#\\\/schema\\\/person\\\/ae4ec7087559b8692fb33b6fffd2273b\",\"name\":\"inclusivenews2024\",\"image\":{\"@type\":\"ImageObject\",\"inLanguage\":\"pt-PT\",\"@id\":\"https:\\\/\\\/secure.gravatar.com\\\/avatar\\\/c5a7ef84c66fa914f55bc4f7ce26cfa275a3b9a1c5568b907bd184fb4dde7b40?s=96&d=mm&r=g\",\"url\":\"https:\\\/\\\/secure.gravatar.com\\\/avatar\\\/c5a7ef84c66fa914f55bc4f7ce26cfa275a3b9a1c5568b907bd184fb4dde7b40?s=96&d=mm&r=g\",\"contentUrl\":\"https:\\\/\\\/secure.gravatar.com\\\/avatar\\\/c5a7ef84c66fa914f55bc4f7ce26cfa275a3b9a1c5568b907bd184fb4dde7b40?s=96&d=mm&r=g\",\"caption\":\"inclusivenews2024\"},\"sameAs\":[\"https:\\\/\\\/inclusivenews.com.br\"],\"url\":\"https:\\\/\\\/inclusivenews.com.br\\\/?author=1\"}]}<\/script>\n<!-- \/ Yoast SEO plugin. -->","yoast_head_json":{"title":"Livro das juventudes sul-americanas -","robots":{"index":"index","follow":"follow","max-snippet":"max-snippet:-1","max-image-preview":"max-image-preview:large","max-video-preview":"max-video-preview:-1"},"canonical":"https:\/\/inclusivenews.com.br\/?p=16538","og_locale":"pt_PT","og_type":"article","og_title":"Livro das juventudes sul-americanas -","og_description":"Qual o papel da juventude nas mudan\u00e7as em curso em nosso continente? Como podem contribuir para a renova\u00e7\u00e3o da pol\u00edtica e consolida\u00e7\u00e3o da democracia? Quais demandas, lutas pol\u00edticas, formas de organiza\u00e7\u00e3o e de solidariedade esses(as) jovens t\u00eam constru\u00eddo no in\u00edcio deste novo s\u00e9culo? Seria poss\u00edvel falar na exist\u00eancia de \u201cidentidade geracional\u201d ou, ao menos, de uma agenda comum para a\u00e7\u00e3o de jovens sul-americanos? Informa\u00e7\u00e3o \u00e9 do IBASE.","og_url":"https:\/\/inclusivenews.com.br\/?p=16538","article_publisher":"https:\/\/www.facebook.com\/agenciainclusive\/","article_published_time":"2010-07-13T23:16:14+00:00","og_image":[{"url":"http:\/\/inclusivenews.com.br\/wp-content\/uploads\/2010\/07\/capa_livro_ibase.jpg","type":"","width":"","height":""}],"author":"inclusivenews2024","twitter_card":"summary_large_image","twitter_misc":{"Escrito por":"inclusivenews2024","Tempo estimado de leitura":"3 minutos"},"schema":{"@context":"https:\/\/schema.org","@graph":[{"@type":"Article","@id":"https:\/\/inclusivenews.com.br\/?p=16538#article","isPartOf":{"@id":"https:\/\/inclusivenews.com.br\/?p=16538"},"author":{"name":"inclusivenews2024","@id":"https:\/\/inclusivenews.com.br\/#\/schema\/person\/ae4ec7087559b8692fb33b6fffd2273b"},"headline":"Livro das juventudes sul-americanas","datePublished":"2010-07-13T23:16:14+00:00","mainEntityOfPage":{"@id":"https:\/\/inclusivenews.com.br\/?p=16538"},"wordCount":652,"commentCount":0,"publisher":{"@id":"https:\/\/inclusivenews.com.br\/#organization"},"image":{"@id":"https:\/\/inclusivenews.com.br\/?p=16538#primaryimage"},"thumbnailUrl":"http:\/\/inclusivenews.com.br\/wp-content\/uploads\/2010\/07\/capa_livro_ibase.jpg","articleSection":["Downloadables","NOT\u00cdCIAS","PUBLICA\u00c7\u00d5ES","Relat\u00f3rios"],"inLanguage":"pt-PT","potentialAction":[{"@type":"CommentAction","name":"Comment","target":["https:\/\/inclusivenews.com.br\/?p=16538#respond"]}]},{"@type":"WebPage","@id":"https:\/\/inclusivenews.com.br\/?p=16538","url":"https:\/\/inclusivenews.com.br\/?p=16538","name":"Livro das juventudes sul-americanas -","isPartOf":{"@id":"https:\/\/inclusivenews.com.br\/#website"},"primaryImageOfPage":{"@id":"https:\/\/inclusivenews.com.br\/?p=16538#primaryimage"},"image":{"@id":"https:\/\/inclusivenews.com.br\/?p=16538#primaryimage"},"thumbnailUrl":"http:\/\/inclusivenews.com.br\/wp-content\/uploads\/2010\/07\/capa_livro_ibase.jpg","datePublished":"2010-07-13T23:16:14+00:00","breadcrumb":{"@id":"https:\/\/inclusivenews.com.br\/?p=16538#breadcrumb"},"inLanguage":"pt-PT","potentialAction":[{"@type":"ReadAction","target":["https:\/\/inclusivenews.com.br\/?p=16538"]}]},{"@type":"ImageObject","inLanguage":"pt-PT","@id":"https:\/\/inclusivenews.com.br\/?p=16538#primaryimage","url":"","contentUrl":""},{"@type":"BreadcrumbList","@id":"https:\/\/inclusivenews.com.br\/?p=16538#breadcrumb","itemListElement":[{"@type":"ListItem","position":1,"name":"In\u00edcio","item":"https:\/\/inclusivenews.com.br\/"},{"@type":"ListItem","position":2,"name":"Livro das juventudes sul-americanas"}]},{"@type":"WebSite","@id":"https:\/\/inclusivenews.com.br\/#website","url":"https:\/\/inclusivenews.com.br\/","name":"Inclusive News","description":"Inclusive News","publisher":{"@id":"https:\/\/inclusivenews.com.br\/#organization"},"potentialAction":[{"@type":"SearchAction","target":{"@type":"EntryPoint","urlTemplate":"https:\/\/inclusivenews.com.br\/?s={search_term_string}"},"query-input":{"@type":"PropertyValueSpecification","valueRequired":true,"valueName":"search_term_string"}}],"inLanguage":"pt-PT"},{"@type":"Organization","@id":"https:\/\/inclusivenews.com.br\/#organization","name":"Inclusive - inclus\u00e3o e cidadania","url":"https:\/\/inclusivenews.com.br\/","logo":{"@type":"ImageObject","inLanguage":"pt-PT","@id":"https:\/\/inclusivenews.com.br\/#\/schema\/logo\/image\/","url":"https:\/\/inclusivenews.com.br\/wp-content\/uploads\/2024\/03\/@grandesite.png","contentUrl":"https:\/\/inclusivenews.com.br\/wp-content\/uploads\/2024\/03\/@grandesite.png","width":1080,"height":1080,"caption":"Inclusive - inclus\u00e3o e cidadania"},"image":{"@id":"https:\/\/inclusivenews.com.br\/#\/schema\/logo\/image\/"},"sameAs":["https:\/\/www.facebook.com\/agenciainclusive\/","https:\/\/www.instagram.com\/newsinclusive\/"]},{"@type":"Person","@id":"https:\/\/inclusivenews.com.br\/#\/schema\/person\/ae4ec7087559b8692fb33b6fffd2273b","name":"inclusivenews2024","image":{"@type":"ImageObject","inLanguage":"pt-PT","@id":"https:\/\/secure.gravatar.com\/avatar\/c5a7ef84c66fa914f55bc4f7ce26cfa275a3b9a1c5568b907bd184fb4dde7b40?s=96&d=mm&r=g","url":"https:\/\/secure.gravatar.com\/avatar\/c5a7ef84c66fa914f55bc4f7ce26cfa275a3b9a1c5568b907bd184fb4dde7b40?s=96&d=mm&r=g","contentUrl":"https:\/\/secure.gravatar.com\/avatar\/c5a7ef84c66fa914f55bc4f7ce26cfa275a3b9a1c5568b907bd184fb4dde7b40?s=96&d=mm&r=g","caption":"inclusivenews2024"},"sameAs":["https:\/\/inclusivenews.com.br"],"url":"https:\/\/inclusivenews.com.br\/?author=1"}]}},"_links":{"self":[{"href":"https:\/\/inclusivenews.com.br\/index.php?rest_route=\/wp\/v2\/posts\/16538","targetHints":{"allow":["GET"]}}],"collection":[{"href":"https:\/\/inclusivenews.com.br\/index.php?rest_route=\/wp\/v2\/posts"}],"about":[{"href":"https:\/\/inclusivenews.com.br\/index.php?rest_route=\/wp\/v2\/types\/post"}],"author":[{"embeddable":true,"href":"https:\/\/inclusivenews.com.br\/index.php?rest_route=\/wp\/v2\/users\/1"}],"replies":[{"embeddable":true,"href":"https:\/\/inclusivenews.com.br\/index.php?rest_route=%2Fwp%2Fv2%2Fcomments&post=16538"}],"version-history":[{"count":0,"href":"https:\/\/inclusivenews.com.br\/index.php?rest_route=\/wp\/v2\/posts\/16538\/revisions"}],"wp:attachment":[{"href":"https:\/\/inclusivenews.com.br\/index.php?rest_route=%2Fwp%2Fv2%2Fmedia&parent=16538"}],"wp:term":[{"taxonomy":"category","embeddable":true,"href":"https:\/\/inclusivenews.com.br\/index.php?rest_route=%2Fwp%2Fv2%2Fcategories&post=16538"},{"taxonomy":"post_tag","embeddable":true,"href":"https:\/\/inclusivenews.com.br\/index.php?rest_route=%2Fwp%2Fv2%2Ftags&post=16538"}],"curies":[{"name":"wp","href":"https:\/\/api.w.org\/{rel}","templated":true}]}}