{"id":16540,"date":"2010-07-13T15:40:04","date_gmt":"2010-07-13T18:40:04","guid":{"rendered":"http:\/\/www.inclusive.org.br\/?p=16540"},"modified":"2010-07-13T15:40:04","modified_gmt":"2010-07-13T18:40:04","slug":"onu-empossa-novo-relator-pelo-direito-a-educacao","status":"publish","type":"post","link":"https:\/\/inclusivenews.com.br\/?p=16540","title":{"rendered":"ONU empossa novo relator pelo direito \u00e0 educa\u00e7\u00e3o"},"content":{"rendered":"<figure id=\"attachment_13656\" aria-describedby=\"caption-attachment-13656\" style=\"width: 200px\" class=\"wp-caption alignleft\"><a href=\"http:\/\/www.inclusivenews.com.br\/wp-content\/uploads\/2010\/01\/logo_final_observatorio.jpg\"><img loading=\"lazy\" decoding=\"async\" class=\"size-full wp-image-13656\" title=\"Logotipo do Observat\u00f3rio da Educa\u00e7\u00e3o, uma caixa de di\u00e1logo com um ponto final.\" src=\"http:\/\/inclusivenews.com.br\/wp-content\/uploads\/2010\/01\/logo_final_observatorio.jpg\" alt=\"\" width=\"200\" height=\"200\" \/><\/a><figcaption id=\"caption-attachment-13656\" class=\"wp-caption-text\"> <\/figcaption><\/figure>\n<p>O indiano Kishore Singh \u00e9 o novo Relator Especial para o Direito \u00e0 Educa\u00e7\u00e3o da Organiza\u00e7\u00e3o das Na\u00e7\u00f5es Unidas (ONU). Singh foi empossado no fim de junho para um mandato de tr\u00eas anos, que pode ser renovado por mais tr\u00eas.<\/p>\n<p>O novo relator foi indicado pelo governo da \u00cdndia e por dois ju\u00edzes da Corte Internacional de Justi\u00e7a de Haia, al\u00e9m de ter sua candidatura apoiada pela Plataforma de ONGs pelo direito \u00e0 educa\u00e7\u00e3o sediada em Genebra.<\/p>\n<p>A fun\u00e7\u00e3o do relator especial \u00e9 investigar informa\u00e7\u00f5es e den\u00fancias sobre viola\u00e7\u00f5es do direito \u00e0 educa\u00e7\u00e3o, suas causas e consequ\u00eancias. Tamb\u00e9m executa miss\u00f5es e visitas a pa\u00edses e envia apelos ou pedidos de esclarecimento a governos. Anualmente deve elaborar relat\u00f3rios tem\u00e1ticos que s\u00e3o apresentados \u00e0 Assembleia Geral da ONU.<\/p>\n<p>Nos \u00faltimos relat\u00f3rios, o costa-riquenho Vernor Mu\u00f1oz, que exerceu o mandato de 2004 a 2010, abordou quest\u00f5es sobre g\u00eanero e educa\u00e7\u00e3o (2006); defici\u00eancias (2007); situa\u00e7\u00f5es de emerg\u00eancia (2008) e prisioneiros (2009). Em abril deste ano, o dossi\u00ea tratou do tema dos migrantes e refugiados.<\/p>\n<p>____________________________________<\/p>\n<ul>\n<li><a href=\"http:\/\/www.observatoriodaeducacao.org.br\/index.php?option=com_content&amp;view=article&amp;id=934:alteracoes-na-lei-pele-aumentam-responsabilidade-de-clubes-pela-educacao-de-seus-atletas&amp;catid=48:sugestoes-de-pautas&amp;Itemid=98\">Altera\u00e7\u00f5es              na Lei Pel\u00e9 aumentam responsabilidade de clubes pela educa\u00e7\u00e3o de              seus atletas<\/a><\/li>\n<li><a href=\"http:\/\/www.observatoriodaeducacao.org.br\/index.php?option=com_content&amp;view=article&amp;id=935:clubes-de-futebol-paulistas-podem-ser-punidos-por-permitir-que-adolescentes-deixem-a-escola&amp;catid=48:sugestoes-de-pautas&amp;Itemid=98\">Clubes                          de futebol paulistas podem ser punidos por permitir que                          adolescentes deixem a escola<\/a><\/li>\n<li><a href=\"http:\/\/www.observatoriodaeducacao.org.br\/index.php?option=com_content&amp;view=article&amp;id=932:voz-do-poder-publico-predomina-na-cobertura-da-greve-dos-professores-paulistas&amp;catid=55:acao-na-midia&amp;Itemid=60\">An\u00e1lise              de m\u00eddia: voz do poder p\u00fablico predomina na cobertura da greve de              professores paulistas<\/a><\/li>\n<\/ul>\n<p><strong>EXPEDIENTE<\/strong><\/p>\n<p>Coordena\u00e7\u00e3o editorial: Mari\u00e2ngela Graciano<br \/>\nReda\u00e7\u00e3o e edi\u00e7\u00e3o: Fernanda Campagnucci e Mari\u00e2ngela Graciano<br \/>\nAssessoria de inform\u00e1tica: M\u00e1rio S\u00e9rgio de Thomaz<br \/>\nAssesseria de Web: Gledson Neix<br \/>\nApoio Institucional: EED; Avina; Save the Children; e Ford Foundation.<\/p>\n<p>A\u00e7\u00e3o Educativa &#8211; Rua General Jardim, 660, CEP 01223-010, S\u00e3o Paulo &#8211; SP, (11) 3151-2333 ramal 175, <a href=\"mailto:observatorio@acaoeducativa.org\">observatorio@acaoeducativa.org<\/a><\/p>\n","protected":false},"excerpt":{"rendered":"<p>Este e outros assuntos est\u00e3o no boletim 61 do Observat\u00f3rio da Educa\u00e7\u00e3o.<\/p>\n","protected":false},"author":1,"featured_media":0,"comment_status":"open","ping_status":"open","sticky":false,"template":"","format":"standard","meta":{"site-container-style":"default","site-container-layout":"default","site-sidebar-layout":"default","disable-article-header":"default","disable-site-header":"default","disable-site-footer":"default","disable-content-area-spacing":"default","footnotes":""},"categories":[6,4],"tags":[67],"class_list":["post-16540","post","type-post","status-publish","format-standard","hentry","category-educacao","category-noticias","tag-observatorio-da-educacao"],"yoast_head":"<!-- This site is optimized with the Yoast SEO plugin v27.4 - https:\/\/yoast.com\/product\/yoast-seo-wordpress\/ -->\n<title>ONU empossa novo relator pelo direito \u00e0 educa\u00e7\u00e3o -<\/title>\n<meta name=\"robots\" content=\"index, follow, max-snippet:-1, max-image-preview:large, max-video-preview:-1\" \/>\n<link rel=\"canonical\" href=\"https:\/\/inclusivenews.com.br\/?p=16540\" \/>\n<meta property=\"og:locale\" content=\"pt_PT\" \/>\n<meta property=\"og:type\" content=\"article\" \/>\n<meta property=\"og:title\" content=\"ONU empossa novo relator pelo direito \u00e0 educa\u00e7\u00e3o -\" \/>\n<meta property=\"og:description\" content=\"Este e outros assuntos est\u00e3o no boletim 61 do Observat\u00f3rio da Educa\u00e7\u00e3o.\" \/>\n<meta property=\"og:url\" content=\"https:\/\/inclusivenews.com.br\/?p=16540\" \/>\n<meta property=\"article:publisher\" content=\"https:\/\/www.facebook.com\/agenciainclusive\/\" \/>\n<meta property=\"article:published_time\" content=\"2010-07-13T18:40:04+00:00\" \/>\n<meta property=\"og:image\" content=\"http:\/\/inclusivenews.com.br\/wp-content\/uploads\/2010\/01\/logo_final_observatorio.jpg\" \/>\n<meta name=\"author\" content=\"inclusivenews2024\" \/>\n<meta name=\"twitter:card\" content=\"summary_large_image\" \/>\n<meta name=\"twitter:label1\" content=\"Escrito por\" \/>\n\t<meta name=\"twitter:data1\" content=\"inclusivenews2024\" \/>\n\t<meta name=\"twitter:label2\" content=\"Tempo estimado de leitura\" \/>\n\t<meta name=\"twitter:data2\" content=\"2 minutos\" \/>\n<script type=\"application\/ld+json\" class=\"yoast-schema-graph\">{\"@context\":\"https:\\\/\\\/schema.org\",\"@graph\":[{\"@type\":\"Article\",\"@id\":\"https:\\\/\\\/inclusivenews.com.br\\\/?p=16540#article\",\"isPartOf\":{\"@id\":\"https:\\\/\\\/inclusivenews.com.br\\\/?p=16540\"},\"author\":{\"name\":\"inclusivenews2024\",\"@id\":\"https:\\\/\\\/inclusivenews.com.br\\\/#\\\/schema\\\/person\\\/ae4ec7087559b8692fb33b6fffd2273b\"},\"headline\":\"ONU empossa novo relator pelo direito \u00e0 educa\u00e7\u00e3o\",\"datePublished\":\"2010-07-13T18:40:04+00:00\",\"mainEntityOfPage\":{\"@id\":\"https:\\\/\\\/inclusivenews.com.br\\\/?p=16540\"},\"wordCount\":312,\"commentCount\":0,\"publisher\":{\"@id\":\"https:\\\/\\\/inclusivenews.com.br\\\/#organization\"},\"image\":{\"@id\":\"https:\\\/\\\/inclusivenews.com.br\\\/?p=16540#primaryimage\"},\"thumbnailUrl\":\"http:\\\/\\\/inclusivenews.com.br\\\/wp-content\\\/uploads\\\/2010\\\/01\\\/logo_final_observatorio.jpg\",\"keywords\":[\"Observat\u00f3rio da Educa\u00e7\u00e3o\"],\"articleSection\":[\"EDUCA\u00c7\u00c3O\",\"NOT\u00cdCIAS\"],\"inLanguage\":\"pt-PT\",\"potentialAction\":[{\"@type\":\"CommentAction\",\"name\":\"Comment\",\"target\":[\"https:\\\/\\\/inclusivenews.com.br\\\/?p=16540#respond\"]}]},{\"@type\":\"WebPage\",\"@id\":\"https:\\\/\\\/inclusivenews.com.br\\\/?p=16540\",\"url\":\"https:\\\/\\\/inclusivenews.com.br\\\/?p=16540\",\"name\":\"ONU empossa novo relator pelo direito \u00e0 educa\u00e7\u00e3o -\",\"isPartOf\":{\"@id\":\"https:\\\/\\\/inclusivenews.com.br\\\/#website\"},\"primaryImageOfPage\":{\"@id\":\"https:\\\/\\\/inclusivenews.com.br\\\/?p=16540#primaryimage\"},\"image\":{\"@id\":\"https:\\\/\\\/inclusivenews.com.br\\\/?p=16540#primaryimage\"},\"thumbnailUrl\":\"http:\\\/\\\/inclusivenews.com.br\\\/wp-content\\\/uploads\\\/2010\\\/01\\\/logo_final_observatorio.jpg\",\"datePublished\":\"2010-07-13T18:40:04+00:00\",\"breadcrumb\":{\"@id\":\"https:\\\/\\\/inclusivenews.com.br\\\/?p=16540#breadcrumb\"},\"inLanguage\":\"pt-PT\",\"potentialAction\":[{\"@type\":\"ReadAction\",\"target\":[\"https:\\\/\\\/inclusivenews.com.br\\\/?p=16540\"]}]},{\"@type\":\"ImageObject\",\"inLanguage\":\"pt-PT\",\"@id\":\"https:\\\/\\\/inclusivenews.com.br\\\/?p=16540#primaryimage\",\"url\":\"\",\"contentUrl\":\"\"},{\"@type\":\"BreadcrumbList\",\"@id\":\"https:\\\/\\\/inclusivenews.com.br\\\/?p=16540#breadcrumb\",\"itemListElement\":[{\"@type\":\"ListItem\",\"position\":1,\"name\":\"In\u00edcio\",\"item\":\"https:\\\/\\\/inclusivenews.com.br\\\/\"},{\"@type\":\"ListItem\",\"position\":2,\"name\":\"ONU empossa novo relator pelo direito \u00e0 educa\u00e7\u00e3o\"}]},{\"@type\":\"WebSite\",\"@id\":\"https:\\\/\\\/inclusivenews.com.br\\\/#website\",\"url\":\"https:\\\/\\\/inclusivenews.com.br\\\/\",\"name\":\"Inclusive News\",\"description\":\"Inclusive News\",\"publisher\":{\"@id\":\"https:\\\/\\\/inclusivenews.com.br\\\/#organization\"},\"potentialAction\":[{\"@type\":\"SearchAction\",\"target\":{\"@type\":\"EntryPoint\",\"urlTemplate\":\"https:\\\/\\\/inclusivenews.com.br\\\/?s={search_term_string}\"},\"query-input\":{\"@type\":\"PropertyValueSpecification\",\"valueRequired\":true,\"valueName\":\"search_term_string\"}}],\"inLanguage\":\"pt-PT\"},{\"@type\":\"Organization\",\"@id\":\"https:\\\/\\\/inclusivenews.com.br\\\/#organization\",\"name\":\"Inclusive - inclus\u00e3o e cidadania\",\"url\":\"https:\\\/\\\/inclusivenews.com.br\\\/\",\"logo\":{\"@type\":\"ImageObject\",\"inLanguage\":\"pt-PT\",\"@id\":\"https:\\\/\\\/inclusivenews.com.br\\\/#\\\/schema\\\/logo\\\/image\\\/\",\"url\":\"https:\\\/\\\/inclusivenews.com.br\\\/wp-content\\\/uploads\\\/2024\\\/03\\\/@grandesite.png\",\"contentUrl\":\"https:\\\/\\\/inclusivenews.com.br\\\/wp-content\\\/uploads\\\/2024\\\/03\\\/@grandesite.png\",\"width\":1080,\"height\":1080,\"caption\":\"Inclusive - inclus\u00e3o e cidadania\"},\"image\":{\"@id\":\"https:\\\/\\\/inclusivenews.com.br\\\/#\\\/schema\\\/logo\\\/image\\\/\"},\"sameAs\":[\"https:\\\/\\\/www.facebook.com\\\/agenciainclusive\\\/\",\"https:\\\/\\\/www.instagram.com\\\/newsinclusive\\\/\"]},{\"@type\":\"Person\",\"@id\":\"https:\\\/\\\/inclusivenews.com.br\\\/#\\\/schema\\\/person\\\/ae4ec7087559b8692fb33b6fffd2273b\",\"name\":\"inclusivenews2024\",\"image\":{\"@type\":\"ImageObject\",\"inLanguage\":\"pt-PT\",\"@id\":\"https:\\\/\\\/secure.gravatar.com\\\/avatar\\\/c5a7ef84c66fa914f55bc4f7ce26cfa275a3b9a1c5568b907bd184fb4dde7b40?s=96&d=mm&r=g\",\"url\":\"https:\\\/\\\/secure.gravatar.com\\\/avatar\\\/c5a7ef84c66fa914f55bc4f7ce26cfa275a3b9a1c5568b907bd184fb4dde7b40?s=96&d=mm&r=g\",\"contentUrl\":\"https:\\\/\\\/secure.gravatar.com\\\/avatar\\\/c5a7ef84c66fa914f55bc4f7ce26cfa275a3b9a1c5568b907bd184fb4dde7b40?s=96&d=mm&r=g\",\"caption\":\"inclusivenews2024\"},\"sameAs\":[\"https:\\\/\\\/inclusivenews.com.br\"],\"url\":\"https:\\\/\\\/inclusivenews.com.br\\\/?author=1\"}]}<\/script>\n<!-- \/ Yoast SEO plugin. -->","yoast_head_json":{"title":"ONU empossa novo relator pelo direito \u00e0 educa\u00e7\u00e3o -","robots":{"index":"index","follow":"follow","max-snippet":"max-snippet:-1","max-image-preview":"max-image-preview:large","max-video-preview":"max-video-preview:-1"},"canonical":"https:\/\/inclusivenews.com.br\/?p=16540","og_locale":"pt_PT","og_type":"article","og_title":"ONU empossa novo relator pelo direito \u00e0 educa\u00e7\u00e3o -","og_description":"Este e outros assuntos est\u00e3o no boletim 61 do Observat\u00f3rio da Educa\u00e7\u00e3o.","og_url":"https:\/\/inclusivenews.com.br\/?p=16540","article_publisher":"https:\/\/www.facebook.com\/agenciainclusive\/","article_published_time":"2010-07-13T18:40:04+00:00","og_image":[{"url":"http:\/\/inclusivenews.com.br\/wp-content\/uploads\/2010\/01\/logo_final_observatorio.jpg","type":"","width":"","height":""}],"author":"inclusivenews2024","twitter_card":"summary_large_image","twitter_misc":{"Escrito por":"inclusivenews2024","Tempo estimado de leitura":"2 minutos"},"schema":{"@context":"https:\/\/schema.org","@graph":[{"@type":"Article","@id":"https:\/\/inclusivenews.com.br\/?p=16540#article","isPartOf":{"@id":"https:\/\/inclusivenews.com.br\/?p=16540"},"author":{"name":"inclusivenews2024","@id":"https:\/\/inclusivenews.com.br\/#\/schema\/person\/ae4ec7087559b8692fb33b6fffd2273b"},"headline":"ONU empossa novo relator pelo direito \u00e0 educa\u00e7\u00e3o","datePublished":"2010-07-13T18:40:04+00:00","mainEntityOfPage":{"@id":"https:\/\/inclusivenews.com.br\/?p=16540"},"wordCount":312,"commentCount":0,"publisher":{"@id":"https:\/\/inclusivenews.com.br\/#organization"},"image":{"@id":"https:\/\/inclusivenews.com.br\/?p=16540#primaryimage"},"thumbnailUrl":"http:\/\/inclusivenews.com.br\/wp-content\/uploads\/2010\/01\/logo_final_observatorio.jpg","keywords":["Observat\u00f3rio da Educa\u00e7\u00e3o"],"articleSection":["EDUCA\u00c7\u00c3O","NOT\u00cdCIAS"],"inLanguage":"pt-PT","potentialAction":[{"@type":"CommentAction","name":"Comment","target":["https:\/\/inclusivenews.com.br\/?p=16540#respond"]}]},{"@type":"WebPage","@id":"https:\/\/inclusivenews.com.br\/?p=16540","url":"https:\/\/inclusivenews.com.br\/?p=16540","name":"ONU empossa novo relator pelo direito \u00e0 educa\u00e7\u00e3o -","isPartOf":{"@id":"https:\/\/inclusivenews.com.br\/#website"},"primaryImageOfPage":{"@id":"https:\/\/inclusivenews.com.br\/?p=16540#primaryimage"},"image":{"@id":"https:\/\/inclusivenews.com.br\/?p=16540#primaryimage"},"thumbnailUrl":"http:\/\/inclusivenews.com.br\/wp-content\/uploads\/2010\/01\/logo_final_observatorio.jpg","datePublished":"2010-07-13T18:40:04+00:00","breadcrumb":{"@id":"https:\/\/inclusivenews.com.br\/?p=16540#breadcrumb"},"inLanguage":"pt-PT","potentialAction":[{"@type":"ReadAction","target":["https:\/\/inclusivenews.com.br\/?p=16540"]}]},{"@type":"ImageObject","inLanguage":"pt-PT","@id":"https:\/\/inclusivenews.com.br\/?p=16540#primaryimage","url":"","contentUrl":""},{"@type":"BreadcrumbList","@id":"https:\/\/inclusivenews.com.br\/?p=16540#breadcrumb","itemListElement":[{"@type":"ListItem","position":1,"name":"In\u00edcio","item":"https:\/\/inclusivenews.com.br\/"},{"@type":"ListItem","position":2,"name":"ONU empossa novo relator pelo direito \u00e0 educa\u00e7\u00e3o"}]},{"@type":"WebSite","@id":"https:\/\/inclusivenews.com.br\/#website","url":"https:\/\/inclusivenews.com.br\/","name":"Inclusive News","description":"Inclusive News","publisher":{"@id":"https:\/\/inclusivenews.com.br\/#organization"},"potentialAction":[{"@type":"SearchAction","target":{"@type":"EntryPoint","urlTemplate":"https:\/\/inclusivenews.com.br\/?s={search_term_string}"},"query-input":{"@type":"PropertyValueSpecification","valueRequired":true,"valueName":"search_term_string"}}],"inLanguage":"pt-PT"},{"@type":"Organization","@id":"https:\/\/inclusivenews.com.br\/#organization","name":"Inclusive - inclus\u00e3o e cidadania","url":"https:\/\/inclusivenews.com.br\/","logo":{"@type":"ImageObject","inLanguage":"pt-PT","@id":"https:\/\/inclusivenews.com.br\/#\/schema\/logo\/image\/","url":"https:\/\/inclusivenews.com.br\/wp-content\/uploads\/2024\/03\/@grandesite.png","contentUrl":"https:\/\/inclusivenews.com.br\/wp-content\/uploads\/2024\/03\/@grandesite.png","width":1080,"height":1080,"caption":"Inclusive - inclus\u00e3o e cidadania"},"image":{"@id":"https:\/\/inclusivenews.com.br\/#\/schema\/logo\/image\/"},"sameAs":["https:\/\/www.facebook.com\/agenciainclusive\/","https:\/\/www.instagram.com\/newsinclusive\/"]},{"@type":"Person","@id":"https:\/\/inclusivenews.com.br\/#\/schema\/person\/ae4ec7087559b8692fb33b6fffd2273b","name":"inclusivenews2024","image":{"@type":"ImageObject","inLanguage":"pt-PT","@id":"https:\/\/secure.gravatar.com\/avatar\/c5a7ef84c66fa914f55bc4f7ce26cfa275a3b9a1c5568b907bd184fb4dde7b40?s=96&d=mm&r=g","url":"https:\/\/secure.gravatar.com\/avatar\/c5a7ef84c66fa914f55bc4f7ce26cfa275a3b9a1c5568b907bd184fb4dde7b40?s=96&d=mm&r=g","contentUrl":"https:\/\/secure.gravatar.com\/avatar\/c5a7ef84c66fa914f55bc4f7ce26cfa275a3b9a1c5568b907bd184fb4dde7b40?s=96&d=mm&r=g","caption":"inclusivenews2024"},"sameAs":["https:\/\/inclusivenews.com.br"],"url":"https:\/\/inclusivenews.com.br\/?author=1"}]}},"_links":{"self":[{"href":"https:\/\/inclusivenews.com.br\/index.php?rest_route=\/wp\/v2\/posts\/16540","targetHints":{"allow":["GET"]}}],"collection":[{"href":"https:\/\/inclusivenews.com.br\/index.php?rest_route=\/wp\/v2\/posts"}],"about":[{"href":"https:\/\/inclusivenews.com.br\/index.php?rest_route=\/wp\/v2\/types\/post"}],"author":[{"embeddable":true,"href":"https:\/\/inclusivenews.com.br\/index.php?rest_route=\/wp\/v2\/users\/1"}],"replies":[{"embeddable":true,"href":"https:\/\/inclusivenews.com.br\/index.php?rest_route=%2Fwp%2Fv2%2Fcomments&post=16540"}],"version-history":[{"count":0,"href":"https:\/\/inclusivenews.com.br\/index.php?rest_route=\/wp\/v2\/posts\/16540\/revisions"}],"wp:attachment":[{"href":"https:\/\/inclusivenews.com.br\/index.php?rest_route=%2Fwp%2Fv2%2Fmedia&parent=16540"}],"wp:term":[{"taxonomy":"category","embeddable":true,"href":"https:\/\/inclusivenews.com.br\/index.php?rest_route=%2Fwp%2Fv2%2Fcategories&post=16540"},{"taxonomy":"post_tag","embeddable":true,"href":"https:\/\/inclusivenews.com.br\/index.php?rest_route=%2Fwp%2Fv2%2Ftags&post=16540"}],"curies":[{"name":"wp","href":"https:\/\/api.w.org\/{rel}","templated":true}]}}