{"id":16542,"date":"2010-07-15T09:24:29","date_gmt":"2010-07-15T12:24:29","guid":{"rendered":"http:\/\/www.inclusive.org.br\/?p=16542"},"modified":"2010-07-15T09:24:29","modified_gmt":"2010-07-15T12:24:29","slug":"empresas-que-admitirem-egressos-da-prisao-poderao-deduzir-impostos","status":"publish","type":"post","link":"https:\/\/inclusivenews.com.br\/?p=16542","title":{"rendered":"Empresas que admitirem egressos da pris\u00e3o poder\u00e3o deduzir impostos"},"content":{"rendered":"<div class=\"textoNovo\">\n<div style=\"width: 100%; margin-bottom: 0.5em;\">\n<div style=\"width: 99%; float: left; margin-right: 1%;\">\n<figure style=\"width: 150px\" class=\"wp-caption alignleft\"><img loading=\"lazy\" decoding=\"async\" title=\"Pris\u00e3o com portas abertas\" src=\"http:\/\/purapolitica.com.br\/novosite\/wp-content\/uploads\/2010\/04\/Prisao-aberta-150x150.jpg\" alt=\"\" width=\"150\" height=\"150\" \/><figcaption class=\"wp-caption-text\"> <\/figcaption><\/figure>\n<p class=\"MsoNormal\">Empresas tributadas com base no lucro real e que venham a contratar pessoas egressas da pris\u00e3o poder\u00e3o receber incentivos fiscais. A dedu\u00e7\u00e3o do imposto devido ser\u00e1 equivalente ao valor pago pelos encargos sociais incidentes sobre a remunera\u00e7\u00e3o desses trabalhadores durante os dois primeiros anos da contrata\u00e7\u00e3o.<\/p>\n<p class=\"MsoNormal\">Isso \u00e9 o que estabelece o projeto de lei do Senado (<a class=\"we_frase\" href=\"http:\/\/www.senado.gov.br\/atividade\/materia\/Consulta.asp?Tipo_Cons=6&amp;orderby=0&amp;Flag=1&amp;RAD_TIP=OUTROS&amp;str_tipo=PLS&amp;txt_num=40&amp;txt_ano=2010\" target=\"_blank\" rel=\"noopener\">PLS 40\/10<\/a>), de autoria da senadora Marisa Serrano (PSDB-MS), que est\u00e1 na pauta da reuni\u00e3o desta quarta-feira (14), \u00e0s 11h30, da Comiss\u00e3o de Assuntos Sociais (CAS). Se aprovada, a proposta segue para exame da Comiss\u00e3o de Assuntos Econ\u00f4micos (CAE), onde receber\u00e1 <span style=\"text-decoration: underline;\"><a class=\"we_frase\" href=\"http:\/\/www.senado.gov.br\/noticias\/www.senado.gov.br\/noticias\/agencia\/infos\/Infoterminativo_.htm\" target=\"_blank\" rel=\"noopener\">decis\u00e3o terminativa<\/a><\/span>.<\/p>\n<p class=\"MsoNormal\"><strong>Contribui\u00e7\u00f5es <\/strong><\/p>\n<p class=\"MsoNormal\">De acordo com o projeto, poder\u00e3o ser abatidas as contribui\u00e7\u00f5es pagas \u00e0 Previd\u00eancia Social, ao Fundo de Garantia do Tempo de Servi\u00e7o (FGTS), ao sal\u00e1rio-educa\u00e7\u00e3o, \u00e0s entidades privadas do servi\u00e7o social e de forma\u00e7\u00e3o profissional vinculadas ao sistema sindical, ao Instituto Nacional de Coloniza\u00e7\u00e3o e Reforma Agr\u00e1ria (Incra) e ao seguro contra riscos de acidentes de trabalho.<\/p>\n<p class=\"MsoNormal\">Em sua justificativa para a proposta, a senadora alega que os egressos da pris\u00e3o enfrentam grandes obst\u00e1culos que acabam por impedi-los de exercer a cidadania plena. Na sua avalia\u00e7\u00e3o, essa situa\u00e7\u00e3o leva ao acirramento das rela\u00e7\u00f5es sociais e compromete a seguran\u00e7a p\u00fablica.<\/p>\n<p class=\"MsoNormal\">O relator da mat\u00e9ria na CAS, senador Roberto Cavalcanti (PRB-PB), ao examinar o m\u00e9rito da iniciativa, concordou com a autora, ao salientar que aquele que j\u00e1 cumpriu sua pena permanece &#8220;penalizado&#8221;, na medida em que \u00e9 v\u00edtima de discrimina\u00e7\u00e3o e segrega\u00e7\u00e3o social, embora a Constitui\u00e7\u00e3o federal &#8220;vede expressamente&#8221; a pena perp\u00e9tua n\u00e3o sendo, portanto, admiss\u00edveis puni\u00e7\u00f5es que se prolonguem indefinidamente.<\/p>\n<p class=\"MsoNormal\">O relator concorda com Serrano mais uma vez, ao afirmar que &#8220;em conson\u00e2ncia com a ilustre autora, para que haja um futuro melhor, o passado precisa ser reduzido a sua verdadeira dimens\u00e3o.&#8221;<\/p>\n<\/div>\n<\/div>\n<\/div>\n<p><span class=\"nomeJornalista\">Cristina Vidigal<br \/>\n__________________<strong>Fonte:<\/strong> <a href=\"http:\/\/www.senado.gov.br\/noticias\/verNoticia.aspx?codNoticia=103446&amp;codAplicativo=2\">Ag\u00eancia Senado<\/a><\/p>\n<p><\/span><\/p>\n","protected":false},"excerpt":{"rendered":"<p>Empresas tributadas com base no lucro real e que venham a contratar pessoas egressas da pris\u00e3o poder\u00e3o receber incentivos fiscais. Informa\u00e7\u00e3o \u00e9 da Ag\u00eancia Senado.<\/p>\n","protected":false},"author":1,"featured_media":0,"comment_status":"open","ping_status":"open","sticky":false,"template":"","format":"standard","meta":{"site-container-style":"default","site-container-layout":"default","site-sidebar-layout":"default","disable-article-header":"default","disable-site-header":"default","disable-site-footer":"default","disable-content-area-spacing":"default","footnotes":""},"categories":[36,4],"tags":[],"class_list":["post-16542","post","type-post","status-publish","format-standard","hentry","category-colunas-especiais","category-noticias"],"yoast_head":"<!-- This site is optimized with the Yoast SEO plugin v27.4 - https:\/\/yoast.com\/product\/yoast-seo-wordpress\/ -->\n<title>Empresas que admitirem egressos da pris\u00e3o poder\u00e3o deduzir impostos -<\/title>\n<meta name=\"robots\" content=\"index, follow, max-snippet:-1, max-image-preview:large, max-video-preview:-1\" \/>\n<link rel=\"canonical\" href=\"https:\/\/inclusivenews.com.br\/?p=16542\" \/>\n<meta property=\"og:locale\" content=\"pt_PT\" \/>\n<meta property=\"og:type\" content=\"article\" \/>\n<meta property=\"og:title\" content=\"Empresas que admitirem egressos da pris\u00e3o poder\u00e3o deduzir impostos -\" \/>\n<meta property=\"og:description\" content=\"Empresas tributadas com base no lucro real e que venham a contratar pessoas egressas da pris\u00e3o poder\u00e3o receber incentivos fiscais. Informa\u00e7\u00e3o \u00e9 da Ag\u00eancia Senado.\" \/>\n<meta property=\"og:url\" content=\"https:\/\/inclusivenews.com.br\/?p=16542\" \/>\n<meta property=\"article:publisher\" content=\"https:\/\/www.facebook.com\/agenciainclusive\/\" \/>\n<meta property=\"article:published_time\" content=\"2010-07-15T12:24:29+00:00\" \/>\n<meta property=\"og:image\" content=\"http:\/\/purapolitica.com.br\/novosite\/wp-content\/uploads\/2010\/04\/Prisao-aberta-150x150.jpg\" \/>\n<meta name=\"author\" content=\"inclusivenews2024\" \/>\n<meta name=\"twitter:card\" content=\"summary_large_image\" \/>\n<meta name=\"twitter:label1\" content=\"Escrito por\" \/>\n\t<meta name=\"twitter:data1\" content=\"inclusivenews2024\" \/>\n\t<meta name=\"twitter:label2\" content=\"Tempo estimado de leitura\" \/>\n\t<meta name=\"twitter:data2\" content=\"2 minutos\" \/>\n<script type=\"application\/ld+json\" class=\"yoast-schema-graph\">{\"@context\":\"https:\\\/\\\/schema.org\",\"@graph\":[{\"@type\":\"Article\",\"@id\":\"https:\\\/\\\/inclusivenews.com.br\\\/?p=16542#article\",\"isPartOf\":{\"@id\":\"https:\\\/\\\/inclusivenews.com.br\\\/?p=16542\"},\"author\":{\"name\":\"inclusivenews2024\",\"@id\":\"https:\\\/\\\/inclusivenews.com.br\\\/#\\\/schema\\\/person\\\/ae4ec7087559b8692fb33b6fffd2273b\"},\"headline\":\"Empresas que admitirem egressos da pris\u00e3o poder\u00e3o deduzir impostos\",\"datePublished\":\"2010-07-15T12:24:29+00:00\",\"mainEntityOfPage\":{\"@id\":\"https:\\\/\\\/inclusivenews.com.br\\\/?p=16542\"},\"wordCount\":351,\"commentCount\":1,\"publisher\":{\"@id\":\"https:\\\/\\\/inclusivenews.com.br\\\/#organization\"},\"image\":{\"@id\":\"https:\\\/\\\/inclusivenews.com.br\\\/?p=16542#primaryimage\"},\"thumbnailUrl\":\"http:\\\/\\\/purapolitica.com.br\\\/novosite\\\/wp-content\\\/uploads\\\/2010\\\/04\\\/Prisao-aberta-150x150.jpg\",\"articleSection\":[\"Colunas especiais\",\"NOT\u00cdCIAS\"],\"inLanguage\":\"pt-PT\",\"potentialAction\":[{\"@type\":\"CommentAction\",\"name\":\"Comment\",\"target\":[\"https:\\\/\\\/inclusivenews.com.br\\\/?p=16542#respond\"]}]},{\"@type\":\"WebPage\",\"@id\":\"https:\\\/\\\/inclusivenews.com.br\\\/?p=16542\",\"url\":\"https:\\\/\\\/inclusivenews.com.br\\\/?p=16542\",\"name\":\"Empresas que admitirem egressos da pris\u00e3o poder\u00e3o deduzir impostos -\",\"isPartOf\":{\"@id\":\"https:\\\/\\\/inclusivenews.com.br\\\/#website\"},\"primaryImageOfPage\":{\"@id\":\"https:\\\/\\\/inclusivenews.com.br\\\/?p=16542#primaryimage\"},\"image\":{\"@id\":\"https:\\\/\\\/inclusivenews.com.br\\\/?p=16542#primaryimage\"},\"thumbnailUrl\":\"http:\\\/\\\/purapolitica.com.br\\\/novosite\\\/wp-content\\\/uploads\\\/2010\\\/04\\\/Prisao-aberta-150x150.jpg\",\"datePublished\":\"2010-07-15T12:24:29+00:00\",\"breadcrumb\":{\"@id\":\"https:\\\/\\\/inclusivenews.com.br\\\/?p=16542#breadcrumb\"},\"inLanguage\":\"pt-PT\",\"potentialAction\":[{\"@type\":\"ReadAction\",\"target\":[\"https:\\\/\\\/inclusivenews.com.br\\\/?p=16542\"]}]},{\"@type\":\"ImageObject\",\"inLanguage\":\"pt-PT\",\"@id\":\"https:\\\/\\\/inclusivenews.com.br\\\/?p=16542#primaryimage\",\"url\":\"http:\\\/\\\/purapolitica.com.br\\\/novosite\\\/wp-content\\\/uploads\\\/2010\\\/04\\\/Prisao-aberta-150x150.jpg\",\"contentUrl\":\"http:\\\/\\\/purapolitica.com.br\\\/novosite\\\/wp-content\\\/uploads\\\/2010\\\/04\\\/Prisao-aberta-150x150.jpg\"},{\"@type\":\"BreadcrumbList\",\"@id\":\"https:\\\/\\\/inclusivenews.com.br\\\/?p=16542#breadcrumb\",\"itemListElement\":[{\"@type\":\"ListItem\",\"position\":1,\"name\":\"In\u00edcio\",\"item\":\"https:\\\/\\\/inclusivenews.com.br\\\/\"},{\"@type\":\"ListItem\",\"position\":2,\"name\":\"Empresas que admitirem egressos da pris\u00e3o poder\u00e3o deduzir impostos\"}]},{\"@type\":\"WebSite\",\"@id\":\"https:\\\/\\\/inclusivenews.com.br\\\/#website\",\"url\":\"https:\\\/\\\/inclusivenews.com.br\\\/\",\"name\":\"Inclusive News\",\"description\":\"Inclusive News\",\"publisher\":{\"@id\":\"https:\\\/\\\/inclusivenews.com.br\\\/#organization\"},\"potentialAction\":[{\"@type\":\"SearchAction\",\"target\":{\"@type\":\"EntryPoint\",\"urlTemplate\":\"https:\\\/\\\/inclusivenews.com.br\\\/?s={search_term_string}\"},\"query-input\":{\"@type\":\"PropertyValueSpecification\",\"valueRequired\":true,\"valueName\":\"search_term_string\"}}],\"inLanguage\":\"pt-PT\"},{\"@type\":\"Organization\",\"@id\":\"https:\\\/\\\/inclusivenews.com.br\\\/#organization\",\"name\":\"Inclusive - inclus\u00e3o e cidadania\",\"url\":\"https:\\\/\\\/inclusivenews.com.br\\\/\",\"logo\":{\"@type\":\"ImageObject\",\"inLanguage\":\"pt-PT\",\"@id\":\"https:\\\/\\\/inclusivenews.com.br\\\/#\\\/schema\\\/logo\\\/image\\\/\",\"url\":\"https:\\\/\\\/inclusivenews.com.br\\\/wp-content\\\/uploads\\\/2024\\\/03\\\/@grandesite.png\",\"contentUrl\":\"https:\\\/\\\/inclusivenews.com.br\\\/wp-content\\\/uploads\\\/2024\\\/03\\\/@grandesite.png\",\"width\":1080,\"height\":1080,\"caption\":\"Inclusive - inclus\u00e3o e cidadania\"},\"image\":{\"@id\":\"https:\\\/\\\/inclusivenews.com.br\\\/#\\\/schema\\\/logo\\\/image\\\/\"},\"sameAs\":[\"https:\\\/\\\/www.facebook.com\\\/agenciainclusive\\\/\",\"https:\\\/\\\/www.instagram.com\\\/newsinclusive\\\/\"]},{\"@type\":\"Person\",\"@id\":\"https:\\\/\\\/inclusivenews.com.br\\\/#\\\/schema\\\/person\\\/ae4ec7087559b8692fb33b6fffd2273b\",\"name\":\"inclusivenews2024\",\"image\":{\"@type\":\"ImageObject\",\"inLanguage\":\"pt-PT\",\"@id\":\"https:\\\/\\\/secure.gravatar.com\\\/avatar\\\/c5a7ef84c66fa914f55bc4f7ce26cfa275a3b9a1c5568b907bd184fb4dde7b40?s=96&d=mm&r=g\",\"url\":\"https:\\\/\\\/secure.gravatar.com\\\/avatar\\\/c5a7ef84c66fa914f55bc4f7ce26cfa275a3b9a1c5568b907bd184fb4dde7b40?s=96&d=mm&r=g\",\"contentUrl\":\"https:\\\/\\\/secure.gravatar.com\\\/avatar\\\/c5a7ef84c66fa914f55bc4f7ce26cfa275a3b9a1c5568b907bd184fb4dde7b40?s=96&d=mm&r=g\",\"caption\":\"inclusivenews2024\"},\"sameAs\":[\"https:\\\/\\\/inclusivenews.com.br\"],\"url\":\"https:\\\/\\\/inclusivenews.com.br\\\/?author=1\"}]}<\/script>\n<!-- \/ Yoast SEO plugin. -->","yoast_head_json":{"title":"Empresas que admitirem egressos da pris\u00e3o poder\u00e3o deduzir impostos -","robots":{"index":"index","follow":"follow","max-snippet":"max-snippet:-1","max-image-preview":"max-image-preview:large","max-video-preview":"max-video-preview:-1"},"canonical":"https:\/\/inclusivenews.com.br\/?p=16542","og_locale":"pt_PT","og_type":"article","og_title":"Empresas que admitirem egressos da pris\u00e3o poder\u00e3o deduzir impostos -","og_description":"Empresas tributadas com base no lucro real e que venham a contratar pessoas egressas da pris\u00e3o poder\u00e3o receber incentivos fiscais. Informa\u00e7\u00e3o \u00e9 da Ag\u00eancia Senado.","og_url":"https:\/\/inclusivenews.com.br\/?p=16542","article_publisher":"https:\/\/www.facebook.com\/agenciainclusive\/","article_published_time":"2010-07-15T12:24:29+00:00","og_image":[{"url":"http:\/\/purapolitica.com.br\/novosite\/wp-content\/uploads\/2010\/04\/Prisao-aberta-150x150.jpg","type":"","width":"","height":""}],"author":"inclusivenews2024","twitter_card":"summary_large_image","twitter_misc":{"Escrito por":"inclusivenews2024","Tempo estimado de leitura":"2 minutos"},"schema":{"@context":"https:\/\/schema.org","@graph":[{"@type":"Article","@id":"https:\/\/inclusivenews.com.br\/?p=16542#article","isPartOf":{"@id":"https:\/\/inclusivenews.com.br\/?p=16542"},"author":{"name":"inclusivenews2024","@id":"https:\/\/inclusivenews.com.br\/#\/schema\/person\/ae4ec7087559b8692fb33b6fffd2273b"},"headline":"Empresas que admitirem egressos da pris\u00e3o poder\u00e3o deduzir impostos","datePublished":"2010-07-15T12:24:29+00:00","mainEntityOfPage":{"@id":"https:\/\/inclusivenews.com.br\/?p=16542"},"wordCount":351,"commentCount":1,"publisher":{"@id":"https:\/\/inclusivenews.com.br\/#organization"},"image":{"@id":"https:\/\/inclusivenews.com.br\/?p=16542#primaryimage"},"thumbnailUrl":"http:\/\/purapolitica.com.br\/novosite\/wp-content\/uploads\/2010\/04\/Prisao-aberta-150x150.jpg","articleSection":["Colunas especiais","NOT\u00cdCIAS"],"inLanguage":"pt-PT","potentialAction":[{"@type":"CommentAction","name":"Comment","target":["https:\/\/inclusivenews.com.br\/?p=16542#respond"]}]},{"@type":"WebPage","@id":"https:\/\/inclusivenews.com.br\/?p=16542","url":"https:\/\/inclusivenews.com.br\/?p=16542","name":"Empresas que admitirem egressos da pris\u00e3o poder\u00e3o deduzir impostos -","isPartOf":{"@id":"https:\/\/inclusivenews.com.br\/#website"},"primaryImageOfPage":{"@id":"https:\/\/inclusivenews.com.br\/?p=16542#primaryimage"},"image":{"@id":"https:\/\/inclusivenews.com.br\/?p=16542#primaryimage"},"thumbnailUrl":"http:\/\/purapolitica.com.br\/novosite\/wp-content\/uploads\/2010\/04\/Prisao-aberta-150x150.jpg","datePublished":"2010-07-15T12:24:29+00:00","breadcrumb":{"@id":"https:\/\/inclusivenews.com.br\/?p=16542#breadcrumb"},"inLanguage":"pt-PT","potentialAction":[{"@type":"ReadAction","target":["https:\/\/inclusivenews.com.br\/?p=16542"]}]},{"@type":"ImageObject","inLanguage":"pt-PT","@id":"https:\/\/inclusivenews.com.br\/?p=16542#primaryimage","url":"http:\/\/purapolitica.com.br\/novosite\/wp-content\/uploads\/2010\/04\/Prisao-aberta-150x150.jpg","contentUrl":"http:\/\/purapolitica.com.br\/novosite\/wp-content\/uploads\/2010\/04\/Prisao-aberta-150x150.jpg"},{"@type":"BreadcrumbList","@id":"https:\/\/inclusivenews.com.br\/?p=16542#breadcrumb","itemListElement":[{"@type":"ListItem","position":1,"name":"In\u00edcio","item":"https:\/\/inclusivenews.com.br\/"},{"@type":"ListItem","position":2,"name":"Empresas que admitirem egressos da pris\u00e3o poder\u00e3o deduzir impostos"}]},{"@type":"WebSite","@id":"https:\/\/inclusivenews.com.br\/#website","url":"https:\/\/inclusivenews.com.br\/","name":"Inclusive News","description":"Inclusive News","publisher":{"@id":"https:\/\/inclusivenews.com.br\/#organization"},"potentialAction":[{"@type":"SearchAction","target":{"@type":"EntryPoint","urlTemplate":"https:\/\/inclusivenews.com.br\/?s={search_term_string}"},"query-input":{"@type":"PropertyValueSpecification","valueRequired":true,"valueName":"search_term_string"}}],"inLanguage":"pt-PT"},{"@type":"Organization","@id":"https:\/\/inclusivenews.com.br\/#organization","name":"Inclusive - inclus\u00e3o e cidadania","url":"https:\/\/inclusivenews.com.br\/","logo":{"@type":"ImageObject","inLanguage":"pt-PT","@id":"https:\/\/inclusivenews.com.br\/#\/schema\/logo\/image\/","url":"https:\/\/inclusivenews.com.br\/wp-content\/uploads\/2024\/03\/@grandesite.png","contentUrl":"https:\/\/inclusivenews.com.br\/wp-content\/uploads\/2024\/03\/@grandesite.png","width":1080,"height":1080,"caption":"Inclusive - inclus\u00e3o e cidadania"},"image":{"@id":"https:\/\/inclusivenews.com.br\/#\/schema\/logo\/image\/"},"sameAs":["https:\/\/www.facebook.com\/agenciainclusive\/","https:\/\/www.instagram.com\/newsinclusive\/"]},{"@type":"Person","@id":"https:\/\/inclusivenews.com.br\/#\/schema\/person\/ae4ec7087559b8692fb33b6fffd2273b","name":"inclusivenews2024","image":{"@type":"ImageObject","inLanguage":"pt-PT","@id":"https:\/\/secure.gravatar.com\/avatar\/c5a7ef84c66fa914f55bc4f7ce26cfa275a3b9a1c5568b907bd184fb4dde7b40?s=96&d=mm&r=g","url":"https:\/\/secure.gravatar.com\/avatar\/c5a7ef84c66fa914f55bc4f7ce26cfa275a3b9a1c5568b907bd184fb4dde7b40?s=96&d=mm&r=g","contentUrl":"https:\/\/secure.gravatar.com\/avatar\/c5a7ef84c66fa914f55bc4f7ce26cfa275a3b9a1c5568b907bd184fb4dde7b40?s=96&d=mm&r=g","caption":"inclusivenews2024"},"sameAs":["https:\/\/inclusivenews.com.br"],"url":"https:\/\/inclusivenews.com.br\/?author=1"}]}},"_links":{"self":[{"href":"https:\/\/inclusivenews.com.br\/index.php?rest_route=\/wp\/v2\/posts\/16542","targetHints":{"allow":["GET"]}}],"collection":[{"href":"https:\/\/inclusivenews.com.br\/index.php?rest_route=\/wp\/v2\/posts"}],"about":[{"href":"https:\/\/inclusivenews.com.br\/index.php?rest_route=\/wp\/v2\/types\/post"}],"author":[{"embeddable":true,"href":"https:\/\/inclusivenews.com.br\/index.php?rest_route=\/wp\/v2\/users\/1"}],"replies":[{"embeddable":true,"href":"https:\/\/inclusivenews.com.br\/index.php?rest_route=%2Fwp%2Fv2%2Fcomments&post=16542"}],"version-history":[{"count":0,"href":"https:\/\/inclusivenews.com.br\/index.php?rest_route=\/wp\/v2\/posts\/16542\/revisions"}],"wp:attachment":[{"href":"https:\/\/inclusivenews.com.br\/index.php?rest_route=%2Fwp%2Fv2%2Fmedia&parent=16542"}],"wp:term":[{"taxonomy":"category","embeddable":true,"href":"https:\/\/inclusivenews.com.br\/index.php?rest_route=%2Fwp%2Fv2%2Fcategories&post=16542"},{"taxonomy":"post_tag","embeddable":true,"href":"https:\/\/inclusivenews.com.br\/index.php?rest_route=%2Fwp%2Fv2%2Ftags&post=16542"}],"curies":[{"name":"wp","href":"https:\/\/api.w.org\/{rel}","templated":true}]}}