{"id":16544,"date":"2010-07-13T20:04:04","date_gmt":"2010-07-13T23:04:04","guid":{"rendered":"http:\/\/www.inclusive.org.br\/?p=16544"},"modified":"2010-07-13T20:04:04","modified_gmt":"2010-07-13T23:04:04","slug":"eca-nunca-foi-cumprido-integralmente-no-brasil","status":"publish","type":"post","link":"https:\/\/inclusivenews.com.br\/?p=16544","title":{"rendered":"ECA nunca foi cumprido integralmente no Brasil"},"content":{"rendered":"<figure style=\"width: 130px\" class=\"wp-caption alignleft\"><img loading=\"lazy\" decoding=\"async\" class=\" \" title=\"Ministro Paulo Vanucchi\" src=\"http:\/\/4.bp.blogspot.com\/__P2WtqK8vZo\/Sa-vSJFmZ5I\/AAAAAAAABKk\/6PgxxYy3Vyg\/s400\/pauloVANUCCHI\" alt=\"\" width=\"130\" height=\"196\" \/><figcaption class=\"wp-caption-text\"> <\/figcaption><\/figure>\n<p><strong>Paula Laboissi\u00e8re<\/strong><br \/>\n<em>Rep\u00f3rter da Ag\u00eancia Brasil<\/em><\/p>\n<p>Bras\u00edlia &#8211; No dia em que o Estatuto da Crian\u00e7a e do Adolescente (ECA) completa 20 anos de vig\u00eancia, o ministro da Secretaria de Direitos Humanos (SDH), Paulo Vannuchi, afirmou que a lei nunca foi integralmente cumprida no pa\u00eds.<\/p>\n<p>Ao participar do programa de r\u00e1dio <em>Bom Dia, Ministro<\/em> \u2013 produzido pela Secretaria de Comunica\u00e7\u00e3o Social da Presid\u00eancia da Rep\u00fablica, em parceria com a <strong>EBC Servi\u00e7os<\/strong> \u2013 Vannuchi lembrou que o pa\u00eds se prepara para sediar a Copa de 2014 e as Olimp\u00edadas de 2016. Segundo ele, esses eventos devem funcionar como uma esp\u00e9cie de prazo para que problemas como a explora\u00e7\u00e3o sexual de crian\u00e7as e adolescentes, al\u00e9m do trabalho infantil, sejam combatidos.<\/p>\n<p>\u201cTemos que aproveitar esse momento positivo do Brasil com um sistema que d\u00ea inteiramente conta desse desafio\u201d, disse. \u201cO ECA previu essa grande engenharia e, para saber o que se passa com a crian\u00e7a e o adolescente, temos que ter bra\u00e7os em cada munic\u00edpio\u201d, completou.<\/p>\n<p>De acordo com o ministro, a exig\u00eancia de que cada cidade tenha, no m\u00ednimo, um conselho tutelar \u201cagiliza e alivia\u201d a sobrecarga de trabalho no Poder Judici\u00e1rio. Atualmente, 98% dos munic\u00edpios brasileiros contam com a estrutura que precisa ter, pelo menos, cinco funcion\u00e1rios.<\/p>\n<p>\u201cO ECA \u00e9 muito forte na ideia da municipaliza\u00e7\u00e3o. A crian\u00e7a tem que ser tratada pela sua cidade: o prefeito, a C\u00e2mara de Vereadores, a Igreja, as escolas; com o governo federal apoiando\u201d, afirmou. Para Vannuchi, quatro temas devem ser priorizados para um melhor cumprimento do ECA: sa\u00fade, educa\u00e7\u00e3o, assist\u00eancia social e justi\u00e7a.<\/p>\n<p><em>Edi\u00e7\u00e3o: Talita Cavalcante<br \/>\n_________________<br \/>\n<\/em><\/p>\n<p><strong>Fonte:<\/strong> <a href=\"http:\/\/agenciabrasil.ebc.com.br\/home?p_p_id=56&amp;p_p_lifecycle=0&amp;p_p_state=maximized&amp;p_p_mode=view&amp;p_p_col_id=column-3&amp;p_p_col_pos=1&amp;p_p_col_count=5&amp;_56_groupId=19523&amp;_56_articleId=997819\">Ag\u00eancia Brasil<\/a><\/p>\n","protected":false},"excerpt":{"rendered":"<p>No dia em que o Estatuto da Crian\u00e7a e do Adolescente (ECA) completa 20 anos de vig\u00eancia, o ministro da Secretaria de Direitos Humanos (SDH), Paulo Vannuchi, afirmou que a lei nunca foi integralmente cumprida no pa\u00eds. Da Ag\u00eancia Brasil.<\/p>\n","protected":false},"author":1,"featured_media":0,"comment_status":"open","ping_status":"open","sticky":false,"template":"","format":"standard","meta":{"site-container-style":"default","site-container-layout":"default","site-sidebar-layout":"default","disable-article-header":"default","disable-site-header":"default","disable-site-footer":"default","disable-content-area-spacing":"default","footnotes":""},"categories":[4],"tags":[60],"class_list":["post-16544","post","type-post","status-publish","format-standard","hentry","category-noticias","tag-infancia"],"yoast_head":"<!-- This site is optimized with the Yoast SEO plugin v27.4 - https:\/\/yoast.com\/product\/yoast-seo-wordpress\/ -->\n<title>ECA nunca foi cumprido integralmente no Brasil -<\/title>\n<meta name=\"robots\" content=\"index, follow, max-snippet:-1, max-image-preview:large, max-video-preview:-1\" \/>\n<link rel=\"canonical\" href=\"https:\/\/inclusivenews.com.br\/?p=16544\" \/>\n<meta property=\"og:locale\" content=\"pt_PT\" \/>\n<meta property=\"og:type\" content=\"article\" \/>\n<meta property=\"og:title\" content=\"ECA nunca foi cumprido integralmente no Brasil -\" \/>\n<meta property=\"og:description\" content=\"No dia em que o Estatuto da Crian\u00e7a e do Adolescente (ECA) completa 20 anos de vig\u00eancia, o ministro da Secretaria de Direitos Humanos (SDH), Paulo Vannuchi, afirmou que a lei nunca foi integralmente cumprida no pa\u00eds. Da Ag\u00eancia Brasil.\" \/>\n<meta property=\"og:url\" content=\"https:\/\/inclusivenews.com.br\/?p=16544\" \/>\n<meta property=\"article:publisher\" content=\"https:\/\/www.facebook.com\/agenciainclusive\/\" \/>\n<meta property=\"article:published_time\" content=\"2010-07-13T23:04:04+00:00\" \/>\n<meta property=\"og:image\" content=\"http:\/\/4.bp.blogspot.com\/__P2WtqK8vZo\/Sa-vSJFmZ5I\/AAAAAAAABKk\/6PgxxYy3Vyg\/s400\/pauloVANUCCHI\" \/>\n<meta name=\"author\" content=\"inclusivenews2024\" \/>\n<meta name=\"twitter:card\" content=\"summary_large_image\" \/>\n<meta name=\"twitter:label1\" content=\"Escrito por\" \/>\n\t<meta name=\"twitter:data1\" content=\"inclusivenews2024\" \/>\n\t<meta name=\"twitter:label2\" content=\"Tempo estimado de leitura\" \/>\n\t<meta name=\"twitter:data2\" content=\"2 minutos\" \/>\n<script type=\"application\/ld+json\" class=\"yoast-schema-graph\">{\"@context\":\"https:\\\/\\\/schema.org\",\"@graph\":[{\"@type\":\"Article\",\"@id\":\"https:\\\/\\\/inclusivenews.com.br\\\/?p=16544#article\",\"isPartOf\":{\"@id\":\"https:\\\/\\\/inclusivenews.com.br\\\/?p=16544\"},\"author\":{\"name\":\"inclusivenews2024\",\"@id\":\"https:\\\/\\\/inclusivenews.com.br\\\/#\\\/schema\\\/person\\\/ae4ec7087559b8692fb33b6fffd2273b\"},\"headline\":\"ECA nunca foi cumprido integralmente no Brasil\",\"datePublished\":\"2010-07-13T23:04:04+00:00\",\"mainEntityOfPage\":{\"@id\":\"https:\\\/\\\/inclusivenews.com.br\\\/?p=16544\"},\"wordCount\":307,\"commentCount\":0,\"publisher\":{\"@id\":\"https:\\\/\\\/inclusivenews.com.br\\\/#organization\"},\"image\":{\"@id\":\"https:\\\/\\\/inclusivenews.com.br\\\/?p=16544#primaryimage\"},\"thumbnailUrl\":\"http:\\\/\\\/4.bp.blogspot.com\\\/__P2WtqK8vZo\\\/Sa-vSJFmZ5I\\\/AAAAAAAABKk\\\/6PgxxYy3Vyg\\\/s400\\\/pauloVANUCCHI\",\"keywords\":[\"Inf\u00e2ncia\"],\"articleSection\":[\"NOT\u00cdCIAS\"],\"inLanguage\":\"pt-PT\",\"potentialAction\":[{\"@type\":\"CommentAction\",\"name\":\"Comment\",\"target\":[\"https:\\\/\\\/inclusivenews.com.br\\\/?p=16544#respond\"]}]},{\"@type\":\"WebPage\",\"@id\":\"https:\\\/\\\/inclusivenews.com.br\\\/?p=16544\",\"url\":\"https:\\\/\\\/inclusivenews.com.br\\\/?p=16544\",\"name\":\"ECA nunca foi cumprido integralmente no Brasil -\",\"isPartOf\":{\"@id\":\"https:\\\/\\\/inclusivenews.com.br\\\/#website\"},\"primaryImageOfPage\":{\"@id\":\"https:\\\/\\\/inclusivenews.com.br\\\/?p=16544#primaryimage\"},\"image\":{\"@id\":\"https:\\\/\\\/inclusivenews.com.br\\\/?p=16544#primaryimage\"},\"thumbnailUrl\":\"http:\\\/\\\/4.bp.blogspot.com\\\/__P2WtqK8vZo\\\/Sa-vSJFmZ5I\\\/AAAAAAAABKk\\\/6PgxxYy3Vyg\\\/s400\\\/pauloVANUCCHI\",\"datePublished\":\"2010-07-13T23:04:04+00:00\",\"breadcrumb\":{\"@id\":\"https:\\\/\\\/inclusivenews.com.br\\\/?p=16544#breadcrumb\"},\"inLanguage\":\"pt-PT\",\"potentialAction\":[{\"@type\":\"ReadAction\",\"target\":[\"https:\\\/\\\/inclusivenews.com.br\\\/?p=16544\"]}]},{\"@type\":\"ImageObject\",\"inLanguage\":\"pt-PT\",\"@id\":\"https:\\\/\\\/inclusivenews.com.br\\\/?p=16544#primaryimage\",\"url\":\"http:\\\/\\\/4.bp.blogspot.com\\\/__P2WtqK8vZo\\\/Sa-vSJFmZ5I\\\/AAAAAAAABKk\\\/6PgxxYy3Vyg\\\/s400\\\/pauloVANUCCHI\",\"contentUrl\":\"http:\\\/\\\/4.bp.blogspot.com\\\/__P2WtqK8vZo\\\/Sa-vSJFmZ5I\\\/AAAAAAAABKk\\\/6PgxxYy3Vyg\\\/s400\\\/pauloVANUCCHI\"},{\"@type\":\"BreadcrumbList\",\"@id\":\"https:\\\/\\\/inclusivenews.com.br\\\/?p=16544#breadcrumb\",\"itemListElement\":[{\"@type\":\"ListItem\",\"position\":1,\"name\":\"In\u00edcio\",\"item\":\"https:\\\/\\\/inclusivenews.com.br\\\/\"},{\"@type\":\"ListItem\",\"position\":2,\"name\":\"ECA nunca foi cumprido integralmente no Brasil\"}]},{\"@type\":\"WebSite\",\"@id\":\"https:\\\/\\\/inclusivenews.com.br\\\/#website\",\"url\":\"https:\\\/\\\/inclusivenews.com.br\\\/\",\"name\":\"Inclusive News\",\"description\":\"Inclusive News\",\"publisher\":{\"@id\":\"https:\\\/\\\/inclusivenews.com.br\\\/#organization\"},\"potentialAction\":[{\"@type\":\"SearchAction\",\"target\":{\"@type\":\"EntryPoint\",\"urlTemplate\":\"https:\\\/\\\/inclusivenews.com.br\\\/?s={search_term_string}\"},\"query-input\":{\"@type\":\"PropertyValueSpecification\",\"valueRequired\":true,\"valueName\":\"search_term_string\"}}],\"inLanguage\":\"pt-PT\"},{\"@type\":\"Organization\",\"@id\":\"https:\\\/\\\/inclusivenews.com.br\\\/#organization\",\"name\":\"Inclusive - inclus\u00e3o e cidadania\",\"url\":\"https:\\\/\\\/inclusivenews.com.br\\\/\",\"logo\":{\"@type\":\"ImageObject\",\"inLanguage\":\"pt-PT\",\"@id\":\"https:\\\/\\\/inclusivenews.com.br\\\/#\\\/schema\\\/logo\\\/image\\\/\",\"url\":\"https:\\\/\\\/inclusivenews.com.br\\\/wp-content\\\/uploads\\\/2024\\\/03\\\/@grandesite.png\",\"contentUrl\":\"https:\\\/\\\/inclusivenews.com.br\\\/wp-content\\\/uploads\\\/2024\\\/03\\\/@grandesite.png\",\"width\":1080,\"height\":1080,\"caption\":\"Inclusive - inclus\u00e3o e cidadania\"},\"image\":{\"@id\":\"https:\\\/\\\/inclusivenews.com.br\\\/#\\\/schema\\\/logo\\\/image\\\/\"},\"sameAs\":[\"https:\\\/\\\/www.facebook.com\\\/agenciainclusive\\\/\",\"https:\\\/\\\/www.instagram.com\\\/newsinclusive\\\/\"]},{\"@type\":\"Person\",\"@id\":\"https:\\\/\\\/inclusivenews.com.br\\\/#\\\/schema\\\/person\\\/ae4ec7087559b8692fb33b6fffd2273b\",\"name\":\"inclusivenews2024\",\"image\":{\"@type\":\"ImageObject\",\"inLanguage\":\"pt-PT\",\"@id\":\"https:\\\/\\\/secure.gravatar.com\\\/avatar\\\/c5a7ef84c66fa914f55bc4f7ce26cfa275a3b9a1c5568b907bd184fb4dde7b40?s=96&d=mm&r=g\",\"url\":\"https:\\\/\\\/secure.gravatar.com\\\/avatar\\\/c5a7ef84c66fa914f55bc4f7ce26cfa275a3b9a1c5568b907bd184fb4dde7b40?s=96&d=mm&r=g\",\"contentUrl\":\"https:\\\/\\\/secure.gravatar.com\\\/avatar\\\/c5a7ef84c66fa914f55bc4f7ce26cfa275a3b9a1c5568b907bd184fb4dde7b40?s=96&d=mm&r=g\",\"caption\":\"inclusivenews2024\"},\"sameAs\":[\"https:\\\/\\\/inclusivenews.com.br\"],\"url\":\"https:\\\/\\\/inclusivenews.com.br\\\/?author=1\"}]}<\/script>\n<!-- \/ Yoast SEO plugin. -->","yoast_head_json":{"title":"ECA nunca foi cumprido integralmente no Brasil -","robots":{"index":"index","follow":"follow","max-snippet":"max-snippet:-1","max-image-preview":"max-image-preview:large","max-video-preview":"max-video-preview:-1"},"canonical":"https:\/\/inclusivenews.com.br\/?p=16544","og_locale":"pt_PT","og_type":"article","og_title":"ECA nunca foi cumprido integralmente no Brasil -","og_description":"No dia em que o Estatuto da Crian\u00e7a e do Adolescente (ECA) completa 20 anos de vig\u00eancia, o ministro da Secretaria de Direitos Humanos (SDH), Paulo Vannuchi, afirmou que a lei nunca foi integralmente cumprida no pa\u00eds. Da Ag\u00eancia Brasil.","og_url":"https:\/\/inclusivenews.com.br\/?p=16544","article_publisher":"https:\/\/www.facebook.com\/agenciainclusive\/","article_published_time":"2010-07-13T23:04:04+00:00","og_image":[{"url":"http:\/\/4.bp.blogspot.com\/__P2WtqK8vZo\/Sa-vSJFmZ5I\/AAAAAAAABKk\/6PgxxYy3Vyg\/s400\/pauloVANUCCHI","type":"","width":"","height":""}],"author":"inclusivenews2024","twitter_card":"summary_large_image","twitter_misc":{"Escrito por":"inclusivenews2024","Tempo estimado de leitura":"2 minutos"},"schema":{"@context":"https:\/\/schema.org","@graph":[{"@type":"Article","@id":"https:\/\/inclusivenews.com.br\/?p=16544#article","isPartOf":{"@id":"https:\/\/inclusivenews.com.br\/?p=16544"},"author":{"name":"inclusivenews2024","@id":"https:\/\/inclusivenews.com.br\/#\/schema\/person\/ae4ec7087559b8692fb33b6fffd2273b"},"headline":"ECA nunca foi cumprido integralmente no Brasil","datePublished":"2010-07-13T23:04:04+00:00","mainEntityOfPage":{"@id":"https:\/\/inclusivenews.com.br\/?p=16544"},"wordCount":307,"commentCount":0,"publisher":{"@id":"https:\/\/inclusivenews.com.br\/#organization"},"image":{"@id":"https:\/\/inclusivenews.com.br\/?p=16544#primaryimage"},"thumbnailUrl":"http:\/\/4.bp.blogspot.com\/__P2WtqK8vZo\/Sa-vSJFmZ5I\/AAAAAAAABKk\/6PgxxYy3Vyg\/s400\/pauloVANUCCHI","keywords":["Inf\u00e2ncia"],"articleSection":["NOT\u00cdCIAS"],"inLanguage":"pt-PT","potentialAction":[{"@type":"CommentAction","name":"Comment","target":["https:\/\/inclusivenews.com.br\/?p=16544#respond"]}]},{"@type":"WebPage","@id":"https:\/\/inclusivenews.com.br\/?p=16544","url":"https:\/\/inclusivenews.com.br\/?p=16544","name":"ECA nunca foi cumprido integralmente no Brasil -","isPartOf":{"@id":"https:\/\/inclusivenews.com.br\/#website"},"primaryImageOfPage":{"@id":"https:\/\/inclusivenews.com.br\/?p=16544#primaryimage"},"image":{"@id":"https:\/\/inclusivenews.com.br\/?p=16544#primaryimage"},"thumbnailUrl":"http:\/\/4.bp.blogspot.com\/__P2WtqK8vZo\/Sa-vSJFmZ5I\/AAAAAAAABKk\/6PgxxYy3Vyg\/s400\/pauloVANUCCHI","datePublished":"2010-07-13T23:04:04+00:00","breadcrumb":{"@id":"https:\/\/inclusivenews.com.br\/?p=16544#breadcrumb"},"inLanguage":"pt-PT","potentialAction":[{"@type":"ReadAction","target":["https:\/\/inclusivenews.com.br\/?p=16544"]}]},{"@type":"ImageObject","inLanguage":"pt-PT","@id":"https:\/\/inclusivenews.com.br\/?p=16544#primaryimage","url":"http:\/\/4.bp.blogspot.com\/__P2WtqK8vZo\/Sa-vSJFmZ5I\/AAAAAAAABKk\/6PgxxYy3Vyg\/s400\/pauloVANUCCHI","contentUrl":"http:\/\/4.bp.blogspot.com\/__P2WtqK8vZo\/Sa-vSJFmZ5I\/AAAAAAAABKk\/6PgxxYy3Vyg\/s400\/pauloVANUCCHI"},{"@type":"BreadcrumbList","@id":"https:\/\/inclusivenews.com.br\/?p=16544#breadcrumb","itemListElement":[{"@type":"ListItem","position":1,"name":"In\u00edcio","item":"https:\/\/inclusivenews.com.br\/"},{"@type":"ListItem","position":2,"name":"ECA nunca foi cumprido integralmente no Brasil"}]},{"@type":"WebSite","@id":"https:\/\/inclusivenews.com.br\/#website","url":"https:\/\/inclusivenews.com.br\/","name":"Inclusive News","description":"Inclusive News","publisher":{"@id":"https:\/\/inclusivenews.com.br\/#organization"},"potentialAction":[{"@type":"SearchAction","target":{"@type":"EntryPoint","urlTemplate":"https:\/\/inclusivenews.com.br\/?s={search_term_string}"},"query-input":{"@type":"PropertyValueSpecification","valueRequired":true,"valueName":"search_term_string"}}],"inLanguage":"pt-PT"},{"@type":"Organization","@id":"https:\/\/inclusivenews.com.br\/#organization","name":"Inclusive - inclus\u00e3o e cidadania","url":"https:\/\/inclusivenews.com.br\/","logo":{"@type":"ImageObject","inLanguage":"pt-PT","@id":"https:\/\/inclusivenews.com.br\/#\/schema\/logo\/image\/","url":"https:\/\/inclusivenews.com.br\/wp-content\/uploads\/2024\/03\/@grandesite.png","contentUrl":"https:\/\/inclusivenews.com.br\/wp-content\/uploads\/2024\/03\/@grandesite.png","width":1080,"height":1080,"caption":"Inclusive - inclus\u00e3o e cidadania"},"image":{"@id":"https:\/\/inclusivenews.com.br\/#\/schema\/logo\/image\/"},"sameAs":["https:\/\/www.facebook.com\/agenciainclusive\/","https:\/\/www.instagram.com\/newsinclusive\/"]},{"@type":"Person","@id":"https:\/\/inclusivenews.com.br\/#\/schema\/person\/ae4ec7087559b8692fb33b6fffd2273b","name":"inclusivenews2024","image":{"@type":"ImageObject","inLanguage":"pt-PT","@id":"https:\/\/secure.gravatar.com\/avatar\/c5a7ef84c66fa914f55bc4f7ce26cfa275a3b9a1c5568b907bd184fb4dde7b40?s=96&d=mm&r=g","url":"https:\/\/secure.gravatar.com\/avatar\/c5a7ef84c66fa914f55bc4f7ce26cfa275a3b9a1c5568b907bd184fb4dde7b40?s=96&d=mm&r=g","contentUrl":"https:\/\/secure.gravatar.com\/avatar\/c5a7ef84c66fa914f55bc4f7ce26cfa275a3b9a1c5568b907bd184fb4dde7b40?s=96&d=mm&r=g","caption":"inclusivenews2024"},"sameAs":["https:\/\/inclusivenews.com.br"],"url":"https:\/\/inclusivenews.com.br\/?author=1"}]}},"_links":{"self":[{"href":"https:\/\/inclusivenews.com.br\/index.php?rest_route=\/wp\/v2\/posts\/16544","targetHints":{"allow":["GET"]}}],"collection":[{"href":"https:\/\/inclusivenews.com.br\/index.php?rest_route=\/wp\/v2\/posts"}],"about":[{"href":"https:\/\/inclusivenews.com.br\/index.php?rest_route=\/wp\/v2\/types\/post"}],"author":[{"embeddable":true,"href":"https:\/\/inclusivenews.com.br\/index.php?rest_route=\/wp\/v2\/users\/1"}],"replies":[{"embeddable":true,"href":"https:\/\/inclusivenews.com.br\/index.php?rest_route=%2Fwp%2Fv2%2Fcomments&post=16544"}],"version-history":[{"count":0,"href":"https:\/\/inclusivenews.com.br\/index.php?rest_route=\/wp\/v2\/posts\/16544\/revisions"}],"wp:attachment":[{"href":"https:\/\/inclusivenews.com.br\/index.php?rest_route=%2Fwp%2Fv2%2Fmedia&parent=16544"}],"wp:term":[{"taxonomy":"category","embeddable":true,"href":"https:\/\/inclusivenews.com.br\/index.php?rest_route=%2Fwp%2Fv2%2Fcategories&post=16544"},{"taxonomy":"post_tag","embeddable":true,"href":"https:\/\/inclusivenews.com.br\/index.php?rest_route=%2Fwp%2Fv2%2Ftags&post=16544"}],"curies":[{"name":"wp","href":"https:\/\/api.w.org\/{rel}","templated":true}]}}