{"id":16559,"date":"2010-07-14T08:43:55","date_gmt":"2010-07-14T11:43:55","guid":{"rendered":"http:\/\/www.inclusive.org.br\/?p=16559"},"modified":"2010-07-14T08:43:55","modified_gmt":"2010-07-14T11:43:55","slug":"representante-da-unicef-elogia-avancos-com-estatuto-da-crianca-mas-diz-que-ainda-ha-desigualdades","status":"publish","type":"post","link":"https:\/\/inclusivenews.com.br\/?p=16559","title":{"rendered":"Representante da Unicef elogia avan\u00e7os com estatuto da crian\u00e7a, mas diz que ainda h\u00e1 desigualdades"},"content":{"rendered":"<figure style=\"width: 270px\" class=\"wp-caption alignleft\"><img loading=\"lazy\" decoding=\"async\" title=\"Casimira Benge.\" src=\"http:\/\/agenciabrasil.ebc.com.br\/galeriaimagens\/images\/fotos\/8720\/small3?p_p_id=galeria\" alt=\"\" width=\"270\" height=\"185\" \/><figcaption class=\"wp-caption-text\">Casimira Benge. Foto: Ag\u00eancia Brasil.<\/figcaption><\/figure>\n<p>O Brasil construiu uma boa rede de prote\u00e7\u00e3o ao p\u00fablico infantojuvenil em 20 anos de implementa\u00e7\u00e3o do Estatuto da Crian\u00e7a e do Adolescente (ECA), mas as desigualdades persistem. A avalia\u00e7\u00e3o foi feita nesta ter\u00e7a-feira (13) pela coordenadora de Prote\u00e7\u00e3o \u00e0 Inf\u00e2ncia, do Fundo das Na\u00e7\u00f5es Unidas para a Inf\u00e2ncia (Unicef), Casimira Benge, no semin\u00e1rio Os 20 Anos do ECA e as Pol\u00edticas P\u00fablicas: Conquistas e Desafios.<\/p>\n<p>\u201c\u00c9 preciso trabalhar na redu\u00e7\u00e3o das disparidades que atingem, principalmente, crian\u00e7as negras e ind\u00edgenas e garantir que as pol\u00edticas p\u00fablicas cheguem a todas as regi\u00f5es do pa\u00eds, onde est\u00e3o as pessoas com maior n\u00edvel de vulnerabilidade\u201d, disse.<\/p>\n<p>Segundo Casimira, nesses anos, houve importantes avan\u00e7os na implementa\u00e7\u00e3o de um complexo sistema de garantia de direitos da crian\u00e7a e do adolescente. \u201cO estatuto trouxe dois novos \u00f3rg\u00e3os: o Conselho Nacional dos Direitos da Crian\u00e7a e do Adolescente [Conanda] e o Conselho Tutelar. E, atualmente, 91% dos munic\u00edpios brasileiros t\u00eam varas e defensorias dos direitos das crian\u00e7as\u201d, lembrou.<\/p>\n<p>Em duas d\u00e9cadas, foram criados 5.084 Conselhos de Direitos, cobrindo 91,4% dos munic\u00edpios brasileiros. J\u00e1 os Conselhos Tutelares est\u00e3o presentes em 98,3% dos munic\u00edpios (5.472). No total, 5.039 munic\u00edpios t\u00eam ambos os conselhos.<\/p>\n<p>A ministra de Desenvolvimento Social e Combate \u00e0 Fome, M\u00e1rcia Lopes, destacou a import\u00e2ncia da participa\u00e7\u00e3o dos adolescentes na luta pela implementa\u00e7\u00e3o dos estatuto. \u201c\u00c9 muito importante que os pr\u00f3prios adolescentes e jovens assumam esta luta e ajudem a divulg\u00e1-la, denunciando o trabalho infantil e qualquer forma de explora\u00e7\u00e3o da crian\u00e7a e do adolescente\u201d, afirmou.<\/p>\n<p>A adolescente \u00c9rica Viana, de 17 anos, est\u00e1 cursando o ensino m\u00e9dio em uma escola p\u00fablica de Bras\u00edlia. H\u00e1 um ano, integra o projeto Adolescentes em Movimento pelos Direitos (Omda), do Instituto de Estudos Socioecon\u00f4micos (Inesc), onde teve acesso ao Estatuto da Crian\u00e7a e do Adolescente. L\u00e1, ela contou que \u00e9 filha adotiva e que tem sete irm\u00e3os. Segundo relatou, ela tem dividido com os outros membros da fam\u00edlia tudo que tem aprendido sobre seus direitos.<\/p>\n<p>\u201cEu mostrei para minha m\u00e3e o ECA. Ela tem que saber que n\u00f3s, adolescentes temos nossos direitos e deveres. Mostrei tamb\u00e9m para minha irm\u00e3 de 12 anos. Ela gosta muito de brigar. Eu disse pra ela que se ela fizer alguma coisa errada, ela poder\u00e1 ir para um local onde se det\u00eam adolescentes\u201d, contou.<\/p>\n<p>A estudante disse que j\u00e1 sofreu discrimina\u00e7\u00e3o por ser negra e \u201cgordinha\u201d e teve vontade de denunciar. \u201cEu sou uma pessoa que sou meio negra e meio cheinha. Eu j\u00e1 sofri discrimina\u00e7\u00e3o por isso. N\u00e3o \u00e9 porque eu sou gordinha que a pessoa vai me discriminar, n\u00e3o \u00e9 porque eu sou negra tamb\u00e9m. A pessoa tem que saber que ela est\u00e1 errada\u201d, afirmou a adolescente.<\/p>\n<p>_________________<\/p>\n<p><strong>Fonte:<\/strong> <a href=\"http:\/\/agenciabrasil.ebc.com.br\/enviorss;jsessionid=69002314E90DB4E248352C87E66CEBC0?p_p_id=56&amp;p_p_lifecycle=0&amp;p_p_state=maximized&amp;p_p_mode=view&amp;_56_groupId=19523&amp;_56_articleId=999106\">Ag\u00eancia Brasil <\/a><\/p>\n","protected":false},"excerpt":{"rendered":"<p>\u201c\u00c9 preciso trabalhar na redu\u00e7\u00e3o das disparidades que atingem, principalmente, crian\u00e7as negras e ind\u00edgenas e garantir que as pol\u00edticas p\u00fablicas cheguem a todas as regi\u00f5es do pa\u00eds, onde est\u00e3o as pessoas com maior n\u00edvel de vulnerabilidade\u201d, disse Casimira Benge, da UNICEF.<\/p>\n","protected":false},"author":1,"featured_media":0,"comment_status":"open","ping_status":"open","sticky":false,"template":"","format":"standard","meta":{"site-container-style":"default","site-container-layout":"default","site-sidebar-layout":"default","disable-article-header":"default","disable-site-header":"default","disable-site-footer":"default","disable-content-area-spacing":"default","footnotes":""},"categories":[4],"tags":[60],"class_list":["post-16559","post","type-post","status-publish","format-standard","hentry","category-noticias","tag-infancia"],"yoast_head":"<!-- This site is optimized with the Yoast SEO plugin v27.4 - https:\/\/yoast.com\/product\/yoast-seo-wordpress\/ -->\n<title>Representante da Unicef elogia avan\u00e7os com estatuto da crian\u00e7a, mas diz que ainda h\u00e1 desigualdades -<\/title>\n<meta name=\"robots\" content=\"index, follow, max-snippet:-1, max-image-preview:large, max-video-preview:-1\" \/>\n<link rel=\"canonical\" href=\"https:\/\/inclusivenews.com.br\/?p=16559\" \/>\n<meta property=\"og:locale\" content=\"pt_PT\" \/>\n<meta property=\"og:type\" content=\"article\" \/>\n<meta property=\"og:title\" content=\"Representante da Unicef elogia avan\u00e7os com estatuto da crian\u00e7a, mas diz que ainda h\u00e1 desigualdades -\" \/>\n<meta property=\"og:description\" content=\"\u201c\u00c9 preciso trabalhar na redu\u00e7\u00e3o das disparidades que atingem, principalmente, crian\u00e7as negras e ind\u00edgenas e garantir que as pol\u00edticas p\u00fablicas cheguem a todas as regi\u00f5es do pa\u00eds, onde est\u00e3o as pessoas com maior n\u00edvel de vulnerabilidade\u201d, disse Casimira Benge, da UNICEF.\" \/>\n<meta property=\"og:url\" content=\"https:\/\/inclusivenews.com.br\/?p=16559\" \/>\n<meta property=\"article:publisher\" content=\"https:\/\/www.facebook.com\/agenciainclusive\/\" \/>\n<meta property=\"article:published_time\" content=\"2010-07-14T11:43:55+00:00\" \/>\n<meta property=\"og:image\" content=\"http:\/\/agenciabrasil.ebc.com.br\/galeriaimagens\/images\/fotos\/8720\/small3?p_p_id=galeria\" \/>\n<meta name=\"author\" content=\"inclusivenews2024\" \/>\n<meta name=\"twitter:card\" content=\"summary_large_image\" \/>\n<meta name=\"twitter:label1\" content=\"Escrito por\" \/>\n\t<meta name=\"twitter:data1\" content=\"inclusivenews2024\" \/>\n\t<meta name=\"twitter:label2\" content=\"Tempo estimado de leitura\" \/>\n\t<meta name=\"twitter:data2\" content=\"3 minutos\" \/>\n<script type=\"application\/ld+json\" class=\"yoast-schema-graph\">{\"@context\":\"https:\\\/\\\/schema.org\",\"@graph\":[{\"@type\":\"Article\",\"@id\":\"https:\\\/\\\/inclusivenews.com.br\\\/?p=16559#article\",\"isPartOf\":{\"@id\":\"https:\\\/\\\/inclusivenews.com.br\\\/?p=16559\"},\"author\":{\"name\":\"inclusivenews2024\",\"@id\":\"https:\\\/\\\/inclusivenews.com.br\\\/#\\\/schema\\\/person\\\/ae4ec7087559b8692fb33b6fffd2273b\"},\"headline\":\"Representante da Unicef elogia avan\u00e7os com estatuto da crian\u00e7a, mas diz que ainda h\u00e1 desigualdades\",\"datePublished\":\"2010-07-14T11:43:55+00:00\",\"mainEntityOfPage\":{\"@id\":\"https:\\\/\\\/inclusivenews.com.br\\\/?p=16559\"},\"wordCount\":520,\"commentCount\":0,\"publisher\":{\"@id\":\"https:\\\/\\\/inclusivenews.com.br\\\/#organization\"},\"image\":{\"@id\":\"https:\\\/\\\/inclusivenews.com.br\\\/?p=16559#primaryimage\"},\"thumbnailUrl\":\"http:\\\/\\\/agenciabrasil.ebc.com.br\\\/galeriaimagens\\\/images\\\/fotos\\\/8720\\\/small3?p_p_id=galeria\",\"keywords\":[\"Inf\u00e2ncia\"],\"articleSection\":[\"NOT\u00cdCIAS\"],\"inLanguage\":\"pt-PT\",\"potentialAction\":[{\"@type\":\"CommentAction\",\"name\":\"Comment\",\"target\":[\"https:\\\/\\\/inclusivenews.com.br\\\/?p=16559#respond\"]}]},{\"@type\":\"WebPage\",\"@id\":\"https:\\\/\\\/inclusivenews.com.br\\\/?p=16559\",\"url\":\"https:\\\/\\\/inclusivenews.com.br\\\/?p=16559\",\"name\":\"Representante da Unicef elogia avan\u00e7os com estatuto da crian\u00e7a, mas diz que ainda h\u00e1 desigualdades -\",\"isPartOf\":{\"@id\":\"https:\\\/\\\/inclusivenews.com.br\\\/#website\"},\"primaryImageOfPage\":{\"@id\":\"https:\\\/\\\/inclusivenews.com.br\\\/?p=16559#primaryimage\"},\"image\":{\"@id\":\"https:\\\/\\\/inclusivenews.com.br\\\/?p=16559#primaryimage\"},\"thumbnailUrl\":\"http:\\\/\\\/agenciabrasil.ebc.com.br\\\/galeriaimagens\\\/images\\\/fotos\\\/8720\\\/small3?p_p_id=galeria\",\"datePublished\":\"2010-07-14T11:43:55+00:00\",\"breadcrumb\":{\"@id\":\"https:\\\/\\\/inclusivenews.com.br\\\/?p=16559#breadcrumb\"},\"inLanguage\":\"pt-PT\",\"potentialAction\":[{\"@type\":\"ReadAction\",\"target\":[\"https:\\\/\\\/inclusivenews.com.br\\\/?p=16559\"]}]},{\"@type\":\"ImageObject\",\"inLanguage\":\"pt-PT\",\"@id\":\"https:\\\/\\\/inclusivenews.com.br\\\/?p=16559#primaryimage\",\"url\":\"http:\\\/\\\/agenciabrasil.ebc.com.br\\\/galeriaimagens\\\/images\\\/fotos\\\/8720\\\/small3?p_p_id=galeria\",\"contentUrl\":\"http:\\\/\\\/agenciabrasil.ebc.com.br\\\/galeriaimagens\\\/images\\\/fotos\\\/8720\\\/small3?p_p_id=galeria\"},{\"@type\":\"BreadcrumbList\",\"@id\":\"https:\\\/\\\/inclusivenews.com.br\\\/?p=16559#breadcrumb\",\"itemListElement\":[{\"@type\":\"ListItem\",\"position\":1,\"name\":\"In\u00edcio\",\"item\":\"https:\\\/\\\/inclusivenews.com.br\\\/\"},{\"@type\":\"ListItem\",\"position\":2,\"name\":\"Representante da Unicef elogia avan\u00e7os com estatuto da crian\u00e7a, mas diz que ainda h\u00e1 desigualdades\"}]},{\"@type\":\"WebSite\",\"@id\":\"https:\\\/\\\/inclusivenews.com.br\\\/#website\",\"url\":\"https:\\\/\\\/inclusivenews.com.br\\\/\",\"name\":\"Inclusive News\",\"description\":\"Inclusive News\",\"publisher\":{\"@id\":\"https:\\\/\\\/inclusivenews.com.br\\\/#organization\"},\"potentialAction\":[{\"@type\":\"SearchAction\",\"target\":{\"@type\":\"EntryPoint\",\"urlTemplate\":\"https:\\\/\\\/inclusivenews.com.br\\\/?s={search_term_string}\"},\"query-input\":{\"@type\":\"PropertyValueSpecification\",\"valueRequired\":true,\"valueName\":\"search_term_string\"}}],\"inLanguage\":\"pt-PT\"},{\"@type\":\"Organization\",\"@id\":\"https:\\\/\\\/inclusivenews.com.br\\\/#organization\",\"name\":\"Inclusive - inclus\u00e3o e cidadania\",\"url\":\"https:\\\/\\\/inclusivenews.com.br\\\/\",\"logo\":{\"@type\":\"ImageObject\",\"inLanguage\":\"pt-PT\",\"@id\":\"https:\\\/\\\/inclusivenews.com.br\\\/#\\\/schema\\\/logo\\\/image\\\/\",\"url\":\"https:\\\/\\\/inclusivenews.com.br\\\/wp-content\\\/uploads\\\/2024\\\/03\\\/@grandesite.png\",\"contentUrl\":\"https:\\\/\\\/inclusivenews.com.br\\\/wp-content\\\/uploads\\\/2024\\\/03\\\/@grandesite.png\",\"width\":1080,\"height\":1080,\"caption\":\"Inclusive - inclus\u00e3o e cidadania\"},\"image\":{\"@id\":\"https:\\\/\\\/inclusivenews.com.br\\\/#\\\/schema\\\/logo\\\/image\\\/\"},\"sameAs\":[\"https:\\\/\\\/www.facebook.com\\\/agenciainclusive\\\/\",\"https:\\\/\\\/www.instagram.com\\\/newsinclusive\\\/\"]},{\"@type\":\"Person\",\"@id\":\"https:\\\/\\\/inclusivenews.com.br\\\/#\\\/schema\\\/person\\\/ae4ec7087559b8692fb33b6fffd2273b\",\"name\":\"inclusivenews2024\",\"image\":{\"@type\":\"ImageObject\",\"inLanguage\":\"pt-PT\",\"@id\":\"https:\\\/\\\/secure.gravatar.com\\\/avatar\\\/c5a7ef84c66fa914f55bc4f7ce26cfa275a3b9a1c5568b907bd184fb4dde7b40?s=96&d=mm&r=g\",\"url\":\"https:\\\/\\\/secure.gravatar.com\\\/avatar\\\/c5a7ef84c66fa914f55bc4f7ce26cfa275a3b9a1c5568b907bd184fb4dde7b40?s=96&d=mm&r=g\",\"contentUrl\":\"https:\\\/\\\/secure.gravatar.com\\\/avatar\\\/c5a7ef84c66fa914f55bc4f7ce26cfa275a3b9a1c5568b907bd184fb4dde7b40?s=96&d=mm&r=g\",\"caption\":\"inclusivenews2024\"},\"sameAs\":[\"https:\\\/\\\/inclusivenews.com.br\"],\"url\":\"https:\\\/\\\/inclusivenews.com.br\\\/?author=1\"}]}<\/script>\n<!-- \/ Yoast SEO plugin. -->","yoast_head_json":{"title":"Representante da Unicef elogia avan\u00e7os com estatuto da crian\u00e7a, mas diz que ainda h\u00e1 desigualdades -","robots":{"index":"index","follow":"follow","max-snippet":"max-snippet:-1","max-image-preview":"max-image-preview:large","max-video-preview":"max-video-preview:-1"},"canonical":"https:\/\/inclusivenews.com.br\/?p=16559","og_locale":"pt_PT","og_type":"article","og_title":"Representante da Unicef elogia avan\u00e7os com estatuto da crian\u00e7a, mas diz que ainda h\u00e1 desigualdades -","og_description":"\u201c\u00c9 preciso trabalhar na redu\u00e7\u00e3o das disparidades que atingem, principalmente, crian\u00e7as negras e ind\u00edgenas e garantir que as pol\u00edticas p\u00fablicas cheguem a todas as regi\u00f5es do pa\u00eds, onde est\u00e3o as pessoas com maior n\u00edvel de vulnerabilidade\u201d, disse Casimira Benge, da UNICEF.","og_url":"https:\/\/inclusivenews.com.br\/?p=16559","article_publisher":"https:\/\/www.facebook.com\/agenciainclusive\/","article_published_time":"2010-07-14T11:43:55+00:00","og_image":[{"url":"http:\/\/agenciabrasil.ebc.com.br\/galeriaimagens\/images\/fotos\/8720\/small3?p_p_id=galeria","type":"","width":"","height":""}],"author":"inclusivenews2024","twitter_card":"summary_large_image","twitter_misc":{"Escrito por":"inclusivenews2024","Tempo estimado de leitura":"3 minutos"},"schema":{"@context":"https:\/\/schema.org","@graph":[{"@type":"Article","@id":"https:\/\/inclusivenews.com.br\/?p=16559#article","isPartOf":{"@id":"https:\/\/inclusivenews.com.br\/?p=16559"},"author":{"name":"inclusivenews2024","@id":"https:\/\/inclusivenews.com.br\/#\/schema\/person\/ae4ec7087559b8692fb33b6fffd2273b"},"headline":"Representante da Unicef elogia avan\u00e7os com estatuto da crian\u00e7a, mas diz que ainda h\u00e1 desigualdades","datePublished":"2010-07-14T11:43:55+00:00","mainEntityOfPage":{"@id":"https:\/\/inclusivenews.com.br\/?p=16559"},"wordCount":520,"commentCount":0,"publisher":{"@id":"https:\/\/inclusivenews.com.br\/#organization"},"image":{"@id":"https:\/\/inclusivenews.com.br\/?p=16559#primaryimage"},"thumbnailUrl":"http:\/\/agenciabrasil.ebc.com.br\/galeriaimagens\/images\/fotos\/8720\/small3?p_p_id=galeria","keywords":["Inf\u00e2ncia"],"articleSection":["NOT\u00cdCIAS"],"inLanguage":"pt-PT","potentialAction":[{"@type":"CommentAction","name":"Comment","target":["https:\/\/inclusivenews.com.br\/?p=16559#respond"]}]},{"@type":"WebPage","@id":"https:\/\/inclusivenews.com.br\/?p=16559","url":"https:\/\/inclusivenews.com.br\/?p=16559","name":"Representante da Unicef elogia avan\u00e7os com estatuto da crian\u00e7a, mas diz que ainda h\u00e1 desigualdades -","isPartOf":{"@id":"https:\/\/inclusivenews.com.br\/#website"},"primaryImageOfPage":{"@id":"https:\/\/inclusivenews.com.br\/?p=16559#primaryimage"},"image":{"@id":"https:\/\/inclusivenews.com.br\/?p=16559#primaryimage"},"thumbnailUrl":"http:\/\/agenciabrasil.ebc.com.br\/galeriaimagens\/images\/fotos\/8720\/small3?p_p_id=galeria","datePublished":"2010-07-14T11:43:55+00:00","breadcrumb":{"@id":"https:\/\/inclusivenews.com.br\/?p=16559#breadcrumb"},"inLanguage":"pt-PT","potentialAction":[{"@type":"ReadAction","target":["https:\/\/inclusivenews.com.br\/?p=16559"]}]},{"@type":"ImageObject","inLanguage":"pt-PT","@id":"https:\/\/inclusivenews.com.br\/?p=16559#primaryimage","url":"http:\/\/agenciabrasil.ebc.com.br\/galeriaimagens\/images\/fotos\/8720\/small3?p_p_id=galeria","contentUrl":"http:\/\/agenciabrasil.ebc.com.br\/galeriaimagens\/images\/fotos\/8720\/small3?p_p_id=galeria"},{"@type":"BreadcrumbList","@id":"https:\/\/inclusivenews.com.br\/?p=16559#breadcrumb","itemListElement":[{"@type":"ListItem","position":1,"name":"In\u00edcio","item":"https:\/\/inclusivenews.com.br\/"},{"@type":"ListItem","position":2,"name":"Representante da Unicef elogia avan\u00e7os com estatuto da crian\u00e7a, mas diz que ainda h\u00e1 desigualdades"}]},{"@type":"WebSite","@id":"https:\/\/inclusivenews.com.br\/#website","url":"https:\/\/inclusivenews.com.br\/","name":"Inclusive News","description":"Inclusive News","publisher":{"@id":"https:\/\/inclusivenews.com.br\/#organization"},"potentialAction":[{"@type":"SearchAction","target":{"@type":"EntryPoint","urlTemplate":"https:\/\/inclusivenews.com.br\/?s={search_term_string}"},"query-input":{"@type":"PropertyValueSpecification","valueRequired":true,"valueName":"search_term_string"}}],"inLanguage":"pt-PT"},{"@type":"Organization","@id":"https:\/\/inclusivenews.com.br\/#organization","name":"Inclusive - inclus\u00e3o e cidadania","url":"https:\/\/inclusivenews.com.br\/","logo":{"@type":"ImageObject","inLanguage":"pt-PT","@id":"https:\/\/inclusivenews.com.br\/#\/schema\/logo\/image\/","url":"https:\/\/inclusivenews.com.br\/wp-content\/uploads\/2024\/03\/@grandesite.png","contentUrl":"https:\/\/inclusivenews.com.br\/wp-content\/uploads\/2024\/03\/@grandesite.png","width":1080,"height":1080,"caption":"Inclusive - inclus\u00e3o e cidadania"},"image":{"@id":"https:\/\/inclusivenews.com.br\/#\/schema\/logo\/image\/"},"sameAs":["https:\/\/www.facebook.com\/agenciainclusive\/","https:\/\/www.instagram.com\/newsinclusive\/"]},{"@type":"Person","@id":"https:\/\/inclusivenews.com.br\/#\/schema\/person\/ae4ec7087559b8692fb33b6fffd2273b","name":"inclusivenews2024","image":{"@type":"ImageObject","inLanguage":"pt-PT","@id":"https:\/\/secure.gravatar.com\/avatar\/c5a7ef84c66fa914f55bc4f7ce26cfa275a3b9a1c5568b907bd184fb4dde7b40?s=96&d=mm&r=g","url":"https:\/\/secure.gravatar.com\/avatar\/c5a7ef84c66fa914f55bc4f7ce26cfa275a3b9a1c5568b907bd184fb4dde7b40?s=96&d=mm&r=g","contentUrl":"https:\/\/secure.gravatar.com\/avatar\/c5a7ef84c66fa914f55bc4f7ce26cfa275a3b9a1c5568b907bd184fb4dde7b40?s=96&d=mm&r=g","caption":"inclusivenews2024"},"sameAs":["https:\/\/inclusivenews.com.br"],"url":"https:\/\/inclusivenews.com.br\/?author=1"}]}},"_links":{"self":[{"href":"https:\/\/inclusivenews.com.br\/index.php?rest_route=\/wp\/v2\/posts\/16559","targetHints":{"allow":["GET"]}}],"collection":[{"href":"https:\/\/inclusivenews.com.br\/index.php?rest_route=\/wp\/v2\/posts"}],"about":[{"href":"https:\/\/inclusivenews.com.br\/index.php?rest_route=\/wp\/v2\/types\/post"}],"author":[{"embeddable":true,"href":"https:\/\/inclusivenews.com.br\/index.php?rest_route=\/wp\/v2\/users\/1"}],"replies":[{"embeddable":true,"href":"https:\/\/inclusivenews.com.br\/index.php?rest_route=%2Fwp%2Fv2%2Fcomments&post=16559"}],"version-history":[{"count":0,"href":"https:\/\/inclusivenews.com.br\/index.php?rest_route=\/wp\/v2\/posts\/16559\/revisions"}],"wp:attachment":[{"href":"https:\/\/inclusivenews.com.br\/index.php?rest_route=%2Fwp%2Fv2%2Fmedia&parent=16559"}],"wp:term":[{"taxonomy":"category","embeddable":true,"href":"https:\/\/inclusivenews.com.br\/index.php?rest_route=%2Fwp%2Fv2%2Fcategories&post=16559"},{"taxonomy":"post_tag","embeddable":true,"href":"https:\/\/inclusivenews.com.br\/index.php?rest_route=%2Fwp%2Fv2%2Ftags&post=16559"}],"curies":[{"name":"wp","href":"https:\/\/api.w.org\/{rel}","templated":true}]}}